{"id":937,"date":"2025-01-08T00:01:00","date_gmt":"2025-01-07T23:01:00","guid":{"rendered":"https:\/\/bydletestylove.cz\/?p=937"},"modified":"2024-12-31T23:14:08","modified_gmt":"2024-12-31T22:14:08","slug":"topna-sezona-preje-roztocum-odbornik-radi-jak-se-jich-ucinne-zbavit","status":"publish","type":"post","link":"https:\/\/bydletestylove.cz\/index.php\/novinky\/topna-sezona-preje-roztocum-odbornik-radi-jak-se-jich-ucinne-zbavit\/","title":{"rendered":"<span>Topn\u00e1 sez\u00f3na p\u0159eje rozto\u010d\u016fm. Odborn\u00edk rad\u00ed, jak se jich \u00fa\u010dinn\u011b zbavit<\/span>"},"content":{"rendered":"\n<div style=\"height:45px\" aria-hidden=\"true\" class=\"wp-block-spacer\"><\/div>\n\n\n\n<p><strong>V zimn\u00edm obdob\u00ed se m\u00e9n\u011b v\u011btr\u00e1, kv\u016fli topen\u00ed se v\u00edce v\u00ed\u0159\u00ed prach a v mnoha dom\u00e1cnostech je tak\u00e9 vlh\u010d\u00ed vzduch. Pr\u00e1v\u011b vlhk\u00e9 a tepl\u00e9 prost\u0159ed\u00ed n\u00e1ramn\u011b vyhovuje rozto\u010d\u016fm, co\u017e nen\u00ed dobr\u00e1 zpr\u00e1va pro lidi trp\u00edc\u00ed alergiemi na tyto mikroorganismy, ale ani pro n\u011bkter\u00e9 z t\u011bch, kte\u0159\u00ed dosud \u017e\u00e1dn\u00fdmi p\u0159\u00edznaky alergi\u00ed netrp\u00ed. Jak\u00e1 jsou rizika pro ob\u011b skupiny a jak mno\u017estv\u00ed rozto\u010d\u016f v dom\u00e1cnosti co nejv\u00edce omezit, vysv\u011btluje odborn\u00edk na alergie a \u0161\u00e9fredaktor port\u00e1lu <a href=\"http:\/\/proalergiky.cz\/\">ProAlergiky.cz<\/a> Michal Z\u00e1vack\u00fd.<\/strong><\/p>\n\n\n\n<div style=\"height:45px\" aria-hidden=\"true\" class=\"wp-block-spacer\"><\/div>\n\n\n<div class=\"wp-block-image\">\n<figure class=\"aligncenter size-large\"><img decoding=\"async\" src=\"https:\/\/homemagazine.cz\/wp-content\/uploads\/2024\/12\/ProAlergiky.cz_Michal_Zavacky-1-840x555.jpg\" alt=\"Topn\u00e1 sez\u00f3na p\u0159eje rozto\u010d\u016fm. Odborn\u00edk rad\u00ed, jak se jich \u00fa\u010dinn\u011b zbavit\" class=\"wp-image-8245\" \/><\/figure><\/div>\n\n\n<div style=\"height:45px\" aria-hidden=\"true\" class=\"wp-block-spacer\"><\/div>\n\n\n\n<h2 class=\"wp-block-heading\"><strong>V topn\u00e9 sez\u00f3n\u011b maj\u00ed rozto\u010di pr\u00e9<\/strong><\/h2>\n\n\n\n<div style=\"height:21px\" aria-hidden=\"true\" class=\"wp-block-spacer\"><\/div>\n\n\n\n<p>Prachov\u00ed rozto\u010di jsou nezvan\u00fdmi spolubydl\u00edc\u00edmi v ka\u017ed\u00e9 dom\u00e1cnosti, zejm\u00e9na pak v na\u0161ich postel\u00edch. \u017div\u00ed se odum\u0159el\u00fdmi \u0161upinkami lidsk\u00e9 k\u016f\u017ee, kter\u00e1 se hromad\u00ed v matraci i l\u016f\u017ekovin\u00e1ch. Da\u0159\u00ed se jim ve vlhk\u00e9m a tepl\u00e9m prost\u0159ed\u00ed. Alergenem jsou p\u0159edev\u0161\u00edm jejich exkrementy, kter\u00e9 jsou n\u00e1sledn\u011b hojn\u011b zastoupeny v dom\u00e1c\u00edm prachu.&nbsp;<\/p>\n\n\n\n<p>\u201eAlergie na rozto\u010de se projevuje k\u00fdch\u00e1n\u00edm, astmatick\u00fdm ka\u0161lem, vodnatou r\u00fdmou a ucpan\u00fdm nosem, ekz\u00e9mem \u010di sv\u011bd\u011bn\u00edm a slzen\u00edm o\u010d\u00ed. Alergick\u00e9 projevy se \u010dasto objevuj\u00ed b\u011bhem sp\u00e1nku a po probuzen\u00ed. Pot\u00ed\u017ee mohou trvat se stejnou intenzitou po cel\u00fd rok nebo vrchol\u00ed v obdob\u00ed topn\u00e9 sez\u00f3ny, kdy doch\u00e1z\u00ed k zv\u00fd\u0161en\u00e9mu v\u00ed\u0159en\u00ed prachu v dom\u00e1cnosti,\u201d vysv\u011btluje \u0161\u00e9fredaktor port\u00e1lu ProAlergiky.cz Michal Z\u00e1vack\u00fd.<\/p>\n\n\n\n<div style=\"height:45px\" aria-hidden=\"true\" class=\"wp-block-spacer\"><\/div>\n\n\n\n<h2 class=\"wp-block-heading\"><strong>Rozto\u010di nebezpe\u010d\u00edm i pro nealergiky<\/strong><\/h2>\n\n\n\n<div style=\"height:21px\" aria-hidden=\"true\" class=\"wp-block-spacer\"><\/div>\n\n\n\n<p>Nekontrolovan\u00fd a st\u00e1l\u00fd styk s alergenem vede ke zhor\u0161ov\u00e1n\u00ed alergie. Alergick\u00e9 reakce se mohou stup\u0148ovat a z oby\u010dejn\u00e9ho ka\u0161le \u010di r\u00fdmy se \u010dasem m\u016f\u017ee st\u00e1t t\u011b\u017ek\u00e9 astma. Na lehkou v\u00e1hu by rozto\u010de nem\u011bli ale br\u00e1t ani lid\u00e9 bez alergick\u00fdch p\u0159\u00edznak\u016f, zejm\u00e9na d\u011bti a zvl\u00e1\u0161t\u011b pak d\u011bti rodi\u010d\u016f alergik\u016f. Ty mohou m\u00edt genetickou predispozici k rozvoji alergie, a jsou-li vystaveny vysok\u00fdm d\u00e1vk\u00e1m alergenu v ran\u00e9m v\u011bku nebo maj\u00ed oslaben\u00fd imunitn\u00ed syst\u00e9m, riziko vzniku alergie je zna\u010dn\u00e9.&nbsp;<\/p>\n\n\n\n<p>\u201eSnaha o sn\u00ed\u017een\u00ed mno\u017estv\u00ed rozto\u010d\u016f v dom\u00e1cnosti m\u016f\u017ee naopak p\u016fsobit jako prevence vzniku alergie a u alergik\u016f omezit z\u00e1va\u017enost symptom\u016f \u010di sn\u00ed\u017eit mno\u017estv\u00ed u\u017e\u00edvan\u00fdch l\u00e9k\u016f,\u201d vysv\u011btluje odborn\u00edk na alergie. Jak se tedy p\u0159ed rozto\u010di nejl\u00e9pe chr\u00e1nit?<\/p>\n\n\n\n<div style=\"height:45px\" aria-hidden=\"true\" class=\"wp-block-spacer\"><\/div>\n\n\n\n<h2 class=\"wp-block-heading\"><strong>Jak se chr\u00e1nit?<\/strong><\/h2>\n\n\n\n<div style=\"height:21px\" aria-hidden=\"true\" class=\"wp-block-spacer\"><\/div>\n\n\n\n<ul>\n<li>Pravideln\u011b v\u011btrejte i v zimn\u00edm obdob\u00ed. Kr\u00e1tk\u00e9, intenzivn\u00ed v\u011btr\u00e1n\u00ed dvakr\u00e1t denn\u011b je nejefektivn\u011bj\u0161\u00ed.<\/li>\n\n\n\n<li>Eliminujte mno\u017estv\u00ed zbytn\u00fdch textili\u00ed, jako jsou dopl\u0148kov\u00e9 pol\u0161t\u00e1\u0159e, p\u0159ehozy nebo ply\u0161ov\u00e9 hra\u010dky v dom\u00e1cnosti.<\/li>\n\n\n\n<li>Pou\u017e\u00edvejte <a href=\"https:\/\/www.proalergiky.cz\/eshop\/protiroztocove-povlaky\">protirozto\u010dov\u00e9 povlaky<\/a> na matrace, pe\u0159iny a pol\u0161t\u00e1\u0159e. Na dvoul\u016f\u017eku je vhodn\u00e9, aby bari\u00e9rov\u00e9 povlaky m\u011bla ob\u011b l\u016f\u017eka.&nbsp;<\/li>\n\n\n\n<li>Pou\u017e\u00edvejte <a href=\"https:\/\/www.proalergiky.cz\/eshop\/polstare-a-prikryvky-medical-95\">lo\u017en\u00ed pr\u00e1dlo, kter\u00e9 snese \u010dast\u00e9 pran\u00ed v teplot\u011b nad 60 \u00b0C<\/a>, a pravideln\u011b ho m\u011b\u0148te.<\/li>\n\n\n\n<li><a href=\"https:\/\/www.proalergiky.cz\/eshop\/vlhkomery-meteostanice\">Monitorujte vlhkost vzduchu<\/a> v byt\u011b a udr\u017eujte ji ide\u00e1ln\u011b mezi 40 a 50 %.<\/li>\n\n\n\n<li>Investujte do kvalitn\u00edho <a href=\"https:\/\/www.proalergiky.cz\/eshop\/vysavace-pro-alergiky\/vysavace-proti-roztocum\">vysava\u010de s \u00fa\u010dinn\u00fdm filtra\u010dn\u00edm syst\u00e9mem<\/a>. Matrace, textiln\u00ed a \u010daloun\u011bn\u00e9 povrchy desinfikujte \u201emokrou cestou\u201c pomoc\u00ed <a href=\"https:\/\/www.proalergiky.cz\/eshop\/parni-cistice\">parn\u00edch \u010d\u00edsti\u010d\u016f<\/a> nebo nasucho <a href=\"https:\/\/www.proalergiky.cz\/eshop\/vysavace-pro-alergiky\/vysavace-proti-roztocum\">vysava\u010dem s UVC steriliza\u010dn\u00ed lampou<\/a>.&nbsp;<\/li>\n\n\n\n<li>J<img decoding=\"async\" src=\"\">ako dopln\u011bk k v\u00fd\u0161e uveden\u00fdm opat\u0159en\u00edm m\u016f\u017eete pou\u017e\u00edvat tak\u00e9 <a href=\"https:\/\/www.proalergiky.cz\/eshop\/cisticky-vzduchu\">\u010disti\u010dky vzduchu s kvalitn\u00edmi HEPA filtry<\/a>.<\/li>\n<\/ul>\n\n\n\n<div style=\"height:45px\" aria-hidden=\"true\" class=\"wp-block-spacer\"><\/div>\n\n\n\n<p><strong><a href=\"https:\/\/www.proalergiky.cz\/eshop\/protiroztocove-povlaky-protecsom-tridilna-sada-70-90-cm-140-200-cm-90-200-22-cm\">Protirozto\u010dov\u00e9 povlaky ProtecSom t\u0159\u00edd\u00edln\u00e1 sada 70 \u00d7 90 cm, 140 \u00d7 200 cm, 90 \u00d7 200 \u00d7 22 cm<\/a>, na ProAlergiky.cz za 7 630 K\u010d.<\/strong><\/p>\n\n\n\n<div style=\"height:45px\" aria-hidden=\"true\" class=\"wp-block-spacer\"><\/div>\n\n\n<div class=\"wp-block-image\">\n<figure class=\"aligncenter size-full\"><img decoding=\"async\" src=\"https:\/\/homemagazine.cz\/wp-content\/uploads\/2024\/12\/povlaky-protecsom-hlavni-1.jpg\" alt=\"Topn\u00e1 sez\u00f3na p\u0159eje rozto\u010d\u016fm. Odborn\u00edk rad\u00ed, jak se jich \u00fa\u010dinn\u011b zbavit\" class=\"wp-image-8243\" \/><\/figure><\/div>\n\n\n<div style=\"height:45px\" aria-hidden=\"true\" class=\"wp-block-spacer\"><\/div>\n\n\n\n<p><strong><a href=\"https:\/\/www.proalergiky.cz\/eshop\/antibakterialni-vysavac-raycop-rs-pro\">Antibakteri\u00e1ln\u00ed vysava\u010d Raycop RS PRO<\/a> s UVC steriliza\u010dn\u00ed lampou, na ProAlergiky.cz za 6 980 K\u010d.<\/strong><\/p>\n\n\n\n<div style=\"height:45px\" aria-hidden=\"true\" class=\"wp-block-spacer\"><\/div>\n\n\n<div class=\"wp-block-image\">\n<figure class=\"aligncenter size-large\"><img decoding=\"async\" src=\"https:\/\/homemagazine.cz\/wp-content\/uploads\/2024\/12\/raycop-rspro-bily-001-1-840x730.jpg\" alt=\"Topn\u00e1 sez\u00f3na p\u0159eje rozto\u010d\u016fm. Odborn\u00edk rad\u00ed, jak se jich \u00fa\u010dinn\u011b zbavit\" class=\"wp-image-8244\" \/><\/figure><\/div>\n\n\n<div style=\"height:45px\" aria-hidden=\"true\" class=\"wp-block-spacer\"><\/div>\n\n\n\n<h2 class=\"wp-block-heading\"><strong>Zima na va\u0161\u00ed stran\u011b<\/strong><\/h2>\n\n\n\n<div style=\"height:21px\" aria-hidden=\"true\" class=\"wp-block-spacer\"><\/div>\n\n\n\n<p>Rozto\u010di jsou citliv\u00ed na extr\u00e9mn\u00ed teploty. Vedle pran\u00ed l\u016f\u017ekovin na \u0161edes\u00e1t se v zim\u011b nebojte vyu\u017e\u00edt tak\u00e9 mraziv\u00e9ho po\u010das\u00ed. \u201eR\u00e1no i ve\u010der d\u016fkladn\u011b v\u011btrejte lo\u017enici a jednou za \u010das m\u016f\u017eete d\u00e1t pe\u0159iny a pol\u0161t\u00e1\u0159e na p\u00e1r hodin ven na mr\u00e1z. Sice se tak nezbav\u00edte nast\u0159\u00e1dan\u00fdch alergen\u016f, ale alespo\u0148 zahub\u00edte \u010d\u00e1st rozto\u010d\u016f,\u201d rad\u00ed odborn\u00edk.<\/p>\n\n\n\n<div style=\"height:45px\" aria-hidden=\"true\" class=\"wp-block-spacer\"><\/div>\n\n\n\n<h2 class=\"wp-block-heading\"><strong>Co naopak nefunguje?<\/strong><\/h2>\n\n\n\n<div style=\"height:21px\" aria-hidden=\"true\" class=\"wp-block-spacer\"><\/div>\n\n\n\n<p>\u010cast\u00e1 v\u00fdm\u011bna l\u016f\u017ekovin. \u201eV nov\u00fdch l\u016f\u017ekovin\u00e1ch se bude za n\u011bkolik m\u011bs\u00edc\u016f vyskytovat stejn\u00e9 mno\u017estv\u00ed rozto\u010d\u016f, jako bylo v t\u011bch p\u016fvodn\u00edch. M\u011bnit ka\u017ed\u00fd rok pol\u0161t\u00e1\u0159, p\u0159ikr\u00fdvku nebo i matraci jenom kv\u016fli rozto\u010d\u016fm, si m\u016f\u017ee dovolit m\u00e1lokdo. Pozor tak\u00e9 na klamn\u00e1 tvrzen\u00ed n\u011bkter\u00fdch prodejc\u016f o tom, \u017ee v jimi prod\u00e1van\u00fdch pe\u0159in\u00e1ch se rozto\u010di nemno\u017e\u00ed. Rozto\u010d\u016fm se da\u0159\u00ed v jak\u00e9mkoliv materi\u00e1lu l\u016f\u017ekovin, a\u0165 u\u017e jde o pe\u0159\u00ed, dut\u00e9 vl\u00e1kno nebo pam\u011b\u0165ovou p\u011bnu,\u201d vysv\u011btluje \u0161\u00e9fredaktor port\u00e1lu ProAlergiky.cz.<\/p>\n\n\n\n<p>P\u0159i alergii na rozto\u010de se prim\u00e1rn\u011b zam\u011b\u0159te na pravidelnou \u00fadr\u017ebu matrace a l\u016f\u017ekovin a po\u0159i\u010fte si kvalitn\u00ed protirozto\u010dov\u00e9 povlaky, kter\u00e9 jsou prody\u0161n\u00e9, ale neprojdou jimi rozto\u010di ani jejich v\u00fdkaly. O\u0161et\u0159en\u00edm l\u016f\u017eka t\u00edmto zp\u016fsobem sn\u00ed\u017e\u00edte mno\u017estv\u00ed rozto\u010dov\u00fdch alergen\u016f v cel\u00e9m byt\u011b a v\u00fdrazn\u011b si zjednodu\u0161\u00edte udr\u017eov\u00e1n\u00ed hygieny l\u016f\u017eka. \u00daleva od alergick\u00fdch symptom\u016f za trochu p\u00e9\u010de nav\u00edc ur\u010dit\u011b stoj\u00ed.<\/p>\n\n\n\n<div style=\"height:45px\" aria-hidden=\"true\" class=\"wp-block-spacer\"><\/div>\n\n\n\n<figure class=\"wp-block-gallery has-nested-images columns-2 is-cropped wp-block-gallery-1 is-layout-flex\">\n<figure class=\"wp-block-image size-large\"><img decoding=\"async\" data-id=\"8243\"  src=\"https:\/\/homemagazine.cz\/wp-content\/uploads\/2024\/12\/povlaky-protecsom-hlavni-1.jpg\" alt=\"Topn\u00e1 sez\u00f3na p\u0159eje rozto\u010d\u016fm. Odborn\u00edk rad\u00ed, jak se jich \u00fa\u010dinn\u011b zbavit\" class=\"wp-image-8243\" \/><\/figure>\n\n\n\n<figure class=\"wp-block-image size-large\"><img decoding=\"async\" data-id=\"8244\"  src=\"https:\/\/homemagazine.cz\/wp-content\/uploads\/2024\/12\/raycop-rspro-bily-001-1-840x730.jpg\" alt=\"Topn\u00e1 sez\u00f3na p\u0159eje rozto\u010d\u016fm. Odborn\u00edk rad\u00ed, jak se jich \u00fa\u010dinn\u011b zbavit\" class=\"wp-image-8244\" \/><\/figure>\n\n\n\n<figure class=\"wp-block-image size-large\"><img decoding=\"async\" data-id=\"8245\"  src=\"https:\/\/homemagazine.cz\/wp-content\/uploads\/2024\/12\/ProAlergiky.cz_Michal_Zavacky-1-840x555.jpg\" alt=\"Topn\u00e1 sez\u00f3na p\u0159eje rozto\u010d\u016fm. Odborn\u00edk rad\u00ed, jak se jich \u00fa\u010dinn\u011b zbavit\" class=\"wp-image-8245\" \/><\/figure>\n<\/figure>\n\n\n\n<div style=\"height:45px\" aria-hidden=\"true\" class=\"wp-block-spacer\"><\/div>\n\n\n\n<p><strong>Zdroj foto: <\/strong>ProAlergiky<\/p>\n\n\n\n<div style=\"height:45px\" aria-hidden=\"true\" class=\"wp-block-spacer\"><\/div>\n","protected":false},"excerpt":{"rendered":"<p>V zimn\u00edm obdob\u00ed se m\u00e9n\u011b v\u011btr\u00e1, kv\u016fli topen\u00ed se v\u00edce v\u00ed\u0159\u00ed prach a v mnoha dom\u00e1cnostech je tak\u00e9 vlh\u010d\u00ed vzduch. Pr\u00e1v\u011b vlhk\u00e9 a tepl\u00e9 prost\u0159ed\u00ed n\u00e1ramn\u011b vyhovuje rozto\u010d\u016fm, co\u017e nen\u00ed dobr\u00e1 zpr\u00e1va pro lidi trp\u00edc\u00ed alergiemi na tyto mikroorganismy, ale ani pro n\u011bkter\u00e9 z t\u011bch, kte\u0159\u00ed dosud \u017e\u00e1dn\u00fdmi p\u0159\u00edznaky alergi\u00ed netrp\u00ed. Jak\u00e1 jsou rizika pro ob\u011b skupiny a jak mno\u017estv\u00ed rozto\u010d\u016f v dom\u00e1cnosti co nejv\u00edce omezit, vysv\u011btluje odborn\u00edk na alergie a \u0161\u00e9fredaktor port\u00e1lu ProAlergiky.cz Michal Z\u00e1vack\u00fd. V topn\u00e9 sez\u00f3n\u011b maj\u00ed rozto\u010di pr\u00e9 Prachov\u00ed rozto\u010di jsou nezvan\u00fdmi spolubydl\u00edc\u00edmi v ka\u017ed\u00e9 dom\u00e1cnosti,&hellip;<\/p>\n","protected":false},"author":6,"featured_media":939,"comment_status":"closed","ping_status":"open","sticky":false,"template":"","format":"standard","meta":{"_mi_skip_tracking":false,"_monsterinsights_sitenote_active":false,"_monsterinsights_sitenote_note":"","_monsterinsights_sitenote_category":0},"categories":[1,5],"tags":[],"yoast_head":"<!-- This site is optimized with the Yoast SEO plugin v21.4 - https:\/\/yoast.com\/wordpress\/plugins\/seo\/ -->\n<title>Topn\u00e1 sez\u00f3na p\u0159eje rozto\u010d\u016fm. Odborn\u00edk rad\u00ed, jak se jich \u00fa\u010dinn\u011b zbavit - BydleteStylov\u011b.cz<\/title>\n<meta name=\"description\" content=\"V zimn\u00edm obdob\u00ed se m\u00e9n\u011b v\u011btr\u00e1, kv\u016fli topen\u00ed se v\u00edce v\u00ed\u0159\u00ed prach a v mnoha dom\u00e1cnostech je tak\u00e9 vlh\u010d\u00ed vzduch.\" \/>\n<meta name=\"robots\" content=\"index, follow, max-snippet:-1, max-image-preview:large, max-video-preview:-1\" \/>\n<link rel=\"canonical\" href=\"https:\/\/bydletestylove.cz\/index.php\/novinky\/topna-sezona-preje-roztocum-odbornik-radi-jak-se-jich-ucinne-zbavit\/\" \/>\n<meta property=\"og:locale\" content=\"cs_CZ\" \/>\n<meta property=\"og:type\" content=\"article\" \/>\n<meta property=\"og:title\" content=\"Topn\u00e1 sez\u00f3na p\u0159eje rozto\u010d\u016fm. Odborn\u00edk rad\u00ed, jak se jich \u00fa\u010dinn\u011b zbavit - BydleteStylov\u011b.cz\" \/>\n<meta property=\"og:description\" content=\"V zimn\u00edm obdob\u00ed se m\u00e9n\u011b v\u011btr\u00e1, kv\u016fli topen\u00ed se v\u00edce v\u00ed\u0159\u00ed prach a v mnoha dom\u00e1cnostech je tak\u00e9 vlh\u010d\u00ed vzduch.\" \/>\n<meta property=\"og:url\" content=\"https:\/\/bydletestylove.cz\/index.php\/novinky\/topna-sezona-preje-roztocum-odbornik-radi-jak-se-jich-ucinne-zbavit\/\" \/>\n<meta property=\"og:site_name\" content=\"BydleteStylov\u011b.cz\" \/>\n<meta property=\"article:published_time\" content=\"2025-01-07T23:01:00+00:00\" \/>\n<meta property=\"article:modified_time\" content=\"2024-12-31T22:14:08+00:00\" \/>\n<meta property=\"og:image\" content=\"https:\/\/bydletestylove.cz\/wp-content\/uploads\/2024\/12\/ProAlergiky.cz_Michal_Zavacky.jpg\" \/>\n\t<meta property=\"og:image:width\" content=\"948\" \/>\n\t<meta property=\"og:image:height\" content=\"626\" \/>\n\t<meta property=\"og:image:type\" content=\"image\/jpeg\" \/>\n<meta name=\"author\" content=\"Martina Pechov\u00e1\" \/>\n<meta name=\"twitter:card\" content=\"summary_large_image\" \/>\n<meta name=\"twitter:label1\" content=\"Napsal(a)\" \/>\n\t<meta name=\"twitter:data1\" content=\"Martina Pechov\u00e1\" \/>\n\t<meta name=\"twitter:label2\" content=\"Odhadovan\u00e1 doba \u010dten\u00ed\" \/>\n\t<meta name=\"twitter:data2\" content=\"5 minut\" \/>\n<script type=\"application\/ld+json\" class=\"yoast-schema-graph\">{\"@context\":\"https:\/\/schema.org\",\"@graph\":[{\"@type\":\"Article\",\"@id\":\"https:\/\/bydletestylove.cz\/index.php\/novinky\/topna-sezona-preje-roztocum-odbornik-radi-jak-se-jich-ucinne-zbavit\/#article\",\"isPartOf\":{\"@id\":\"https:\/\/bydletestylove.cz\/index.php\/novinky\/topna-sezona-preje-roztocum-odbornik-radi-jak-se-jich-ucinne-zbavit\/\"},\"author\":{\"name\":\"Martina Pechov\u00e1\",\"@id\":\"https:\/\/bydletestylove.cz\/#\/schema\/person\/10a133d2599b007f153f35688fef7fb1\"},\"headline\":\"Topn\u00e1 sez\u00f3na p\u0159eje rozto\u010d\u016fm. Odborn\u00edk rad\u00ed, jak se jich \u00fa\u010dinn\u011b zbavit\",\"datePublished\":\"2025-01-07T23:01:00+00:00\",\"dateModified\":\"2024-12-31T22:14:08+00:00\",\"mainEntityOfPage\":{\"@id\":\"https:\/\/bydletestylove.cz\/index.php\/novinky\/topna-sezona-preje-roztocum-odbornik-radi-jak-se-jich-ucinne-zbavit\/\"},\"wordCount\":931,\"publisher\":{\"@id\":\"https:\/\/bydletestylove.cz\/#organization\"},\"articleSection\":[\"NOVINKY\",\"TIPY &amp; TRENDY\"],\"inLanguage\":\"cs\"},{\"@type\":\"WebPage\",\"@id\":\"https:\/\/bydletestylove.cz\/index.php\/novinky\/topna-sezona-preje-roztocum-odbornik-radi-jak-se-jich-ucinne-zbavit\/\",\"url\":\"https:\/\/bydletestylove.cz\/index.php\/novinky\/topna-sezona-preje-roztocum-odbornik-radi-jak-se-jich-ucinne-zbavit\/\",\"name\":\"Topn\u00e1 sez\u00f3na p\u0159eje rozto\u010d\u016fm. Odborn\u00edk rad\u00ed, jak se jich \u00fa\u010dinn\u011b zbavit - BydleteStylov\u011b.cz\",\"isPartOf\":{\"@id\":\"https:\/\/bydletestylove.cz\/#website\"},\"datePublished\":\"2025-01-07T23:01:00+00:00\",\"dateModified\":\"2024-12-31T22:14:08+00:00\",\"description\":\"V zimn\u00edm obdob\u00ed se m\u00e9n\u011b v\u011btr\u00e1, kv\u016fli topen\u00ed se v\u00edce v\u00ed\u0159\u00ed prach a v mnoha dom\u00e1cnostech je tak\u00e9 vlh\u010d\u00ed vzduch.\",\"breadcrumb\":{\"@id\":\"https:\/\/bydletestylove.cz\/index.php\/novinky\/topna-sezona-preje-roztocum-odbornik-radi-jak-se-jich-ucinne-zbavit\/#breadcrumb\"},\"inLanguage\":\"cs\",\"potentialAction\":[{\"@type\":\"ReadAction\",\"target\":[\"https:\/\/bydletestylove.cz\/index.php\/novinky\/topna-sezona-preje-roztocum-odbornik-radi-jak-se-jich-ucinne-zbavit\/\"]}]},{\"@type\":\"BreadcrumbList\",\"@id\":\"https:\/\/bydletestylove.cz\/index.php\/novinky\/topna-sezona-preje-roztocum-odbornik-radi-jak-se-jich-ucinne-zbavit\/#breadcrumb\",\"itemListElement\":[{\"@type\":\"ListItem\",\"position\":1,\"name\":\"Dom\u016f\",\"item\":\"https:\/\/bydletestylove.cz\/\"},{\"@type\":\"ListItem\",\"position\":2,\"name\":\"Topn\u00e1 sez\u00f3na p\u0159eje rozto\u010d\u016fm. Odborn\u00edk rad\u00ed, jak se jich \u00fa\u010dinn\u011b zbavit\"}]},{\"@type\":\"WebSite\",\"@id\":\"https:\/\/bydletestylove.cz\/#website\",\"url\":\"https:\/\/bydletestylove.cz\/\",\"name\":\"BydleteStylov\u011b.cz\",\"description\":\"Port\u00e1l o stylov\u00e9m bydlen\u00ed...\",\"publisher\":{\"@id\":\"https:\/\/bydletestylove.cz\/#organization\"},\"potentialAction\":[{\"@type\":\"SearchAction\",\"target\":{\"@type\":\"EntryPoint\",\"urlTemplate\":\"https:\/\/bydletestylove.cz\/?s={search_term_string}\"},\"query-input\":\"required name=search_term_string\"}],\"inLanguage\":\"cs\"},{\"@type\":\"Organization\",\"@id\":\"https:\/\/bydletestylove.cz\/#organization\",\"name\":\"BydleteStylov\u011b.cz\",\"url\":\"https:\/\/bydletestylove.cz\/\",\"logo\":{\"@type\":\"ImageObject\",\"inLanguage\":\"cs\",\"@id\":\"https:\/\/bydletestylove.cz\/#\/schema\/logo\/image\/\",\"url\":\"https:\/\/bydletestylove.cz\/wp-content\/uploads\/2024\/12\/cropped-Logo-Bydlete-Stylove.jpg\",\"contentUrl\":\"https:\/\/bydletestylove.cz\/wp-content\/uploads\/2024\/12\/cropped-Logo-Bydlete-Stylove.jpg\",\"width\":290,\"height\":143,\"caption\":\"BydleteStylov\u011b.cz\"},\"image\":{\"@id\":\"https:\/\/bydletestylove.cz\/#\/schema\/logo\/image\/\"},\"sameAs\":[\"https:\/\/www.instagram.com\/bydletestylove.cz\/\"]},{\"@type\":\"Person\",\"@id\":\"https:\/\/bydletestylove.cz\/#\/schema\/person\/10a133d2599b007f153f35688fef7fb1\",\"name\":\"Martina Pechov\u00e1\",\"image\":{\"@type\":\"ImageObject\",\"inLanguage\":\"cs\",\"@id\":\"https:\/\/bydletestylove.cz\/#\/schema\/person\/image\/\",\"url\":\"https:\/\/secure.gravatar.com\/avatar\/f0b7849f9f82bc20952396010e3c9adb?s=96&d=mm&r=g\",\"contentUrl\":\"https:\/\/secure.gravatar.com\/avatar\/f0b7849f9f82bc20952396010e3c9adb?s=96&d=mm&r=g\",\"caption\":\"Martina Pechov\u00e1\"},\"sameAs\":[\"http:\/\/BydleteStylove.cz\"],\"url\":\"https:\/\/bydletestylove.cz\/index.php\/author\/marpech\/\"}]}<\/script>\n<!-- \/ Yoast SEO plugin. -->","yoast_head_json":{"title":"Topn\u00e1 sez\u00f3na p\u0159eje rozto\u010d\u016fm. Odborn\u00edk rad\u00ed, jak se jich \u00fa\u010dinn\u011b zbavit - BydleteStylov\u011b.cz","description":"V zimn\u00edm obdob\u00ed se m\u00e9n\u011b v\u011btr\u00e1, kv\u016fli topen\u00ed se v\u00edce v\u00ed\u0159\u00ed prach a v mnoha dom\u00e1cnostech je tak\u00e9 vlh\u010d\u00ed vzduch.","robots":{"index":"index","follow":"follow","max-snippet":"max-snippet:-1","max-image-preview":"max-image-preview:large","max-video-preview":"max-video-preview:-1"},"canonical":"https:\/\/bydletestylove.cz\/index.php\/novinky\/topna-sezona-preje-roztocum-odbornik-radi-jak-se-jich-ucinne-zbavit\/","og_locale":"cs_CZ","og_type":"article","og_title":"Topn\u00e1 sez\u00f3na p\u0159eje rozto\u010d\u016fm. Odborn\u00edk rad\u00ed, jak se jich \u00fa\u010dinn\u011b zbavit - BydleteStylov\u011b.cz","og_description":"V zimn\u00edm obdob\u00ed se m\u00e9n\u011b v\u011btr\u00e1, kv\u016fli topen\u00ed se v\u00edce v\u00ed\u0159\u00ed prach a v mnoha dom\u00e1cnostech je tak\u00e9 vlh\u010d\u00ed vzduch.","og_url":"https:\/\/bydletestylove.cz\/index.php\/novinky\/topna-sezona-preje-roztocum-odbornik-radi-jak-se-jich-ucinne-zbavit\/","og_site_name":"BydleteStylov\u011b.cz","article_published_time":"2025-01-07T23:01:00+00:00","article_modified_time":"2024-12-31T22:14:08+00:00","og_image":[{"width":948,"height":626,"url":"https:\/\/bydletestylove.cz\/wp-content\/uploads\/2024\/12\/ProAlergiky.cz_Michal_Zavacky.jpg","type":"image\/jpeg"}],"author":"Martina Pechov\u00e1","twitter_card":"summary_large_image","twitter_misc":{"Napsal(a)":"Martina Pechov\u00e1","Odhadovan\u00e1 doba \u010dten\u00ed":"5 minut"},"schema":{"@context":"https:\/\/schema.org","@graph":[{"@type":"Article","@id":"https:\/\/bydletestylove.cz\/index.php\/novinky\/topna-sezona-preje-roztocum-odbornik-radi-jak-se-jich-ucinne-zbavit\/#article","isPartOf":{"@id":"https:\/\/bydletestylove.cz\/index.php\/novinky\/topna-sezona-preje-roztocum-odbornik-radi-jak-se-jich-ucinne-zbavit\/"},"author":{"name":"Martina Pechov\u00e1","@id":"https:\/\/bydletestylove.cz\/#\/schema\/person\/10a133d2599b007f153f35688fef7fb1"},"headline":"Topn\u00e1 sez\u00f3na p\u0159eje rozto\u010d\u016fm. Odborn\u00edk rad\u00ed, jak se jich \u00fa\u010dinn\u011b zbavit","datePublished":"2025-01-07T23:01:00+00:00","dateModified":"2024-12-31T22:14:08+00:00","mainEntityOfPage":{"@id":"https:\/\/bydletestylove.cz\/index.php\/novinky\/topna-sezona-preje-roztocum-odbornik-radi-jak-se-jich-ucinne-zbavit\/"},"wordCount":931,"publisher":{"@id":"https:\/\/bydletestylove.cz\/#organization"},"articleSection":["NOVINKY","TIPY &amp; TRENDY"],"inLanguage":"cs"},{"@type":"WebPage","@id":"https:\/\/bydletestylove.cz\/index.php\/novinky\/topna-sezona-preje-roztocum-odbornik-radi-jak-se-jich-ucinne-zbavit\/","url":"https:\/\/bydletestylove.cz\/index.php\/novinky\/topna-sezona-preje-roztocum-odbornik-radi-jak-se-jich-ucinne-zbavit\/","name":"Topn\u00e1 sez\u00f3na p\u0159eje rozto\u010d\u016fm. Odborn\u00edk rad\u00ed, jak se jich \u00fa\u010dinn\u011b zbavit - BydleteStylov\u011b.cz","isPartOf":{"@id":"https:\/\/bydletestylove.cz\/#website"},"datePublished":"2025-01-07T23:01:00+00:00","dateModified":"2024-12-31T22:14:08+00:00","description":"V zimn\u00edm obdob\u00ed se m\u00e9n\u011b v\u011btr\u00e1, kv\u016fli topen\u00ed se v\u00edce v\u00ed\u0159\u00ed prach a v mnoha dom\u00e1cnostech je tak\u00e9 vlh\u010d\u00ed vzduch.","breadcrumb":{"@id":"https:\/\/bydletestylove.cz\/index.php\/novinky\/topna-sezona-preje-roztocum-odbornik-radi-jak-se-jich-ucinne-zbavit\/#breadcrumb"},"inLanguage":"cs","potentialAction":[{"@type":"ReadAction","target":["https:\/\/bydletestylove.cz\/index.php\/novinky\/topna-sezona-preje-roztocum-odbornik-radi-jak-se-jich-ucinne-zbavit\/"]}]},{"@type":"BreadcrumbList","@id":"https:\/\/bydletestylove.cz\/index.php\/novinky\/topna-sezona-preje-roztocum-odbornik-radi-jak-se-jich-ucinne-zbavit\/#breadcrumb","itemListElement":[{"@type":"ListItem","position":1,"name":"Dom\u016f","item":"https:\/\/bydletestylove.cz\/"},{"@type":"ListItem","position":2,"name":"Topn\u00e1 sez\u00f3na p\u0159eje rozto\u010d\u016fm. Odborn\u00edk rad\u00ed, jak se jich \u00fa\u010dinn\u011b zbavit"}]},{"@type":"WebSite","@id":"https:\/\/bydletestylove.cz\/#website","url":"https:\/\/bydletestylove.cz\/","name":"BydleteStylov\u011b.cz","description":"Port\u00e1l o stylov\u00e9m bydlen\u00ed...","publisher":{"@id":"https:\/\/bydletestylove.cz\/#organization"},"potentialAction":[{"@type":"SearchAction","target":{"@type":"EntryPoint","urlTemplate":"https:\/\/bydletestylove.cz\/?s={search_term_string}"},"query-input":"required name=search_term_string"}],"inLanguage":"cs"},{"@type":"Organization","@id":"https:\/\/bydletestylove.cz\/#organization","name":"BydleteStylov\u011b.cz","url":"https:\/\/bydletestylove.cz\/","logo":{"@type":"ImageObject","inLanguage":"cs","@id":"https:\/\/bydletestylove.cz\/#\/schema\/logo\/image\/","url":"https:\/\/bydletestylove.cz\/wp-content\/uploads\/2024\/12\/cropped-Logo-Bydlete-Stylove.jpg","contentUrl":"https:\/\/bydletestylove.cz\/wp-content\/uploads\/2024\/12\/cropped-Logo-Bydlete-Stylove.jpg","width":290,"height":143,"caption":"BydleteStylov\u011b.cz"},"image":{"@id":"https:\/\/bydletestylove.cz\/#\/schema\/logo\/image\/"},"sameAs":["https:\/\/www.instagram.com\/bydletestylove.cz\/"]},{"@type":"Person","@id":"https:\/\/bydletestylove.cz\/#\/schema\/person\/10a133d2599b007f153f35688fef7fb1","name":"Martina Pechov\u00e1","image":{"@type":"ImageObject","inLanguage":"cs","@id":"https:\/\/bydletestylove.cz\/#\/schema\/person\/image\/","url":"https:\/\/secure.gravatar.com\/avatar\/f0b7849f9f82bc20952396010e3c9adb?s=96&d=mm&r=g","contentUrl":"https:\/\/secure.gravatar.com\/avatar\/f0b7849f9f82bc20952396010e3c9adb?s=96&d=mm&r=g","caption":"Martina Pechov\u00e1"},"sameAs":["http:\/\/BydleteStylove.cz"],"url":"https:\/\/bydletestylove.cz\/index.php\/author\/marpech\/"}]}},"_links":{"self":[{"href":"https:\/\/bydletestylove.cz\/index.php\/wp-json\/wp\/v2\/posts\/937"}],"collection":[{"href":"https:\/\/bydletestylove.cz\/index.php\/wp-json\/wp\/v2\/posts"}],"about":[{"href":"https:\/\/bydletestylove.cz\/index.php\/wp-json\/wp\/v2\/types\/post"}],"author":[{"embeddable":true,"href":"https:\/\/bydletestylove.cz\/index.php\/wp-json\/wp\/v2\/users\/6"}],"replies":[{"embeddable":true,"href":"https:\/\/bydletestylove.cz\/index.php\/wp-json\/wp\/v2\/comments?post=937"}],"version-history":[{"count":1,"href":"https:\/\/bydletestylove.cz\/index.php\/wp-json\/wp\/v2\/posts\/937\/revisions"}],"predecessor-version":[{"id":941,"href":"https:\/\/bydletestylove.cz\/index.php\/wp-json\/wp\/v2\/posts\/937\/revisions\/941"}],"wp:featuredmedia":[{"embeddable":true,"href":"https:\/\/bydletestylove.cz\/index.php\/wp-json\/wp\/v2\/media\/939"}],"wp:attachment":[{"href":"https:\/\/bydletestylove.cz\/index.php\/wp-json\/wp\/v2\/media?parent=937"}],"wp:term":[{"taxonomy":"category","embeddable":true,"href":"https:\/\/bydletestylove.cz\/index.php\/wp-json\/wp\/v2\/categories?post=937"},{"taxonomy":"post_tag","embeddable":true,"href":"https:\/\/bydletestylove.cz\/index.php\/wp-json\/wp\/v2\/tags?post=937"}],"curies":[{"name":"wp","href":"https:\/\/api.w.org\/{rel}","templated":true}]}}