{"id":383,"date":"2023-12-20T00:44:07","date_gmt":"2023-12-19T23:44:07","guid":{"rendered":"https:\/\/bydletestylove.cz\/?p=383"},"modified":"2023-12-20T23:45:29","modified_gmt":"2023-12-20T22:45:29","slug":"psn-spustila-vystavbu-projektu-rezidence-maroldka-v-prazskych-nuslich","status":"publish","type":"post","link":"https:\/\/bydletestylove.cz\/index.php\/byty\/psn-spustila-vystavbu-projektu-rezidence-maroldka-v-prazskych-nuslich\/","title":{"rendered":"<span>PSN spustila v\u00fdstavbu projektu Rezidence Maroldka v pra\u017esk\u00fdch Nusl\u00edch<\/span>"},"content":{"rendered":"\r\n<p><strong>V Praze 4 stav\u00ed developersk\u00e1 spole\u010dnost PSN nov\u00fd projekt Rezidence Maroldka. Ten nab\u00eddne 38 jednotek a\u00a04 retailov\u00e9 prostory. Jeho sou\u010d\u00e1st\u00ed se stane tak\u00e9 spole\u010dn\u00e1 st\u0159e\u0161n\u00ed terasa nebo nab\u00edjec\u00ed stanice pro elektromobily. Developer nyn\u00ed zah\u00e1jil v\u00fdstavbu projektu, ke kolaudaci by pak m\u011blo doj\u00edt koncem roku 2025.<\/strong><\/p>\r\n\r\n\r\n\r\n<div class=\"wp-block-spacer\" aria-hidden=\"true\">\u00a0<\/div>\r\n<div aria-hidden=\"true\">\u00a0<\/div>\r\n\r\n\r\n<div class=\"wp-block-image\">\r\n<figure class=\"aligncenter size-large\"><img decoding=\"async\" class=\"wp-image-6027\" src=\"https:\/\/homemagazine.cz\/wp-content\/uploads\/2023\/12\/PSN_Rezidence-Maroldka_budova-840x467.jpg\" alt=\"PSN spustila v\u00fdstavbu projektu Rezidence Maroldka v pra\u017esk\u00fdch Nusl\u00edch\" \/><\/figure><\/div>\r\n\r\n\r\n<div class=\"wp-block-spacer\" aria-hidden=\"true\">\u00a0<\/div>\r\n<div aria-hidden=\"true\">\u00a0<\/div>\r\n\r\n\r\n\r\n<p><a href=\"https:\/\/rezidencemaroldka.cz\/\"><strong>Rezidence Maroldka<\/strong><\/a>\u00a0roste v\u00a0r\u00e1mci bloku budov mezi ulicemi Maroldova, K\u00a0Podjezdu a\u00a0Barto\u0161kova v\u00a0Praze-Nusl\u00edch. Celkem bude \u010d\u00edtat 33 byt\u016f a\u00a05 ubytovac\u00edch jednotek o\u00a0dispozic\u00edch 1+kk a\u017e 3+kk a\u00a0velikostech od 27 do 74\u00a0m<sup>2<\/sup>. N\u011bkter\u00e9 z\u00a0nich budou m\u00edt balkony \u010di terasy, vybran\u00e9 jednotky tak\u00e9 rekuperaci. O\u00a0komfort budouc\u00edch obyvatel se postar\u00e1 pochoz\u00ed st\u0159echa, je\u017e poslou\u017e\u00ed jako p\u0159\u00edjemn\u00e1 vyhl\u00eddkov\u00e1 terasa s\u00a0prostorem na spole\u010dn\u00e9 setk\u00e1v\u00e1n\u00ed. Developer z\u00e1rove\u0148 nab\u00edz\u00ed mo\u017enost dokoupen\u00ed 8\u00a0soukrom\u00fdch st\u0159e\u0161n\u00edch teras. Chyb\u011bt nebude dostatek gar\u00e1\u017eov\u00fdch st\u00e1n\u00ed, ke v\u0161em jednotk\u00e1m pak n\u00e1le\u017e\u00ed sklep nebo sklepn\u00ed k\u00f3je. Sou\u010d\u00e1st\u00ed projektu se stane tak\u00e9 spole\u010dn\u00e9 parkov\u00e1n\u00ed s\u00a0elektronab\u00edje\u010dkami. V\u00a0p\u0159\u00edzem\u00ed d\u00e1le vzniknou \u010dty\u0159i obchodn\u00ed jednotky.<\/p>\r\n\r\n\r\n\r\n<div class=\"wp-block-spacer\" aria-hidden=\"true\">\u00a0<\/div>\r\n<div aria-hidden=\"true\">\u00a0<\/div>\r\n\r\n\r\n\r\n<figure class=\"wp-block-image size-large\"><img decoding=\"async\" class=\"wp-image-6028\" src=\"https:\/\/homemagazine.cz\/wp-content\/uploads\/2023\/12\/PSN_Rezidence-Maroldka_terasa-840x525.jpg\" alt=\"PSN spustila v\u00fdstavbu projektu Rezidence Maroldka v pra\u017esk\u00fdch Nusl\u00edch\" \/><\/figure>\r\n\r\n\r\n\r\n<div class=\"wp-block-spacer\" aria-hidden=\"true\">\u00a0<\/div>\r\n<div aria-hidden=\"true\">\u00a0<\/div>\r\n\r\n\r\n\r\n<h2 class=\"wp-block-heading\"><strong>V\u00a0jednoduchosti je kr\u00e1sa<\/strong><\/h2>\r\n<p>&nbsp;<\/p>\r\n\r\n\r\n\r\n<div class=\"wp-block-spacer\" aria-hidden=\"true\">\u00a0<\/div>\r\n\r\n\r\n\r\n<p>Nad\u010dasov\u00e1 novostavba o\u00a0jednom podzemn\u00edm a\u00a0\u0161esti nadzemn\u00edch podla\u017e\u00edch (s posledn\u00edm ustoupen\u00fdm) sv\u00fdm vzhledem respektuje a\u00a0rovn\u011b\u017e dopl\u0148uje okoln\u00ed blokovou z\u00e1stavbu. O\u00a0jej\u00ed n\u00e1vrh, kter\u00fd se nese v\u00a0duchu minimalismu a\u00a0elegance, se postaralo studio Ofstone. St\u0159\u00eddm\u00fd tvar domu koresponduje s\u00a0estetikou b\u00edl\u00e9 a\u00a0\u0161ed\u00e9 fas\u00e1dy, na n\u00ed\u017e dominuj\u00ed velkoform\u00e1tov\u00e1 okna. Tento neru\u0161iv\u00fd vzhled z\u00e1rove\u0148 prov\u00e1z\u00ed funk\u010dnost a\u00a0\u00fa\u010delnost. N\u00e1zev projektu je odvozen od stejnojmenn\u00e9 ulice.<\/p>\r\n\r\n\r\n\r\n<div class=\"wp-block-spacer\" aria-hidden=\"true\">\u00a0<\/div>\r\n<div aria-hidden=\"true\">\u00a0<\/div>\r\n\r\n\r\n\r\n<figure class=\"wp-block-gallery has-nested-images columns-default is-cropped wp-block-gallery-1 is-layout-flex\">\r\n<figure class=\"wp-block-image size-large\"><img decoding=\"async\" data-id=\"6031\"  class=\"wp-image-6031\" src=\"https:\/\/homemagazine.cz\/wp-content\/uploads\/2023\/12\/PSN_Rezidence-Maroldka_chodba-840x700.jpg\" alt=\"PSN spustila v\u00fdstavbu projektu Rezidence Maroldka v pra\u017esk\u00fdch Nusl\u00edch\" \/><\/figure>\r\n\r\n\r\n\r\n<figure class=\"wp-block-image size-large\"><img decoding=\"async\" data-id=\"6023\"  class=\"wp-image-6023\" src=\"https:\/\/homemagazine.cz\/wp-content\/uploads\/2023\/12\/PSN_Rezidence-Maroldka_schodiste-840x473.jpg\" alt=\"PSN spustila v\u00fdstavbu projektu Rezidence Maroldka v pra\u017esk\u00fdch Nusl\u00edch\" \/><\/figure>\r\n<\/figure>\r\n\r\n\r\n\r\n<div class=\"wp-block-spacer\" aria-hidden=\"true\">\u00a0<\/div>\r\n<div aria-hidden=\"true\">\u00a0<\/div>\r\n\r\n\r\n\r\n<h2 class=\"wp-block-heading\"><strong>Modern\u00ed bydlen\u00ed s\u00a0v\u00fdhodn\u00fdm financov\u00e1n\u00edm<\/strong><\/h2>\r\n<p>&nbsp;<\/p>\r\n\r\n\r\n\r\n<div class=\"wp-block-spacer\" aria-hidden=\"true\">\u00a0<\/div>\r\n\r\n\r\n\r\n<p><em>\u201eV\u00a0Rezidenci Maroldka jsme vsadili na modern\u00ed a\u00a0kvalitn\u00ed materi\u00e1ly a\u00a0zvolen\u00e9 m\u00edsto jsme vyu\u017eili na maximum, abychom precizn\u011b naplnili v\u0161echny sou\u010dasn\u00e9 standardy. Bonusem je velikost domu, kter\u00e1 sk\u00fdt\u00e1 dostatek soukrom\u00ed, ale i\u00a0p\u0159\u00edle\u017eitosti budovat sousedsk\u00e9 vztahy na spole\u010dn\u00e9 st\u0159e\u0161n\u00ed terase,\u201c\u00a0<\/em>popisuje \u0159editel reziden\u010dn\u00edch projekt\u016f\u00a0<a href=\"https:\/\/www.psn.cz\/\">PSN<\/a>\u00a0Marek Padev\u011bt.<\/p>\r\n\r\n\r\n\r\n<div class=\"wp-block-spacer\" aria-hidden=\"true\">\u00a0<\/div>\r\n<div aria-hidden=\"true\">\u00a0<\/div>\r\n\r\n\r\n\r\n<figure class=\"wp-block-gallery has-nested-images columns-default is-cropped wp-block-gallery-3 is-layout-flex\">\r\n<figure class=\"wp-block-image size-large\"><img decoding=\"async\" data-id=\"6024\"  class=\"wp-image-6024\" src=\"https:\/\/homemagazine.cz\/wp-content\/uploads\/2023\/12\/PSN_Rezidence-Maroldka_interier_02-840x525.jpg\" alt=\"PSN spustila v\u00fdstavbu projektu Rezidence Maroldka v pra\u017esk\u00fdch Nusl\u00edch\" \/><\/figure>\r\n\r\n\r\n\r\n<figure class=\"wp-block-image size-large\"><img decoding=\"async\" data-id=\"6022\"  class=\"wp-image-6022\" src=\"https:\/\/homemagazine.cz\/wp-content\/uploads\/2023\/12\/PSN_Rezidence-Maroldka_interier_04-840x600.jpg\" alt=\"PSN spustila v\u00fdstavbu projektu Rezidence Maroldka v pra\u017esk\u00fdch Nusl\u00edch\" \/><\/figure>\r\n<p>&nbsp;<\/p>\r\n<\/figure>\r\n\r\n\r\n\r\n<div class=\"wp-block-spacer\" aria-hidden=\"true\">\u00a0<\/div>\r\n\r\n\r\n\r\n<p>Realitn\u00ed trh v\u00a0posledn\u00ed dob\u011b za\u010d\u00edn\u00e1 op\u011bt o\u017eivovat, co\u017e je vid\u011bt i\u00a0v\u00a0p\u0159edprodej\u00edch, kdy z\u00e1jemci o\u00a0bydlen\u00ed v\u00a0Rezidenci Maroldka vykoupili ji\u017e t\u0159etinu jednotek.\u00a0<em>\u201eSamoz\u0159ejm\u011b vn\u00edm\u00e1me slo\u017eitou situaci kupuj\u00edc\u00edch, kte\u0159\u00ed st\u00e1le \u010dast\u011bji maj\u00ed probl\u00e9m kv\u016fli inflaci a\u00a0vysok\u00fdm \u00farokov\u00fdm sazb\u00e1m dos\u00e1hnout na hypote\u010dn\u00ed \u00fav\u011br. Abychom klient\u016fm cestu za nov\u00fdm bydlen\u00edm je\u0161t\u011b v\u00edce usnadnili, v\u00a0prvn\u00ed f\u00e1zi koup\u011b jim sta\u010d\u00ed pouh\u00fdch 10 % z\u00a0kupn\u00ed ceny a\u00a0v\u00edce jak 70 % mohou uhradit a\u017e po dokon\u010den\u00ed projektu a\u00a0po podpisu kupn\u00ed smlouvy,\u201c\u00a0<\/em>uv\u00e1d\u00ed Marek Padev\u011bt.<\/p>\r\n\r\n\r\n\r\n<div class=\"wp-block-spacer\" aria-hidden=\"true\">\u00a0<\/div>\r\n<div aria-hidden=\"true\">\u00a0<\/div>\r\n\r\n\r\n\r\n<figure class=\"wp-block-gallery has-nested-images columns-default is-cropped wp-block-gallery-5 is-layout-flex\">\r\n<figure class=\"wp-block-image size-large\"><img decoding=\"async\" data-id=\"6026\"  class=\"wp-image-6026\" src=\"https:\/\/homemagazine.cz\/wp-content\/uploads\/2023\/12\/PSN_Rezidence-Maroldka_interier_01-840x525.jpg\" alt=\"PSN spustila v\u00fdstavbu projektu Rezidence Maroldka v pra\u017esk\u00fdch Nusl\u00edch\" \/><\/figure>\r\n\r\n\r\n\r\n<figure class=\"wp-block-image size-large\"><img decoding=\"async\" data-id=\"6025\"  class=\"wp-image-6025\" src=\"https:\/\/homemagazine.cz\/wp-content\/uploads\/2023\/12\/PSN_Rezidence-Maroldka_interier_03-840x525.jpg\" alt=\"PSN spustila v\u00fdstavbu projektu Rezidence Maroldka v pra\u017esk\u00fdch Nusl\u00edch\" \/><\/figure>\r\n<p>&nbsp;<\/p>\r\n<\/figure>\r\n\r\n\r\n\r\n<div class=\"wp-block-spacer\" aria-hidden=\"true\">\u00a0<\/div>\r\n\r\n\r\n\r\n<h2 class=\"wp-block-heading\"><strong>Nusle v\u00a0posledn\u00edch letech o\u017e\u00edvaj\u00ed mnoha p\u0159\u00edjemn\u00fdmi m\u00edsty<\/strong><\/h2>\r\n<p>&nbsp;<\/p>\r\n\r\n\r\n\r\n<div class=\"wp-block-spacer\" aria-hidden=\"true\">\u00a0<\/div>\r\n\r\n\r\n\r\n<p>Projekt Rezidence Maroldka vyr\u016fst\u00e1 v\u00a0m\u011bstsk\u00e9 \u010dtvrti Nusle s\u00a0klidnou atmosf\u00e9rou a\u00a0v\u0161\u00edm pot\u0159ebn\u00fdm po ruce. Vedle kav\u00e1ren, bister a\u00a0bar\u016f se tu d\u00e1 zav\u00edtat i\u00a0do obl\u00edben\u00fdch pek\u00e1ren a\u00a0farm\u00e1\u0159sk\u00fdch prodejen. K\u00a0dal\u0161\u00edm gastronomick\u00fdm po\u017eitk\u016fm, ale i\u00a0k z\u00e1bav\u011b, kultu\u0159e a\u00a0sportu l\u00e1k\u00e1 dal\u0161\u00ed obl\u00edben\u00e1 \u010dtvr\u0165 Vr\u0161ovice, jej\u00ed\u017e hranice za\u010d\u00ednaj\u00ed doslova za rohem projektu.<\/p>\r\n\r\n\r\n\r\n<p>K\u00a0v\u00fdznamn\u00fdm benefit\u016fm pat\u0159\u00ed skv\u011bl\u00e1 dopravn\u00ed dostupnost \u2013 rychl\u00e9 cesty po metropoli zajist\u00ed bohat\u00e1 s\u00ed\u0165 tramvajov\u00fdch, autobusov\u00fdch a\u00a0vlakov\u00fdch linek. Na nov\u011b zrekonstruovan\u00e9 N\u00e1dra\u017e\u00ed Vr\u0161ovice se pak d\u00e1 d\u00edky podchodu doj\u00edt za 10 minut.<\/p>\r\n\r\n\r\n\r\n<p>Ve voln\u00fdch chv\u00edl\u00edch se d\u00e1 kochat kr\u00e1sou p\u0159\u00edrody v\u00a0nedalek\u00fdch parc\u00edch Gr\u00e9bovka (Havl\u00ed\u010dkovy sady) nebo Folimanka. Necel\u00fdch 5 minut ch\u016fz\u00ed je od rezidence vzd\u00e1len\u00fd tak\u00e9 park Jezerka a\u00a0nedaleko se nach\u00e1z\u00ed skatepark Nad Vinn\u00fdm potokem a\u00a0tenisov\u00e9 kurty.<\/p>\r\n\r\n\r\n\r\n<div class=\"wp-block-spacer\" aria-hidden=\"true\">\u00a0<\/div>\r\n<div aria-hidden=\"true\">\u00a0<\/div>\r\n<div aria-hidden=\"true\">\u00a0<\/div>\r\n\r\n\r\n\r\n<figure class=\"wp-block-gallery has-nested-images columns-2 is-cropped wp-block-gallery-7 is-layout-flex\">\r\n<figure class=\"wp-block-image size-large\"><img decoding=\"async\" data-id=\"6027\"  class=\"wp-image-6027\" src=\"https:\/\/homemagazine.cz\/wp-content\/uploads\/2023\/12\/PSN_Rezidence-Maroldka_budova-840x467.jpg\" alt=\"PSN spustila v\u00fdstavbu projektu Rezidence Maroldka v pra\u017esk\u00fdch Nusl\u00edch\" \/><\/figure>\r\n\r\n\r\n\r\n<figure class=\"wp-block-image size-large\"><img decoding=\"async\" data-id=\"6031\"  class=\"wp-image-6031\" src=\"https:\/\/homemagazine.cz\/wp-content\/uploads\/2023\/12\/PSN_Rezidence-Maroldka_chodba-840x700.jpg\" alt=\"PSN spustila v\u00fdstavbu projektu Rezidence Maroldka v pra\u017esk\u00fdch Nusl\u00edch\" \/><\/figure>\r\n\r\n\r\n\r\n<figure class=\"wp-block-image size-large\"><img decoding=\"async\" data-id=\"6026\"  class=\"wp-image-6026\" src=\"https:\/\/homemagazine.cz\/wp-content\/uploads\/2023\/12\/PSN_Rezidence-Maroldka_interier_01-840x525.jpg\" alt=\"PSN spustila v\u00fdstavbu projektu Rezidence Maroldka v pra\u017esk\u00fdch Nusl\u00edch\" \/><\/figure>\r\n\r\n\r\n\r\n<figure class=\"wp-block-image size-large\"><img decoding=\"async\" data-id=\"6024\"  class=\"wp-image-6024\" src=\"https:\/\/homemagazine.cz\/wp-content\/uploads\/2023\/12\/PSN_Rezidence-Maroldka_interier_02-840x525.jpg\" alt=\"PSN spustila v\u00fdstavbu projektu Rezidence Maroldka v pra\u017esk\u00fdch Nusl\u00edch\" \/><\/figure>\r\n\r\n\r\n\r\n<figure class=\"wp-block-image size-large\"><img decoding=\"async\" data-id=\"6025\"  class=\"wp-image-6025\" src=\"https:\/\/homemagazine.cz\/wp-content\/uploads\/2023\/12\/PSN_Rezidence-Maroldka_interier_03-840x525.jpg\" alt=\"PSN spustila v\u00fdstavbu projektu Rezidence Maroldka v pra\u017esk\u00fdch Nusl\u00edch\" \/><\/figure>\r\n\r\n\r\n\r\n<figure class=\"wp-block-image size-large\"><img decoding=\"async\" data-id=\"6022\"  class=\"wp-image-6022\" src=\"https:\/\/homemagazine.cz\/wp-content\/uploads\/2023\/12\/PSN_Rezidence-Maroldka_interier_04-840x600.jpg\" alt=\"PSN spustila v\u00fdstavbu projektu Rezidence Maroldka v pra\u017esk\u00fdch Nusl\u00edch\" \/><\/figure>\r\n\r\n\r\n\r\n<figure class=\"wp-block-image size-large\"><img decoding=\"async\" data-id=\"6023\"  class=\"wp-image-6023\" src=\"https:\/\/homemagazine.cz\/wp-content\/uploads\/2023\/12\/PSN_Rezidence-Maroldka_schodiste-840x473.jpg\" alt=\"PSN spustila v\u00fdstavbu projektu Rezidence Maroldka v pra\u017esk\u00fdch Nusl\u00edch\" \/><\/figure>\r\n\r\n\r\n\r\n<figure class=\"wp-block-image size-large\"><img decoding=\"async\" data-id=\"6030\"  class=\"wp-image-6030\" src=\"https:\/\/homemagazine.cz\/wp-content\/uploads\/2023\/12\/PSN_Rezidence-Maroldka_strecha-840x466.jpg\" alt=\"PSN spustila v\u00fdstavbu projektu Rezidence Maroldka v pra\u017esk\u00fdch Nusl\u00edch\" \/><\/figure>\r\n\r\n\r\n\r\n<figure class=\"wp-block-image size-large\"><img decoding=\"async\" data-id=\"6028\"  class=\"wp-image-6028\" src=\"https:\/\/homemagazine.cz\/wp-content\/uploads\/2023\/12\/PSN_Rezidence-Maroldka_terasa-840x525.jpg\" alt=\"PSN spustila v\u00fdstavbu projektu Rezidence Maroldka v pra\u017esk\u00fdch Nusl\u00edch\" \/><\/figure>\r\n\r\n\r\n\r\n<figure class=\"wp-block-image size-large\"><img decoding=\"async\" data-id=\"6029\"  class=\"wp-image-6029\" src=\"https:\/\/homemagazine.cz\/wp-content\/uploads\/2023\/12\/PSN_Rezidence-Maroldka_vstup-840x467.jpg\" alt=\"PSN spustila v\u00fdstavbu projektu Rezidence Maroldka v pra\u017esk\u00fdch Nusl\u00edch\" \/><\/figure>\r\n<\/figure>\r\n\r\n\r\n\r\n<div class=\"wp-block-spacer\" aria-hidden=\"true\">\u00a0<\/div>\r\n<div aria-hidden=\"true\">\u00a0<\/div>\r\n<div aria-hidden=\"true\">\u00a0<\/div>\r\n\r\n\r\n\r\n<p><strong>Zdroj foto:<\/strong> PSN<\/p>\r\n<p>&nbsp;<\/p>\r\n\r\n\r\n\r\n<div class=\"wp-block-spacer\" aria-hidden=\"true\">\u00a0<\/div>\r\n","protected":false},"excerpt":{"rendered":"<p>V Praze 4 stav\u00ed developersk\u00e1 spole\u010dnost PSN nov\u00fd projekt Rezidence Maroldka. Ten nab\u00eddne 38 jednotek a\u00a04 retailov\u00e9 prostory. Jeho sou\u010d\u00e1st\u00ed se stane tak\u00e9 spole\u010dn\u00e1 st\u0159e\u0161n\u00ed terasa nebo nab\u00edjec\u00ed stanice pro elektromobily. Developer nyn\u00ed zah\u00e1jil v\u00fdstavbu projektu, ke kolaudaci by pak m\u011blo doj\u00edt koncem roku 2025. Rezidence Maroldka\u00a0roste v\u00a0r\u00e1mci bloku budov mezi ulicemi Maroldova, K\u00a0Podjezdu a\u00a0Barto\u0161kova v\u00a0Praze-Nusl\u00edch. Celkem bude \u010d\u00edtat 33 byt\u016f a\u00a05 ubytovac\u00edch jednotek o\u00a0dispozic\u00edch 1+kk a\u017e 3+kk a\u00a0velikostech od 27 do 74\u00a0m2. N\u011bkter\u00e9 z\u00a0nich budou m\u00edt balkony \u010di terasy, vybran\u00e9 jednotky tak\u00e9 rekuperaci. O\u00a0komfort budouc\u00edch obyvatel se postar\u00e1 pochoz\u00ed&hellip;<\/p>\n","protected":false},"author":3,"featured_media":384,"comment_status":"closed","ping_status":"open","sticky":false,"template":"","format":"standard","meta":{"_mi_skip_tracking":false,"_monsterinsights_sitenote_active":false,"_monsterinsights_sitenote_note":"","_monsterinsights_sitenote_category":0},"categories":[10,9,1,5],"tags":[],"yoast_head":"<!-- This site is optimized with the Yoast SEO plugin v21.4 - https:\/\/yoast.com\/wordpress\/plugins\/seo\/ -->\n<title>PSN spustila v\u00fdstavbu projektu Rezidence Maroldka v pra\u017esk\u00fdch Nusl\u00edch - BydleteStylov\u011b.cz<\/title>\n<meta name=\"description\" content=\"V Praze 4 stav\u00ed developersk\u00e1 spole\u010dnost PSN nov\u00fd projekt Rezidence Maroldka. Ten nab\u00eddne 38 jednotek a\u00a04 retailov\u00e9 prostory. Jeho sou\u010d\u00e1st\u00ed se stane tak\u00e9 spole\u010dn\u00e1 st\u0159e\u0161n\u00ed terasa nebo nab\u00edjec\u00ed stanice pro elektromobily. Developer nyn\u00ed zah\u00e1jil v\u00fdstavbu projektu, ke kolaudaci by pak m\u011blo doj\u00edt koncem roku 2025.\" \/>\n<meta name=\"robots\" content=\"index, follow, max-snippet:-1, max-image-preview:large, max-video-preview:-1\" \/>\n<link rel=\"canonical\" href=\"https:\/\/bydletestylove.cz\/index.php\/byty\/psn-spustila-vystavbu-projektu-rezidence-maroldka-v-prazskych-nuslich\/\" \/>\n<meta property=\"og:locale\" content=\"cs_CZ\" \/>\n<meta property=\"og:type\" content=\"article\" \/>\n<meta property=\"og:title\" content=\"PSN spustila v\u00fdstavbu projektu Rezidence Maroldka v pra\u017esk\u00fdch Nusl\u00edch - BydleteStylov\u011b.cz\" \/>\n<meta property=\"og:description\" content=\"V Praze 4 stav\u00ed developersk\u00e1 spole\u010dnost PSN nov\u00fd projekt Rezidence Maroldka. Ten nab\u00eddne 38 jednotek a\u00a04 retailov\u00e9 prostory. Jeho sou\u010d\u00e1st\u00ed se stane tak\u00e9 spole\u010dn\u00e1 st\u0159e\u0161n\u00ed terasa nebo nab\u00edjec\u00ed stanice pro elektromobily. Developer nyn\u00ed zah\u00e1jil v\u00fdstavbu projektu, ke kolaudaci by pak m\u011blo doj\u00edt koncem roku 2025.\" \/>\n<meta property=\"og:url\" content=\"https:\/\/bydletestylove.cz\/index.php\/byty\/psn-spustila-vystavbu-projektu-rezidence-maroldka-v-prazskych-nuslich\/\" \/>\n<meta property=\"og:site_name\" content=\"BydleteStylov\u011b.cz\" \/>\n<meta property=\"article:published_time\" content=\"2023-12-19T23:44:07+00:00\" \/>\n<meta property=\"article:modified_time\" content=\"2023-12-20T22:45:29+00:00\" \/>\n<meta property=\"og:image\" content=\"https:\/\/bydletestylove.cz\/wp-content\/uploads\/2023\/12\/PSN_Rezidence-Maroldka_vstup.jpg\" \/>\n\t<meta property=\"og:image:width\" content=\"1450\" \/>\n\t<meta property=\"og:image:height\" content=\"806\" \/>\n\t<meta property=\"og:image:type\" content=\"image\/jpeg\" \/>\n<meta name=\"author\" content=\"Miroslav Van\u011bk\" \/>\n<meta name=\"twitter:card\" content=\"summary_large_image\" \/>\n<meta name=\"twitter:label1\" content=\"Napsal(a)\" \/>\n\t<meta name=\"twitter:data1\" content=\"Miroslav Van\u011bk\" \/>\n\t<meta name=\"twitter:label2\" content=\"Odhadovan\u00e1 doba \u010dten\u00ed\" \/>\n\t<meta name=\"twitter:data2\" content=\"7 minut\" \/>\n<script type=\"application\/ld+json\" class=\"yoast-schema-graph\">{\"@context\":\"https:\/\/schema.org\",\"@graph\":[{\"@type\":\"Article\",\"@id\":\"https:\/\/bydletestylove.cz\/index.php\/byty\/psn-spustila-vystavbu-projektu-rezidence-maroldka-v-prazskych-nuslich\/#article\",\"isPartOf\":{\"@id\":\"https:\/\/bydletestylove.cz\/index.php\/byty\/psn-spustila-vystavbu-projektu-rezidence-maroldka-v-prazskych-nuslich\/\"},\"author\":{\"name\":\"Miroslav Van\u011bk\",\"@id\":\"https:\/\/bydletestylove.cz\/#\/schema\/person\/0757aa90a12be7df6c443034e54e08f0\"},\"headline\":\"PSN spustila v\u00fdstavbu projektu Rezidence Maroldka v pra\u017esk\u00fdch Nusl\u00edch\",\"datePublished\":\"2023-12-19T23:44:07+00:00\",\"dateModified\":\"2023-12-20T22:45:29+00:00\",\"mainEntityOfPage\":{\"@id\":\"https:\/\/bydletestylove.cz\/index.php\/byty\/psn-spustila-vystavbu-projektu-rezidence-maroldka-v-prazskych-nuslich\/\"},\"wordCount\":676,\"publisher\":{\"@id\":\"https:\/\/bydletestylove.cz\/#organization\"},\"articleSection\":[\"BYTY\",\"DOMY &amp; RESIDENCE\",\"NOVINKY\",\"TIPY &amp; TRENDY\"],\"inLanguage\":\"cs\"},{\"@type\":\"WebPage\",\"@id\":\"https:\/\/bydletestylove.cz\/index.php\/byty\/psn-spustila-vystavbu-projektu-rezidence-maroldka-v-prazskych-nuslich\/\",\"url\":\"https:\/\/bydletestylove.cz\/index.php\/byty\/psn-spustila-vystavbu-projektu-rezidence-maroldka-v-prazskych-nuslich\/\",\"name\":\"PSN spustila v\u00fdstavbu projektu Rezidence Maroldka v pra\u017esk\u00fdch Nusl\u00edch - BydleteStylov\u011b.cz\",\"isPartOf\":{\"@id\":\"https:\/\/bydletestylove.cz\/#website\"},\"datePublished\":\"2023-12-19T23:44:07+00:00\",\"dateModified\":\"2023-12-20T22:45:29+00:00\",\"description\":\"V Praze 4 stav\u00ed developersk\u00e1 spole\u010dnost PSN nov\u00fd projekt Rezidence Maroldka. Ten nab\u00eddne 38 jednotek a\u00a04 retailov\u00e9 prostory. Jeho sou\u010d\u00e1st\u00ed se stane tak\u00e9 spole\u010dn\u00e1 st\u0159e\u0161n\u00ed terasa nebo nab\u00edjec\u00ed stanice pro elektromobily. Developer nyn\u00ed zah\u00e1jil v\u00fdstavbu projektu, ke kolaudaci by pak m\u011blo doj\u00edt koncem roku 2025.\",\"breadcrumb\":{\"@id\":\"https:\/\/bydletestylove.cz\/index.php\/byty\/psn-spustila-vystavbu-projektu-rezidence-maroldka-v-prazskych-nuslich\/#breadcrumb\"},\"inLanguage\":\"cs\",\"potentialAction\":[{\"@type\":\"ReadAction\",\"target\":[\"https:\/\/bydletestylove.cz\/index.php\/byty\/psn-spustila-vystavbu-projektu-rezidence-maroldka-v-prazskych-nuslich\/\"]}]},{\"@type\":\"BreadcrumbList\",\"@id\":\"https:\/\/bydletestylove.cz\/index.php\/byty\/psn-spustila-vystavbu-projektu-rezidence-maroldka-v-prazskych-nuslich\/#breadcrumb\",\"itemListElement\":[{\"@type\":\"ListItem\",\"position\":1,\"name\":\"Dom\u016f\",\"item\":\"https:\/\/bydletestylove.cz\/\"},{\"@type\":\"ListItem\",\"position\":2,\"name\":\"PSN spustila v\u00fdstavbu projektu Rezidence Maroldka v pra\u017esk\u00fdch Nusl\u00edch\"}]},{\"@type\":\"WebSite\",\"@id\":\"https:\/\/bydletestylove.cz\/#website\",\"url\":\"https:\/\/bydletestylove.cz\/\",\"name\":\"BydleteStylov\u011b.cz\",\"description\":\"Port\u00e1l o stylov\u00e9m bydlen\u00ed...\",\"publisher\":{\"@id\":\"https:\/\/bydletestylove.cz\/#organization\"},\"potentialAction\":[{\"@type\":\"SearchAction\",\"target\":{\"@type\":\"EntryPoint\",\"urlTemplate\":\"https:\/\/bydletestylove.cz\/?s={search_term_string}\"},\"query-input\":\"required name=search_term_string\"}],\"inLanguage\":\"cs\"},{\"@type\":\"Organization\",\"@id\":\"https:\/\/bydletestylove.cz\/#organization\",\"name\":\"BydleteStylov\u011b.cz\",\"url\":\"https:\/\/bydletestylove.cz\/\",\"logo\":{\"@type\":\"ImageObject\",\"inLanguage\":\"cs\",\"@id\":\"https:\/\/bydletestylove.cz\/#\/schema\/logo\/image\/\",\"url\":\"https:\/\/bydletestylove.cz\/wp-content\/uploads\/2024\/12\/cropped-Logo-Bydlete-Stylove.jpg\",\"contentUrl\":\"https:\/\/bydletestylove.cz\/wp-content\/uploads\/2024\/12\/cropped-Logo-Bydlete-Stylove.jpg\",\"width\":290,\"height\":143,\"caption\":\"BydleteStylov\u011b.cz\"},\"image\":{\"@id\":\"https:\/\/bydletestylove.cz\/#\/schema\/logo\/image\/\"},\"sameAs\":[\"https:\/\/www.instagram.com\/bydletestylove.cz\/\"]},{\"@type\":\"Person\",\"@id\":\"https:\/\/bydletestylove.cz\/#\/schema\/person\/0757aa90a12be7df6c443034e54e08f0\",\"name\":\"Miroslav Van\u011bk\",\"image\":{\"@type\":\"ImageObject\",\"inLanguage\":\"cs\",\"@id\":\"https:\/\/bydletestylove.cz\/#\/schema\/person\/image\/\",\"url\":\"https:\/\/secure.gravatar.com\/avatar\/cc93dbecbfc820d69a964ea4a1c72377?s=96&d=mm&r=g\",\"contentUrl\":\"https:\/\/secure.gravatar.com\/avatar\/cc93dbecbfc820d69a964ea4a1c72377?s=96&d=mm&r=g\",\"caption\":\"Miroslav Van\u011bk\"},\"sameAs\":[\"http:\/\/BydleteStylove.cz\"],\"url\":\"https:\/\/bydletestylove.cz\/index.php\/author\/mirvan\/\"}]}<\/script>\n<!-- \/ Yoast SEO plugin. -->","yoast_head_json":{"title":"PSN spustila v\u00fdstavbu projektu Rezidence Maroldka v pra\u017esk\u00fdch Nusl\u00edch - BydleteStylov\u011b.cz","description":"V Praze 4 stav\u00ed developersk\u00e1 spole\u010dnost PSN nov\u00fd projekt Rezidence Maroldka. Ten nab\u00eddne 38 jednotek a\u00a04 retailov\u00e9 prostory. Jeho sou\u010d\u00e1st\u00ed se stane tak\u00e9 spole\u010dn\u00e1 st\u0159e\u0161n\u00ed terasa nebo nab\u00edjec\u00ed stanice pro elektromobily. Developer nyn\u00ed zah\u00e1jil v\u00fdstavbu projektu, ke kolaudaci by pak m\u011blo doj\u00edt koncem roku 2025.","robots":{"index":"index","follow":"follow","max-snippet":"max-snippet:-1","max-image-preview":"max-image-preview:large","max-video-preview":"max-video-preview:-1"},"canonical":"https:\/\/bydletestylove.cz\/index.php\/byty\/psn-spustila-vystavbu-projektu-rezidence-maroldka-v-prazskych-nuslich\/","og_locale":"cs_CZ","og_type":"article","og_title":"PSN spustila v\u00fdstavbu projektu Rezidence Maroldka v pra\u017esk\u00fdch Nusl\u00edch - BydleteStylov\u011b.cz","og_description":"V Praze 4 stav\u00ed developersk\u00e1 spole\u010dnost PSN nov\u00fd projekt Rezidence Maroldka. Ten nab\u00eddne 38 jednotek a\u00a04 retailov\u00e9 prostory. Jeho sou\u010d\u00e1st\u00ed se stane tak\u00e9 spole\u010dn\u00e1 st\u0159e\u0161n\u00ed terasa nebo nab\u00edjec\u00ed stanice pro elektromobily. Developer nyn\u00ed zah\u00e1jil v\u00fdstavbu projektu, ke kolaudaci by pak m\u011blo doj\u00edt koncem roku 2025.","og_url":"https:\/\/bydletestylove.cz\/index.php\/byty\/psn-spustila-vystavbu-projektu-rezidence-maroldka-v-prazskych-nuslich\/","og_site_name":"BydleteStylov\u011b.cz","article_published_time":"2023-12-19T23:44:07+00:00","article_modified_time":"2023-12-20T22:45:29+00:00","og_image":[{"width":1450,"height":806,"url":"https:\/\/bydletestylove.cz\/wp-content\/uploads\/2023\/12\/PSN_Rezidence-Maroldka_vstup.jpg","type":"image\/jpeg"}],"author":"Miroslav Van\u011bk","twitter_card":"summary_large_image","twitter_misc":{"Napsal(a)":"Miroslav Van\u011bk","Odhadovan\u00e1 doba \u010dten\u00ed":"7 minut"},"schema":{"@context":"https:\/\/schema.org","@graph":[{"@type":"Article","@id":"https:\/\/bydletestylove.cz\/index.php\/byty\/psn-spustila-vystavbu-projektu-rezidence-maroldka-v-prazskych-nuslich\/#article","isPartOf":{"@id":"https:\/\/bydletestylove.cz\/index.php\/byty\/psn-spustila-vystavbu-projektu-rezidence-maroldka-v-prazskych-nuslich\/"},"author":{"name":"Miroslav Van\u011bk","@id":"https:\/\/bydletestylove.cz\/#\/schema\/person\/0757aa90a12be7df6c443034e54e08f0"},"headline":"PSN spustila v\u00fdstavbu projektu Rezidence Maroldka v pra\u017esk\u00fdch Nusl\u00edch","datePublished":"2023-12-19T23:44:07+00:00","dateModified":"2023-12-20T22:45:29+00:00","mainEntityOfPage":{"@id":"https:\/\/bydletestylove.cz\/index.php\/byty\/psn-spustila-vystavbu-projektu-rezidence-maroldka-v-prazskych-nuslich\/"},"wordCount":676,"publisher":{"@id":"https:\/\/bydletestylove.cz\/#organization"},"articleSection":["BYTY","DOMY &amp; RESIDENCE","NOVINKY","TIPY &amp; TRENDY"],"inLanguage":"cs"},{"@type":"WebPage","@id":"https:\/\/bydletestylove.cz\/index.php\/byty\/psn-spustila-vystavbu-projektu-rezidence-maroldka-v-prazskych-nuslich\/","url":"https:\/\/bydletestylove.cz\/index.php\/byty\/psn-spustila-vystavbu-projektu-rezidence-maroldka-v-prazskych-nuslich\/","name":"PSN spustila v\u00fdstavbu projektu Rezidence Maroldka v pra\u017esk\u00fdch Nusl\u00edch - BydleteStylov\u011b.cz","isPartOf":{"@id":"https:\/\/bydletestylove.cz\/#website"},"datePublished":"2023-12-19T23:44:07+00:00","dateModified":"2023-12-20T22:45:29+00:00","description":"V Praze 4 stav\u00ed developersk\u00e1 spole\u010dnost PSN nov\u00fd projekt Rezidence Maroldka. Ten nab\u00eddne 38 jednotek a\u00a04 retailov\u00e9 prostory. Jeho sou\u010d\u00e1st\u00ed se stane tak\u00e9 spole\u010dn\u00e1 st\u0159e\u0161n\u00ed terasa nebo nab\u00edjec\u00ed stanice pro elektromobily. Developer nyn\u00ed zah\u00e1jil v\u00fdstavbu projektu, ke kolaudaci by pak m\u011blo doj\u00edt koncem roku 2025.","breadcrumb":{"@id":"https:\/\/bydletestylove.cz\/index.php\/byty\/psn-spustila-vystavbu-projektu-rezidence-maroldka-v-prazskych-nuslich\/#breadcrumb"},"inLanguage":"cs","potentialAction":[{"@type":"ReadAction","target":["https:\/\/bydletestylove.cz\/index.php\/byty\/psn-spustila-vystavbu-projektu-rezidence-maroldka-v-prazskych-nuslich\/"]}]},{"@type":"BreadcrumbList","@id":"https:\/\/bydletestylove.cz\/index.php\/byty\/psn-spustila-vystavbu-projektu-rezidence-maroldka-v-prazskych-nuslich\/#breadcrumb","itemListElement":[{"@type":"ListItem","position":1,"name":"Dom\u016f","item":"https:\/\/bydletestylove.cz\/"},{"@type":"ListItem","position":2,"name":"PSN spustila v\u00fdstavbu projektu Rezidence Maroldka v pra\u017esk\u00fdch Nusl\u00edch"}]},{"@type":"WebSite","@id":"https:\/\/bydletestylove.cz\/#website","url":"https:\/\/bydletestylove.cz\/","name":"BydleteStylov\u011b.cz","description":"Port\u00e1l o stylov\u00e9m bydlen\u00ed...","publisher":{"@id":"https:\/\/bydletestylove.cz\/#organization"},"potentialAction":[{"@type":"SearchAction","target":{"@type":"EntryPoint","urlTemplate":"https:\/\/bydletestylove.cz\/?s={search_term_string}"},"query-input":"required name=search_term_string"}],"inLanguage":"cs"},{"@type":"Organization","@id":"https:\/\/bydletestylove.cz\/#organization","name":"BydleteStylov\u011b.cz","url":"https:\/\/bydletestylove.cz\/","logo":{"@type":"ImageObject","inLanguage":"cs","@id":"https:\/\/bydletestylove.cz\/#\/schema\/logo\/image\/","url":"https:\/\/bydletestylove.cz\/wp-content\/uploads\/2024\/12\/cropped-Logo-Bydlete-Stylove.jpg","contentUrl":"https:\/\/bydletestylove.cz\/wp-content\/uploads\/2024\/12\/cropped-Logo-Bydlete-Stylove.jpg","width":290,"height":143,"caption":"BydleteStylov\u011b.cz"},"image":{"@id":"https:\/\/bydletestylove.cz\/#\/schema\/logo\/image\/"},"sameAs":["https:\/\/www.instagram.com\/bydletestylove.cz\/"]},{"@type":"Person","@id":"https:\/\/bydletestylove.cz\/#\/schema\/person\/0757aa90a12be7df6c443034e54e08f0","name":"Miroslav Van\u011bk","image":{"@type":"ImageObject","inLanguage":"cs","@id":"https:\/\/bydletestylove.cz\/#\/schema\/person\/image\/","url":"https:\/\/secure.gravatar.com\/avatar\/cc93dbecbfc820d69a964ea4a1c72377?s=96&d=mm&r=g","contentUrl":"https:\/\/secure.gravatar.com\/avatar\/cc93dbecbfc820d69a964ea4a1c72377?s=96&d=mm&r=g","caption":"Miroslav Van\u011bk"},"sameAs":["http:\/\/BydleteStylove.cz"],"url":"https:\/\/bydletestylove.cz\/index.php\/author\/mirvan\/"}]}},"_links":{"self":[{"href":"https:\/\/bydletestylove.cz\/index.php\/wp-json\/wp\/v2\/posts\/383"}],"collection":[{"href":"https:\/\/bydletestylove.cz\/index.php\/wp-json\/wp\/v2\/posts"}],"about":[{"href":"https:\/\/bydletestylove.cz\/index.php\/wp-json\/wp\/v2\/types\/post"}],"author":[{"embeddable":true,"href":"https:\/\/bydletestylove.cz\/index.php\/wp-json\/wp\/v2\/users\/3"}],"replies":[{"embeddable":true,"href":"https:\/\/bydletestylove.cz\/index.php\/wp-json\/wp\/v2\/comments?post=383"}],"version-history":[{"count":2,"href":"https:\/\/bydletestylove.cz\/index.php\/wp-json\/wp\/v2\/posts\/383\/revisions"}],"predecessor-version":[{"id":386,"href":"https:\/\/bydletestylove.cz\/index.php\/wp-json\/wp\/v2\/posts\/383\/revisions\/386"}],"wp:featuredmedia":[{"embeddable":true,"href":"https:\/\/bydletestylove.cz\/index.php\/wp-json\/wp\/v2\/media\/384"}],"wp:attachment":[{"href":"https:\/\/bydletestylove.cz\/index.php\/wp-json\/wp\/v2\/media?parent=383"}],"wp:term":[{"taxonomy":"category","embeddable":true,"href":"https:\/\/bydletestylove.cz\/index.php\/wp-json\/wp\/v2\/categories?post=383"},{"taxonomy":"post_tag","embeddable":true,"href":"https:\/\/bydletestylove.cz\/index.php\/wp-json\/wp\/v2\/tags?post=383"}],"curies":[{"name":"wp","href":"https:\/\/api.w.org\/{rel}","templated":true}]}}