{"id":307,"date":"2023-11-17T00:01:48","date_gmt":"2023-11-16T23:01:48","guid":{"rendered":"https:\/\/bydletestylove.cz\/?p=307"},"modified":"2023-11-16T01:43:22","modified_gmt":"2023-11-16T00:43:22","slug":"projekt-savarin-v-srdci-prahy-ma-kladne-stanovisko-pamatkaru","status":"publish","type":"post","link":"https:\/\/bydletestylove.cz\/index.php\/design-architektura\/projekt-savarin-v-srdci-prahy-ma-kladne-stanovisko-pamatkaru\/","title":{"rendered":"<span>Projekt SAVARIN v srdci Prahy m\u00e1 kladn\u00e9 stanovisko pam\u00e1tk\u00e1\u0159\u016f<\/span>"},"content":{"rendered":"&nbsp;\r\n\r\n\r\n\r\n<strong>Nov\u011b p\u0159ipravovan\u00e1 \u010d\u00e1st projektu Savarin vznikaj\u00edc\u00ed po taktovkou ikony sou\u010dasn\u00e9 sv\u011btov\u00e9 architektury a designu Thomase Heatherwicka z\u00edskala v r\u00e1mci prob\u00edhaj\u00edc\u00edho \u00fazemn\u00edho \u0159\u00edzen\u00ed kladn\u00fd posudek pam\u00e1tk\u00e1\u0159\u016f. Magistr\u00e1tn\u00ed Odbor pam\u00e1tkov\u00e9 p\u00e9\u010de po konzultaci s N\u00e1rodn\u00ed pam\u00e1tkov\u00fdm \u00fastavem vydal z\u00e1vazn\u00e9 kladn\u00e9 stanovisko, podle kter\u00e9ho je navrhovan\u00e1 rekonstrukce z hlediska z\u00e1jm\u016f st\u00e1tn\u00ed pam\u00e1tkov\u00e9 p\u00e9\u010de p\u0159\u00edpustn\u00e1. <\/strong>\r\n\r\n \r\n<div class=\"wp-block-spacer\" aria-hidden=\"true\"><\/div>\r\n \r\n\r\n<strong>Projekt Savarin<\/strong> v sousedstv\u00ed pra\u017esk\u00e9ho V\u00e1clavsk\u00e9ho n\u00e1m\u011bst\u00ed a ulice Na P\u0159\u00edkop\u011b zp\u0159\u00edstupn\u00ed doposud uzav\u0159en\u00fd vnitroblok ve\u0159ejnosti, jeho sou\u010d\u00e1st\u00ed je i park a nov\u00fd vstup do metra. V sou\u010dasn\u00e9 dob\u011b naplno b\u011b\u017e\u00ed prvn\u00ed f\u00e1ze projektu, kterou je<strong> rekonstrukce a restaurov\u00e1n\u00ed historick\u00e9ho pal\u00e1ce Savarin<\/strong>. Ten se ve\u0159ejnosti otev\u0159e ji\u017e v p\u0159\u00ed\u0161t\u00edm roce.\r\n\r\n \r\n\r\nD\u00edky Savarinu vznikne v centru metropole \u00fapln\u011b nov\u00fd ve\u0159ejn\u00fd prostor. Projekt respektuje dlouhodob\u00fd v\u00fdvoj lokality, strukturu a kombinaci funkc\u00ed, kter\u00e9 na V\u00e1clavsk\u00e9 n\u00e1m\u011bst\u00ed odjak\u017eiva pat\u0159\u00ed.\r\n\r\n \r\n<div class=\"wp-block-spacer\" aria-hidden=\"true\"><\/div>\r\n<div aria-hidden=\"true\"><\/div>\r\n \r\n<figure class=\"wp-block-image size-large\"><img decoding=\"async\" class=\"wp-image-1456\" src=\"https:\/\/prazskeprikopy.cz\/wp-content\/uploads\/2023\/11\/savarin1-1024x393.jpg\" alt=\"Projekt SAVARIN v srdci Prahy m\u00e1 kladn\u00e9 stanovisko pam\u00e1tk\u00e1\u0159\u016f\" \/><\/figure>\r\n&nbsp;\r\n\r\n \r\n<div class=\"wp-block-spacer\" aria-hidden=\"true\"><\/div>\r\n \r\n\r\n\u201eC\u00edlem je zachov\u00e1n\u00ed a rekonstrukce v\u0161ech nyn\u00ed zanedban\u00fdch chr\u00e1n\u011bn\u00fdch historick\u00fdch budov v sam\u00e9m srdci metropole a jejich maxim\u00e1ln\u00ed zp\u0159\u00edstupn\u011bn\u00ed. Do vnitroblok\u016f vr\u00e1t\u00edme \u017eivot obnovou barokn\u00ed zahrady a vytvo\u0159en\u00edm n\u00e1m\u011bst\u00ed\u010dka, zachovan\u00e9 dvory propoj\u00edme \u00fapln\u011b nov\u00fdmi pas\u00e1\u017eemi,\u201c <strong>popisuje Simon Johnson, \u0159editel spole\u010dnosti Crestyl.<\/strong>\r\n\r\n \r\n\r\n\u201eJi\u017e v p\u0159\u00ed\u0161t\u00edm roce dokon\u010d\u00edme prvn\u00ed f\u00e1zi projektu, na kter\u00e9 jsme s pam\u00e1tk\u00e1\u0159i velmi \u00fazce spolupracovali. Jedn\u00e1 se o rekonstrukci samotn\u00e9ho barokn\u00edho pal\u00e1ce od Kili\u00e1na Ign\u00e1ce Dientzenhofera. V r\u00e1mci projektu ale otev\u0159eme ve\u0159ejnosti t\u0159eba i historickou j\u00edzd\u00e1rnu, o kter\u00e9 skoro nikdo nev\u00ed, proto\u017ee nen\u00ed z okoln\u00edch ulic v\u016fbec vid\u011bt,\u201c<strong> dod\u00e1v\u00e1.<\/strong>\r\n\r\n \r\n<div class=\"wp-block-spacer\" aria-hidden=\"true\"><\/div>\r\n<div aria-hidden=\"true\"><\/div>\r\n \r\n<figure class=\"wp-block-gallery has-nested-images columns-default is-cropped wp-block-gallery-1 is-layout-flex\">\r\n<figure class=\"wp-block-image size-large\"><img decoding=\"async\" data-id=\"1460\"  class=\"wp-image-1460\" src=\"https:\/\/prazskeprikopy.cz\/wp-content\/uploads\/2023\/11\/138416044_3767574856638499_1358299057403583227_n-1024x1024.jpg\" alt=\"Projekt SAVARIN v srdci Prahy m\u00e1 kladn\u00e9 stanovisko pam\u00e1tk\u00e1\u0159\u016f\" \/><\/figure>\r\n<\/figure>\r\n \r\n<div class=\"wp-block-spacer\" aria-hidden=\"true\"><\/div>\r\n<div aria-hidden=\"true\"><\/div>\r\n \r\n\r\nProjekt Savarin je um\u00edst\u011bn p\u0159\u00edmo v sousedstv\u00ed pra\u017esk\u00e9ho V\u00e1clavsk\u00e9ho n\u00e1m\u011bst\u00ed, kter\u00e9 s odkazem na tradici v\u00e1clavsk\u00fdch pas\u00e1\u017e\u00ed propoj\u00ed s ulicemi Na P\u0159\u00edkop\u011b, Jind\u0159i\u0161kou a Panskou. Skl\u00e1d\u00e1 se ze \u010dty\u0159 na sebe navazuj\u00edc\u00edch, a p\u0159itom vz\u00e1jemn\u011b propojen\u00fdch samostatn\u00fdch \u010d\u00e1st\u00ed, z nich\u017e ka\u017ed\u00e1 bude m\u00edt sv\u016fj vlastn\u00ed charakter a zp\u016fsob vyu\u017eit\u00ed. Ct\u00ed tak tradi\u010dn\u00ed pra\u017esk\u00e9 urbanistick\u00e9 uspo\u0159\u00e1d\u00e1n\u00ed, kde na sebe navazuj\u00ed r\u016fzn\u011b velk\u00e9 ulice, n\u00e1m\u011bst\u00ed, dvory nebo parky, kter\u00e9 pohromad\u011b tvo\u0159\u00ed harmonick\u00fd celek.\r\n\r\n \r\n\r\nSt\u0159edobodem cel\u00e9ho projektu je pr\u00e1v\u011b historick\u00e1 budova j\u00edzd\u00e1rny, kolem kter\u00e9 vznikne ve vnitrobloku nov\u00e9 klidn\u00e9 n\u00e1m\u011bst\u00ed se zahradou, kav\u00e1rnami a restauracemi, sou\u010d\u00e1st\u00ed Savarinu bude i v\u00edce\u00fa\u010delov\u00fd prostor ur\u010den\u00fd zejm\u00e9na pro kulturn\u00ed a spole\u010densk\u00e9 akce nebo nov\u00fd vstup do metra. V projektu se po\u010d\u00edt\u00e1 i s galeri\u00ed pro um\u00edst\u011bn\u00ed Slovansk\u00e9 epopeje.\r\n\r\n \r\n<div class=\"wp-block-spacer\" aria-hidden=\"true\"><\/div>\r\n<div aria-hidden=\"true\"><\/div>\r\n<div aria-hidden=\"true\"><\/div>\r\n \r\n<figure class=\"wp-block-gallery has-nested-images columns-default is-cropped wp-block-gallery-3 is-layout-flex\">\r\n<figure class=\"wp-block-image size-large\"><img decoding=\"async\" data-id=\"1459\"  class=\"wp-image-1459\" src=\"https:\/\/prazskeprikopy.cz\/wp-content\/uploads\/2023\/11\/138732790_3767575849971733_1541251797401783596_n-1024x1024.jpg\" alt=\"Projekt SAVARIN v srdci Prahy m\u00e1 kladn\u00e9 stanovisko pam\u00e1tk\u00e1\u0159\u016f\" \/><\/figure>\r\n \r\n<figure class=\"wp-block-image size-large\"><img decoding=\"async\" data-id=\"1457\"  class=\"wp-image-1457\" src=\"https:\/\/prazskeprikopy.cz\/wp-content\/uploads\/2023\/11\/138462547_3767574803305171_2897777883994794559_n-1024x1024.jpg\" alt=\"Projekt SAVARIN v srdci Prahy m\u00e1 kladn\u00e9 stanovisko pam\u00e1tk\u00e1\u0159\u016f\" \/><\/figure>\r\n<\/figure>\r\n \r\n<div class=\"wp-block-spacer\" aria-hidden=\"true\"><\/div>\r\n \r\n\r\nZa podobou Savarinu stoj\u00ed studio Thomase Heatherwicka, kter\u00e9 pat\u0159\u00ed k nej\u00fasp\u011b\u0161n\u011bj\u0161\u00edm sv\u011btov\u00fdm architektonick\u00fdm a design\u00e9rsk\u00fdm ateli\u00e9r\u016fm sou\u010dasnosti a je autorem unik\u00e1tn\u00edch projekt\u016f po cel\u00e9m sv\u011bt\u011b, nav\u00edc je \u010dasto oce\u0148ov\u00e1no pr\u00e1v\u011b za revitalizaci opu\u0161t\u011bn\u00fdch prostor. Nap\u0159\u00edklad p\u0159em\u011bna star\u00e9ho sila v Kapsk\u00e9m M\u011bst\u011b na muzeum sou\u010dasn\u00e9ho africk\u00e9ho um\u011bn\u00ed Zeitz MOCAA, pod kterou je studio Heatherwick podeps\u00e1no, z\u00edskala titul celosv\u011btov\u00e9 stavby roku, oce\u0148ovan\u00e9 jsou i projekty jako newyorsk\u00fd Vessel nebo lond\u00fdnsk\u00fd Coal Drops Yard i \u0159ada dal\u0161\u00edch.\r\n\r\n \r\n\r\nSou\u010d\u00e1st\u00ed kladn\u00e9ho stanoviska pam\u00e1tk\u00e1\u0159\u016f je \u2013 jak je v t\u011bchto p\u0159\u00edpadech obvykl\u00e9 \u2013 i stanoven\u00ed podm\u00ednek, kter\u00e9 je t\u0159eba p\u0159i dal\u0161\u00ed p\u0159\u00edprav\u011b projektu dodr\u017eet. \u201eT\u011bch je v tomto p\u0159\u00edpad\u011b pouze n\u011bkolik. Jedn\u00e1 se o v\u011bci jako zakryt\u00ed vzduchotechniky v krovu j\u00edzd\u00e1rny, integrov\u00e1n\u00ed technologick\u00fdch za\u0159\u00edzen\u00ed do objekt\u016f, nebo zpracov\u00e1n\u00ed detailn\u00edho \u0159e\u0161en\u00ed barevnosti nov\u011b budovan\u00fdch \u010d\u00e1st\u00ed projektu. V\u0161echny podn\u011bty pam\u00e1tk\u00e1\u0159\u016f d\u00e1vaj\u00ed smysl a ur\u010dit\u011b je pln\u011b zohledn\u00edme,\u201c uji\u0161\u0165uje Simon Johnson, \u0159editel spole\u010dnosti Crestyl.\r\n\r\n \r\n<div class=\"wp-block-spacer\" aria-hidden=\"true\"><\/div>\r\n \r\n<figure class=\"wp-block-image size-large\"><img decoding=\"async\" class=\"wp-image-1461\" src=\"https:\/\/prazskeprikopy.cz\/wp-content\/uploads\/2023\/11\/savarin5-1024x658.jpg\" alt=\"Projekt SAVARIN v srdci Prahy m\u00e1 kladn\u00e9 stanovisko pam\u00e1tk\u00e1\u0159\u016f\" \/><\/figure>\r\n \r\n<div class=\"wp-block-spacer\" aria-hidden=\"true\"><\/div>\r\n \r\n\r\nU nov\u011b p\u0159ipravovan\u00e9 \u010d\u00e1sti <strong>projektu Savarin<\/strong> nyn\u00ed standardn\u011b b\u011b\u017e\u00ed povolovac\u00ed procesy, projekt je ve f\u00e1zi \u00fazemn\u00edho \u0159\u00edzen\u00ed. Term\u00edn dokon\u010den\u00ed se pak o\u010dek\u00e1v\u00e1 maxim\u00e1ln\u011b do t\u0159\u00ed let od zah\u00e1jen\u00ed samotn\u00e9 stavby, p\u0159esn\u00e9 \u010dasov\u00e1n\u00ed z\u00e1vis\u00ed na vyd\u00e1n\u00ed v\u0161ech pot\u0159ebn\u00fdch povolen\u00ed. V mezidob\u00ed ji\u017e od konce roku 2021 prob\u00edh\u00e1 prvn\u00ed f\u00e1ze, kterou je<strong> rekonstrukce a restaurov\u00e1n\u00ed historick\u00e9ho pal\u00e1ce Savarin<\/strong>. Ten se ve\u0159ejnosti otev\u0159e ji\u017e v p\u0159\u00ed\u0161t\u00edm roce.\r\n\r\n \r\n<div class=\"wp-block-spacer\" aria-hidden=\"true\"><\/div>\r\n \r\n<figure class=\"wp-block-gallery has-nested-images columns-2 is-cropped wp-block-gallery-5 is-layout-flex\">\r\n<figure class=\"wp-block-image size-large\"><img decoding=\"async\" data-id=\"1458\"  class=\"wp-image-1458\" src=\"https:\/\/prazskeprikopy.cz\/wp-content\/uploads\/2023\/11\/138709191_3767575926638392_8435874628233802433_n-1024x1024.jpg\" alt=\"Projekt SAVARIN v srdci Prahy m\u00e1 kladn\u00e9 stanovisko pam\u00e1tk\u00e1\u0159\u016f\" \/><\/figure>\r\n \r\n<figure class=\"wp-block-image size-large\"><img decoding=\"async\" data-id=\"1455\"  class=\"wp-image-1455\" src=\"https:\/\/prazskeprikopy.cz\/wp-content\/uploads\/2023\/11\/MAV601e95_Crestyl_Savarin_b-1024x679.jpg\" alt=\"Projekt SAVARIN v srdci Prahy m\u00e1 kladn\u00e9 stanovisko pam\u00e1tk\u00e1\u0159\u016f\" \/><\/figure>\r\n \r\n<figure class=\"wp-block-image size-large\"><img decoding=\"async\" data-id=\"1457\"  class=\"wp-image-1457\" src=\"https:\/\/prazskeprikopy.cz\/wp-content\/uploads\/2023\/11\/138462547_3767574803305171_2897777883994794559_n-1024x1024.jpg\" alt=\"Projekt SAVARIN v srdci Prahy m\u00e1 kladn\u00e9 stanovisko pam\u00e1tk\u00e1\u0159\u016f\" \/><\/figure>\r\n \r\n<figure class=\"wp-block-image size-large\"><img decoding=\"async\" data-id=\"1459\"  class=\"wp-image-1459\" src=\"https:\/\/prazskeprikopy.cz\/wp-content\/uploads\/2023\/11\/138732790_3767575849971733_1541251797401783596_n-1024x1024.jpg\" alt=\"Projekt SAVARIN v srdci Prahy m\u00e1 kladn\u00e9 stanovisko pam\u00e1tk\u00e1\u0159\u016f\" \/><\/figure>\r\n \r\n<figure class=\"wp-block-image size-large\"><img decoding=\"async\" data-id=\"1460\"  class=\"wp-image-1460\" src=\"https:\/\/prazskeprikopy.cz\/wp-content\/uploads\/2023\/11\/138416044_3767574856638499_1358299057403583227_n-1024x1024.jpg\" alt=\"Projekt SAVARIN v srdci Prahy m\u00e1 kladn\u00e9 stanovisko pam\u00e1tk\u00e1\u0159\u016f\" \/><\/figure>\r\n \r\n<figure class=\"wp-block-image size-large\"><img decoding=\"async\" data-id=\"1456\"  class=\"wp-image-1456\" src=\"https:\/\/prazskeprikopy.cz\/wp-content\/uploads\/2023\/11\/savarin1-1024x393.jpg\" alt=\"Projekt SAVARIN v srdci Prahy m\u00e1 kladn\u00e9 stanovisko pam\u00e1tk\u00e1\u0159\u016f\" \/><\/figure>\r\n \r\n<figure class=\"wp-block-image size-large\"><img decoding=\"async\" data-id=\"1461\"  class=\"wp-image-1461\" src=\"https:\/\/prazskeprikopy.cz\/wp-content\/uploads\/2023\/11\/savarin5-1024x658.jpg\" alt=\"Projekt SAVARIN v srdci Prahy m\u00e1 kladn\u00e9 stanovisko pam\u00e1tk\u00e1\u0159\u016f\" \/><\/figure>\r\n \r\n<figure class=\"wp-block-image size-large\"><img decoding=\"async\" data-id=\"1454\"  class=\"wp-image-1454\" src=\"https:\/\/prazskeprikopy.cz\/wp-content\/uploads\/2023\/11\/praha-savarin-projekt-1024x576.jpg\" alt=\"Projekt SAVARIN v srdci Prahy m\u00e1 kladn\u00e9 stanovisko pam\u00e1tk\u00e1\u0159\u016f\" \/><\/figure>\r\n<\/figure>\r\n \r\n<div class=\"wp-block-spacer\" aria-hidden=\"true\"><\/div>\r\n \r\n\r\n<strong>Zdroj foto: <\/strong>CRESTYL\r\n\r\n \r\n<div class=\"wp-block-spacer\" aria-hidden=\"true\"><\/div>\r\n","protected":false},"excerpt":{"rendered":"<p>&nbsp; Nov\u011b p\u0159ipravovan\u00e1 \u010d\u00e1st projektu Savarin vznikaj\u00edc\u00ed po taktovkou ikony sou\u010dasn\u00e9 sv\u011btov\u00e9 architektury a designu Thomase Heatherwicka z\u00edskala v r\u00e1mci prob\u00edhaj\u00edc\u00edho \u00fazemn\u00edho \u0159\u00edzen\u00ed kladn\u00fd posudek pam\u00e1tk\u00e1\u0159\u016f. Magistr\u00e1tn\u00ed Odbor pam\u00e1tkov\u00e9 p\u00e9\u010de po konzultaci s N\u00e1rodn\u00ed pam\u00e1tkov\u00fdm \u00fastavem vydal z\u00e1vazn\u00e9 kladn\u00e9 stanovisko, podle kter\u00e9ho je navrhovan\u00e1 rekonstrukce z hlediska z\u00e1jm\u016f st\u00e1tn\u00ed pam\u00e1tkov\u00e9 p\u00e9\u010de p\u0159\u00edpustn\u00e1. Projekt Savarin v sousedstv\u00ed pra\u017esk\u00e9ho V\u00e1clavsk\u00e9ho n\u00e1m\u011bst\u00ed a ulice Na P\u0159\u00edkop\u011b zp\u0159\u00edstupn\u00ed doposud uzav\u0159en\u00fd vnitroblok ve\u0159ejnosti, jeho sou\u010d\u00e1st\u00ed je i park a nov\u00fd vstup do metra. V sou\u010dasn\u00e9 dob\u011b naplno b\u011b\u017e\u00ed prvn\u00ed f\u00e1ze projektu, kterou je rekonstrukce a&hellip;<\/p>\n","protected":false},"author":3,"featured_media":308,"comment_status":"closed","ping_status":"open","sticky":false,"template":"","format":"standard","meta":{"_mi_skip_tracking":false,"_monsterinsights_sitenote_active":false,"_monsterinsights_sitenote_note":"","_monsterinsights_sitenote_category":0},"categories":[12,1,8,5],"tags":[],"yoast_head":"<!-- This site is optimized with the Yoast SEO plugin v21.4 - https:\/\/yoast.com\/wordpress\/plugins\/seo\/ -->\n<title>Projekt SAVARIN v srdci Prahy m\u00e1 kladn\u00e9 stanovisko pam\u00e1tk\u00e1\u0159\u016f - BydleteStylov\u011b.cz<\/title>\n<meta name=\"description\" content=\"Nov\u011b p\u0159ipravovan\u00e1 \u010d\u00e1st projektu Savarin vznikaj\u00edc\u00ed po taktovkou ikony sou\u010dasn\u00e9 sv\u011btov\u00e9 architektury a designu Thomase Heatherwicka.\" \/>\n<meta name=\"robots\" content=\"index, follow, max-snippet:-1, max-image-preview:large, max-video-preview:-1\" \/>\n<link rel=\"canonical\" href=\"https:\/\/bydletestylove.cz\/index.php\/design-architektura\/projekt-savarin-v-srdci-prahy-ma-kladne-stanovisko-pamatkaru\/\" \/>\n<meta property=\"og:locale\" content=\"cs_CZ\" \/>\n<meta property=\"og:type\" content=\"article\" \/>\n<meta property=\"og:title\" content=\"Projekt SAVARIN v srdci Prahy m\u00e1 kladn\u00e9 stanovisko pam\u00e1tk\u00e1\u0159\u016f - BydleteStylov\u011b.cz\" \/>\n<meta property=\"og:description\" content=\"Nov\u011b p\u0159ipravovan\u00e1 \u010d\u00e1st projektu Savarin vznikaj\u00edc\u00ed po taktovkou ikony sou\u010dasn\u00e9 sv\u011btov\u00e9 architektury a designu Thomase Heatherwicka.\" \/>\n<meta property=\"og:url\" content=\"https:\/\/bydletestylove.cz\/index.php\/design-architektura\/projekt-savarin-v-srdci-prahy-ma-kladne-stanovisko-pamatkaru\/\" \/>\n<meta property=\"og:site_name\" content=\"BydleteStylov\u011b.cz\" \/>\n<meta property=\"article:published_time\" content=\"2023-11-16T23:01:48+00:00\" \/>\n<meta property=\"article:modified_time\" content=\"2023-11-16T00:43:22+00:00\" \/>\n<meta property=\"og:image\" content=\"https:\/\/bydletestylove.cz\/wp-content\/uploads\/2023\/11\/MAV601e95_Crestyl_Savarin_b.jpg\" \/>\n\t<meta property=\"og:image:width\" content=\"1450\" \/>\n\t<meta property=\"og:image:height\" content=\"961\" \/>\n\t<meta property=\"og:image:type\" content=\"image\/jpeg\" \/>\n<meta name=\"author\" content=\"Miroslav Van\u011bk\" \/>\n<meta name=\"twitter:card\" content=\"summary_large_image\" \/>\n<meta name=\"twitter:label1\" content=\"Napsal(a)\" \/>\n\t<meta name=\"twitter:data1\" content=\"Miroslav Van\u011bk\" \/>\n\t<meta name=\"twitter:label2\" content=\"Odhadovan\u00e1 doba \u010dten\u00ed\" \/>\n\t<meta name=\"twitter:data2\" content=\"6 minut\" \/>\n<script type=\"application\/ld+json\" class=\"yoast-schema-graph\">{\"@context\":\"https:\/\/schema.org\",\"@graph\":[{\"@type\":\"Article\",\"@id\":\"https:\/\/bydletestylove.cz\/index.php\/design-architektura\/projekt-savarin-v-srdci-prahy-ma-kladne-stanovisko-pamatkaru\/#article\",\"isPartOf\":{\"@id\":\"https:\/\/bydletestylove.cz\/index.php\/design-architektura\/projekt-savarin-v-srdci-prahy-ma-kladne-stanovisko-pamatkaru\/\"},\"author\":{\"name\":\"Miroslav Van\u011bk\",\"@id\":\"https:\/\/bydletestylove.cz\/#\/schema\/person\/0757aa90a12be7df6c443034e54e08f0\"},\"headline\":\"Projekt SAVARIN v srdci Prahy m\u00e1 kladn\u00e9 stanovisko pam\u00e1tk\u00e1\u0159\u016f\",\"datePublished\":\"2023-11-16T23:01:48+00:00\",\"dateModified\":\"2023-11-16T00:43:22+00:00\",\"mainEntityOfPage\":{\"@id\":\"https:\/\/bydletestylove.cz\/index.php\/design-architektura\/projekt-savarin-v-srdci-prahy-ma-kladne-stanovisko-pamatkaru\/\"},\"wordCount\":800,\"publisher\":{\"@id\":\"https:\/\/bydletestylove.cz\/#organization\"},\"articleSection\":[\"DESIGN &amp; ARCHITEKTURA\",\"NOVINKY\",\"REKONSTRUKCE &amp; STAVBA\",\"TIPY &amp; TRENDY\"],\"inLanguage\":\"cs\"},{\"@type\":\"WebPage\",\"@id\":\"https:\/\/bydletestylove.cz\/index.php\/design-architektura\/projekt-savarin-v-srdci-prahy-ma-kladne-stanovisko-pamatkaru\/\",\"url\":\"https:\/\/bydletestylove.cz\/index.php\/design-architektura\/projekt-savarin-v-srdci-prahy-ma-kladne-stanovisko-pamatkaru\/\",\"name\":\"Projekt SAVARIN v srdci Prahy m\u00e1 kladn\u00e9 stanovisko pam\u00e1tk\u00e1\u0159\u016f - BydleteStylov\u011b.cz\",\"isPartOf\":{\"@id\":\"https:\/\/bydletestylove.cz\/#website\"},\"datePublished\":\"2023-11-16T23:01:48+00:00\",\"dateModified\":\"2023-11-16T00:43:22+00:00\",\"description\":\"Nov\u011b p\u0159ipravovan\u00e1 \u010d\u00e1st projektu Savarin vznikaj\u00edc\u00ed po taktovkou ikony sou\u010dasn\u00e9 sv\u011btov\u00e9 architektury a designu Thomase Heatherwicka.\",\"breadcrumb\":{\"@id\":\"https:\/\/bydletestylove.cz\/index.php\/design-architektura\/projekt-savarin-v-srdci-prahy-ma-kladne-stanovisko-pamatkaru\/#breadcrumb\"},\"inLanguage\":\"cs\",\"potentialAction\":[{\"@type\":\"ReadAction\",\"target\":[\"https:\/\/bydletestylove.cz\/index.php\/design-architektura\/projekt-savarin-v-srdci-prahy-ma-kladne-stanovisko-pamatkaru\/\"]}]},{\"@type\":\"BreadcrumbList\",\"@id\":\"https:\/\/bydletestylove.cz\/index.php\/design-architektura\/projekt-savarin-v-srdci-prahy-ma-kladne-stanovisko-pamatkaru\/#breadcrumb\",\"itemListElement\":[{\"@type\":\"ListItem\",\"position\":1,\"name\":\"Dom\u016f\",\"item\":\"https:\/\/bydletestylove.cz\/\"},{\"@type\":\"ListItem\",\"position\":2,\"name\":\"Projekt SAVARIN v srdci Prahy m\u00e1 kladn\u00e9 stanovisko pam\u00e1tk\u00e1\u0159\u016f\"}]},{\"@type\":\"WebSite\",\"@id\":\"https:\/\/bydletestylove.cz\/#website\",\"url\":\"https:\/\/bydletestylove.cz\/\",\"name\":\"BydleteStylov\u011b.cz\",\"description\":\"Port\u00e1l o stylov\u00e9m bydlen\u00ed...\",\"publisher\":{\"@id\":\"https:\/\/bydletestylove.cz\/#organization\"},\"potentialAction\":[{\"@type\":\"SearchAction\",\"target\":{\"@type\":\"EntryPoint\",\"urlTemplate\":\"https:\/\/bydletestylove.cz\/?s={search_term_string}\"},\"query-input\":\"required name=search_term_string\"}],\"inLanguage\":\"cs\"},{\"@type\":\"Organization\",\"@id\":\"https:\/\/bydletestylove.cz\/#organization\",\"name\":\"BydleteStylov\u011b.cz\",\"url\":\"https:\/\/bydletestylove.cz\/\",\"logo\":{\"@type\":\"ImageObject\",\"inLanguage\":\"cs\",\"@id\":\"https:\/\/bydletestylove.cz\/#\/schema\/logo\/image\/\",\"url\":\"https:\/\/bydletestylove.cz\/wp-content\/uploads\/2024\/12\/cropped-Logo-Bydlete-Stylove.jpg\",\"contentUrl\":\"https:\/\/bydletestylove.cz\/wp-content\/uploads\/2024\/12\/cropped-Logo-Bydlete-Stylove.jpg\",\"width\":290,\"height\":143,\"caption\":\"BydleteStylov\u011b.cz\"},\"image\":{\"@id\":\"https:\/\/bydletestylove.cz\/#\/schema\/logo\/image\/\"},\"sameAs\":[\"https:\/\/www.instagram.com\/bydletestylove.cz\/\"]},{\"@type\":\"Person\",\"@id\":\"https:\/\/bydletestylove.cz\/#\/schema\/person\/0757aa90a12be7df6c443034e54e08f0\",\"name\":\"Miroslav Van\u011bk\",\"image\":{\"@type\":\"ImageObject\",\"inLanguage\":\"cs\",\"@id\":\"https:\/\/bydletestylove.cz\/#\/schema\/person\/image\/\",\"url\":\"https:\/\/secure.gravatar.com\/avatar\/cc93dbecbfc820d69a964ea4a1c72377?s=96&d=mm&r=g\",\"contentUrl\":\"https:\/\/secure.gravatar.com\/avatar\/cc93dbecbfc820d69a964ea4a1c72377?s=96&d=mm&r=g\",\"caption\":\"Miroslav Van\u011bk\"},\"sameAs\":[\"http:\/\/BydleteStylove.cz\"],\"url\":\"https:\/\/bydletestylove.cz\/index.php\/author\/mirvan\/\"}]}<\/script>\n<!-- \/ Yoast SEO plugin. -->","yoast_head_json":{"title":"Projekt SAVARIN v srdci Prahy m\u00e1 kladn\u00e9 stanovisko pam\u00e1tk\u00e1\u0159\u016f - BydleteStylov\u011b.cz","description":"Nov\u011b p\u0159ipravovan\u00e1 \u010d\u00e1st projektu Savarin vznikaj\u00edc\u00ed po taktovkou ikony sou\u010dasn\u00e9 sv\u011btov\u00e9 architektury a designu Thomase Heatherwicka.","robots":{"index":"index","follow":"follow","max-snippet":"max-snippet:-1","max-image-preview":"max-image-preview:large","max-video-preview":"max-video-preview:-1"},"canonical":"https:\/\/bydletestylove.cz\/index.php\/design-architektura\/projekt-savarin-v-srdci-prahy-ma-kladne-stanovisko-pamatkaru\/","og_locale":"cs_CZ","og_type":"article","og_title":"Projekt SAVARIN v srdci Prahy m\u00e1 kladn\u00e9 stanovisko pam\u00e1tk\u00e1\u0159\u016f - BydleteStylov\u011b.cz","og_description":"Nov\u011b p\u0159ipravovan\u00e1 \u010d\u00e1st projektu Savarin vznikaj\u00edc\u00ed po taktovkou ikony sou\u010dasn\u00e9 sv\u011btov\u00e9 architektury a designu Thomase Heatherwicka.","og_url":"https:\/\/bydletestylove.cz\/index.php\/design-architektura\/projekt-savarin-v-srdci-prahy-ma-kladne-stanovisko-pamatkaru\/","og_site_name":"BydleteStylov\u011b.cz","article_published_time":"2023-11-16T23:01:48+00:00","article_modified_time":"2023-11-16T00:43:22+00:00","og_image":[{"width":1450,"height":961,"url":"https:\/\/bydletestylove.cz\/wp-content\/uploads\/2023\/11\/MAV601e95_Crestyl_Savarin_b.jpg","type":"image\/jpeg"}],"author":"Miroslav Van\u011bk","twitter_card":"summary_large_image","twitter_misc":{"Napsal(a)":"Miroslav Van\u011bk","Odhadovan\u00e1 doba \u010dten\u00ed":"6 minut"},"schema":{"@context":"https:\/\/schema.org","@graph":[{"@type":"Article","@id":"https:\/\/bydletestylove.cz\/index.php\/design-architektura\/projekt-savarin-v-srdci-prahy-ma-kladne-stanovisko-pamatkaru\/#article","isPartOf":{"@id":"https:\/\/bydletestylove.cz\/index.php\/design-architektura\/projekt-savarin-v-srdci-prahy-ma-kladne-stanovisko-pamatkaru\/"},"author":{"name":"Miroslav Van\u011bk","@id":"https:\/\/bydletestylove.cz\/#\/schema\/person\/0757aa90a12be7df6c443034e54e08f0"},"headline":"Projekt SAVARIN v srdci Prahy m\u00e1 kladn\u00e9 stanovisko pam\u00e1tk\u00e1\u0159\u016f","datePublished":"2023-11-16T23:01:48+00:00","dateModified":"2023-11-16T00:43:22+00:00","mainEntityOfPage":{"@id":"https:\/\/bydletestylove.cz\/index.php\/design-architektura\/projekt-savarin-v-srdci-prahy-ma-kladne-stanovisko-pamatkaru\/"},"wordCount":800,"publisher":{"@id":"https:\/\/bydletestylove.cz\/#organization"},"articleSection":["DESIGN &amp; ARCHITEKTURA","NOVINKY","REKONSTRUKCE &amp; STAVBA","TIPY &amp; TRENDY"],"inLanguage":"cs"},{"@type":"WebPage","@id":"https:\/\/bydletestylove.cz\/index.php\/design-architektura\/projekt-savarin-v-srdci-prahy-ma-kladne-stanovisko-pamatkaru\/","url":"https:\/\/bydletestylove.cz\/index.php\/design-architektura\/projekt-savarin-v-srdci-prahy-ma-kladne-stanovisko-pamatkaru\/","name":"Projekt SAVARIN v srdci Prahy m\u00e1 kladn\u00e9 stanovisko pam\u00e1tk\u00e1\u0159\u016f - BydleteStylov\u011b.cz","isPartOf":{"@id":"https:\/\/bydletestylove.cz\/#website"},"datePublished":"2023-11-16T23:01:48+00:00","dateModified":"2023-11-16T00:43:22+00:00","description":"Nov\u011b p\u0159ipravovan\u00e1 \u010d\u00e1st projektu Savarin vznikaj\u00edc\u00ed po taktovkou ikony sou\u010dasn\u00e9 sv\u011btov\u00e9 architektury a designu Thomase Heatherwicka.","breadcrumb":{"@id":"https:\/\/bydletestylove.cz\/index.php\/design-architektura\/projekt-savarin-v-srdci-prahy-ma-kladne-stanovisko-pamatkaru\/#breadcrumb"},"inLanguage":"cs","potentialAction":[{"@type":"ReadAction","target":["https:\/\/bydletestylove.cz\/index.php\/design-architektura\/projekt-savarin-v-srdci-prahy-ma-kladne-stanovisko-pamatkaru\/"]}]},{"@type":"BreadcrumbList","@id":"https:\/\/bydletestylove.cz\/index.php\/design-architektura\/projekt-savarin-v-srdci-prahy-ma-kladne-stanovisko-pamatkaru\/#breadcrumb","itemListElement":[{"@type":"ListItem","position":1,"name":"Dom\u016f","item":"https:\/\/bydletestylove.cz\/"},{"@type":"ListItem","position":2,"name":"Projekt SAVARIN v srdci Prahy m\u00e1 kladn\u00e9 stanovisko pam\u00e1tk\u00e1\u0159\u016f"}]},{"@type":"WebSite","@id":"https:\/\/bydletestylove.cz\/#website","url":"https:\/\/bydletestylove.cz\/","name":"BydleteStylov\u011b.cz","description":"Port\u00e1l o stylov\u00e9m bydlen\u00ed...","publisher":{"@id":"https:\/\/bydletestylove.cz\/#organization"},"potentialAction":[{"@type":"SearchAction","target":{"@type":"EntryPoint","urlTemplate":"https:\/\/bydletestylove.cz\/?s={search_term_string}"},"query-input":"required name=search_term_string"}],"inLanguage":"cs"},{"@type":"Organization","@id":"https:\/\/bydletestylove.cz\/#organization","name":"BydleteStylov\u011b.cz","url":"https:\/\/bydletestylove.cz\/","logo":{"@type":"ImageObject","inLanguage":"cs","@id":"https:\/\/bydletestylove.cz\/#\/schema\/logo\/image\/","url":"https:\/\/bydletestylove.cz\/wp-content\/uploads\/2024\/12\/cropped-Logo-Bydlete-Stylove.jpg","contentUrl":"https:\/\/bydletestylove.cz\/wp-content\/uploads\/2024\/12\/cropped-Logo-Bydlete-Stylove.jpg","width":290,"height":143,"caption":"BydleteStylov\u011b.cz"},"image":{"@id":"https:\/\/bydletestylove.cz\/#\/schema\/logo\/image\/"},"sameAs":["https:\/\/www.instagram.com\/bydletestylove.cz\/"]},{"@type":"Person","@id":"https:\/\/bydletestylove.cz\/#\/schema\/person\/0757aa90a12be7df6c443034e54e08f0","name":"Miroslav Van\u011bk","image":{"@type":"ImageObject","inLanguage":"cs","@id":"https:\/\/bydletestylove.cz\/#\/schema\/person\/image\/","url":"https:\/\/secure.gravatar.com\/avatar\/cc93dbecbfc820d69a964ea4a1c72377?s=96&d=mm&r=g","contentUrl":"https:\/\/secure.gravatar.com\/avatar\/cc93dbecbfc820d69a964ea4a1c72377?s=96&d=mm&r=g","caption":"Miroslav Van\u011bk"},"sameAs":["http:\/\/BydleteStylove.cz"],"url":"https:\/\/bydletestylove.cz\/index.php\/author\/mirvan\/"}]}},"_links":{"self":[{"href":"https:\/\/bydletestylove.cz\/index.php\/wp-json\/wp\/v2\/posts\/307"}],"collection":[{"href":"https:\/\/bydletestylove.cz\/index.php\/wp-json\/wp\/v2\/posts"}],"about":[{"href":"https:\/\/bydletestylove.cz\/index.php\/wp-json\/wp\/v2\/types\/post"}],"author":[{"embeddable":true,"href":"https:\/\/bydletestylove.cz\/index.php\/wp-json\/wp\/v2\/users\/3"}],"replies":[{"embeddable":true,"href":"https:\/\/bydletestylove.cz\/index.php\/wp-json\/wp\/v2\/comments?post=307"}],"version-history":[{"count":1,"href":"https:\/\/bydletestylove.cz\/index.php\/wp-json\/wp\/v2\/posts\/307\/revisions"}],"predecessor-version":[{"id":309,"href":"https:\/\/bydletestylove.cz\/index.php\/wp-json\/wp\/v2\/posts\/307\/revisions\/309"}],"wp:featuredmedia":[{"embeddable":true,"href":"https:\/\/bydletestylove.cz\/index.php\/wp-json\/wp\/v2\/media\/308"}],"wp:attachment":[{"href":"https:\/\/bydletestylove.cz\/index.php\/wp-json\/wp\/v2\/media?parent=307"}],"wp:term":[{"taxonomy":"category","embeddable":true,"href":"https:\/\/bydletestylove.cz\/index.php\/wp-json\/wp\/v2\/categories?post=307"},{"taxonomy":"post_tag","embeddable":true,"href":"https:\/\/bydletestylove.cz\/index.php\/wp-json\/wp\/v2\/tags?post=307"}],"curies":[{"name":"wp","href":"https:\/\/api.w.org\/{rel}","templated":true}]}}