{"id":298,"date":"2023-11-16T00:01:36","date_gmt":"2023-11-15T23:01:36","guid":{"rendered":"https:\/\/bydletestylove.cz\/?p=298"},"modified":"2023-11-16T00:53:42","modified_gmt":"2023-11-15T23:53:42","slug":"jemny-ton-v-tonu-nebo-vyrazny-kontrast-promente-svou-koupelnu-s-cernymi-a-bilymi-doplnky","status":"publish","type":"post","link":"https:\/\/bydletestylove.cz\/index.php\/design-architektura\/jemny-ton-v-tonu-nebo-vyrazny-kontrast-promente-svou-koupelnu-s-cernymi-a-bilymi-doplnky\/","title":{"rendered":"<span>Jemn\u00fd t\u00f3n v\u00a0t\u00f3nu nebo v\u00fdrazn\u00fd kontrast? Prom\u011b\u0148te svou koupelnu s\u00a0\u010dern\u00fdmi\u00a0a b\u00edl\u00fdmi dopl\u0148ky<\/span>"},"content":{"rendered":"<p>&nbsp;<\/p>\r\n\r\n<p><strong>Chcete si vylep\u0161it koupelnu a hled\u00e1te inspiraci? A\u0165 u\u017e pl\u00e1nujete rozs\u00e1hlej\u0161\u00ed rekonstrukci nebo jen drobn\u00e9 \u00fapravy, nem\u011bli byste podcenit v\u00fdb\u011br dopl\u0148k\u016f. Ty toti\u017e dotv\u00e1\u0159\u00ed celkov\u00fd vzhled m\u00edstnosti a\u00a0mohou do n\u00ed prom\u00edtnout i va\u0161i osobnost. S\u00e1hn\u011bte nap\u0159\u00edklad po n\u00e1padit\u00fdch zrcadlech, neobvykl\u00fdch sv\u00ed\u010dk\u00e1ch, difuz\u00e9rech \u010di dekorativn\u00edch p\u0159edm\u011btech. Nezapome\u0148te ale ani na praktick\u00e9 dopl\u0148ky jako jsou <\/strong><strong>d<\/strong><strong>r\u017e\u00e1ky na ru\u010dn\u00edky, h\u00e1\u010dky na oble\u010den\u00ed nebo d\u00e1vkova\u010de na m\u00fddla. Vybrat si m\u016f\u017eete ty od zna\u010dky tesa\u00ae z\u00a0produktov\u00e9\u00a0\u0159ady Moon v\u00a0\u010dern\u00e9 a b\u00edl\u00e9 variant\u011b, kter\u00e9 sv\u00fdm jednoduch\u00fdm designem skv\u011ble dopln\u00ed ka\u017edou koupelnu. Z\u00e1le\u017e\u00ed jen na v\u00e1s, jestli zvol\u00edte dopl\u0148ky v\u00a0jedn\u00e9 barevn\u00e9 variant\u011b nebo naopak zaexperimentujete s jejich kombinac\u00ed, \u010d\u00edm\u017e doc\u00edl\u00edte neobvykl\u00e9ho kontrastu.<\/strong><\/p>\r\n\r\n\r\n\r\n<p>Koupelna by m\u011bla slou\u017eit nejen k osobn\u00ed p\u00e9\u010di, ale rovn\u011b\u017e k\u00a0odpo\u010dinku a relaxaci. Abyste tohoto k\u00fd\u017een\u00e9ho efektu dos\u00e1hli, m\u011bli byste cel\u00fd interi\u00e9r ladit do jemn\u00fdch \u010di neutr\u00e1ln\u00edch barev, kter\u00e9 nebudou p\u0159\u00edli\u0161 ru\u0161iv\u00e9. I z\u00a0toho d\u016fvodu je \u201abezpe\u010dnou\u2018 cestou zvolit \u010dernou a b\u00edlou klasiku, kter\u00e1 je nad\u010dasov\u00e1 a\u00a0jen tak v\u00e1s neomrz\u00ed.<\/p>\r\n\r\n\r\n\r\n<div class=\"wp-block-spacer\" aria-hidden=\"true\">\u00a0<\/div>\r\n\r\n\r\n\r\n<figure class=\"wp-block-image size-large\"><img decoding=\"async\" class=\"wp-image-5760\" src=\"https:\/\/homemagazine.cz\/wp-content\/uploads\/2023\/11\/tesa-Moon-Black-Bathrobe-Hook-40564_model_16x9_mood-Print-840x472.jpg\" alt=\"Jemn\u00fd t\u00f3n v\u00a0t\u00f3nu nebo v\u00fdrazn\u00fd kontrast? Prom\u011b\u0148te svou koupelnu s\u00a0\u010dern\u00fdmi\u00a0a b\u00edl\u00fdmi dopl\u0148ky\" \/><\/figure>\r\n\r\n\r\n\r\n<div class=\"wp-block-spacer\" aria-hidden=\"true\">\u00a0<\/div>\r\n\r\n\r\n\r\n<h2 class=\"wp-block-heading\"><strong>Jemn\u00fd \u201at\u00f3n v\u00a0t\u00f3nu\u2018 nebo hrav\u00fd kontrast?<\/strong><\/h2>\r\n\r\n\r\n\r\n<div class=\"wp-block-spacer\" aria-hidden=\"true\">\u00a0<\/div>\r\n\r\n\r\n\r\n<h2 class=\"wp-block-heading\"><strong>Infobox:<\/strong><\/h2>\r\n\r\n\r\n\r\n<div class=\"wp-block-spacer\" aria-hidden=\"true\">\u00a0<\/div>\r\n\r\n\r\n\r\n<p>\u010cern\u00e1 barva je spojovan\u00e1 se\u00a0sofistikovanost\u00ed, tajemnem a eleganc\u00ed. B\u00edl\u00e1 barva je naopak symbolem \u010distoty a\u00a0jednoduchosti. \u010cern\u00e1 a b\u00edl\u00e1 v interi\u00e9ru nemus\u00ed b\u00fdt nuda. Nav\u00edc m\u016f\u017eete barvy kombinovat tak, jak je va\u0161emu srdci nejbli\u017e\u0161\u00ed. Pokud m\u00e1te r\u00e1di hravost a v\u00fdrazn\u011bj\u0161\u00ed design, s\u00e1hn\u011bte po kombinaci b\u00edl\u00fdch a \u010dern\u00fdch dopl\u0148k\u016f. Doc\u00edl\u00edte tak estetick\u00e9ho kontrastu, kter\u00fd dod\u00e1 prostoru energii a originalitu. V\u00a0p\u0159\u00edpad\u011b, \u017ee jste zast\u00e1nci elegantn\u00edho a minimalistick\u00e9ho bydlen\u00ed bude pro v\u00e1s tou pravou volbou ladit koupelnu ve stylu \u201at\u00f3n v\u00a0t\u00f3nu\u2018. Toho snadno doc\u00edl\u00edte tak, \u017ee do interi\u00e9ru zvol\u00edte jen jednu barvu a jej\u00ed sv\u011btl\u00e9 \u010di tmav\u00e9 odst\u00edny. Tento styl p\u016fsob\u00ed vkusn\u011b a dod\u00e1 va\u0161\u00ed koupeln\u011b \u010dist\u00fd dojem.<\/p>\r\n\r\n\r\n\r\n<div class=\"wp-block-spacer\" aria-hidden=\"true\">\u00a0<\/div>\r\n\r\n\r\n\r\n<div class=\"wp-block-spacer\" aria-hidden=\"true\">\u00a0<\/div>\r\n\r\n\r\n\r\n<h2 class=\"wp-block-heading\"><strong>PR tipy \u2013 tesa\u00ae Moon Black a tesa\u00ae Moon White<\/strong><\/h2>\r\n\r\n\r\n\r\n<div class=\"wp-block-spacer\" aria-hidden=\"true\">\u00a0<\/div>\r\n\r\n\r\n\r\n<p>Po\u0159i\u010fte si i vy do koupelny dopl\u0148ky v\u00a0\u010dern\u00e9 a b\u00edl\u00e9 barv\u011b. Ty od zna\u010dky tesa\u00ae v\u00a0produktov\u00fdch \u0159ad\u00e1ch Moon Black a Moon White nav\u00edc snadno p\u0159ipevn\u00edte bez vrt\u00e1n\u00ed. Koupelnu si tak jednodu\u0161e vylep\u0161\u00edte i\u00a0v\u00a0p\u0159\u00edpad\u011b, kdy bydl\u00edte v\u00a0n\u00e1jemn\u00edm bydlen\u00ed a nem\u016f\u017eete vrtat do dla\u017edic nebo jen m\u00e1te r\u00e1di zm\u011bny a\u00a0pl\u00e1nujete sv\u016fj interi\u00e9r \u010dasto obm\u011b\u0148ovat.<\/p>\r\n\r\n\r\n\r\n<div class=\"wp-block-spacer\" aria-hidden=\"true\">\u00a0<\/div>\r\n\r\n\r\n\r\n<figure class=\"wp-block-gallery has-nested-images columns-default is-cropped wp-block-gallery-1 is-layout-flex\">\r\n<figure class=\"wp-block-image size-large\"><img decoding=\"async\" data-id=\"5777\"  class=\"wp-image-5777\" src=\"https:\/\/homemagazine.cz\/wp-content\/uploads\/2023\/11\/tesa-Moon-White-WC-stetka-s-drzakem-340x840.jpg\" alt=\"Jemn\u00fd t\u00f3n v\u00a0t\u00f3nu nebo v\u00fdrazn\u00fd kontrast? Prom\u011b\u0148te svou koupelnu s\u00a0\u010dern\u00fdmi\u00a0a b\u00edl\u00fdmi dopl\u0148ky\" \/><\/figure>\r\n\r\n\r\n\r\n<figure class=\"wp-block-image size-large\"><img decoding=\"async\" data-id=\"5770\"  class=\"wp-image-5770\" src=\"https:\/\/homemagazine.cz\/wp-content\/uploads\/2023\/11\/tesa-Moon-Black-WC-stetka-s-drzakem-340x840.jpg\" alt=\"Jemn\u00fd t\u00f3n v\u00a0t\u00f3nu nebo v\u00fdrazn\u00fd kontrast? Prom\u011b\u0148te svou koupelnu s\u00a0\u010dern\u00fdmi\u00a0a b\u00edl\u00fdmi dopl\u0148ky\" \/><\/figure>\r\n<\/figure>\r\n\r\n\r\n\r\n<div class=\"wp-block-spacer\" aria-hidden=\"true\">\u00a0<\/div>\r\n\r\n\r\n\r\n<h2 class=\"wp-block-heading\"><strong>tesa\u00ae <\/strong><strong>Moon Black WC \u0161t\u011btka s\u00a0dr\u017e\u00e1kem<\/strong><\/h2>\r\n\r\n\r\n\r\n<div class=\"wp-block-spacer\" aria-hidden=\"true\">\u00a0<\/div>\r\n\r\n\r\n\r\n<p>\u017d\u00e1dn\u00e9 toaleta se neobejde bez z\u00e1chodov\u00e9 \u0161t\u011btky. Vybrat si m\u016f\u017eete nap\u0159\u00edklad tu s\u00a0dr\u017e\u00e1kem od zna\u010dky tesa\u00ae z\u00a0produktov\u00e9 \u0159ady Moon Black. Ta d\u00edky sv\u00e9mu matn\u00e9mu \u010dern\u00e9mu proveden\u00ed a elegantn\u00ed n\u00e1dob\u011b ze sat\u00e9nov\u00e9ho skla, perfektn\u011b dopln\u00ed ka\u017ed\u00fd koupelnov\u00fd interi\u00e9r. Nav\u00edc ji d\u00edky lepic\u00ed technologii nainstalujete bez vrt\u00e1n\u00ed.<\/p>\r\n\r\n\r\n\r\n<p><strong>Po\u0159\u00edd\u00edte od 1 296 korun. V\u00edce na <a href=\"http:\/\/www.tesa-tape.cz\/\">www.tesa-tape.cz<\/a><\/strong><\/p>\r\n\r\n\r\n\r\n<div class=\"wp-block-spacer\" aria-hidden=\"true\">\u00a0<\/div>\r\n\r\n\r\n\r\n<figure class=\"wp-block-gallery has-nested-images columns-default is-cropped wp-block-gallery-3 is-layout-flex\">\r\n<figure class=\"wp-block-image size-large\"><img decoding=\"async\" data-id=\"5774\"  class=\"wp-image-5774\" src=\"https:\/\/homemagazine.cz\/wp-content\/uploads\/2023\/11\/tesa-Moon-White-hacek-na-odevy-840x827.jpg\" alt=\"Jemn\u00fd t\u00f3n v\u00a0t\u00f3nu nebo v\u00fdrazn\u00fd kontrast? Prom\u011b\u0148te svou koupelnu s\u00a0\u010dern\u00fdmi\u00a0a b\u00edl\u00fdmi dopl\u0148ky\" \/><\/figure>\r\n\r\n\r\n\r\n<figure class=\"wp-block-image size-large\"><img decoding=\"async\" data-id=\"5766\"  class=\"wp-image-5766\" src=\"https:\/\/homemagazine.cz\/wp-content\/uploads\/2023\/11\/tesa-Moon-Black-hacek-na-odevy-840x827.jpg\" alt=\"Jemn\u00fd t\u00f3n v\u00a0t\u00f3nu nebo v\u00fdrazn\u00fd kontrast? Prom\u011b\u0148te svou koupelnu s\u00a0\u010dern\u00fdmi\u00a0a b\u00edl\u00fdmi dopl\u0148ky\" \/><\/figure>\r\n<\/figure>\r\n\r\n\r\n\r\n<div class=\"wp-block-spacer\" aria-hidden=\"true\">\u00a0<\/div>\r\n\r\n\r\n\r\n<h2 class=\"wp-block-heading\"><strong>tesa\u00ae Moon White h\u00e1\u010dek na od\u011bvy<\/strong><\/h2>\r\n\r\n\r\n\r\n<div class=\"wp-block-spacer\" aria-hidden=\"true\">\u00a0<\/div>\r\n\r\n\r\n\r\n<p>H\u00e1\u010dek na oble\u010den\u00ed tesa\u00ae z\u00a0\u0159ady Moon White v\u00a0matn\u00e9m b\u00edl\u00e9m proveden\u00ed si obl\u00edb\u00edte pro jeho nad\u010dasov\u00fd design. H\u00e1\u010dek je ide\u00e1ln\u00ed pro zav\u011b\u0161en\u00ed \u017eupan\u016f, ale i t\u011b\u017e\u0161\u00edch osu\u0161ek. Snadno ho p\u0159ipevn\u00edte bez vrt\u00e1n\u00ed do dla\u017edic.<\/p>\r\n\r\n\r\n\r\n<p><strong>Po\u0159\u00edd\u00edte od 660 korun. V\u00edce na <a href=\"http:\/\/www.tesa-tape.cz\/\">www.tesa-tape.cz<\/a><\/strong><\/p>\r\n\r\n\r\n\r\n<div class=\"wp-block-spacer\" aria-hidden=\"true\">\u00a0<\/div>\r\n\r\n\r\n\r\n<figure class=\"wp-block-gallery has-nested-images columns-default is-cropped wp-block-gallery-5 is-layout-flex\">\r\n<figure class=\"wp-block-image size-large\"><img decoding=\"async\" data-id=\"5768\"  class=\"wp-image-5768\" src=\"https:\/\/homemagazine.cz\/wp-content\/uploads\/2023\/11\/tesa-Moon-Black-hacek-na-rucnik-840x827.jpg\" alt=\"Jemn\u00fd t\u00f3n v\u00a0t\u00f3nu nebo v\u00fdrazn\u00fd kontrast? Prom\u011b\u0148te svou koupelnu s\u00a0\u010dern\u00fdmi\u00a0a b\u00edl\u00fdmi dopl\u0148ky\" \/><\/figure>\r\n\r\n\r\n\r\n<figure class=\"wp-block-image size-large\"><img decoding=\"async\" data-id=\"5775\"  class=\"wp-image-5775\" src=\"https:\/\/homemagazine.cz\/wp-content\/uploads\/2023\/11\/tesa-Moon-White-hacek-na-rucnik-840x827.jpg\" alt=\"Jemn\u00fd t\u00f3n v\u00a0t\u00f3nu nebo v\u00fdrazn\u00fd kontrast? Prom\u011b\u0148te svou koupelnu s\u00a0\u010dern\u00fdmi\u00a0a b\u00edl\u00fdmi dopl\u0148ky\" \/><\/figure>\r\n<\/figure>\r\n\r\n\r\n\r\n<div class=\"wp-block-spacer\" aria-hidden=\"true\">\u00a0<\/div>\r\n\r\n\r\n\r\n<h2 class=\"wp-block-heading\"><strong>tesa\u00ae Moon Black h\u00e1\u010dek na ru\u010dn\u00edk<\/strong><\/h2>\r\n\r\n\r\n\r\n<div class=\"wp-block-spacer\" aria-hidden=\"true\">\u00a0<\/div>\r\n\r\n\r\n\r\n<p>Minimalistick\u00fd h\u00e1\u010dek na ru\u010dn\u00edk tesa\u00ae z\u00a0\u0159ady Moon Black v\u00a0\u010dern\u00e9 matn\u00e9 variant\u011b skv\u011ble dopln\u00ed ka\u017edou koupelnu. Je elegantn\u00ed a nad\u010dasov\u00fd a jako p\u0159\u00edjemn\u00fd bonus nevy\u017eaduje ani slo\u017eitou instalaci. Sta\u010d\u00ed ho pouze p\u0159ipevnit lepic\u00ed technologi\u00ed, p\u0159i kter\u00e9 nen\u00ed zapot\u0159eb\u00ed \u017e\u00e1dn\u00e9 n\u00e1\u0159ad\u00ed ani vrt\u00e1n\u00ed do dla\u017edic.<\/p>\r\n\r\n\r\n\r\n<p><strong>Po\u0159\u00edd\u00edte od 384 korun. V\u00edce na <a href=\"http:\/\/www.tesa-tape.cz\/\">www.tesa-tape.cz<\/a><\/strong><\/p>\r\n\r\n\r\n\r\n<div class=\"wp-block-spacer\" aria-hidden=\"true\">\u00a0<\/div>\r\n\r\n\r\n\r\n<figure class=\"wp-block-gallery has-nested-images columns-default is-cropped wp-block-gallery-7 is-layout-flex\">\r\n<figure class=\"wp-block-image size-large\"><img decoding=\"async\" data-id=\"5772\"  class=\"wp-image-5772\" src=\"https:\/\/homemagazine.cz\/wp-content\/uploads\/2023\/11\/tesa-Moon-White-drzak-kelimku-na-zubni-kartacky-840x827.jpg\" alt=\"Jemn\u00fd t\u00f3n v\u00a0t\u00f3nu nebo v\u00fdrazn\u00fd kontrast? Prom\u011b\u0148te svou koupelnu s\u00a0\u010dern\u00fdmi\u00a0a b\u00edl\u00fdmi dopl\u0148ky\" \/><\/figure>\r\n\r\n\r\n\r\n<figure class=\"wp-block-image size-large\"><img decoding=\"async\" data-id=\"5764\"  class=\"wp-image-5764\" src=\"https:\/\/homemagazine.cz\/wp-content\/uploads\/2023\/11\/tesa-Moon-Black-drzak-kelimku-na-zubni-kartacky-840x827.jpg\" alt=\"Jemn\u00fd t\u00f3n v\u00a0t\u00f3nu nebo v\u00fdrazn\u00fd kontrast? Prom\u011b\u0148te svou koupelnu s\u00a0\u010dern\u00fdmi\u00a0a b\u00edl\u00fdmi dopl\u0148ky\" \/><\/figure>\r\n<\/figure>\r\n\r\n\r\n\r\n<div class=\"wp-block-spacer\" aria-hidden=\"true\">\u00a0<\/div>\r\n\r\n\r\n\r\n<h2 class=\"wp-block-heading\"><strong>tesa\u00ae <\/strong><strong>Moon White dr\u017e\u00e1k kel\u00edmku na zubn\u00ed kart\u00e1\u010dky<\/strong><\/h2>\r\n\r\n\r\n\r\n<div class=\"wp-block-spacer\" aria-hidden=\"true\">\u00a0<\/div>\r\n\r\n\r\n\r\n<p>Zubn\u00ed kart\u00e1\u010dky a pasty pat\u0159\u00ed do ka\u017ed\u00e9 koupelny. Sv\u00e9 m\u00edsto najdou nap\u0159\u00edklad v praktick\u00e9m dr\u017e\u00e1ku tesa\u00ae z\u00a0\u0159ady Moon White v\u00a0elegantn\u00edm b\u00edl\u00e9m proveden\u00ed, kter\u00fd do va\u0161\u00ed koupelny perfektn\u011b zapadne. P\u0159ednost\u00ed je p\u0159edev\u0161\u00edm jednoduch\u00e1 mont\u00e1\u017e, kterou zvl\u00e1dne opravdu ka\u017ed\u00fd.<\/p>\r\n\r\n\r\n\r\n<p><strong>Po\u0159\u00edd\u00edte od 871 korun. V\u00edce na <a href=\"http:\/\/www.tesa-tape.cz\/\">www.tesa-tape.cz<\/a><\/strong><\/p>\r\n\r\n\r\n\r\n<div class=\"wp-block-spacer\" aria-hidden=\"true\">\u00a0<\/div>\r\n\r\n\r\n\r\n<figure class=\"wp-block-gallery has-nested-images columns-default is-cropped wp-block-gallery-9 is-layout-flex\">\r\n<figure class=\"wp-block-image size-large\"><img decoding=\"async\" data-id=\"5763\"  class=\"wp-image-5763\" src=\"https:\/\/homemagazine.cz\/wp-content\/uploads\/2023\/11\/tesa-Moon-Black-davkovac-mydla-599x840.jpg\" alt=\"Jemn\u00fd t\u00f3n v\u00a0t\u00f3nu nebo v\u00fdrazn\u00fd kontrast? Prom\u011b\u0148te svou koupelnu s\u00a0\u010dern\u00fdmi\u00a0a b\u00edl\u00fdmi dopl\u0148ky\" \/><\/figure>\r\n\r\n\r\n\r\n<figure class=\"wp-block-image size-large\"><img decoding=\"async\" data-id=\"5771\"  class=\"wp-image-5771\" src=\"https:\/\/homemagazine.cz\/wp-content\/uploads\/2023\/11\/tesa-Moon-White-davkovac-mydla-599x840.jpg\" alt=\"Jemn\u00fd t\u00f3n v\u00a0t\u00f3nu nebo v\u00fdrazn\u00fd kontrast? Prom\u011b\u0148te svou koupelnu s\u00a0\u010dern\u00fdmi\u00a0a b\u00edl\u00fdmi dopl\u0148ky\" \/><\/figure>\r\n<\/figure>\r\n\r\n\r\n\r\n<div class=\"wp-block-spacer\" aria-hidden=\"true\">\u00a0<\/div>\r\n\r\n\r\n\r\n<h2 class=\"wp-block-heading\"><strong>tesa\u00ae Moon Black d\u00e1vkova\u010d m\u00fddla<\/strong><\/h2>\r\n\r\n\r\n\r\n<div class=\"wp-block-spacer\" aria-hidden=\"true\">\u00a0<\/div>\r\n\r\n\r\n\r\n<p>Vylep\u0161ete si koupelnu d\u00e1vkova\u010dem na m\u00fddlo tesa\u00ae z\u00a0\u0159ady Moon Black, kter\u00fd je vyroben\u00fd z\u00a0elegantn\u00edho sat\u00e9nov\u00e9ho skla a dopln\u011bn\u00fd kontrastn\u00edm \u010dern\u00fdm dr\u017e\u00e1kem. Praktick\u00fd d\u00e1vkova\u010d na tekut\u00e9 m\u00fddlo se tak bude vyj\u00edmat v\u00a0ka\u017ed\u00e9 modern\u00ed koupeln\u011b. Velk\u00fdm plusem je, \u017ee ho snadno p\u0159ipevn\u00edte d\u00edky unik\u00e1tn\u00ed lepic\u00ed technologii.<\/p>\r\n\r\n\r\n\r\n<p><strong>Po\u0159\u00edd\u00edte od 1 068 korun. V\u00edce na <a href=\"http:\/\/www.tesa-tape.cz\/\">www.tesa-tape.cz<\/a><\/strong><\/p>\r\n\r\n\r\n\r\n<div class=\"wp-block-spacer\" aria-hidden=\"true\">\u00a0<\/div>\r\n\r\n\r\n\r\n<figure class=\"wp-block-gallery has-nested-images columns-default is-cropped wp-block-gallery-11 is-layout-flex\">\r\n<figure class=\"wp-block-image size-large\"><img decoding=\"async\" data-id=\"5776\"  class=\"wp-image-5776\" src=\"https:\/\/homemagazine.cz\/wp-content\/uploads\/2023\/11\/tesa-Moon-White-sprchovy-kosik--840x425.jpg\" alt=\"Jemn\u00fd t\u00f3n v\u00a0t\u00f3nu nebo v\u00fdrazn\u00fd kontrast? Prom\u011b\u0148te svou koupelnu s\u00a0\u010dern\u00fdmi\u00a0a b\u00edl\u00fdmi dopl\u0148ky\" \/><\/figure>\r\n\r\n\r\n\r\n<figure class=\"wp-block-image size-large\"><img decoding=\"async\" data-id=\"5769\"  class=\"wp-image-5769\" src=\"https:\/\/homemagazine.cz\/wp-content\/uploads\/2023\/11\/tesa-Moon-Black-sprchovy-kosik--840x425.jpg\" alt=\"Jemn\u00fd t\u00f3n v\u00a0t\u00f3nu nebo v\u00fdrazn\u00fd kontrast? Prom\u011b\u0148te svou koupelnu s\u00a0\u010dern\u00fdmi\u00a0a b\u00edl\u00fdmi dopl\u0148ky\" \/><\/figure>\r\n<\/figure>\r\n\r\n\r\n\r\n<div class=\"wp-block-spacer\" aria-hidden=\"true\">\u00a0<\/div>\r\n\r\n\r\n\r\n<h2 class=\"wp-block-heading\"><strong>tesa\u00ae <\/strong><strong>Moon White sprchov\u00fd ko\u0161\u00edk<\/strong><\/h2>\r\n\r\n\r\n\r\n<div class=\"wp-block-spacer\" aria-hidden=\"true\">\u00a0<\/div>\r\n\r\n\r\n\r\n<p>O bezpe\u010dn\u00e9 a elegantn\u00ed ulo\u017een\u00ed sprchov\u00fdch gel\u016f a dal\u0161\u00edch nezbytnost\u00ed se postar\u00e1 prostorn\u00fd sprchov\u00fd ko\u0161\u00edk tesa\u00ae v\u00a0b\u00edl\u00e9 barv\u011b s\u00a0matnou texturou z\u00a0\u0159ady Moon White. V\u00fdhodou je jeho snadn\u00e1 mont\u00e1\u017e, kter\u00e1 se obejde bez vrt\u00e1n\u00ed i n\u00e1\u0159ad\u00ed. V p\u0159\u00edpad\u011b pot\u0159eby ko\u0161\u00edk nav\u00edc snadno a beze stopy odstran\u00edte.<\/p>\r\n\r\n\r\n\r\n<p><strong>Po\u0159\u00edd\u00edte od 1 022 korun. V\u00edce na <a href=\"http:\/\/www.tesa-tape.cz\/\">www.tesa-tape.cz<\/a><\/strong><\/p>\r\n\r\n\r\n\r\n<div class=\"wp-block-spacer\" aria-hidden=\"true\">\u00a0<\/div>\r\n\r\n\r\n\r\n<figure class=\"wp-block-gallery has-nested-images columns-default is-cropped wp-block-gallery-13 is-layout-flex\">\r\n<figure class=\"wp-block-image size-large\"><img decoding=\"async\" data-id=\"5765\"  class=\"wp-image-5765\" src=\"https:\/\/homemagazine.cz\/wp-content\/uploads\/2023\/11\/tesa-Moon-Black-drzak-toaletniho-papiru-840x827.jpg\" alt=\"Jemn\u00fd t\u00f3n v\u00a0t\u00f3nu nebo v\u00fdrazn\u00fd kontrast? Prom\u011b\u0148te svou koupelnu s\u00a0\u010dern\u00fdmi\u00a0a b\u00edl\u00fdmi dopl\u0148ky\" \/><\/figure>\r\n\r\n\r\n\r\n<figure class=\"wp-block-image size-large\"><img decoding=\"async\" data-id=\"5773\"  class=\"wp-image-5773\" src=\"https:\/\/homemagazine.cz\/wp-content\/uploads\/2023\/11\/tesa-Moon-White-drzak-toaletniho-papiru-840x827.jpg\" alt=\"Jemn\u00fd t\u00f3n v\u00a0t\u00f3nu nebo v\u00fdrazn\u00fd kontrast? Prom\u011b\u0148te svou koupelnu s\u00a0\u010dern\u00fdmi\u00a0a b\u00edl\u00fdmi dopl\u0148ky\" \/><\/figure>\r\n<\/figure>\r\n\r\n\r\n\r\n<div class=\"wp-block-spacer\" aria-hidden=\"true\">\u00a0<\/div>\r\n\r\n\r\n\r\n<h2 class=\"wp-block-heading\"><strong>tesa\u00ae Moon Black dr\u017e\u00e1k toaletn\u00edho pap\u00edru<\/strong><\/h2>\r\n\r\n\r\n\r\n<div class=\"wp-block-spacer\" aria-hidden=\"true\">\u00a0<\/div>\r\n\r\n\r\n\r\n<p>Stylov\u00fd dr\u017e\u00e1k toaletn\u00edho pap\u00edru tesa\u00ae z\u00a0\u0159ady Moon Black v\u00a0\u010dern\u00e9m matn\u00e9m proveden\u00ed je skv\u011bl\u00fdm dopl\u0148kem do ka\u017ed\u00e9 koupelny. Vyj\u00edmat se bude v\u017edy, a\u0165 u\u017e jste p\u0159\u00edznivcem industri\u00e1ln\u00edho, skandin\u00e1vsk\u00e9ho, vintage \u010di tradi\u010dn\u00edho stylu bydlen\u00ed. Unik\u00e1tn\u00ed technologie lepen\u00ed se postar\u00e1 o snadnou a praktickou instalaci, kter\u00e1 se obejde bez vrt\u00e1n\u00ed do dla\u017edic.<\/p>\r\n\r\n\r\n\r\n<p><strong>Po\u0159\u00edd\u00edte od 732 korun. V\u00edce na <a href=\"http:\/\/www.tesa-tape.cz\/\">www.tesa-tape.cz<\/a><\/strong><\/p>\r\n\r\n\r\n\r\n<div class=\"wp-block-spacer\" aria-hidden=\"true\">\u00a0<\/div>\r\n\r\n\r\n\r\n<figure class=\"wp-block-gallery has-nested-images columns-2 is-cropped wp-block-gallery-15 is-layout-flex\">\r\n<figure class=\"wp-block-image size-large\"><img decoding=\"async\" data-id=\"5756\"  class=\"wp-image-5756\" src=\"https:\/\/homemagazine.cz\/wp-content\/uploads\/2023\/11\/tesa_Moon_Black_16x9_mood-Print-840x472.jpg\" alt=\"Jemn\u00fd t\u00f3n v\u00a0t\u00f3nu nebo v\u00fdrazn\u00fd kontrast? Prom\u011b\u0148te svou koupelnu s\u00a0\u010dern\u00fdmi\u00a0a b\u00edl\u00fdmi dopl\u0148ky\" \/><\/figure>\r\n\r\n\r\n\r\n<figure class=\"wp-block-image size-large\"><img decoding=\"async\" data-id=\"5760\"  class=\"wp-image-5760\" src=\"https:\/\/homemagazine.cz\/wp-content\/uploads\/2023\/11\/tesa-Moon-Black-Bathrobe-Hook-40564_model_16x9_mood-Print-840x472.jpg\" alt=\"Jemn\u00fd t\u00f3n v\u00a0t\u00f3nu nebo v\u00fdrazn\u00fd kontrast? Prom\u011b\u0148te svou koupelnu s\u00a0\u010dern\u00fdmi\u00a0a b\u00edl\u00fdmi dopl\u0148ky\" \/><\/figure>\r\n\r\n\r\n\r\n<figure class=\"wp-block-image size-large\"><img decoding=\"async\" data-id=\"5758\"  class=\"wp-image-5758\" src=\"https:\/\/homemagazine.cz\/wp-content\/uploads\/2023\/11\/tesa-Moon-Black-Towel-Hook-40563_model_16x9_mood-Print-840x472.jpg\" alt=\"Jemn\u00fd t\u00f3n v\u00a0t\u00f3nu nebo v\u00fdrazn\u00fd kontrast? Prom\u011b\u0148te svou koupelnu s\u00a0\u010dern\u00fdmi\u00a0a b\u00edl\u00fdmi dopl\u0148ky\" \/><\/figure>\r\n\r\n\r\n\r\n<figure class=\"wp-block-image size-large\"><img decoding=\"async\" data-id=\"5759\"  class=\"wp-image-5759\" src=\"https:\/\/homemagazine.cz\/wp-content\/uploads\/2023\/11\/tesa-Moon-White-Towel-Hook-40573_model_16x9_mood-Print-840x472.jpg\" alt=\"Jemn\u00fd t\u00f3n v\u00a0t\u00f3nu nebo v\u00fdrazn\u00fd kontrast? Prom\u011b\u0148te svou koupelnu s\u00a0\u010dern\u00fdmi\u00a0a b\u00edl\u00fdmi dopl\u0148ky\" \/><\/figure>\r\n\r\n\r\n\r\n<figure class=\"wp-block-image size-large\"><img decoding=\"async\" data-id=\"5770\"  class=\"wp-image-5770\" src=\"https:\/\/homemagazine.cz\/wp-content\/uploads\/2023\/11\/tesa-Moon-Black-WC-stetka-s-drzakem-340x840.jpg\" alt=\"Jemn\u00fd t\u00f3n v\u00a0t\u00f3nu nebo v\u00fdrazn\u00fd kontrast? Prom\u011b\u0148te svou koupelnu s\u00a0\u010dern\u00fdmi\u00a0a b\u00edl\u00fdmi dopl\u0148ky\" \/><\/figure>\r\n\r\n\r\n\r\n<figure class=\"wp-block-image size-large\"><img decoding=\"async\" data-id=\"5777\"  class=\"wp-image-5777\" src=\"https:\/\/homemagazine.cz\/wp-content\/uploads\/2023\/11\/tesa-Moon-White-WC-stetka-s-drzakem-340x840.jpg\" alt=\"Jemn\u00fd t\u00f3n v\u00a0t\u00f3nu nebo v\u00fdrazn\u00fd kontrast? Prom\u011b\u0148te svou koupelnu s\u00a0\u010dern\u00fdmi\u00a0a b\u00edl\u00fdmi dopl\u0148ky\" \/><\/figure>\r\n\r\n\r\n\r\n<figure class=\"wp-block-image size-large\"><img decoding=\"async\" data-id=\"5774\"  class=\"wp-image-5774\" src=\"https:\/\/homemagazine.cz\/wp-content\/uploads\/2023\/11\/tesa-Moon-White-hacek-na-odevy-840x827.jpg\" alt=\"Jemn\u00fd t\u00f3n v\u00a0t\u00f3nu nebo v\u00fdrazn\u00fd kontrast? Prom\u011b\u0148te svou koupelnu s\u00a0\u010dern\u00fdmi\u00a0a b\u00edl\u00fdmi dopl\u0148ky\" \/><\/figure>\r\n\r\n\r\n\r\n<figure class=\"wp-block-image size-large\"><img decoding=\"async\" data-id=\"5766\"  class=\"wp-image-5766\" src=\"https:\/\/homemagazine.cz\/wp-content\/uploads\/2023\/11\/tesa-Moon-Black-hacek-na-odevy-840x827.jpg\" alt=\"Jemn\u00fd t\u00f3n v\u00a0t\u00f3nu nebo v\u00fdrazn\u00fd kontrast? Prom\u011b\u0148te svou koupelnu s\u00a0\u010dern\u00fdmi\u00a0a b\u00edl\u00fdmi dopl\u0148ky\" \/><\/figure>\r\n\r\n\r\n\r\n<figure class=\"wp-block-image size-large\"><img decoding=\"async\" data-id=\"5768\"  class=\"wp-image-5768\" src=\"https:\/\/homemagazine.cz\/wp-content\/uploads\/2023\/11\/tesa-Moon-Black-hacek-na-rucnik-840x827.jpg\" alt=\"Jemn\u00fd t\u00f3n v\u00a0t\u00f3nu nebo v\u00fdrazn\u00fd kontrast? Prom\u011b\u0148te svou koupelnu s\u00a0\u010dern\u00fdmi\u00a0a b\u00edl\u00fdmi dopl\u0148ky\" \/><\/figure>\r\n\r\n\r\n\r\n<figure class=\"wp-block-image size-large\"><img decoding=\"async\" data-id=\"5775\"  class=\"wp-image-5775\" src=\"https:\/\/homemagazine.cz\/wp-content\/uploads\/2023\/11\/tesa-Moon-White-hacek-na-rucnik-840x827.jpg\" alt=\"Jemn\u00fd t\u00f3n v\u00a0t\u00f3nu nebo v\u00fdrazn\u00fd kontrast? Prom\u011b\u0148te svou koupelnu s\u00a0\u010dern\u00fdmi\u00a0a b\u00edl\u00fdmi dopl\u0148ky\" \/><\/figure>\r\n\r\n\r\n\r\n<figure class=\"wp-block-image size-large\"><img decoding=\"async\" data-id=\"5772\"  class=\"wp-image-5772\" src=\"https:\/\/homemagazine.cz\/wp-content\/uploads\/2023\/11\/tesa-Moon-White-drzak-kelimku-na-zubni-kartacky-840x827.jpg\" alt=\"Jemn\u00fd t\u00f3n v\u00a0t\u00f3nu nebo v\u00fdrazn\u00fd kontrast? Prom\u011b\u0148te svou koupelnu s\u00a0\u010dern\u00fdmi\u00a0a b\u00edl\u00fdmi dopl\u0148ky\" \/><\/figure>\r\n\r\n\r\n\r\n<figure class=\"wp-block-image size-large\"><img decoding=\"async\" data-id=\"5764\"  class=\"wp-image-5764\" src=\"https:\/\/homemagazine.cz\/wp-content\/uploads\/2023\/11\/tesa-Moon-Black-drzak-kelimku-na-zubni-kartacky-840x827.jpg\" alt=\"Jemn\u00fd t\u00f3n v\u00a0t\u00f3nu nebo v\u00fdrazn\u00fd kontrast? Prom\u011b\u0148te svou koupelnu s\u00a0\u010dern\u00fdmi\u00a0a b\u00edl\u00fdmi dopl\u0148ky\" \/><\/figure>\r\n\r\n\r\n\r\n<figure class=\"wp-block-image size-large\"><img decoding=\"async\" data-id=\"5763\"  class=\"wp-image-5763\" src=\"https:\/\/homemagazine.cz\/wp-content\/uploads\/2023\/11\/tesa-Moon-Black-davkovac-mydla-599x840.jpg\" alt=\"Jemn\u00fd t\u00f3n v\u00a0t\u00f3nu nebo v\u00fdrazn\u00fd kontrast? Prom\u011b\u0148te svou koupelnu s\u00a0\u010dern\u00fdmi\u00a0a b\u00edl\u00fdmi dopl\u0148ky\" \/><\/figure>\r\n\r\n\r\n\r\n<figure class=\"wp-block-image size-large\"><img decoding=\"async\" data-id=\"5771\"  class=\"wp-image-5771\" src=\"https:\/\/homemagazine.cz\/wp-content\/uploads\/2023\/11\/tesa-Moon-White-davkovac-mydla-599x840.jpg\" alt=\"Jemn\u00fd t\u00f3n v\u00a0t\u00f3nu nebo v\u00fdrazn\u00fd kontrast? Prom\u011b\u0148te svou koupelnu s\u00a0\u010dern\u00fdmi\u00a0a b\u00edl\u00fdmi dopl\u0148ky\" \/><\/figure>\r\n\r\n\r\n\r\n<figure class=\"wp-block-image size-large\"><img decoding=\"async\" data-id=\"5769\"  class=\"wp-image-5769\" src=\"https:\/\/homemagazine.cz\/wp-content\/uploads\/2023\/11\/tesa-Moon-Black-sprchovy-kosik--840x425.jpg\" alt=\"Jemn\u00fd t\u00f3n v\u00a0t\u00f3nu nebo v\u00fdrazn\u00fd kontrast? Prom\u011b\u0148te svou koupelnu s\u00a0\u010dern\u00fdmi\u00a0a b\u00edl\u00fdmi dopl\u0148ky\" \/><\/figure>\r\n\r\n\r\n\r\n<figure class=\"wp-block-image size-large\"><img decoding=\"async\" data-id=\"5776\"  class=\"wp-image-5776\" src=\"https:\/\/homemagazine.cz\/wp-content\/uploads\/2023\/11\/tesa-Moon-White-sprchovy-kosik--840x425.jpg\" alt=\"Jemn\u00fd t\u00f3n v\u00a0t\u00f3nu nebo v\u00fdrazn\u00fd kontrast? Prom\u011b\u0148te svou koupelnu s\u00a0\u010dern\u00fdmi\u00a0a b\u00edl\u00fdmi dopl\u0148ky\" \/><\/figure>\r\n\r\n\r\n\r\n<figure class=\"wp-block-image size-large\"><img decoding=\"async\" data-id=\"5773\"  class=\"wp-image-5773\" src=\"https:\/\/homemagazine.cz\/wp-content\/uploads\/2023\/11\/tesa-Moon-White-drzak-toaletniho-papiru-840x827.jpg\" alt=\"Jemn\u00fd t\u00f3n v\u00a0t\u00f3nu nebo v\u00fdrazn\u00fd kontrast? Prom\u011b\u0148te svou koupelnu s\u00a0\u010dern\u00fdmi\u00a0a b\u00edl\u00fdmi dopl\u0148ky\" \/><\/figure>\r\n\r\n\r\n\r\n<figure class=\"wp-block-image size-large\"><img decoding=\"async\" data-id=\"5765\"  class=\"wp-image-5765\" src=\"https:\/\/homemagazine.cz\/wp-content\/uploads\/2023\/11\/tesa-Moon-Black-drzak-toaletniho-papiru-840x827.jpg\" alt=\"Jemn\u00fd t\u00f3n v\u00a0t\u00f3nu nebo v\u00fdrazn\u00fd kontrast? Prom\u011b\u0148te svou koupelnu s\u00a0\u010dern\u00fdmi\u00a0a b\u00edl\u00fdmi dopl\u0148ky\" \/><\/figure>\r\n<\/figure>\r\n\r\n\r\n\r\n<div class=\"wp-block-spacer\" aria-hidden=\"true\">\u00a0<\/div>\r\n\r\n\r\n\r\n<p><em>* produkty z\u00a0\u0159ady tesa\u00ae Moon Black a Moon White jsou dostupn\u00e9 v\u00a0obou barevn\u00fdch variant\u00e1ch<\/em><\/p>\r\n\r\n\r\n\r\n<p><strong>Zdroj foto: <\/strong>TESA<\/p>\r\n\r\n\r\n\r\n<div class=\"wp-block-spacer\" aria-hidden=\"true\">\u00a0<\/div>\r\n","protected":false},"excerpt":{"rendered":"<p>&nbsp; Chcete si vylep\u0161it koupelnu a hled\u00e1te inspiraci? A\u0165 u\u017e pl\u00e1nujete rozs\u00e1hlej\u0161\u00ed rekonstrukci nebo jen drobn\u00e9 \u00fapravy, nem\u011bli byste podcenit v\u00fdb\u011br dopl\u0148k\u016f. Ty toti\u017e dotv\u00e1\u0159\u00ed celkov\u00fd vzhled m\u00edstnosti a\u00a0mohou do n\u00ed prom\u00edtnout i va\u0161i osobnost. S\u00e1hn\u011bte nap\u0159\u00edklad po n\u00e1padit\u00fdch zrcadlech, neobvykl\u00fdch sv\u00ed\u010dk\u00e1ch, difuz\u00e9rech \u010di dekorativn\u00edch p\u0159edm\u011btech. Nezapome\u0148te ale ani na praktick\u00e9 dopl\u0148ky jako jsou dr\u017e\u00e1ky na ru\u010dn\u00edky, h\u00e1\u010dky na oble\u010den\u00ed nebo d\u00e1vkova\u010de na m\u00fddla. Vybrat si m\u016f\u017eete ty od zna\u010dky tesa\u00ae z\u00a0produktov\u00e9\u00a0\u0159ady Moon v\u00a0\u010dern\u00e9 a b\u00edl\u00e9 variant\u011b, kter\u00e9 sv\u00fdm jednoduch\u00fdm designem skv\u011ble dopln\u00ed ka\u017edou koupelnu. Z\u00e1le\u017e\u00ed jen na v\u00e1s, jestli&hellip;<\/p>\n","protected":false},"author":2,"featured_media":299,"comment_status":"closed","ping_status":"open","sticky":false,"template":"","format":"standard","meta":{"_mi_skip_tracking":false,"_monsterinsights_sitenote_active":false,"_monsterinsights_sitenote_note":"","_monsterinsights_sitenote_category":0},"categories":[12,8,5],"tags":[],"yoast_head":"<!-- This site is optimized with the Yoast SEO plugin v21.4 - https:\/\/yoast.com\/wordpress\/plugins\/seo\/ -->\n<title>Jemn\u00fd t\u00f3n v\u00a0t\u00f3nu nebo v\u00fdrazn\u00fd kontrast? Prom\u011b\u0148te svou koupelnu s\u00a0\u010dern\u00fdmi\u00a0a b\u00edl\u00fdmi dopl\u0148ky - BydleteStylov\u011b.cz<\/title>\n<meta name=\"robots\" content=\"index, follow, max-snippet:-1, max-image-preview:large, max-video-preview:-1\" \/>\n<link rel=\"canonical\" href=\"https:\/\/bydletestylove.cz\/index.php\/design-architektura\/jemny-ton-v-tonu-nebo-vyrazny-kontrast-promente-svou-koupelnu-s-cernymi-a-bilymi-doplnky\/\" \/>\n<meta property=\"og:locale\" content=\"cs_CZ\" \/>\n<meta property=\"og:type\" content=\"article\" \/>\n<meta property=\"og:title\" content=\"Jemn\u00fd t\u00f3n v\u00a0t\u00f3nu nebo v\u00fdrazn\u00fd kontrast? Prom\u011b\u0148te svou koupelnu s\u00a0\u010dern\u00fdmi\u00a0a b\u00edl\u00fdmi dopl\u0148ky - BydleteStylov\u011b.cz\" \/>\n<meta property=\"og:description\" content=\"&nbsp; Chcete si vylep\u0161it koupelnu a hled\u00e1te inspiraci? A\u0165 u\u017e pl\u00e1nujete rozs\u00e1hlej\u0161\u00ed rekonstrukci nebo jen drobn\u00e9 \u00fapravy, nem\u011bli byste podcenit v\u00fdb\u011br dopl\u0148k\u016f. Ty toti\u017e dotv\u00e1\u0159\u00ed celkov\u00fd vzhled m\u00edstnosti a\u00a0mohou do n\u00ed prom\u00edtnout i va\u0161i osobnost. S\u00e1hn\u011bte nap\u0159\u00edklad po n\u00e1padit\u00fdch zrcadlech, neobvykl\u00fdch sv\u00ed\u010dk\u00e1ch, difuz\u00e9rech \u010di dekorativn\u00edch p\u0159edm\u011btech. Nezapome\u0148te ale ani na praktick\u00e9 dopl\u0148ky jako jsou dr\u017e\u00e1ky na ru\u010dn\u00edky, h\u00e1\u010dky na oble\u010den\u00ed nebo d\u00e1vkova\u010de na m\u00fddla. Vybrat si m\u016f\u017eete ty od zna\u010dky tesa\u00ae z\u00a0produktov\u00e9\u00a0\u0159ady Moon v\u00a0\u010dern\u00e9 a b\u00edl\u00e9 variant\u011b, kter\u00e9 sv\u00fdm jednoduch\u00fdm designem skv\u011ble dopln\u00ed ka\u017edou koupelnu. Z\u00e1le\u017e\u00ed jen na v\u00e1s, jestli&hellip;\" \/>\n<meta property=\"og:url\" content=\"https:\/\/bydletestylove.cz\/index.php\/design-architektura\/jemny-ton-v-tonu-nebo-vyrazny-kontrast-promente-svou-koupelnu-s-cernymi-a-bilymi-doplnky\/\" \/>\n<meta property=\"og:site_name\" content=\"BydleteStylov\u011b.cz\" \/>\n<meta property=\"article:published_time\" content=\"2023-11-15T23:01:36+00:00\" \/>\n<meta property=\"article:modified_time\" content=\"2023-11-15T23:53:42+00:00\" \/>\n<meta property=\"og:image\" content=\"https:\/\/bydletestylove.cz\/wp-content\/uploads\/2023\/11\/tesa-Moon-Black-Towel-Hook-40563_model_16x9_mood-Print.jpg\" \/>\n\t<meta property=\"og:image:width\" content=\"1250\" \/>\n\t<meta property=\"og:image:height\" content=\"703\" \/>\n\t<meta property=\"og:image:type\" content=\"image\/jpeg\" \/>\n<meta name=\"author\" content=\"Jolana Hol\u00e1\u0148ov\u00e1\" \/>\n<meta name=\"twitter:card\" content=\"summary_large_image\" \/>\n<meta name=\"twitter:label1\" content=\"Napsal(a)\" \/>\n\t<meta name=\"twitter:data1\" content=\"Jolana Hol\u00e1\u0148ov\u00e1\" \/>\n\t<meta name=\"twitter:label2\" content=\"Odhadovan\u00e1 doba \u010dten\u00ed\" \/>\n\t<meta name=\"twitter:data2\" content=\"11 minut\" \/>\n<script type=\"application\/ld+json\" class=\"yoast-schema-graph\">{\"@context\":\"https:\/\/schema.org\",\"@graph\":[{\"@type\":\"Article\",\"@id\":\"https:\/\/bydletestylove.cz\/index.php\/design-architektura\/jemny-ton-v-tonu-nebo-vyrazny-kontrast-promente-svou-koupelnu-s-cernymi-a-bilymi-doplnky\/#article\",\"isPartOf\":{\"@id\":\"https:\/\/bydletestylove.cz\/index.php\/design-architektura\/jemny-ton-v-tonu-nebo-vyrazny-kontrast-promente-svou-koupelnu-s-cernymi-a-bilymi-doplnky\/\"},\"author\":{\"name\":\"Jolana Hol\u00e1\u0148ov\u00e1\",\"@id\":\"https:\/\/bydletestylove.cz\/#\/schema\/person\/d7f6166cd40362bc6efced0ddb81b02f\"},\"headline\":\"Jemn\u00fd t\u00f3n v\u00a0t\u00f3nu nebo v\u00fdrazn\u00fd kontrast? Prom\u011b\u0148te svou koupelnu s\u00a0\u010dern\u00fdmi\u00a0a b\u00edl\u00fdmi dopl\u0148ky\",\"datePublished\":\"2023-11-15T23:01:36+00:00\",\"dateModified\":\"2023-11-15T23:53:42+00:00\",\"mainEntityOfPage\":{\"@id\":\"https:\/\/bydletestylove.cz\/index.php\/design-architektura\/jemny-ton-v-tonu-nebo-vyrazny-kontrast-promente-svou-koupelnu-s-cernymi-a-bilymi-doplnky\/\"},\"wordCount\":1085,\"publisher\":{\"@id\":\"https:\/\/bydletestylove.cz\/#organization\"},\"articleSection\":[\"DESIGN &amp; ARCHITEKTURA\",\"REKONSTRUKCE &amp; STAVBA\",\"TIPY &amp; TRENDY\"],\"inLanguage\":\"cs\"},{\"@type\":\"WebPage\",\"@id\":\"https:\/\/bydletestylove.cz\/index.php\/design-architektura\/jemny-ton-v-tonu-nebo-vyrazny-kontrast-promente-svou-koupelnu-s-cernymi-a-bilymi-doplnky\/\",\"url\":\"https:\/\/bydletestylove.cz\/index.php\/design-architektura\/jemny-ton-v-tonu-nebo-vyrazny-kontrast-promente-svou-koupelnu-s-cernymi-a-bilymi-doplnky\/\",\"name\":\"Jemn\u00fd t\u00f3n v\u00a0t\u00f3nu nebo v\u00fdrazn\u00fd kontrast? Prom\u011b\u0148te svou koupelnu s\u00a0\u010dern\u00fdmi\u00a0a b\u00edl\u00fdmi dopl\u0148ky - BydleteStylov\u011b.cz\",\"isPartOf\":{\"@id\":\"https:\/\/bydletestylove.cz\/#website\"},\"datePublished\":\"2023-11-15T23:01:36+00:00\",\"dateModified\":\"2023-11-15T23:53:42+00:00\",\"breadcrumb\":{\"@id\":\"https:\/\/bydletestylove.cz\/index.php\/design-architektura\/jemny-ton-v-tonu-nebo-vyrazny-kontrast-promente-svou-koupelnu-s-cernymi-a-bilymi-doplnky\/#breadcrumb\"},\"inLanguage\":\"cs\",\"potentialAction\":[{\"@type\":\"ReadAction\",\"target\":[\"https:\/\/bydletestylove.cz\/index.php\/design-architektura\/jemny-ton-v-tonu-nebo-vyrazny-kontrast-promente-svou-koupelnu-s-cernymi-a-bilymi-doplnky\/\"]}]},{\"@type\":\"BreadcrumbList\",\"@id\":\"https:\/\/bydletestylove.cz\/index.php\/design-architektura\/jemny-ton-v-tonu-nebo-vyrazny-kontrast-promente-svou-koupelnu-s-cernymi-a-bilymi-doplnky\/#breadcrumb\",\"itemListElement\":[{\"@type\":\"ListItem\",\"position\":1,\"name\":\"Dom\u016f\",\"item\":\"https:\/\/bydletestylove.cz\/\"},{\"@type\":\"ListItem\",\"position\":2,\"name\":\"Jemn\u00fd t\u00f3n v\u00a0t\u00f3nu nebo v\u00fdrazn\u00fd kontrast? Prom\u011b\u0148te svou koupelnu s\u00a0\u010dern\u00fdmi\u00a0a b\u00edl\u00fdmi dopl\u0148ky\"}]},{\"@type\":\"WebSite\",\"@id\":\"https:\/\/bydletestylove.cz\/#website\",\"url\":\"https:\/\/bydletestylove.cz\/\",\"name\":\"BydleteStylov\u011b.cz\",\"description\":\"Port\u00e1l o stylov\u00e9m bydlen\u00ed...\",\"publisher\":{\"@id\":\"https:\/\/bydletestylove.cz\/#organization\"},\"potentialAction\":[{\"@type\":\"SearchAction\",\"target\":{\"@type\":\"EntryPoint\",\"urlTemplate\":\"https:\/\/bydletestylove.cz\/?s={search_term_string}\"},\"query-input\":\"required name=search_term_string\"}],\"inLanguage\":\"cs\"},{\"@type\":\"Organization\",\"@id\":\"https:\/\/bydletestylove.cz\/#organization\",\"name\":\"BydleteStylov\u011b.cz\",\"url\":\"https:\/\/bydletestylove.cz\/\",\"logo\":{\"@type\":\"ImageObject\",\"inLanguage\":\"cs\",\"@id\":\"https:\/\/bydletestylove.cz\/#\/schema\/logo\/image\/\",\"url\":\"https:\/\/bydletestylove.cz\/wp-content\/uploads\/2024\/12\/cropped-Logo-Bydlete-Stylove.jpg\",\"contentUrl\":\"https:\/\/bydletestylove.cz\/wp-content\/uploads\/2024\/12\/cropped-Logo-Bydlete-Stylove.jpg\",\"width\":290,\"height\":143,\"caption\":\"BydleteStylov\u011b.cz\"},\"image\":{\"@id\":\"https:\/\/bydletestylove.cz\/#\/schema\/logo\/image\/\"},\"sameAs\":[\"https:\/\/www.instagram.com\/bydletestylove.cz\/\"]},{\"@type\":\"Person\",\"@id\":\"https:\/\/bydletestylove.cz\/#\/schema\/person\/d7f6166cd40362bc6efced0ddb81b02f\",\"name\":\"Jolana Hol\u00e1\u0148ov\u00e1\",\"image\":{\"@type\":\"ImageObject\",\"inLanguage\":\"cs\",\"@id\":\"https:\/\/bydletestylove.cz\/#\/schema\/person\/image\/\",\"url\":\"https:\/\/secure.gravatar.com\/avatar\/5863c504ed89cd419ff3a5e812c722ff?s=96&d=mm&r=g\",\"contentUrl\":\"https:\/\/secure.gravatar.com\/avatar\/5863c504ed89cd419ff3a5e812c722ff?s=96&d=mm&r=g\",\"caption\":\"Jolana Hol\u00e1\u0148ov\u00e1\"},\"sameAs\":[\"http:\/\/BydleteStylove.cz\"],\"url\":\"https:\/\/bydletestylove.cz\/index.php\/author\/jolhol\/\"}]}<\/script>\n<!-- \/ Yoast SEO plugin. -->","yoast_head_json":{"title":"Jemn\u00fd t\u00f3n v\u00a0t\u00f3nu nebo v\u00fdrazn\u00fd kontrast? Prom\u011b\u0148te svou koupelnu s\u00a0\u010dern\u00fdmi\u00a0a b\u00edl\u00fdmi dopl\u0148ky - BydleteStylov\u011b.cz","robots":{"index":"index","follow":"follow","max-snippet":"max-snippet:-1","max-image-preview":"max-image-preview:large","max-video-preview":"max-video-preview:-1"},"canonical":"https:\/\/bydletestylove.cz\/index.php\/design-architektura\/jemny-ton-v-tonu-nebo-vyrazny-kontrast-promente-svou-koupelnu-s-cernymi-a-bilymi-doplnky\/","og_locale":"cs_CZ","og_type":"article","og_title":"Jemn\u00fd t\u00f3n v\u00a0t\u00f3nu nebo v\u00fdrazn\u00fd kontrast? Prom\u011b\u0148te svou koupelnu s\u00a0\u010dern\u00fdmi\u00a0a b\u00edl\u00fdmi dopl\u0148ky - BydleteStylov\u011b.cz","og_description":"&nbsp; Chcete si vylep\u0161it koupelnu a hled\u00e1te inspiraci? A\u0165 u\u017e pl\u00e1nujete rozs\u00e1hlej\u0161\u00ed rekonstrukci nebo jen drobn\u00e9 \u00fapravy, nem\u011bli byste podcenit v\u00fdb\u011br dopl\u0148k\u016f. Ty toti\u017e dotv\u00e1\u0159\u00ed celkov\u00fd vzhled m\u00edstnosti a\u00a0mohou do n\u00ed prom\u00edtnout i va\u0161i osobnost. S\u00e1hn\u011bte nap\u0159\u00edklad po n\u00e1padit\u00fdch zrcadlech, neobvykl\u00fdch sv\u00ed\u010dk\u00e1ch, difuz\u00e9rech \u010di dekorativn\u00edch p\u0159edm\u011btech. Nezapome\u0148te ale ani na praktick\u00e9 dopl\u0148ky jako jsou dr\u017e\u00e1ky na ru\u010dn\u00edky, h\u00e1\u010dky na oble\u010den\u00ed nebo d\u00e1vkova\u010de na m\u00fddla. Vybrat si m\u016f\u017eete ty od zna\u010dky tesa\u00ae z\u00a0produktov\u00e9\u00a0\u0159ady Moon v\u00a0\u010dern\u00e9 a b\u00edl\u00e9 variant\u011b, kter\u00e9 sv\u00fdm jednoduch\u00fdm designem skv\u011ble dopln\u00ed ka\u017edou koupelnu. Z\u00e1le\u017e\u00ed jen na v\u00e1s, jestli&hellip;","og_url":"https:\/\/bydletestylove.cz\/index.php\/design-architektura\/jemny-ton-v-tonu-nebo-vyrazny-kontrast-promente-svou-koupelnu-s-cernymi-a-bilymi-doplnky\/","og_site_name":"BydleteStylov\u011b.cz","article_published_time":"2023-11-15T23:01:36+00:00","article_modified_time":"2023-11-15T23:53:42+00:00","og_image":[{"width":1250,"height":703,"url":"https:\/\/bydletestylove.cz\/wp-content\/uploads\/2023\/11\/tesa-Moon-Black-Towel-Hook-40563_model_16x9_mood-Print.jpg","type":"image\/jpeg"}],"author":"Jolana Hol\u00e1\u0148ov\u00e1","twitter_card":"summary_large_image","twitter_misc":{"Napsal(a)":"Jolana Hol\u00e1\u0148ov\u00e1","Odhadovan\u00e1 doba \u010dten\u00ed":"11 minut"},"schema":{"@context":"https:\/\/schema.org","@graph":[{"@type":"Article","@id":"https:\/\/bydletestylove.cz\/index.php\/design-architektura\/jemny-ton-v-tonu-nebo-vyrazny-kontrast-promente-svou-koupelnu-s-cernymi-a-bilymi-doplnky\/#article","isPartOf":{"@id":"https:\/\/bydletestylove.cz\/index.php\/design-architektura\/jemny-ton-v-tonu-nebo-vyrazny-kontrast-promente-svou-koupelnu-s-cernymi-a-bilymi-doplnky\/"},"author":{"name":"Jolana Hol\u00e1\u0148ov\u00e1","@id":"https:\/\/bydletestylove.cz\/#\/schema\/person\/d7f6166cd40362bc6efced0ddb81b02f"},"headline":"Jemn\u00fd t\u00f3n v\u00a0t\u00f3nu nebo v\u00fdrazn\u00fd kontrast? Prom\u011b\u0148te svou koupelnu s\u00a0\u010dern\u00fdmi\u00a0a b\u00edl\u00fdmi dopl\u0148ky","datePublished":"2023-11-15T23:01:36+00:00","dateModified":"2023-11-15T23:53:42+00:00","mainEntityOfPage":{"@id":"https:\/\/bydletestylove.cz\/index.php\/design-architektura\/jemny-ton-v-tonu-nebo-vyrazny-kontrast-promente-svou-koupelnu-s-cernymi-a-bilymi-doplnky\/"},"wordCount":1085,"publisher":{"@id":"https:\/\/bydletestylove.cz\/#organization"},"articleSection":["DESIGN &amp; ARCHITEKTURA","REKONSTRUKCE &amp; STAVBA","TIPY &amp; TRENDY"],"inLanguage":"cs"},{"@type":"WebPage","@id":"https:\/\/bydletestylove.cz\/index.php\/design-architektura\/jemny-ton-v-tonu-nebo-vyrazny-kontrast-promente-svou-koupelnu-s-cernymi-a-bilymi-doplnky\/","url":"https:\/\/bydletestylove.cz\/index.php\/design-architektura\/jemny-ton-v-tonu-nebo-vyrazny-kontrast-promente-svou-koupelnu-s-cernymi-a-bilymi-doplnky\/","name":"Jemn\u00fd t\u00f3n v\u00a0t\u00f3nu nebo v\u00fdrazn\u00fd kontrast? Prom\u011b\u0148te svou koupelnu s\u00a0\u010dern\u00fdmi\u00a0a b\u00edl\u00fdmi dopl\u0148ky - BydleteStylov\u011b.cz","isPartOf":{"@id":"https:\/\/bydletestylove.cz\/#website"},"datePublished":"2023-11-15T23:01:36+00:00","dateModified":"2023-11-15T23:53:42+00:00","breadcrumb":{"@id":"https:\/\/bydletestylove.cz\/index.php\/design-architektura\/jemny-ton-v-tonu-nebo-vyrazny-kontrast-promente-svou-koupelnu-s-cernymi-a-bilymi-doplnky\/#breadcrumb"},"inLanguage":"cs","potentialAction":[{"@type":"ReadAction","target":["https:\/\/bydletestylove.cz\/index.php\/design-architektura\/jemny-ton-v-tonu-nebo-vyrazny-kontrast-promente-svou-koupelnu-s-cernymi-a-bilymi-doplnky\/"]}]},{"@type":"BreadcrumbList","@id":"https:\/\/bydletestylove.cz\/index.php\/design-architektura\/jemny-ton-v-tonu-nebo-vyrazny-kontrast-promente-svou-koupelnu-s-cernymi-a-bilymi-doplnky\/#breadcrumb","itemListElement":[{"@type":"ListItem","position":1,"name":"Dom\u016f","item":"https:\/\/bydletestylove.cz\/"},{"@type":"ListItem","position":2,"name":"Jemn\u00fd t\u00f3n v\u00a0t\u00f3nu nebo v\u00fdrazn\u00fd kontrast? Prom\u011b\u0148te svou koupelnu s\u00a0\u010dern\u00fdmi\u00a0a b\u00edl\u00fdmi dopl\u0148ky"}]},{"@type":"WebSite","@id":"https:\/\/bydletestylove.cz\/#website","url":"https:\/\/bydletestylove.cz\/","name":"BydleteStylov\u011b.cz","description":"Port\u00e1l o stylov\u00e9m bydlen\u00ed...","publisher":{"@id":"https:\/\/bydletestylove.cz\/#organization"},"potentialAction":[{"@type":"SearchAction","target":{"@type":"EntryPoint","urlTemplate":"https:\/\/bydletestylove.cz\/?s={search_term_string}"},"query-input":"required name=search_term_string"}],"inLanguage":"cs"},{"@type":"Organization","@id":"https:\/\/bydletestylove.cz\/#organization","name":"BydleteStylov\u011b.cz","url":"https:\/\/bydletestylove.cz\/","logo":{"@type":"ImageObject","inLanguage":"cs","@id":"https:\/\/bydletestylove.cz\/#\/schema\/logo\/image\/","url":"https:\/\/bydletestylove.cz\/wp-content\/uploads\/2024\/12\/cropped-Logo-Bydlete-Stylove.jpg","contentUrl":"https:\/\/bydletestylove.cz\/wp-content\/uploads\/2024\/12\/cropped-Logo-Bydlete-Stylove.jpg","width":290,"height":143,"caption":"BydleteStylov\u011b.cz"},"image":{"@id":"https:\/\/bydletestylove.cz\/#\/schema\/logo\/image\/"},"sameAs":["https:\/\/www.instagram.com\/bydletestylove.cz\/"]},{"@type":"Person","@id":"https:\/\/bydletestylove.cz\/#\/schema\/person\/d7f6166cd40362bc6efced0ddb81b02f","name":"Jolana Hol\u00e1\u0148ov\u00e1","image":{"@type":"ImageObject","inLanguage":"cs","@id":"https:\/\/bydletestylove.cz\/#\/schema\/person\/image\/","url":"https:\/\/secure.gravatar.com\/avatar\/5863c504ed89cd419ff3a5e812c722ff?s=96&d=mm&r=g","contentUrl":"https:\/\/secure.gravatar.com\/avatar\/5863c504ed89cd419ff3a5e812c722ff?s=96&d=mm&r=g","caption":"Jolana Hol\u00e1\u0148ov\u00e1"},"sameAs":["http:\/\/BydleteStylove.cz"],"url":"https:\/\/bydletestylove.cz\/index.php\/author\/jolhol\/"}]}},"_links":{"self":[{"href":"https:\/\/bydletestylove.cz\/index.php\/wp-json\/wp\/v2\/posts\/298"}],"collection":[{"href":"https:\/\/bydletestylove.cz\/index.php\/wp-json\/wp\/v2\/posts"}],"about":[{"href":"https:\/\/bydletestylove.cz\/index.php\/wp-json\/wp\/v2\/types\/post"}],"author":[{"embeddable":true,"href":"https:\/\/bydletestylove.cz\/index.php\/wp-json\/wp\/v2\/users\/2"}],"replies":[{"embeddable":true,"href":"https:\/\/bydletestylove.cz\/index.php\/wp-json\/wp\/v2\/comments?post=298"}],"version-history":[{"count":2,"href":"https:\/\/bydletestylove.cz\/index.php\/wp-json\/wp\/v2\/posts\/298\/revisions"}],"predecessor-version":[{"id":306,"href":"https:\/\/bydletestylove.cz\/index.php\/wp-json\/wp\/v2\/posts\/298\/revisions\/306"}],"wp:featuredmedia":[{"embeddable":true,"href":"https:\/\/bydletestylove.cz\/index.php\/wp-json\/wp\/v2\/media\/299"}],"wp:attachment":[{"href":"https:\/\/bydletestylove.cz\/index.php\/wp-json\/wp\/v2\/media?parent=298"}],"wp:term":[{"taxonomy":"category","embeddable":true,"href":"https:\/\/bydletestylove.cz\/index.php\/wp-json\/wp\/v2\/categories?post=298"},{"taxonomy":"post_tag","embeddable":true,"href":"https:\/\/bydletestylove.cz\/index.php\/wp-json\/wp\/v2\/tags?post=298"}],"curies":[{"name":"wp","href":"https:\/\/api.w.org\/{rel}","templated":true}]}}