{"id":2491,"date":"2026-03-16T02:15:07","date_gmt":"2026-03-16T01:15:07","guid":{"rendered":"https:\/\/bydletestylove.cz\/?p=2491"},"modified":"2026-03-16T02:15:08","modified_gmt":"2026-03-16T01:15:08","slug":"banka-creditas-stavi-v-karline-zakladni-kamen-nove-centraly-pro-dva-tisice-lidi-je-polozen","status":"publish","type":"post","link":"https:\/\/bydletestylove.cz\/index.php\/fotoreporty\/banka-creditas-stavi-v-karline-zakladni-kamen-nove-centraly-pro-dva-tisice-lidi-je-polozen\/","title":{"rendered":"<span>Banka CREDITAS stav\u00ed v Karl\u00edn\u011b: Z\u00e1kladn\u00ed k\u00e1men nov\u00e9 centr\u00e1ly pro dva tis\u00edce lid\u00ed je polo\u017een<\/span>"},"content":{"rendered":"\n<div style=\"height:38px\" aria-hidden=\"true\" class=\"wp-block-spacer\"><\/div>\n\n\n\n<p class=\"has-medium-font-size\"><strong>Slavnostn\u00edm poklep\u00e1n\u00edm z\u00e1kladn\u00edho kamene vstoupila v\u00fdstavba administrativn\u00ed budovy Rohan City A2 do dal\u0161\u00ed f\u00e1ze. Objekt na Rohansk\u00e9m n\u00e1b\u0159e\u017e\u00ed v Praze 8 se stane novou centr\u00e1lou Banky CREDITAS a dal\u0161\u00edch spole\u010dnost\u00ed skupiny CREDITAS. Budova s pronaj\u00edmatelnou plochou p\u0159es 17 000 m\u00b2 nab\u00eddne z\u00e1zem\u00ed pro t\u00e9m\u011b\u0159 dv\u011b tis\u00edcovky zam\u011bstnanc\u016f, dokon\u010den\u00ed je pl\u00e1nov\u00e1no na polovinu roku 2028.<\/strong><\/p>\n\n\n\n<div style=\"height:38px\" aria-hidden=\"true\" class=\"wp-block-spacer\"><\/div>\n\n\n<div class=\"wp-block-image\">\n<figure class=\"aligncenter size-large\"><img decoding=\"async\" src=\"https:\/\/vcentru.cz\/wp-content\/uploads\/2026\/03\/Creditas-3-1024x682.jpg\" alt=\"Banka CREDITAS stav\u00ed v Karl\u00edn\u011b: Z\u00e1kladn\u00ed k\u00e1men nov\u00e9 centr\u00e1ly pro dva tis\u00edce lid\u00ed je polo\u017een\" class=\"wp-image-8184\"\/><\/figure><\/div>\n\n\n<div style=\"height:38px\" aria-hidden=\"true\" class=\"wp-block-spacer\"><\/div>\n\n\n\n<p class=\"has-medium-font-size\">Projekt na Rohansk\u00e9m n\u00e1b\u0159e\u017e\u00ed v Praze 8 koupila v&nbsp;roce 2024 od developersk\u00e9 spole\u010dnosti Sekyra Group Banka CREDITAS. Symbolick\u00fdm miln\u00edkem v\u00fdstavby bylo slavnostn\u00ed poklep\u00e1n\u00ed z\u00e1kladn\u00edho kamene za \u00fa\u010dasti spolumajitele skupiny CREDITAS Davida Hub\u00e1\u010dka, \u010dlena p\u0159edstavenstva Banky CREDITAS a z\u00e1stupce hlavn\u00edho investora, Kamila Rataje a \u0159editele CREDITAS Real Estate Ji\u0159\u00edho Vajnera. <\/p>\n\n\n\n<div style=\"height:38px\" aria-hidden=\"true\" class=\"wp-block-spacer\"><\/div>\n\n\n<div class=\"wp-block-image\">\n<figure class=\"aligncenter size-large\"><img decoding=\"async\" src=\"https:\/\/vcentru.cz\/wp-content\/uploads\/2026\/03\/Creditas-2-1024x682.jpg\" alt=\"Banka CREDITAS stav\u00ed v Karl\u00edn\u011b: Z\u00e1kladn\u00ed k\u00e1men nov\u00e9 centr\u00e1ly pro dva tis\u00edce lid\u00ed je polo\u017een\" class=\"wp-image-8185\"\/><\/figure><\/div>\n\n\n<div style=\"height:38px\" aria-hidden=\"true\" class=\"wp-block-spacer\"><\/div>\n\n\n\n<p class=\"has-medium-font-size\">\u201e<em>Rohan je pro n\u00e1s strategickou investic\u00ed. Stav\u00edme centr\u00e1lu, kter\u00e1 bude odpov\u00eddat velikosti a ambic\u00edm cel\u00e9 skupiny CREDITAS. Nejde jen o nov\u00e9 kancel\u00e1\u0159e, ale o dlouhodob\u00e9 z\u00e1zem\u00ed, kter\u00e9 podpo\u0159\u00ed dal\u0161\u00ed r\u016fst a propojen\u00ed na\u0161ich spole\u010dnost\u00ed<\/em>,\u201c <strong>\u0159ekl z\u00e1stupce hlavn\u00edho investora a \u010dlen p\u0159edstavenstva Banky CREDITAS Kamil Rataj.<\/strong><\/p>\n\n\n\n<div style=\"height:38px\" aria-hidden=\"true\" class=\"wp-block-spacer\"><\/div>\n\n\n<div class=\"wp-block-image\">\n<figure class=\"aligncenter size-large\"><img decoding=\"async\" src=\"https:\/\/vcentru.cz\/wp-content\/uploads\/2026\/03\/Creditas-5-1024x768.jpg\" alt=\"Banka CREDITAS stav\u00ed v Karl\u00edn\u011b: Z\u00e1kladn\u00ed k\u00e1men nov\u00e9 centr\u00e1ly pro dva tis\u00edce lid\u00ed je polo\u017een\" class=\"wp-image-8183\"\/><\/figure><\/div>\n\n\n<div style=\"height:38px\" aria-hidden=\"true\" class=\"wp-block-spacer\"><\/div>\n\n\n\n<p class=\"has-medium-font-size\">Nov\u00e1 centr\u00e1la celkov\u011b nab\u00eddne v\u00edce ne\u017e 17 tis\u00edc m<sup>2<\/sup>&nbsp;pronaj\u00edmateln\u00e9 plochy. Krom\u011b kancel\u00e1\u0159\u00ed bude v&nbsp;objektu restaurace, pobo\u010dka Banky CREDITAS a dal\u0161\u00ed reprezentativn\u00ed obchodn\u00ed prostory banky. Objekt bude odpov\u00eddat nejmodern\u011bj\u0161\u00edm trend\u016fm kancel\u00e1\u0159sk\u00fdch budov. <\/p>\n\n\n\n<p class=\"has-medium-font-size\">\u201e<em>V sou\u010dasnosti jsou dokon\u010deny geoterm\u00e1ln\u00ed vrty, podkladn\u00ed betony a zah\u00e1jeny byly pr\u00e1ce na monolitick\u00fdch konstrukc\u00edch. Prob\u00edhaj\u00ed v\u00fdb\u011brov\u00e1 \u0159\u00edzen\u00ed na dodavatele fas\u00e1dy, zd\u011bn\u00fdch konstrukc\u00ed a vnit\u0159n\u00edch instalac\u00ed.<\/em> <em>Stav\u00edme modern\u00ed a efektivn\u00ed budovu, kter\u00e1 bude reprezentovat stabilitu a dlouhodob\u00fd sm\u011br skupiny CREDITAS<\/em>,\u201c <strong>doplnil Ji\u0159\u00ed Vajner, \u0159editel CREDITAS Real Estate, kter\u00e1 v\u00fdstavbu zast\u0159e\u0161uje<\/strong>. Celkov\u00e9 investi\u010dn\u00ed n\u00e1klady projektu by m\u011bly p\u0159ev\u00fd\u0161it dv\u011b miliardy korun.<\/p>\n\n\n\n<div style=\"height:38px\" aria-hidden=\"true\" class=\"wp-block-spacer\"><\/div>\n\n\n<div class=\"wp-block-image\">\n<figure class=\"aligncenter size-large\"><img decoding=\"async\" src=\"https:\/\/vcentru.cz\/wp-content\/uploads\/2026\/03\/Creditas-6-1024x768.jpg\" alt=\"Banka CREDITAS stav\u00ed v Karl\u00edn\u011b: Z\u00e1kladn\u00ed k\u00e1men nov\u00e9 centr\u00e1ly pro dva tis\u00edce lid\u00ed je polo\u017een\" class=\"wp-image-8186\"\/><\/figure><\/div>\n\n\n<div style=\"height:38px\" aria-hidden=\"true\" class=\"wp-block-spacer\"><\/div>\n\n\n\n<p class=\"has-medium-font-size\"><strong>Budova A2 bude sou\u010d\u00e1st\u00ed nov\u00e9 \u010dtvrti Rohan City<\/strong> tvo\u0159en\u00e9 administrativn\u00edmi i bytov\u00fdmi objekty v&nbsp;bl\u00edzkosti metra Invalidovna, kde m\u00e1 do budoucna bydlet nebo pracovat 11 tis\u00edc lid\u00ed. Revitalizace v\u00edce ne\u017e dvacetihektarov\u00e9ho brownfieldu se tak d\u00e1le etabluje ve v\u00fdznamnou komer\u010dn\u00ed lokalitu, jej\u00ed\u017e sou\u010d\u00e1st\u00ed bude i po Stromovce druh\u00e1 nejv\u011bt\u0161\u00ed relaxa\u010dn\u00ed z\u00f3na v&nbsp;Praze.<\/p>\n\n\n\n<div style=\"height:111px\" aria-hidden=\"true\" class=\"wp-block-spacer\"><\/div>\n\n\n\n<figure class=\"wp-block-gallery has-nested-images columns-2 is-cropped wp-block-gallery-1 is-layout-flex\">\n<figure class=\"wp-block-image size-large\"><img decoding=\"async\" data-id=\"8181\"  src=\"https:\/\/vcentru.cz\/wp-content\/uploads\/2026\/03\/Creditas-4-1024x682.jpg\" alt=\"Banka CREDITAS stav\u00ed v Karl\u00edn\u011b: Z\u00e1kladn\u00ed k\u00e1men nov\u00e9 centr\u00e1ly pro dva tis\u00edce lid\u00ed je polo\u017een\" class=\"wp-image-8181\"\/><\/figure>\n\n\n\n<figure class=\"wp-block-image size-large\"><img decoding=\"async\" data-id=\"8184\"  src=\"https:\/\/vcentru.cz\/wp-content\/uploads\/2026\/03\/Creditas-3-1024x682.jpg\" alt=\"Banka CREDITAS stav\u00ed v Karl\u00edn\u011b: Z\u00e1kladn\u00ed k\u00e1men nov\u00e9 centr\u00e1ly pro dva tis\u00edce lid\u00ed je polo\u017een\" class=\"wp-image-8184\"\/><\/figure>\n\n\n\n<figure class=\"wp-block-image size-large\"><img decoding=\"async\" data-id=\"8185\"  src=\"https:\/\/vcentru.cz\/wp-content\/uploads\/2026\/03\/Creditas-2-1024x682.jpg\" alt=\"Banka CREDITAS stav\u00ed v Karl\u00edn\u011b: Z\u00e1kladn\u00ed k\u00e1men nov\u00e9 centr\u00e1ly pro dva tis\u00edce lid\u00ed je polo\u017een\" class=\"wp-image-8185\"\/><\/figure>\n\n\n\n<figure class=\"wp-block-image size-large\"><img decoding=\"async\" data-id=\"8182\"  src=\"https:\/\/vcentru.cz\/wp-content\/uploads\/2026\/03\/Creditas-1-1024x682.jpg\" alt=\"Banka CREDITAS stav\u00ed v Karl\u00edn\u011b: Z\u00e1kladn\u00ed k\u00e1men nov\u00e9 centr\u00e1ly pro dva tis\u00edce lid\u00ed je polo\u017een\" class=\"wp-image-8182\"\/><\/figure>\n\n\n\n<figure class=\"wp-block-image size-large\"><img decoding=\"async\" data-id=\"8183\"  src=\"https:\/\/vcentru.cz\/wp-content\/uploads\/2026\/03\/Creditas-5-1024x768.jpg\" alt=\"Banka CREDITAS stav\u00ed v Karl\u00edn\u011b: Z\u00e1kladn\u00ed k\u00e1men nov\u00e9 centr\u00e1ly pro dva tis\u00edce lid\u00ed je polo\u017een\" class=\"wp-image-8183\"\/><\/figure>\n\n\n\n<figure class=\"wp-block-image size-large\"><img decoding=\"async\" data-id=\"8186\"  src=\"https:\/\/vcentru.cz\/wp-content\/uploads\/2026\/03\/Creditas-6-1024x768.jpg\" alt=\"Banka CREDITAS stav\u00ed v Karl\u00edn\u011b: Z\u00e1kladn\u00ed k\u00e1men nov\u00e9 centr\u00e1ly pro dva tis\u00edce lid\u00ed je polo\u017een\" class=\"wp-image-8186\"\/><\/figure>\n<\/figure>\n\n\n\n<div style=\"height:39px\" aria-hidden=\"true\" class=\"wp-block-spacer\"><\/div>\n\n\n\n<p class=\"has-medium-font-size\"><strong>Zdroj foto: <\/strong>Sekyra Group<\/p>\n\n\n\n<div style=\"height:100px\" aria-hidden=\"true\" class=\"wp-block-spacer\"><\/div>\n","protected":false},"excerpt":{"rendered":"<p>Slavnostn\u00edm poklep\u00e1n\u00edm z\u00e1kladn\u00edho kamene vstoupila v\u00fdstavba administrativn\u00ed budovy Rohan City A2 do dal\u0161\u00ed f\u00e1ze. Objekt na Rohansk\u00e9m n\u00e1b\u0159e\u017e\u00ed v Praze 8 se stane novou centr\u00e1lou Banky CREDITAS a dal\u0161\u00edch spole\u010dnost\u00ed skupiny CREDITAS. Budova s pronaj\u00edmatelnou plochou p\u0159es 17 000 m\u00b2 nab\u00eddne z\u00e1zem\u00ed pro t\u00e9m\u011b\u0159 dv\u011b tis\u00edcovky zam\u011bstnanc\u016f, dokon\u010den\u00ed je pl\u00e1nov\u00e1no na polovinu roku 2028. Projekt na Rohansk\u00e9m n\u00e1b\u0159e\u017e\u00ed v Praze 8 koupila v&nbsp;roce 2024 od developersk\u00e9 spole\u010dnosti Sekyra Group Banka CREDITAS. Symbolick\u00fdm miln\u00edkem v\u00fdstavby bylo slavnostn\u00ed poklep\u00e1n\u00ed z\u00e1kladn\u00edho kamene za \u00fa\u010dasti spolumajitele skupiny CREDITAS Davida Hub\u00e1\u010dka, \u010dlena p\u0159edstavenstva Banky CREDITAS&hellip;<\/p>\n","protected":false},"author":9,"featured_media":2492,"comment_status":"closed","ping_status":"open","sticky":false,"template":"","format":"standard","meta":{"_mi_skip_tracking":false,"_monsterinsights_sitenote_active":false,"_monsterinsights_sitenote_note":"","_monsterinsights_sitenote_category":0},"categories":[12,4,1,8,5],"tags":[69,65,64,70],"yoast_head":"<!-- This site is optimized with the Yoast SEO plugin v21.4 - https:\/\/yoast.com\/wordpress\/plugins\/seo\/ -->\n<title>Banka CREDITAS stav\u00ed v Karl\u00edn\u011b: Z\u00e1kladn\u00ed k\u00e1men nov\u00e9 centr\u00e1ly pro dva tis\u00edce lid\u00ed je polo\u017een - BydleteStylov\u011b.cz<\/title>\n<meta name=\"description\" content=\"Slavnostn\u00edm poklep\u00e1n\u00edm z\u00e1kladn\u00edho kamene vstoupila v\u00fdstavba administrativn\u00ed budovy Rohan City A2 do dal\u0161\u00ed f\u00e1ze.\" \/>\n<meta name=\"robots\" content=\"index, follow, max-snippet:-1, max-image-preview:large, max-video-preview:-1\" \/>\n<link rel=\"canonical\" href=\"http:\/\/bydletestylove.cz\/index.php\/fotoreporty\/banka-creditas-stavi-v-karline-zakladni-kamen-nove-centraly-pro-dva-tisice-lidi-je-polozen\/\" \/>\n<meta property=\"og:locale\" content=\"cs_CZ\" \/>\n<meta property=\"og:type\" content=\"article\" \/>\n<meta property=\"og:title\" content=\"Banka CREDITAS stav\u00ed v Karl\u00edn\u011b: Z\u00e1kladn\u00ed k\u00e1men nov\u00e9 centr\u00e1ly pro dva tis\u00edce lid\u00ed je polo\u017een - BydleteStylov\u011b.cz\" \/>\n<meta property=\"og:description\" content=\"Slavnostn\u00edm poklep\u00e1n\u00edm z\u00e1kladn\u00edho kamene vstoupila v\u00fdstavba administrativn\u00ed budovy Rohan City A2 do dal\u0161\u00ed f\u00e1ze.\" \/>\n<meta property=\"og:url\" content=\"http:\/\/bydletestylove.cz\/index.php\/fotoreporty\/banka-creditas-stavi-v-karline-zakladni-kamen-nove-centraly-pro-dva-tisice-lidi-je-polozen\/\" \/>\n<meta property=\"og:site_name\" content=\"BydleteStylov\u011b.cz\" \/>\n<meta property=\"article:published_time\" content=\"2026-03-16T01:15:07+00:00\" \/>\n<meta property=\"article:modified_time\" content=\"2026-03-16T01:15:08+00:00\" \/>\n<meta property=\"og:image\" content=\"http:\/\/bydletestylove.cz\/wp-content\/uploads\/2026\/03\/Creditas-1.jpg\" \/>\n\t<meta property=\"og:image:width\" content=\"1450\" \/>\n\t<meta property=\"og:image:height\" content=\"966\" \/>\n\t<meta property=\"og:image:type\" content=\"image\/jpeg\" \/>\n<meta name=\"author\" content=\"Jan \u0160m\u00edd\" \/>\n<meta name=\"twitter:card\" content=\"summary_large_image\" \/>\n<meta name=\"twitter:label1\" content=\"Napsal(a)\" \/>\n\t<meta name=\"twitter:data1\" content=\"Jan \u0160m\u00edd\" \/>\n\t<meta name=\"twitter:label2\" content=\"Odhadovan\u00e1 doba \u010dten\u00ed\" \/>\n\t<meta name=\"twitter:data2\" content=\"4 minuty\" \/>\n<script type=\"application\/ld+json\" class=\"yoast-schema-graph\">{\"@context\":\"https:\/\/schema.org\",\"@graph\":[{\"@type\":\"Article\",\"@id\":\"http:\/\/bydletestylove.cz\/index.php\/fotoreporty\/banka-creditas-stavi-v-karline-zakladni-kamen-nove-centraly-pro-dva-tisice-lidi-je-polozen\/#article\",\"isPartOf\":{\"@id\":\"http:\/\/bydletestylove.cz\/index.php\/fotoreporty\/banka-creditas-stavi-v-karline-zakladni-kamen-nove-centraly-pro-dva-tisice-lidi-je-polozen\/\"},\"author\":{\"name\":\"Jan \u0160m\u00edd\",\"@id\":\"https:\/\/bydletestylove.cz\/#\/schema\/person\/f256aaf25bcb074d42de0996717360f5\"},\"headline\":\"Banka CREDITAS stav\u00ed v Karl\u00edn\u011b: Z\u00e1kladn\u00ed k\u00e1men nov\u00e9 centr\u00e1ly pro dva tis\u00edce lid\u00ed je polo\u017een\",\"datePublished\":\"2026-03-16T01:15:07+00:00\",\"dateModified\":\"2026-03-16T01:15:08+00:00\",\"mainEntityOfPage\":{\"@id\":\"http:\/\/bydletestylove.cz\/index.php\/fotoreporty\/banka-creditas-stavi-v-karline-zakladni-kamen-nove-centraly-pro-dva-tisice-lidi-je-polozen\/\"},\"wordCount\":419,\"publisher\":{\"@id\":\"https:\/\/bydletestylove.cz\/#organization\"},\"keywords\":[\"Banka CREDITAS\",\"Metropole\",\"Pra\u017esk\u00e1 Metropole\",\"Rohan City\"],\"articleSection\":[\"DESIGN &amp; ARCHITEKTURA\",\"FOTOREPORTY\",\"NOVINKY\",\"REKONSTRUKCE &amp; STAVBA\",\"TIPY &amp; TRENDY\"],\"inLanguage\":\"cs\"},{\"@type\":\"WebPage\",\"@id\":\"http:\/\/bydletestylove.cz\/index.php\/fotoreporty\/banka-creditas-stavi-v-karline-zakladni-kamen-nove-centraly-pro-dva-tisice-lidi-je-polozen\/\",\"url\":\"http:\/\/bydletestylove.cz\/index.php\/fotoreporty\/banka-creditas-stavi-v-karline-zakladni-kamen-nove-centraly-pro-dva-tisice-lidi-je-polozen\/\",\"name\":\"Banka CREDITAS stav\u00ed v Karl\u00edn\u011b: Z\u00e1kladn\u00ed k\u00e1men nov\u00e9 centr\u00e1ly pro dva tis\u00edce lid\u00ed je polo\u017een - BydleteStylov\u011b.cz\",\"isPartOf\":{\"@id\":\"https:\/\/bydletestylove.cz\/#website\"},\"datePublished\":\"2026-03-16T01:15:07+00:00\",\"dateModified\":\"2026-03-16T01:15:08+00:00\",\"description\":\"Slavnostn\u00edm poklep\u00e1n\u00edm z\u00e1kladn\u00edho kamene vstoupila v\u00fdstavba administrativn\u00ed budovy Rohan City A2 do dal\u0161\u00ed f\u00e1ze.\",\"breadcrumb\":{\"@id\":\"http:\/\/bydletestylove.cz\/index.php\/fotoreporty\/banka-creditas-stavi-v-karline-zakladni-kamen-nove-centraly-pro-dva-tisice-lidi-je-polozen\/#breadcrumb\"},\"inLanguage\":\"cs\",\"potentialAction\":[{\"@type\":\"ReadAction\",\"target\":[\"http:\/\/bydletestylove.cz\/index.php\/fotoreporty\/banka-creditas-stavi-v-karline-zakladni-kamen-nove-centraly-pro-dva-tisice-lidi-je-polozen\/\"]}]},{\"@type\":\"BreadcrumbList\",\"@id\":\"http:\/\/bydletestylove.cz\/index.php\/fotoreporty\/banka-creditas-stavi-v-karline-zakladni-kamen-nove-centraly-pro-dva-tisice-lidi-je-polozen\/#breadcrumb\",\"itemListElement\":[{\"@type\":\"ListItem\",\"position\":1,\"name\":\"Dom\u016f\",\"item\":\"https:\/\/bydletestylove.cz\/\"},{\"@type\":\"ListItem\",\"position\":2,\"name\":\"Banka CREDITAS stav\u00ed v Karl\u00edn\u011b: Z\u00e1kladn\u00ed k\u00e1men nov\u00e9 centr\u00e1ly pro dva tis\u00edce lid\u00ed je polo\u017een\"}]},{\"@type\":\"WebSite\",\"@id\":\"https:\/\/bydletestylove.cz\/#website\",\"url\":\"https:\/\/bydletestylove.cz\/\",\"name\":\"BydleteStylov\u011b.cz\",\"description\":\"Port\u00e1l o stylov\u00e9m bydlen\u00ed...\",\"publisher\":{\"@id\":\"https:\/\/bydletestylove.cz\/#organization\"},\"potentialAction\":[{\"@type\":\"SearchAction\",\"target\":{\"@type\":\"EntryPoint\",\"urlTemplate\":\"https:\/\/bydletestylove.cz\/?s={search_term_string}\"},\"query-input\":\"required name=search_term_string\"}],\"inLanguage\":\"cs\"},{\"@type\":\"Organization\",\"@id\":\"https:\/\/bydletestylove.cz\/#organization\",\"name\":\"BydleteStylov\u011b.cz\",\"url\":\"https:\/\/bydletestylove.cz\/\",\"logo\":{\"@type\":\"ImageObject\",\"inLanguage\":\"cs\",\"@id\":\"https:\/\/bydletestylove.cz\/#\/schema\/logo\/image\/\",\"url\":\"https:\/\/bydletestylove.cz\/wp-content\/uploads\/2024\/12\/cropped-Logo-Bydlete-Stylove.jpg\",\"contentUrl\":\"https:\/\/bydletestylove.cz\/wp-content\/uploads\/2024\/12\/cropped-Logo-Bydlete-Stylove.jpg\",\"width\":290,\"height\":143,\"caption\":\"BydleteStylov\u011b.cz\"},\"image\":{\"@id\":\"https:\/\/bydletestylove.cz\/#\/schema\/logo\/image\/\"},\"sameAs\":[\"https:\/\/www.instagram.com\/bydletestylove.cz\/\"]},{\"@type\":\"Person\",\"@id\":\"https:\/\/bydletestylove.cz\/#\/schema\/person\/f256aaf25bcb074d42de0996717360f5\",\"name\":\"Jan \u0160m\u00edd\",\"image\":{\"@type\":\"ImageObject\",\"inLanguage\":\"cs\",\"@id\":\"https:\/\/bydletestylove.cz\/#\/schema\/person\/image\/\",\"url\":\"https:\/\/secure.gravatar.com\/avatar\/70f8b575525c369952d0b7a7cdfa779b?s=96&d=mm&r=g\",\"contentUrl\":\"https:\/\/secure.gravatar.com\/avatar\/70f8b575525c369952d0b7a7cdfa779b?s=96&d=mm&r=g\",\"caption\":\"Jan \u0160m\u00edd\"},\"sameAs\":[\"http:\/\/BydleteStylove.cz\"],\"url\":\"https:\/\/bydletestylove.cz\/index.php\/author\/sjan\/\"}]}<\/script>\n<!-- \/ Yoast SEO plugin. -->","yoast_head_json":{"title":"Banka CREDITAS stav\u00ed v Karl\u00edn\u011b: Z\u00e1kladn\u00ed k\u00e1men nov\u00e9 centr\u00e1ly pro dva tis\u00edce lid\u00ed je polo\u017een - BydleteStylov\u011b.cz","description":"Slavnostn\u00edm poklep\u00e1n\u00edm z\u00e1kladn\u00edho kamene vstoupila v\u00fdstavba administrativn\u00ed budovy Rohan City A2 do dal\u0161\u00ed f\u00e1ze.","robots":{"index":"index","follow":"follow","max-snippet":"max-snippet:-1","max-image-preview":"max-image-preview:large","max-video-preview":"max-video-preview:-1"},"canonical":"http:\/\/bydletestylove.cz\/index.php\/fotoreporty\/banka-creditas-stavi-v-karline-zakladni-kamen-nove-centraly-pro-dva-tisice-lidi-je-polozen\/","og_locale":"cs_CZ","og_type":"article","og_title":"Banka CREDITAS stav\u00ed v Karl\u00edn\u011b: Z\u00e1kladn\u00ed k\u00e1men nov\u00e9 centr\u00e1ly pro dva tis\u00edce lid\u00ed je polo\u017een - BydleteStylov\u011b.cz","og_description":"Slavnostn\u00edm poklep\u00e1n\u00edm z\u00e1kladn\u00edho kamene vstoupila v\u00fdstavba administrativn\u00ed budovy Rohan City A2 do dal\u0161\u00ed f\u00e1ze.","og_url":"http:\/\/bydletestylove.cz\/index.php\/fotoreporty\/banka-creditas-stavi-v-karline-zakladni-kamen-nove-centraly-pro-dva-tisice-lidi-je-polozen\/","og_site_name":"BydleteStylov\u011b.cz","article_published_time":"2026-03-16T01:15:07+00:00","article_modified_time":"2026-03-16T01:15:08+00:00","og_image":[{"width":1450,"height":966,"url":"http:\/\/bydletestylove.cz\/wp-content\/uploads\/2026\/03\/Creditas-1.jpg","type":"image\/jpeg"}],"author":"Jan \u0160m\u00edd","twitter_card":"summary_large_image","twitter_misc":{"Napsal(a)":"Jan \u0160m\u00edd","Odhadovan\u00e1 doba \u010dten\u00ed":"4 minuty"},"schema":{"@context":"https:\/\/schema.org","@graph":[{"@type":"Article","@id":"http:\/\/bydletestylove.cz\/index.php\/fotoreporty\/banka-creditas-stavi-v-karline-zakladni-kamen-nove-centraly-pro-dva-tisice-lidi-je-polozen\/#article","isPartOf":{"@id":"http:\/\/bydletestylove.cz\/index.php\/fotoreporty\/banka-creditas-stavi-v-karline-zakladni-kamen-nove-centraly-pro-dva-tisice-lidi-je-polozen\/"},"author":{"name":"Jan \u0160m\u00edd","@id":"https:\/\/bydletestylove.cz\/#\/schema\/person\/f256aaf25bcb074d42de0996717360f5"},"headline":"Banka CREDITAS stav\u00ed v Karl\u00edn\u011b: Z\u00e1kladn\u00ed k\u00e1men nov\u00e9 centr\u00e1ly pro dva tis\u00edce lid\u00ed je polo\u017een","datePublished":"2026-03-16T01:15:07+00:00","dateModified":"2026-03-16T01:15:08+00:00","mainEntityOfPage":{"@id":"http:\/\/bydletestylove.cz\/index.php\/fotoreporty\/banka-creditas-stavi-v-karline-zakladni-kamen-nove-centraly-pro-dva-tisice-lidi-je-polozen\/"},"wordCount":419,"publisher":{"@id":"https:\/\/bydletestylove.cz\/#organization"},"keywords":["Banka CREDITAS","Metropole","Pra\u017esk\u00e1 Metropole","Rohan City"],"articleSection":["DESIGN &amp; ARCHITEKTURA","FOTOREPORTY","NOVINKY","REKONSTRUKCE &amp; STAVBA","TIPY &amp; TRENDY"],"inLanguage":"cs"},{"@type":"WebPage","@id":"http:\/\/bydletestylove.cz\/index.php\/fotoreporty\/banka-creditas-stavi-v-karline-zakladni-kamen-nove-centraly-pro-dva-tisice-lidi-je-polozen\/","url":"http:\/\/bydletestylove.cz\/index.php\/fotoreporty\/banka-creditas-stavi-v-karline-zakladni-kamen-nove-centraly-pro-dva-tisice-lidi-je-polozen\/","name":"Banka CREDITAS stav\u00ed v Karl\u00edn\u011b: Z\u00e1kladn\u00ed k\u00e1men nov\u00e9 centr\u00e1ly pro dva tis\u00edce lid\u00ed je polo\u017een - BydleteStylov\u011b.cz","isPartOf":{"@id":"https:\/\/bydletestylove.cz\/#website"},"datePublished":"2026-03-16T01:15:07+00:00","dateModified":"2026-03-16T01:15:08+00:00","description":"Slavnostn\u00edm poklep\u00e1n\u00edm z\u00e1kladn\u00edho kamene vstoupila v\u00fdstavba administrativn\u00ed budovy Rohan City A2 do dal\u0161\u00ed f\u00e1ze.","breadcrumb":{"@id":"http:\/\/bydletestylove.cz\/index.php\/fotoreporty\/banka-creditas-stavi-v-karline-zakladni-kamen-nove-centraly-pro-dva-tisice-lidi-je-polozen\/#breadcrumb"},"inLanguage":"cs","potentialAction":[{"@type":"ReadAction","target":["http:\/\/bydletestylove.cz\/index.php\/fotoreporty\/banka-creditas-stavi-v-karline-zakladni-kamen-nove-centraly-pro-dva-tisice-lidi-je-polozen\/"]}]},{"@type":"BreadcrumbList","@id":"http:\/\/bydletestylove.cz\/index.php\/fotoreporty\/banka-creditas-stavi-v-karline-zakladni-kamen-nove-centraly-pro-dva-tisice-lidi-je-polozen\/#breadcrumb","itemListElement":[{"@type":"ListItem","position":1,"name":"Dom\u016f","item":"https:\/\/bydletestylove.cz\/"},{"@type":"ListItem","position":2,"name":"Banka CREDITAS stav\u00ed v Karl\u00edn\u011b: Z\u00e1kladn\u00ed k\u00e1men nov\u00e9 centr\u00e1ly pro dva tis\u00edce lid\u00ed je polo\u017een"}]},{"@type":"WebSite","@id":"https:\/\/bydletestylove.cz\/#website","url":"https:\/\/bydletestylove.cz\/","name":"BydleteStylov\u011b.cz","description":"Port\u00e1l o stylov\u00e9m bydlen\u00ed...","publisher":{"@id":"https:\/\/bydletestylove.cz\/#organization"},"potentialAction":[{"@type":"SearchAction","target":{"@type":"EntryPoint","urlTemplate":"https:\/\/bydletestylove.cz\/?s={search_term_string}"},"query-input":"required name=search_term_string"}],"inLanguage":"cs"},{"@type":"Organization","@id":"https:\/\/bydletestylove.cz\/#organization","name":"BydleteStylov\u011b.cz","url":"https:\/\/bydletestylove.cz\/","logo":{"@type":"ImageObject","inLanguage":"cs","@id":"https:\/\/bydletestylove.cz\/#\/schema\/logo\/image\/","url":"https:\/\/bydletestylove.cz\/wp-content\/uploads\/2024\/12\/cropped-Logo-Bydlete-Stylove.jpg","contentUrl":"https:\/\/bydletestylove.cz\/wp-content\/uploads\/2024\/12\/cropped-Logo-Bydlete-Stylove.jpg","width":290,"height":143,"caption":"BydleteStylov\u011b.cz"},"image":{"@id":"https:\/\/bydletestylove.cz\/#\/schema\/logo\/image\/"},"sameAs":["https:\/\/www.instagram.com\/bydletestylove.cz\/"]},{"@type":"Person","@id":"https:\/\/bydletestylove.cz\/#\/schema\/person\/f256aaf25bcb074d42de0996717360f5","name":"Jan \u0160m\u00edd","image":{"@type":"ImageObject","inLanguage":"cs","@id":"https:\/\/bydletestylove.cz\/#\/schema\/person\/image\/","url":"https:\/\/secure.gravatar.com\/avatar\/70f8b575525c369952d0b7a7cdfa779b?s=96&d=mm&r=g","contentUrl":"https:\/\/secure.gravatar.com\/avatar\/70f8b575525c369952d0b7a7cdfa779b?s=96&d=mm&r=g","caption":"Jan \u0160m\u00edd"},"sameAs":["http:\/\/BydleteStylove.cz"],"url":"https:\/\/bydletestylove.cz\/index.php\/author\/sjan\/"}]}},"_links":{"self":[{"href":"https:\/\/bydletestylove.cz\/index.php\/wp-json\/wp\/v2\/posts\/2491"}],"collection":[{"href":"https:\/\/bydletestylove.cz\/index.php\/wp-json\/wp\/v2\/posts"}],"about":[{"href":"https:\/\/bydletestylove.cz\/index.php\/wp-json\/wp\/v2\/types\/post"}],"author":[{"embeddable":true,"href":"https:\/\/bydletestylove.cz\/index.php\/wp-json\/wp\/v2\/users\/9"}],"replies":[{"embeddable":true,"href":"https:\/\/bydletestylove.cz\/index.php\/wp-json\/wp\/v2\/comments?post=2491"}],"version-history":[{"count":1,"href":"https:\/\/bydletestylove.cz\/index.php\/wp-json\/wp\/v2\/posts\/2491\/revisions"}],"predecessor-version":[{"id":2493,"href":"https:\/\/bydletestylove.cz\/index.php\/wp-json\/wp\/v2\/posts\/2491\/revisions\/2493"}],"wp:featuredmedia":[{"embeddable":true,"href":"https:\/\/bydletestylove.cz\/index.php\/wp-json\/wp\/v2\/media\/2492"}],"wp:attachment":[{"href":"https:\/\/bydletestylove.cz\/index.php\/wp-json\/wp\/v2\/media?parent=2491"}],"wp:term":[{"taxonomy":"category","embeddable":true,"href":"https:\/\/bydletestylove.cz\/index.php\/wp-json\/wp\/v2\/categories?post=2491"},{"taxonomy":"post_tag","embeddable":true,"href":"https:\/\/bydletestylove.cz\/index.php\/wp-json\/wp\/v2\/tags?post=2491"}],"curies":[{"name":"wp","href":"https:\/\/api.w.org\/{rel}","templated":true}]}}