{"id":2392,"date":"2026-01-19T00:01:00","date_gmt":"2026-01-18T23:01:00","guid":{"rendered":"https:\/\/bydletestylove.cz\/?p=2392"},"modified":"2026-01-19T00:22:42","modified_gmt":"2026-01-18T23:22:42","slug":"cesky-trh-luxusnich-nemovitosti-se-v-poslednich-letech-vyrazne-promenil-od-prazskych-vil-az-po-horske-nemovitosti","status":"publish","type":"post","link":"https:\/\/bydletestylove.cz\/index.php\/design-architektura\/cesky-trh-luxusnich-nemovitosti-se-v-poslednich-letech-vyrazne-promenil-od-prazskych-vil-az-po-horske-nemovitosti\/","title":{"rendered":"<span>\u010cesk\u00fd trh luxusn\u00edch nemovitost\u00ed se v posledn\u00edch letech v\u00fdrazn\u011b prom\u011bnil: Od pra\u017esk\u00fdch vil a\u017e po horsk\u00e9 nemovitosti<\/span>"},"content":{"rendered":"\n<div style=\"height:35px\" aria-hidden=\"true\" class=\"wp-block-spacer\"><\/div>\n\n\n\n<p class=\"has-medium-font-size\"><em><strong>\u010cesk\u00fd trh luxusn\u00edch nemovitost\u00ed se v posledn\u00edch letech v\u00fdrazn\u011b prom\u011bnil. Kupuj\u00edc\u00ed jsou sofistikovan\u011bj\u0161\u00ed, d\u016fsledn\u011b zva\u017euj\u00ed lokalitu, kvalitu proveden\u00ed i dlouhodobou udr\u017eitelnost a provozn\u00ed n\u00e1klady. <\/strong><\/em><em><strong>Po\u0159\u00edzen\u00ed exkluzivn\u00ed nemovitosti dnes ji\u017e nen\u00ed jen ot\u00e1zkou presti\u017ee, ale p\u0159edev\u0161\u00edm promy\u0161len\u00e9 investice. Na jedn\u00e9 stran\u011b z\u00e1jemce p\u0159itahuj\u00ed prvot\u0159\u00eddn\u00ed byty a domy v&nbsp;hlavn\u00edm m\u011bst\u011b, na stran\u011b druh\u00e9 pak pr\u00e9miov\u00e9 rekrea\u010dn\u00ed lokality s celoro\u010dn\u00edm vyu\u017eit\u00edm a stabiln\u00edmi v\u00fdnosy: a to jak na \u010desk\u00fdch hor\u00e1ch, tak v&nbsp;l\u00e1ze\u0148sk\u00fdch m\u011bstech. Realitn\u00ed kancel\u00e1\u0159 Luxent \u2013 Exclusive Properites p\u0159edstavuje aktu\u00e1ln\u00ed v\u00fdb\u011br nemovitost\u00ed ze sv\u00e9ho portfolia, kter\u00e9 se \u0159ad\u00ed k&nbsp;tomu nejlep\u0161\u00edmu na \u010desk\u00e9m high-end realitn\u00edm trhu.<\/strong><\/em><\/p>\n\n\n\n<div style=\"height:35px\" aria-hidden=\"true\" class=\"wp-block-spacer\"><\/div>\n\n\n<div class=\"wp-block-image\">\n<figure class=\"aligncenter size-large\"><img decoding=\"async\" loading=\"lazy\" width=\"1024\" height=\"683\" src=\"http:\/\/bydletestylove.cz\/wp-content\/uploads\/2026\/01\/Luxent_Rezidence-Rubin-Palace_exterier_01-1024x683.jpg\" alt=\"LUXENT\" class=\"wp-image-2399\" srcset=\"https:\/\/bydletestylove.cz\/wp-content\/uploads\/2026\/01\/Luxent_Rezidence-Rubin-Palace_exterier_01-1024x683.jpg 1024w, https:\/\/bydletestylove.cz\/wp-content\/uploads\/2026\/01\/Luxent_Rezidence-Rubin-Palace_exterier_01-300x200.jpg 300w, https:\/\/bydletestylove.cz\/wp-content\/uploads\/2026\/01\/Luxent_Rezidence-Rubin-Palace_exterier_01-768x512.jpg 768w, https:\/\/bydletestylove.cz\/wp-content\/uploads\/2026\/01\/Luxent_Rezidence-Rubin-Palace_exterier_01-1536x1024.jpg 1536w, https:\/\/bydletestylove.cz\/wp-content\/uploads\/2026\/01\/Luxent_Rezidence-Rubin-Palace_exterier_01.jpg 1920w\" sizes=\"(max-width: 1024px) 100vw, 1024px\" \/><\/figure><\/div>\n\n\n<div style=\"height:35px\" aria-hidden=\"true\" class=\"wp-block-spacer\"><\/div>\n\n\n\n<p class=\"has-medium-font-size\">Jedn\u00edm z nejsiln\u011bj\u0161\u00edch trend\u016f sou\u010dasn\u00e9ho luxusn\u00edho trhu je takzvan\u00fd \u201eflight to quality\u201c. Z\u00e1jemci se st\u00e1le v\u00edce soust\u0159ed\u00ed na nemovitosti, je\u017e maj\u00ed dlouhodobou hodnotu, \u0161pi\u010dkov\u00e9 proveden\u00ed a&nbsp;jasn\u00fd investi\u010dn\u00ed z\u00e1m\u011br.<em> \u201eU\u017e d\u00e1vno neplat\u00ed, \u017ee se prod\u00e1 cokoli se st\u0159echou. Klienti dnes hledaj\u00ed nemovitosti, kter\u00e9 d\u00e1vaj\u00ed smysl nejen emocion\u00e1ln\u011b, ale i investi\u010dn\u011b. Nab\u00eddka z\u016fst\u00e1v\u00e1 omezen\u00e1, co\u017e vytv\u00e1\u0159\u00ed tlak na dal\u0161\u00ed r\u016fst cen u kvalitn\u00edch a neopakovateln\u00fdch projekt\u016f,\u201c <\/em>popisuje realitn\u00ed makl\u00e9\u0159ka spole\u010dnosti <a href=\"http:\/\/www.luxent.cz\/\">Luxent \u2013 Exclusive Properties<\/a> Pavla Kalousov\u00e1.<\/p>\n\n\n\n<p class=\"has-medium-font-size\">K nejv\u00fdrazn\u011bj\u0161\u00edm&nbsp;novink\u00e1m v&nbsp;portfoliu realitn\u00ed kancel\u00e1\u0159e pat\u0159\u00ed v&nbsp;tomto sm\u011bru <a href=\"https:\/\/www.luxent.cz\/rezidence-rubin-palace-karlovy-vary\/3751\/\">Rezidence Rubin Palace<\/a>, situovan\u00e1 p\u0159\u00edmo na l\u00e1ze\u0148sk\u00e9 kolon\u00e1d\u011b v Karlov\u00fdch Varech. V nov\u011b zrekonstruovan\u00e9m historick\u00e9m dom\u011b z roku 1897 vzniklo \u0161est exkluzivn\u00edch apartm\u00e1n\u016f o dispozic\u00edch 2+kk a\u017e 4+kk, ka\u017ed\u00fd s balkonem \u010di terasou \u2013 bu\u010f s v\u00fdhledem na Ml\u00fdnskou kolon\u00e1du, nebo orientovan\u00fdch do klidn\u00e9ho vnitrobloku. Apartm\u00e1ny jsou pln\u011b vybaveny podle n\u00e1vrhu renomovan\u00e9 n\u011bmeck\u00e9 designerky Simony Fritz. Sou\u010d\u00e1st\u00ed projektu je i mo\u017enost dokoupen\u00ed priv\u00e1tn\u00edho spa se saunou a&nbsp;terasou. <em>\u201eD\u00edky kombinaci pr\u00e9miov\u00e9 lokality, omezen\u00e9ho po\u010dtu jednotek, velmi vysok\u00e9ho standardu a okam\u017eit\u00e9 mo\u017enosti bydlen\u00ed \u010di pron\u00e1jmu p\u0159edstavuje Rezidence Rubin Palace uk\u00e1zkov\u00fd p\u0159\u00edklad luxusn\u00ed nemovitosti, kter\u00e1 odpov\u00edd\u00e1 sou\u010dasn\u00e9 popt\u00e1vce po kvalit\u011b, stabilit\u011b a investi\u010dn\u00ed jistot\u011b,\u201c <\/em>komentuje makl\u00e9\u0159ka projektu \u0160\u00e1rka Tich\u00e1 z&nbsp;realitn\u00ed kancel\u00e1\u0159e Luxent \u2013 Exclusive Properties.<\/p>\n\n\n\n<div style=\"height:35px\" aria-hidden=\"true\" class=\"wp-block-spacer\"><\/div>\n\n\n<div class=\"wp-block-image\">\n<figure class=\"aligncenter size-large\"><img decoding=\"async\" loading=\"lazy\" width=\"1024\" height=\"683\" src=\"http:\/\/bydletestylove.cz\/wp-content\/uploads\/2026\/01\/Luxent_a_vila-Lumiere_Pruhonice_exterier_01-1024x683.jpg\" alt=\"LUXENT\" class=\"wp-image-2394\" srcset=\"https:\/\/bydletestylove.cz\/wp-content\/uploads\/2026\/01\/Luxent_a_vila-Lumiere_Pruhonice_exterier_01-1024x683.jpg 1024w, https:\/\/bydletestylove.cz\/wp-content\/uploads\/2026\/01\/Luxent_a_vila-Lumiere_Pruhonice_exterier_01-300x200.jpg 300w, https:\/\/bydletestylove.cz\/wp-content\/uploads\/2026\/01\/Luxent_a_vila-Lumiere_Pruhonice_exterier_01-768x512.jpg 768w, https:\/\/bydletestylove.cz\/wp-content\/uploads\/2026\/01\/Luxent_a_vila-Lumiere_Pruhonice_exterier_01-1536x1024.jpg 1536w, https:\/\/bydletestylove.cz\/wp-content\/uploads\/2026\/01\/Luxent_a_vila-Lumiere_Pruhonice_exterier_01.jpg 1920w\" sizes=\"(max-width: 1024px) 100vw, 1024px\" \/><\/figure><\/div>\n\n\n<div style=\"height:35px\" aria-hidden=\"true\" class=\"wp-block-spacer\"><\/div>\n\n\n\n<h2 class=\"wp-block-heading\"><img decoding=\"async\" src=\"\">N\u00e1roky rostou tak\u00e9 v&nbsp;metropoli<\/h2>\n\n\n\n<div style=\"height:35px\" aria-hidden=\"true\" class=\"wp-block-spacer\"><\/div>\n\n\n\n<p class=\"has-medium-font-size\">Princip \u201e\u00fat\u011bku ke kvalit\u011b\u201c je patrn\u00fd i v&nbsp;Praze a okol\u00ed, kde z\u016fst\u00e1vaj\u00ed nej\u017e\u00e1dan\u011bj\u0161\u00ed nemovitosti v presti\u017en\u00edch m\u011bstsk\u00fdch \u010d\u00e1stech s&nbsp;dostatkem soukrom\u00ed a zelen\u011b. V&nbsp;lukrativn\u00ed lokalit\u011b Pr\u016fhonice p\u0159edstavuje typick\u00fd p\u0159\u00edklad <a href=\"https:\/\/www.luxent.cz\/prodej-dum-rodinny-pruhonice\/3758\/\">luxusn\u00ed vila Lumi\u00e8re<\/a>, kter\u00e1 spojuje modern\u00ed architekturu, nadstandardn\u00ed technologie a bezprost\u0159edn\u00ed bl\u00edzkost p\u0159\u00edrody s rychlou dostupnost\u00ed do metropole. Nemovitost o&nbsp;celkov\u00e9 u\u017eitn\u00e9 plo\u0161e 590 m\u00b2 s pozemkem 2 287 m\u00b2 zahrnuje mj. priv\u00e1tn\u00ed wellness z\u00f3nu s vyh\u0159\u00edvan\u00fdm baz\u00e9nem, finskou saunou, letn\u00ed kuchyn\u00ed a odpo\u010dinkovou m\u00edstnost\u00ed s krbem.<\/p>\n\n\n\n<p class=\"has-medium-font-size\">V&nbsp;Praze 5 \u2013 Motol nab\u00edz\u00ed Luxent <a href=\"https:\/\/www.luxent.cz\/prodej-dum-vila-praha-5\/3426\/\">modern\u00ed vilu s dispozic\u00ed 6+kk<\/a>, zasazenou do sva\u017eit\u00e9 parcely o velikosti 972 m\u00b2. Sou\u010d\u00e1st\u00ed t\u0159\u00edpodla\u017en\u00ed exkluzivn\u00ed nemovitosti je tak\u00e9 samostatn\u00e1 bytov\u00e1 jednotka 3+kk. Novostavbu charakterizuje \u0161pi\u010dkov\u00e1 architektura, vzdu\u0161n\u00e9 interi\u00e9ry s&nbsp;rozs\u00e1hl\u00fdmi sklen\u011bn\u00fdmi plochami a&nbsp;nadstandardn\u00ed vybaven\u00ed. Samoz\u0159ejmost\u00ed je wellness z\u00f3na s&nbsp;baz\u00e9nem, finskou i infrasaunou se soln\u00fdm panelem a m\u00edstnost\u00ed pro fitness.<\/p>\n\n\n\n<p class=\"has-medium-font-size\">Pro milovn\u00edky nejmodern\u011bj\u0161\u00edho designu sk\u00fdt\u00e1 portfolio realitn\u00ed kancel\u00e1\u0159e <a href=\"https:\/\/www.luxent.cz\/prodej-dum-rodinny-predboj-19\/3423\/\">luxusn\u00ed vilu 6+kk o velikosti 297 m<sup>2<\/sup><\/a>, kter\u00e1 vyrostla v&nbsp;r\u00e1mci developersk\u00e9ho projektu B\u0159ezov\u00fd h\u00e1j ve st\u0159edo\u010desk\u00e9 obci P\u0159edboj. Nov\u00ed majitel\u00e9 se mohou t\u011b\u0161it na prostornou zahradu s&nbsp;terasou a bioklimatickou pergolu s LED osv\u011btlen\u00edm. Vybaven\u00ed d\u00e1le zahrnuje \u0159adu n\u00edzkoenergetick\u00fdch prvk\u016f, chytrou dom\u00e1cnost, reten\u010dn\u00ed n\u00e1dr\u017e na de\u0161\u0165ovou vodu, podlahov\u00e9 topen\u00ed a chlazen\u00ed \u010di p\u0159\u00edpravu na fotovoltaiku.<\/p>\n\n\n\n<div style=\"height:35px\" aria-hidden=\"true\" class=\"wp-block-spacer\"><\/div>\n\n\n<div class=\"wp-block-image\">\n<figure class=\"aligncenter size-large\"><img decoding=\"async\" loading=\"lazy\" width=\"1024\" height=\"683\" src=\"http:\/\/bydletestylove.cz\/wp-content\/uploads\/2026\/01\/Luxent_Brezovy-haj_Predboj_exterier_01-1024x683.jpg\" alt=\"LUXENT\" class=\"wp-image-2393\" srcset=\"https:\/\/bydletestylove.cz\/wp-content\/uploads\/2026\/01\/Luxent_Brezovy-haj_Predboj_exterier_01-1024x683.jpg 1024w, https:\/\/bydletestylove.cz\/wp-content\/uploads\/2026\/01\/Luxent_Brezovy-haj_Predboj_exterier_01-300x200.jpg 300w, https:\/\/bydletestylove.cz\/wp-content\/uploads\/2026\/01\/Luxent_Brezovy-haj_Predboj_exterier_01-768x512.jpg 768w, https:\/\/bydletestylove.cz\/wp-content\/uploads\/2026\/01\/Luxent_Brezovy-haj_Predboj_exterier_01-1536x1024.jpg 1536w, https:\/\/bydletestylove.cz\/wp-content\/uploads\/2026\/01\/Luxent_Brezovy-haj_Predboj_exterier_01.jpg 1620w\" sizes=\"(max-width: 1024px) 100vw, 1024px\" \/><\/figure><\/div>\n\n\n<div style=\"height:35px\" aria-hidden=\"true\" class=\"wp-block-spacer\"><\/div>\n\n\n\n<h2 class=\"wp-block-heading\">Nab\u00eddka atraktivn\u00edch horsk\u00fdch nemovitost\u00ed je nedostate\u010dn\u00e1<\/h2>\n\n\n\n<div style=\"height:35px\" aria-hidden=\"true\" class=\"wp-block-spacer\"><\/div>\n\n\n\n<p class=\"has-medium-font-size\">V\u00fdraznou kapitolu p\u0159edstavuje segment horsk\u00fdch nemovitost\u00ed, kter\u00fd zaznamen\u00e1v\u00e1 m\u00edrn\u00fd, ale stabiln\u00ed n\u00e1r\u016fst popt\u00e1vky, a to navzdory omezen\u00e9 nab\u00eddce. <em>\u201eNejde v\u0161ak o plo\u0161n\u00fd boom, trh se jasn\u011b rozd\u011blil. Pr\u00e9miov\u00e9 nemovitosti v atraktivn\u00edch lokalit\u00e1ch si dr\u017e\u00ed cenu nebo m\u00edrn\u011b rostou, zat\u00edmco star\u0161\u00ed, energeticky n\u00e1ro\u010dn\u00e9 objekty p\u0159ed rekonstrukc\u00ed na hodnot\u011b ztr\u00e1cej\u00ed. Klienti cht\u011bj\u00ed kvalitu, ale necht\u011bj\u00ed platit za zbyte\u010dnosti. D\u016fle\u017eit\u00e1 je tak funk\u010dnost, dlouhodob\u00e1 udr\u017eitelnost a n\u00edzk\u00e1 energetick\u00e1 n\u00e1ro\u010dnost. St\u00e1le vyhled\u00e1van\u011bj\u0161\u00edm parametrem je tak\u00e9 celoro\u010dn\u00ed vyu\u017eit\u00ed. A u apartm\u00e1n\u016f, kter\u00e9 neslou\u017e\u00ed v\u00fdhradn\u011b pro vlastn\u00ed pot\u0159eby, z\u00e1rove\u0148 kupuj\u00edc\u00ed o\u010dek\u00e1vaj\u00ed mo\u017enost komplexn\u00ed spr\u00e1vy. Ta jim umo\u017e\u0148uje nemovitost bezstarostn\u011b pronaj\u00edmat, tedy bez nutnosti \u0159e\u0161it provoz, \u00faklid \u010di komunikaci s hosty,\u201c<\/em> \u0159\u00edk\u00e1 Pavla Kalousov\u00e1 a dod\u00e1v\u00e1: <em>\u201eP\u0159i v\u00fdb\u011bru v\u0161ak prim\u00e1rn\u011b z\u016fst\u00e1v\u00e1 st\u011b\u017eejn\u00ed lokalita. Prod\u00e1vaj\u00ed se novostavby i&nbsp;chalupy, pokud jsou dob\u0159e um\u00edst\u011bn\u00e9 \u2013 na okraji obce, u lesa nebo v&nbsp;bl\u00edzkosti sportovn\u00ed infrastruktury.\u201c<\/em><\/p>\n\n\n\n<div style=\"height:35px\" aria-hidden=\"true\" class=\"wp-block-spacer\"><\/div>\n\n\n\n<figure class=\"wp-block-gallery has-nested-images columns-default is-cropped wp-block-gallery-1 is-layout-flex\">\n<figure class=\"wp-block-image size-large\"><img decoding=\"async\" loading=\"lazy\" width=\"1024\" height=\"1024\" data-id=\"2401\"  src=\"https:\/\/bydletestylove.cz\/wp-content\/uploads\/2026\/01\/Luxent_Laka-Living_Prasily_terasa-1024x1024.jpg\" alt=\"LUXENT\" class=\"wp-image-2401\" srcset=\"https:\/\/bydletestylove.cz\/wp-content\/uploads\/2026\/01\/Luxent_Laka-Living_Prasily_terasa-1024x1024.jpg 1024w, https:\/\/bydletestylove.cz\/wp-content\/uploads\/2026\/01\/Luxent_Laka-Living_Prasily_terasa-300x300.jpg 300w, https:\/\/bydletestylove.cz\/wp-content\/uploads\/2026\/01\/Luxent_Laka-Living_Prasily_terasa-150x150.jpg 150w, https:\/\/bydletestylove.cz\/wp-content\/uploads\/2026\/01\/Luxent_Laka-Living_Prasily_terasa-768x768.jpg 768w, https:\/\/bydletestylove.cz\/wp-content\/uploads\/2026\/01\/Luxent_Laka-Living_Prasily_terasa-1536x1536.jpg 1536w, https:\/\/bydletestylove.cz\/wp-content\/uploads\/2026\/01\/Luxent_Laka-Living_Prasily_terasa.jpg 1920w\" sizes=\"(max-width: 1024px) 100vw, 1024px\" \/><\/figure>\n\n\n\n<figure class=\"wp-block-image size-large\"><img decoding=\"async\" loading=\"lazy\" width=\"1024\" height=\"1024\" data-id=\"2398\"  src=\"https:\/\/bydletestylove.cz\/wp-content\/uploads\/2026\/01\/Luxent_Laka-Living_Prasily_interier_03-1024x1024.jpg\" alt=\"LUXENT\" class=\"wp-image-2398\" srcset=\"https:\/\/bydletestylove.cz\/wp-content\/uploads\/2026\/01\/Luxent_Laka-Living_Prasily_interier_03-1024x1024.jpg 1024w, https:\/\/bydletestylove.cz\/wp-content\/uploads\/2026\/01\/Luxent_Laka-Living_Prasily_interier_03-300x300.jpg 300w, https:\/\/bydletestylove.cz\/wp-content\/uploads\/2026\/01\/Luxent_Laka-Living_Prasily_interier_03-150x150.jpg 150w, https:\/\/bydletestylove.cz\/wp-content\/uploads\/2026\/01\/Luxent_Laka-Living_Prasily_interier_03-768x768.jpg 768w, https:\/\/bydletestylove.cz\/wp-content\/uploads\/2026\/01\/Luxent_Laka-Living_Prasily_interier_03-1536x1536.jpg 1536w, https:\/\/bydletestylove.cz\/wp-content\/uploads\/2026\/01\/Luxent_Laka-Living_Prasily_interier_03.jpg 1920w\" sizes=\"(max-width: 1024px) 100vw, 1024px\" \/><\/figure>\n<\/figure>\n\n\n\n<div style=\"height:35px\" aria-hidden=\"true\" class=\"wp-block-spacer\"><\/div>\n\n\n\n<p class=\"has-medium-font-size\">Jednou z nejvyhled\u00e1van\u011bj\u0161\u00edch oblast\u00ed je dlouhodob\u011b \u0160umava, kde je v\u0161ak nab\u00eddka extr\u00e9mn\u011b omezen\u00e1.<em> \u201eT\u00e9m\u011b\u0159 v\u0161ude jsou ji\u017e dnes v&nbsp;r\u00e1mci n\u00e1rodn\u00edho parku stavebn\u00ed uz\u00e1v\u011bry, kter\u00e9 neumo\u017e\u0148uj\u00ed dal\u0161\u00ed v\u00fdstavbu, a dod\u011bl\u00e1vaj\u00ed se tak jen projekty rozestav\u011bn\u00e9,\u201c<\/em> vysv\u011btluje odbornice realitn\u00ed kancel\u00e1\u0159e.<\/p>\n\n\n\n<p class=\"has-medium-font-size\">Spole\u010dnost Luxent nab\u00edz\u00ed v&nbsp;\u017delezn\u00e9 Rud\u011b projekt <a href=\"https:\/\/www.luxent.cz\/rezidence-svata-barbora-zelezna-ruda\/3610\/\">Rezidence Svat\u00e1 Barbora<\/a>, kde aktu\u00e1ln\u011b z&nbsp;celkem 44 apartm\u00e1n\u016f o&nbsp;dispozic\u00edch 1+kk a\u017e 3+kk zb\u00fdv\u00e1 posledn\u00edch 15 jednotek, v\u0161echny s balkonem nebo terasou a vysok\u00fdm standardem vybaven\u00ed. Novostavba je situov\u00e1na p\u0159\u00edmo u sjezdovky, pouh\u00fdch 200 metr\u016f od vlakov\u00e9 zast\u00e1vky s p\u0159\u00edm\u00fdm spojen\u00edm z&nbsp;Prahy. <em>\u201eTak\u00e9 v \u017delezn\u00e9 Rud\u011b ji\u017e nen\u00ed mo\u017enost nov\u00e9 v\u00fdstavby ani rekonstrukc\u00ed p\u016fvodn\u00edch ch\u00e1traj\u00edc\u00edch hotel\u016f. Nyn\u00ed je kapacita vy\u010derpan\u00e1 a nov\u00fd \u00fazemn\u00ed pl\u00e1n nepo\u010d\u00edt\u00e1 s dal\u0161\u00edmi projekty. Projekt Rezidence Svat\u00e1 Barbora tak p\u0159in\u00e1\u0161\u00ed jedine\u010dnou p\u0159\u00edle\u017eitost zakoupit si v&nbsp;t\u00e9to st\u00e1le obl\u00edben\u011bj\u0161\u00ed destinaci horsk\u00fd byt v&nbsp;novostavb\u011b,\u201c<\/em> uv\u00e1d\u00ed Pavla Kalousov\u00e1.<\/p>\n\n\n\n<div style=\"height:35px\" aria-hidden=\"true\" class=\"wp-block-spacer\"><\/div>\n\n\n<div class=\"wp-block-image\">\n<figure class=\"aligncenter size-large\"><img decoding=\"async\" loading=\"lazy\" width=\"1024\" height=\"569\" src=\"http:\/\/bydletestylove.cz\/wp-content\/uploads\/2026\/01\/Luxent_Rezidence-Svata-Barbora_Zelezna-Ruda_exterier_01-1024x569.jpg\" alt=\"LUXENT\" class=\"wp-image-2397\" srcset=\"https:\/\/bydletestylove.cz\/wp-content\/uploads\/2026\/01\/Luxent_Rezidence-Svata-Barbora_Zelezna-Ruda_exterier_01-1024x569.jpg 1024w, https:\/\/bydletestylove.cz\/wp-content\/uploads\/2026\/01\/Luxent_Rezidence-Svata-Barbora_Zelezna-Ruda_exterier_01-300x167.jpg 300w, https:\/\/bydletestylove.cz\/wp-content\/uploads\/2026\/01\/Luxent_Rezidence-Svata-Barbora_Zelezna-Ruda_exterier_01-768x427.jpg 768w, https:\/\/bydletestylove.cz\/wp-content\/uploads\/2026\/01\/Luxent_Rezidence-Svata-Barbora_Zelezna-Ruda_exterier_01-1536x854.jpg 1536w, https:\/\/bydletestylove.cz\/wp-content\/uploads\/2026\/01\/Luxent_Rezidence-Svata-Barbora_Zelezna-Ruda_exterier_01.jpg 1920w\" sizes=\"(max-width: 1024px) 100vw, 1024px\" \/><\/figure><\/div>\n\n\n<div style=\"height:35px\" aria-hidden=\"true\" class=\"wp-block-spacer\"><\/div>\n\n\n\n<p class=\"has-medium-font-size\">Dal\u0161\u00edm unik\u00e1tn\u00edm projektem je <a href=\"https:\/\/www.luxent.cz\/laka-living-exkluzivni-horske-apartmany-v-narodnim-parku-sumava-obec-prasily\/2016\/\">Laka Living<\/a> v obci Pr\u00e1\u0161ily p\u0159\u00edmo v N\u00e1rodn\u00edm parku \u0160umava. Komorn\u00ed rezidence \u010d\u00edt\u00e1 20 exkluzivn\u00edch horsk\u00fdch apartm\u00e1n\u016f s vysok\u00fdm standardem a je jedine\u010dn\u00e1 t\u00edm, \u017ee se zde ji\u017e nikdy nebude moci postavit \u017e\u00e1dn\u00fd dal\u0161\u00ed apartm\u00e1nov\u00fd d\u016fm, jeliko\u017e v&nbsp;lokalit\u011b nen\u00ed vhodn\u00fd pozemek pro takto velkou stavbu. Moment\u00e1ln\u011b je k&nbsp;dispozici u\u017e jen 8&nbsp;jednotek.<\/p>\n\n\n\n<div style=\"height:35px\" aria-hidden=\"true\" class=\"wp-block-spacer\"><\/div>\n\n\n<div class=\"wp-block-image\">\n<figure class=\"aligncenter size-large\"><img decoding=\"async\" loading=\"lazy\" width=\"1024\" height=\"538\" src=\"http:\/\/bydletestylove.cz\/wp-content\/uploads\/2026\/01\/Luxent_Apartmany-Alberice_interier_02-1024x538.jpg\" alt=\"LUXENT\" class=\"wp-image-2395\" srcset=\"https:\/\/bydletestylove.cz\/wp-content\/uploads\/2026\/01\/Luxent_Apartmany-Alberice_interier_02-1024x538.jpg 1024w, https:\/\/bydletestylove.cz\/wp-content\/uploads\/2026\/01\/Luxent_Apartmany-Alberice_interier_02-300x158.jpg 300w, https:\/\/bydletestylove.cz\/wp-content\/uploads\/2026\/01\/Luxent_Apartmany-Alberice_interier_02-768x403.jpg 768w, https:\/\/bydletestylove.cz\/wp-content\/uploads\/2026\/01\/Luxent_Apartmany-Alberice_interier_02-1536x806.jpg 1536w, https:\/\/bydletestylove.cz\/wp-content\/uploads\/2026\/01\/Luxent_Apartmany-Alberice_interier_02.jpg 1920w\" sizes=\"(max-width: 1024px) 100vw, 1024px\" \/><\/figure><\/div>\n\n\n<div style=\"height:35px\" aria-hidden=\"true\" class=\"wp-block-spacer\"><\/div>\n\n\n\n<p class=\"has-medium-font-size\">Typick\u00fdm p\u0159\u00edkladem autentick\u00e9ho horsk\u00e9ho projektu jsou <a href=\"https:\/\/www.luxent.cz\/developersky-projekt-horske-apartmany-alberice\/98\/\">Apartm\u00e1ny Albe\u0159ice<\/a> v Krkono\u0161\u00edch, tedy v&nbsp;dal\u0161\u00ed lokalit\u011b s&nbsp;v\u00fdrazn\u011b omezen\u00fdmi mo\u017enostmi nov\u00e9 v\u00fdstavby. Projekt nab\u00edz\u00ed 11&nbsp;modern\u00edch apartm\u00e1n\u016f o dispozic\u00edch 1+kk a\u017e 3+kk, ka\u017ed\u00fd s&nbsp;terasou nebo balkonem. Developer nav\u00edc klient\u016fm nab\u00edz\u00ed mo\u017enost pln\u011b vybaven\u00e9ho interi\u00e9ru od renomovan\u00e9ho designov\u00e9ho studia.<\/p>\n\n\n\n<p class=\"has-medium-font-size\">Na opa\u010dn\u00e9 stran\u011b Krkono\u0161 m\u00e1 realitn\u00ed kancel\u00e1\u0159 v&nbsp;portfoliu pr\u00e9miovou rezidenci <a href=\"https:\/\/www.luxent.cz\/developersky-projekt-harrachov-krkonose\/946\/\">Harrachov Peaks<\/a>, kde mohou z\u00e1jemci nyn\u00ed vyb\u00edrat ji\u017e jen z&nbsp;poloviny z&nbsp;celkov\u00fdch 16 apartm\u00e1n\u016f o dispozic\u00edch od 1+kk po 4+kk. Jednotky jsou dokon\u010den\u00e9 a p\u0159ipraven\u00e9 k&nbsp;okam\u017eit\u00e9mu vyu\u017eit\u00ed. Maxim\u00e1ln\u00ed komfort nab\u00eddne nap\u0159. soukrom\u00e9 wellness se saunou a v\u00ed\u0159ivkou i fitness s&nbsp;posilovnou. Nov\u00ed majitel\u00e9 mohou vyu\u017e\u00edt spr\u00e1vu apartm\u00e1n\u016f v\u010detn\u011b pron\u00e1jm\u016f.<\/p>\n\n\n\n<div style=\"height:35px\" aria-hidden=\"true\" class=\"wp-block-spacer\"><\/div>\n\n\n<div class=\"wp-block-image\">\n<figure class=\"aligncenter size-large\"><img decoding=\"async\" loading=\"lazy\" width=\"1024\" height=\"683\" src=\"http:\/\/bydletestylove.cz\/wp-content\/uploads\/2026\/01\/Luxent_Harrachov-Peaks_exterier_01-1024x683.jpg\" alt=\"LUXENT\" class=\"wp-image-2400\" srcset=\"https:\/\/bydletestylove.cz\/wp-content\/uploads\/2026\/01\/Luxent_Harrachov-Peaks_exterier_01-1024x683.jpg 1024w, https:\/\/bydletestylove.cz\/wp-content\/uploads\/2026\/01\/Luxent_Harrachov-Peaks_exterier_01-300x200.jpg 300w, https:\/\/bydletestylove.cz\/wp-content\/uploads\/2026\/01\/Luxent_Harrachov-Peaks_exterier_01-768x512.jpg 768w, https:\/\/bydletestylove.cz\/wp-content\/uploads\/2026\/01\/Luxent_Harrachov-Peaks_exterier_01-1536x1024.jpg 1536w, https:\/\/bydletestylove.cz\/wp-content\/uploads\/2026\/01\/Luxent_Harrachov-Peaks_exterier_01.jpg 1920w\" sizes=\"(max-width: 1024px) 100vw, 1024px\" \/><\/figure><\/div>\n\n\n<div style=\"height:35px\" aria-hidden=\"true\" class=\"wp-block-spacer\"><\/div>\n\n\n\n<h2 class=\"wp-block-heading\">V\u00fdhled pro rok 2026: m\u00e1lo exkluzivn\u00edch nemovitost\u00ed, vy\u0161\u0161\u00ed n\u00e1roky<\/h2>\n\n\n\n<div style=\"height:35px\" aria-hidden=\"true\" class=\"wp-block-spacer\"><\/div>\n\n\n\n<p class=\"has-medium-font-size\">V&nbsp;roce 2026 expertka realitn\u00ed kancel\u00e1\u0159e o\u010dek\u00e1v\u00e1 dal\u0161\u00ed r\u016fst popt\u00e1vky, zejm\u00e9na ze strany st\u0159edn\u00ed a vy\u0161\u0161\u00ed t\u0159\u00eddy. Nab\u00eddka v\u0161ak z\u016fstane omezen\u00e1, co\u017e bude d\u00e1l tla\u010dit na ceny \u2013 p\u0159edev\u0161\u00edm u&nbsp;jedine\u010dn\u00fdch nemovitost\u00ed v unik\u00e1tn\u00edch p\u0159\u00edrodn\u00edch a l\u00e1ze\u0148sk\u00fdch lokalit\u00e1ch.<\/p>\n\n\n\n<p class=\"has-medium-font-size\">\u201e<em>Luxusn\u00ed nemovitosti dnes nejsou jen o presti\u017ei. Jsou o kvalit\u011b \u017eivota, smyslupln\u00e9m vyu\u017eit\u00ed modern\u00edch technologi\u00ed a udr\u017eiteln\u00e9m provozu, dlouhodob\u00e9 hodnot\u011b a jistot\u011b v dob\u011b, kdy jin\u00e9 formy investic kol\u00edsaj\u00ed,\u201c<\/em> uzav\u00edr\u00e1 Pavla Kalousov\u00e1.<\/p>\n\n\n\n<div style=\"height:100px\" aria-hidden=\"true\" class=\"wp-block-spacer\"><\/div>\n\n\n\n<figure class=\"wp-block-gallery has-nested-images columns-2 is-cropped wp-block-gallery-3 is-layout-flex\">\n<figure class=\"wp-block-image size-large\"><img decoding=\"async\" loading=\"lazy\" width=\"1024\" height=\"683\" data-id=\"2394\"  src=\"https:\/\/bydletestylove.cz\/wp-content\/uploads\/2026\/01\/Luxent_a_vila-Lumiere_Pruhonice_exterier_01-1024x683.jpg\" alt=\"LUXENT\" class=\"wp-image-2394\" srcset=\"https:\/\/bydletestylove.cz\/wp-content\/uploads\/2026\/01\/Luxent_a_vila-Lumiere_Pruhonice_exterier_01-1024x683.jpg 1024w, https:\/\/bydletestylove.cz\/wp-content\/uploads\/2026\/01\/Luxent_a_vila-Lumiere_Pruhonice_exterier_01-300x200.jpg 300w, https:\/\/bydletestylove.cz\/wp-content\/uploads\/2026\/01\/Luxent_a_vila-Lumiere_Pruhonice_exterier_01-768x512.jpg 768w, https:\/\/bydletestylove.cz\/wp-content\/uploads\/2026\/01\/Luxent_a_vila-Lumiere_Pruhonice_exterier_01-1536x1024.jpg 1536w, https:\/\/bydletestylove.cz\/wp-content\/uploads\/2026\/01\/Luxent_a_vila-Lumiere_Pruhonice_exterier_01.jpg 1920w\" sizes=\"(max-width: 1024px) 100vw, 1024px\" \/><\/figure>\n\n\n\n<figure class=\"wp-block-image size-large\"><img decoding=\"async\" loading=\"lazy\" width=\"1024\" height=\"683\" data-id=\"2393\"  src=\"https:\/\/bydletestylove.cz\/wp-content\/uploads\/2026\/01\/Luxent_Brezovy-haj_Predboj_exterier_01-1024x683.jpg\" alt=\"LUXENT\" class=\"wp-image-2393\" srcset=\"https:\/\/bydletestylove.cz\/wp-content\/uploads\/2026\/01\/Luxent_Brezovy-haj_Predboj_exterier_01-1024x683.jpg 1024w, https:\/\/bydletestylove.cz\/wp-content\/uploads\/2026\/01\/Luxent_Brezovy-haj_Predboj_exterier_01-300x200.jpg 300w, https:\/\/bydletestylove.cz\/wp-content\/uploads\/2026\/01\/Luxent_Brezovy-haj_Predboj_exterier_01-768x512.jpg 768w, https:\/\/bydletestylove.cz\/wp-content\/uploads\/2026\/01\/Luxent_Brezovy-haj_Predboj_exterier_01-1536x1024.jpg 1536w, https:\/\/bydletestylove.cz\/wp-content\/uploads\/2026\/01\/Luxent_Brezovy-haj_Predboj_exterier_01.jpg 1620w\" sizes=\"(max-width: 1024px) 100vw, 1024px\" \/><\/figure>\n\n\n\n<figure class=\"wp-block-image size-large\"><img decoding=\"async\" loading=\"lazy\" width=\"1024\" height=\"1024\" data-id=\"2398\"  src=\"https:\/\/bydletestylove.cz\/wp-content\/uploads\/2026\/01\/Luxent_Laka-Living_Prasily_interier_03-1024x1024.jpg\" alt=\"LUXENT\" class=\"wp-image-2398\" srcset=\"https:\/\/bydletestylove.cz\/wp-content\/uploads\/2026\/01\/Luxent_Laka-Living_Prasily_interier_03-1024x1024.jpg 1024w, https:\/\/bydletestylove.cz\/wp-content\/uploads\/2026\/01\/Luxent_Laka-Living_Prasily_interier_03-300x300.jpg 300w, https:\/\/bydletestylove.cz\/wp-content\/uploads\/2026\/01\/Luxent_Laka-Living_Prasily_interier_03-150x150.jpg 150w, https:\/\/bydletestylove.cz\/wp-content\/uploads\/2026\/01\/Luxent_Laka-Living_Prasily_interier_03-768x768.jpg 768w, https:\/\/bydletestylove.cz\/wp-content\/uploads\/2026\/01\/Luxent_Laka-Living_Prasily_interier_03-1536x1536.jpg 1536w, https:\/\/bydletestylove.cz\/wp-content\/uploads\/2026\/01\/Luxent_Laka-Living_Prasily_interier_03.jpg 1920w\" sizes=\"(max-width: 1024px) 100vw, 1024px\" \/><\/figure>\n\n\n\n<figure class=\"wp-block-image size-large\"><img decoding=\"async\" loading=\"lazy\" width=\"1024\" height=\"1024\" data-id=\"2401\"  src=\"https:\/\/bydletestylove.cz\/wp-content\/uploads\/2026\/01\/Luxent_Laka-Living_Prasily_terasa-1024x1024.jpg\" alt=\"LUXENT\" class=\"wp-image-2401\" srcset=\"https:\/\/bydletestylove.cz\/wp-content\/uploads\/2026\/01\/Luxent_Laka-Living_Prasily_terasa-1024x1024.jpg 1024w, https:\/\/bydletestylove.cz\/wp-content\/uploads\/2026\/01\/Luxent_Laka-Living_Prasily_terasa-300x300.jpg 300w, https:\/\/bydletestylove.cz\/wp-content\/uploads\/2026\/01\/Luxent_Laka-Living_Prasily_terasa-150x150.jpg 150w, https:\/\/bydletestylove.cz\/wp-content\/uploads\/2026\/01\/Luxent_Laka-Living_Prasily_terasa-768x768.jpg 768w, https:\/\/bydletestylove.cz\/wp-content\/uploads\/2026\/01\/Luxent_Laka-Living_Prasily_terasa-1536x1536.jpg 1536w, https:\/\/bydletestylove.cz\/wp-content\/uploads\/2026\/01\/Luxent_Laka-Living_Prasily_terasa.jpg 1920w\" sizes=\"(max-width: 1024px) 100vw, 1024px\" \/><\/figure>\n\n\n\n<figure class=\"wp-block-image size-large\"><img decoding=\"async\" loading=\"lazy\" width=\"1024\" height=\"683\" data-id=\"2399\"  src=\"https:\/\/bydletestylove.cz\/wp-content\/uploads\/2026\/01\/Luxent_Rezidence-Rubin-Palace_exterier_01-1024x683.jpg\" alt=\"LUXENT\" class=\"wp-image-2399\" srcset=\"https:\/\/bydletestylove.cz\/wp-content\/uploads\/2026\/01\/Luxent_Rezidence-Rubin-Palace_exterier_01-1024x683.jpg 1024w, https:\/\/bydletestylove.cz\/wp-content\/uploads\/2026\/01\/Luxent_Rezidence-Rubin-Palace_exterier_01-300x200.jpg 300w, https:\/\/bydletestylove.cz\/wp-content\/uploads\/2026\/01\/Luxent_Rezidence-Rubin-Palace_exterier_01-768x512.jpg 768w, https:\/\/bydletestylove.cz\/wp-content\/uploads\/2026\/01\/Luxent_Rezidence-Rubin-Palace_exterier_01-1536x1024.jpg 1536w, https:\/\/bydletestylove.cz\/wp-content\/uploads\/2026\/01\/Luxent_Rezidence-Rubin-Palace_exterier_01.jpg 1920w\" sizes=\"(max-width: 1024px) 100vw, 1024px\" \/><\/figure>\n\n\n\n<figure class=\"wp-block-image size-large\"><img decoding=\"async\" loading=\"lazy\" width=\"1024\" height=\"683\" data-id=\"2400\"  src=\"https:\/\/bydletestylove.cz\/wp-content\/uploads\/2026\/01\/Luxent_Harrachov-Peaks_exterier_01-1024x683.jpg\" alt=\"LUXENT\" class=\"wp-image-2400\" srcset=\"https:\/\/bydletestylove.cz\/wp-content\/uploads\/2026\/01\/Luxent_Harrachov-Peaks_exterier_01-1024x683.jpg 1024w, https:\/\/bydletestylove.cz\/wp-content\/uploads\/2026\/01\/Luxent_Harrachov-Peaks_exterier_01-300x200.jpg 300w, https:\/\/bydletestylove.cz\/wp-content\/uploads\/2026\/01\/Luxent_Harrachov-Peaks_exterier_01-768x512.jpg 768w, https:\/\/bydletestylove.cz\/wp-content\/uploads\/2026\/01\/Luxent_Harrachov-Peaks_exterier_01-1536x1024.jpg 1536w, https:\/\/bydletestylove.cz\/wp-content\/uploads\/2026\/01\/Luxent_Harrachov-Peaks_exterier_01.jpg 1920w\" sizes=\"(max-width: 1024px) 100vw, 1024px\" \/><\/figure>\n\n\n\n<figure class=\"wp-block-image size-large\"><img decoding=\"async\" loading=\"lazy\" width=\"1024\" height=\"538\" data-id=\"2395\"  src=\"https:\/\/bydletestylove.cz\/wp-content\/uploads\/2026\/01\/Luxent_Apartmany-Alberice_interier_02-1024x538.jpg\" alt=\"LUXENT\" class=\"wp-image-2395\" srcset=\"https:\/\/bydletestylove.cz\/wp-content\/uploads\/2026\/01\/Luxent_Apartmany-Alberice_interier_02-1024x538.jpg 1024w, https:\/\/bydletestylove.cz\/wp-content\/uploads\/2026\/01\/Luxent_Apartmany-Alberice_interier_02-300x158.jpg 300w, https:\/\/bydletestylove.cz\/wp-content\/uploads\/2026\/01\/Luxent_Apartmany-Alberice_interier_02-768x403.jpg 768w, https:\/\/bydletestylove.cz\/wp-content\/uploads\/2026\/01\/Luxent_Apartmany-Alberice_interier_02-1536x806.jpg 1536w, https:\/\/bydletestylove.cz\/wp-content\/uploads\/2026\/01\/Luxent_Apartmany-Alberice_interier_02.jpg 1920w\" sizes=\"(max-width: 1024px) 100vw, 1024px\" \/><\/figure>\n\n\n\n<figure class=\"wp-block-image size-large\"><img decoding=\"async\" loading=\"lazy\" width=\"1024\" height=\"569\" data-id=\"2397\"  src=\"https:\/\/bydletestylove.cz\/wp-content\/uploads\/2026\/01\/Luxent_Rezidence-Svata-Barbora_Zelezna-Ruda_exterier_01-1024x569.jpg\" alt=\"LUXENT\" class=\"wp-image-2397\" srcset=\"https:\/\/bydletestylove.cz\/wp-content\/uploads\/2026\/01\/Luxent_Rezidence-Svata-Barbora_Zelezna-Ruda_exterier_01-1024x569.jpg 1024w, https:\/\/bydletestylove.cz\/wp-content\/uploads\/2026\/01\/Luxent_Rezidence-Svata-Barbora_Zelezna-Ruda_exterier_01-300x167.jpg 300w, https:\/\/bydletestylove.cz\/wp-content\/uploads\/2026\/01\/Luxent_Rezidence-Svata-Barbora_Zelezna-Ruda_exterier_01-768x427.jpg 768w, https:\/\/bydletestylove.cz\/wp-content\/uploads\/2026\/01\/Luxent_Rezidence-Svata-Barbora_Zelezna-Ruda_exterier_01-1536x854.jpg 1536w, https:\/\/bydletestylove.cz\/wp-content\/uploads\/2026\/01\/Luxent_Rezidence-Svata-Barbora_Zelezna-Ruda_exterier_01.jpg 1920w\" sizes=\"(max-width: 1024px) 100vw, 1024px\" \/><\/figure>\n\n\n\n<figure class=\"wp-block-image size-large\"><img decoding=\"async\" loading=\"lazy\" width=\"1024\" height=\"683\" data-id=\"2396\"  src=\"https:\/\/bydletestylove.cz\/wp-content\/uploads\/2026\/01\/Luxent_vila-Praha-Motol_interier_01-1024x683.jpg\" alt=\"LUXENT\" class=\"wp-image-2396\" srcset=\"https:\/\/bydletestylove.cz\/wp-content\/uploads\/2026\/01\/Luxent_vila-Praha-Motol_interier_01-1024x683.jpg 1024w, https:\/\/bydletestylove.cz\/wp-content\/uploads\/2026\/01\/Luxent_vila-Praha-Motol_interier_01-300x200.jpg 300w, https:\/\/bydletestylove.cz\/wp-content\/uploads\/2026\/01\/Luxent_vila-Praha-Motol_interier_01-768x512.jpg 768w, https:\/\/bydletestylove.cz\/wp-content\/uploads\/2026\/01\/Luxent_vila-Praha-Motol_interier_01-1536x1024.jpg 1536w, https:\/\/bydletestylove.cz\/wp-content\/uploads\/2026\/01\/Luxent_vila-Praha-Motol_interier_01.jpg 1920w\" sizes=\"(max-width: 1024px) 100vw, 1024px\" \/><\/figure>\n<\/figure>\n\n\n\n<div style=\"height:30px\" aria-hidden=\"true\" class=\"wp-block-spacer\"><\/div>\n\n\n\n<p class=\"has-medium-font-size\"><strong>Zdroj foto:&nbsp;<\/strong>LUXENT<\/p>\n\n\n\n<div style=\"height:55px\" aria-hidden=\"true\" class=\"wp-block-spacer\"><\/div>\n","protected":false},"excerpt":{"rendered":"<p>\u010cesk\u00fd trh luxusn\u00edch nemovitost\u00ed se v posledn\u00edch letech v\u00fdrazn\u011b prom\u011bnil. Kupuj\u00edc\u00ed jsou sofistikovan\u011bj\u0161\u00ed, d\u016fsledn\u011b zva\u017euj\u00ed lokalitu, kvalitu proveden\u00ed i dlouhodobou udr\u017eitelnost a provozn\u00ed n\u00e1klady. Po\u0159\u00edzen\u00ed exkluzivn\u00ed nemovitosti dnes ji\u017e nen\u00ed jen ot\u00e1zkou presti\u017ee, ale p\u0159edev\u0161\u00edm promy\u0161len\u00e9 investice. Na jedn\u00e9 stran\u011b z\u00e1jemce p\u0159itahuj\u00ed prvot\u0159\u00eddn\u00ed byty a domy v&nbsp;hlavn\u00edm m\u011bst\u011b, na stran\u011b druh\u00e9 pak pr\u00e9miov\u00e9 rekrea\u010dn\u00ed lokality s celoro\u010dn\u00edm vyu\u017eit\u00edm a stabiln\u00edmi v\u00fdnosy: a to jak na \u010desk\u00fdch hor\u00e1ch, tak v&nbsp;l\u00e1ze\u0148sk\u00fdch m\u011bstech. Realitn\u00ed kancel\u00e1\u0159 Luxent \u2013 Exclusive Properites p\u0159edstavuje aktu\u00e1ln\u00ed v\u00fdb\u011br nemovitost\u00ed ze sv\u00e9ho portfolia, kter\u00e9 se \u0159ad\u00ed k&nbsp;tomu nejlep\u0161\u00edmu na \u010desk\u00e9m&hellip;<\/p>\n","protected":false},"author":6,"featured_media":2400,"comment_status":"closed","ping_status":"open","sticky":false,"template":"","format":"standard","meta":{"_mi_skip_tracking":false,"_monsterinsights_sitenote_active":false,"_monsterinsights_sitenote_note":"","_monsterinsights_sitenote_category":0},"categories":[10,12,9,4,1,8,5],"tags":[],"yoast_head":"<!-- This site is optimized with the Yoast SEO plugin v21.4 - https:\/\/yoast.com\/wordpress\/plugins\/seo\/ -->\n<title>\u010cesk\u00fd trh luxusn\u00edch nemovitost\u00ed se v posledn\u00edch letech v\u00fdrazn\u011b prom\u011bnil: Od pra\u017esk\u00fdch vil a\u017e po horsk\u00e9 nemovitosti - BydleteStylov\u011b.cz<\/title>\n<meta name=\"description\" content=\"\u010cesk\u00fd trh luxusn\u00edch nemovitost\u00ed se v posledn\u00edch letech v\u00fdrazn\u011b prom\u011bnil. Kupuj\u00edc\u00ed jsou sofistikovan\u011bj\u0161\u00ed, d\u016fsledn\u011b zva\u017euj\u00ed lokalitu, kvalitu.\" \/>\n<meta name=\"robots\" content=\"index, follow, max-snippet:-1, max-image-preview:large, max-video-preview:-1\" \/>\n<link rel=\"canonical\" href=\"https:\/\/bydletestylove.cz\/index.php\/design-architektura\/cesky-trh-luxusnich-nemovitosti-se-v-poslednich-letech-vyrazne-promenil-od-prazskych-vil-az-po-horske-nemovitosti\/\" \/>\n<meta property=\"og:locale\" content=\"cs_CZ\" \/>\n<meta property=\"og:type\" content=\"article\" \/>\n<meta property=\"og:title\" content=\"\u010cesk\u00fd trh luxusn\u00edch nemovitost\u00ed se v posledn\u00edch letech v\u00fdrazn\u011b prom\u011bnil: Od pra\u017esk\u00fdch vil a\u017e po horsk\u00e9 nemovitosti - BydleteStylov\u011b.cz\" \/>\n<meta property=\"og:description\" content=\"\u010cesk\u00fd trh luxusn\u00edch nemovitost\u00ed se v posledn\u00edch letech v\u00fdrazn\u011b prom\u011bnil. Kupuj\u00edc\u00ed jsou sofistikovan\u011bj\u0161\u00ed, d\u016fsledn\u011b zva\u017euj\u00ed lokalitu, kvalitu.\" \/>\n<meta property=\"og:url\" content=\"https:\/\/bydletestylove.cz\/index.php\/design-architektura\/cesky-trh-luxusnich-nemovitosti-se-v-poslednich-letech-vyrazne-promenil-od-prazskych-vil-az-po-horske-nemovitosti\/\" \/>\n<meta property=\"og:site_name\" content=\"BydleteStylov\u011b.cz\" \/>\n<meta property=\"article:published_time\" content=\"2026-01-18T23:01:00+00:00\" \/>\n<meta property=\"article:modified_time\" content=\"2026-01-18T23:22:42+00:00\" \/>\n<meta property=\"og:image\" content=\"https:\/\/bydletestylove.cz\/wp-content\/uploads\/2026\/01\/Luxent_Harrachov-Peaks_exterier_01.jpg\" \/>\n\t<meta property=\"og:image:width\" content=\"1920\" \/>\n\t<meta property=\"og:image:height\" content=\"1280\" \/>\n\t<meta property=\"og:image:type\" content=\"image\/jpeg\" \/>\n<meta name=\"author\" content=\"Martina Pechov\u00e1\" \/>\n<meta name=\"twitter:card\" content=\"summary_large_image\" \/>\n<meta name=\"twitter:label1\" content=\"Napsal(a)\" \/>\n\t<meta name=\"twitter:data1\" content=\"Martina Pechov\u00e1\" \/>\n\t<meta name=\"twitter:label2\" content=\"Odhadovan\u00e1 doba \u010dten\u00ed\" \/>\n\t<meta name=\"twitter:data2\" content=\"10 minut\" \/>\n<script type=\"application\/ld+json\" class=\"yoast-schema-graph\">{\"@context\":\"https:\/\/schema.org\",\"@graph\":[{\"@type\":\"Article\",\"@id\":\"https:\/\/bydletestylove.cz\/index.php\/design-architektura\/cesky-trh-luxusnich-nemovitosti-se-v-poslednich-letech-vyrazne-promenil-od-prazskych-vil-az-po-horske-nemovitosti\/#article\",\"isPartOf\":{\"@id\":\"https:\/\/bydletestylove.cz\/index.php\/design-architektura\/cesky-trh-luxusnich-nemovitosti-se-v-poslednich-letech-vyrazne-promenil-od-prazskych-vil-az-po-horske-nemovitosti\/\"},\"author\":{\"name\":\"Martina Pechov\u00e1\",\"@id\":\"https:\/\/bydletestylove.cz\/#\/schema\/person\/10a133d2599b007f153f35688fef7fb1\"},\"headline\":\"\u010cesk\u00fd trh luxusn\u00edch nemovitost\u00ed se v posledn\u00edch letech v\u00fdrazn\u011b prom\u011bnil: Od pra\u017esk\u00fdch vil a\u017e po horsk\u00e9 nemovitosti\",\"datePublished\":\"2026-01-18T23:01:00+00:00\",\"dateModified\":\"2026-01-18T23:22:42+00:00\",\"mainEntityOfPage\":{\"@id\":\"https:\/\/bydletestylove.cz\/index.php\/design-architektura\/cesky-trh-luxusnich-nemovitosti-se-v-poslednich-letech-vyrazne-promenil-od-prazskych-vil-az-po-horske-nemovitosti\/\"},\"wordCount\":1477,\"publisher\":{\"@id\":\"https:\/\/bydletestylove.cz\/#organization\"},\"articleSection\":[\"BYTY\",\"DESIGN &amp; ARCHITEKTURA\",\"DOMY &amp; RESIDENCE\",\"FOTOREPORTY\",\"NOVINKY\",\"REKONSTRUKCE &amp; STAVBA\",\"TIPY &amp; TRENDY\"],\"inLanguage\":\"cs\"},{\"@type\":\"WebPage\",\"@id\":\"https:\/\/bydletestylove.cz\/index.php\/design-architektura\/cesky-trh-luxusnich-nemovitosti-se-v-poslednich-letech-vyrazne-promenil-od-prazskych-vil-az-po-horske-nemovitosti\/\",\"url\":\"https:\/\/bydletestylove.cz\/index.php\/design-architektura\/cesky-trh-luxusnich-nemovitosti-se-v-poslednich-letech-vyrazne-promenil-od-prazskych-vil-az-po-horske-nemovitosti\/\",\"name\":\"\u010cesk\u00fd trh luxusn\u00edch nemovitost\u00ed se v posledn\u00edch letech v\u00fdrazn\u011b prom\u011bnil: Od pra\u017esk\u00fdch vil a\u017e po horsk\u00e9 nemovitosti - BydleteStylov\u011b.cz\",\"isPartOf\":{\"@id\":\"https:\/\/bydletestylove.cz\/#website\"},\"datePublished\":\"2026-01-18T23:01:00+00:00\",\"dateModified\":\"2026-01-18T23:22:42+00:00\",\"description\":\"\u010cesk\u00fd trh luxusn\u00edch nemovitost\u00ed se v posledn\u00edch letech v\u00fdrazn\u011b prom\u011bnil. Kupuj\u00edc\u00ed jsou sofistikovan\u011bj\u0161\u00ed, d\u016fsledn\u011b zva\u017euj\u00ed lokalitu, kvalitu.\",\"breadcrumb\":{\"@id\":\"https:\/\/bydletestylove.cz\/index.php\/design-architektura\/cesky-trh-luxusnich-nemovitosti-se-v-poslednich-letech-vyrazne-promenil-od-prazskych-vil-az-po-horske-nemovitosti\/#breadcrumb\"},\"inLanguage\":\"cs\",\"potentialAction\":[{\"@type\":\"ReadAction\",\"target\":[\"https:\/\/bydletestylove.cz\/index.php\/design-architektura\/cesky-trh-luxusnich-nemovitosti-se-v-poslednich-letech-vyrazne-promenil-od-prazskych-vil-az-po-horske-nemovitosti\/\"]}]},{\"@type\":\"BreadcrumbList\",\"@id\":\"https:\/\/bydletestylove.cz\/index.php\/design-architektura\/cesky-trh-luxusnich-nemovitosti-se-v-poslednich-letech-vyrazne-promenil-od-prazskych-vil-az-po-horske-nemovitosti\/#breadcrumb\",\"itemListElement\":[{\"@type\":\"ListItem\",\"position\":1,\"name\":\"Dom\u016f\",\"item\":\"https:\/\/bydletestylove.cz\/\"},{\"@type\":\"ListItem\",\"position\":2,\"name\":\"\u010cesk\u00fd trh luxusn\u00edch nemovitost\u00ed se v posledn\u00edch letech v\u00fdrazn\u011b prom\u011bnil: Od pra\u017esk\u00fdch vil a\u017e po horsk\u00e9 nemovitosti\"}]},{\"@type\":\"WebSite\",\"@id\":\"https:\/\/bydletestylove.cz\/#website\",\"url\":\"https:\/\/bydletestylove.cz\/\",\"name\":\"BydleteStylov\u011b.cz\",\"description\":\"Port\u00e1l o stylov\u00e9m bydlen\u00ed...\",\"publisher\":{\"@id\":\"https:\/\/bydletestylove.cz\/#organization\"},\"potentialAction\":[{\"@type\":\"SearchAction\",\"target\":{\"@type\":\"EntryPoint\",\"urlTemplate\":\"https:\/\/bydletestylove.cz\/?s={search_term_string}\"},\"query-input\":\"required name=search_term_string\"}],\"inLanguage\":\"cs\"},{\"@type\":\"Organization\",\"@id\":\"https:\/\/bydletestylove.cz\/#organization\",\"name\":\"BydleteStylov\u011b.cz\",\"url\":\"https:\/\/bydletestylove.cz\/\",\"logo\":{\"@type\":\"ImageObject\",\"inLanguage\":\"cs\",\"@id\":\"https:\/\/bydletestylove.cz\/#\/schema\/logo\/image\/\",\"url\":\"https:\/\/bydletestylove.cz\/wp-content\/uploads\/2024\/12\/cropped-Logo-Bydlete-Stylove.jpg\",\"contentUrl\":\"https:\/\/bydletestylove.cz\/wp-content\/uploads\/2024\/12\/cropped-Logo-Bydlete-Stylove.jpg\",\"width\":290,\"height\":143,\"caption\":\"BydleteStylov\u011b.cz\"},\"image\":{\"@id\":\"https:\/\/bydletestylove.cz\/#\/schema\/logo\/image\/\"},\"sameAs\":[\"https:\/\/www.instagram.com\/bydletestylove.cz\/\"]},{\"@type\":\"Person\",\"@id\":\"https:\/\/bydletestylove.cz\/#\/schema\/person\/10a133d2599b007f153f35688fef7fb1\",\"name\":\"Martina Pechov\u00e1\",\"image\":{\"@type\":\"ImageObject\",\"inLanguage\":\"cs\",\"@id\":\"https:\/\/bydletestylove.cz\/#\/schema\/person\/image\/\",\"url\":\"https:\/\/secure.gravatar.com\/avatar\/f0b7849f9f82bc20952396010e3c9adb?s=96&d=mm&r=g\",\"contentUrl\":\"https:\/\/secure.gravatar.com\/avatar\/f0b7849f9f82bc20952396010e3c9adb?s=96&d=mm&r=g\",\"caption\":\"Martina Pechov\u00e1\"},\"sameAs\":[\"http:\/\/BydleteStylove.cz\"],\"url\":\"https:\/\/bydletestylove.cz\/index.php\/author\/marpech\/\"}]}<\/script>\n<!-- \/ Yoast SEO plugin. -->","yoast_head_json":{"title":"\u010cesk\u00fd trh luxusn\u00edch nemovitost\u00ed se v posledn\u00edch letech v\u00fdrazn\u011b prom\u011bnil: Od pra\u017esk\u00fdch vil a\u017e po horsk\u00e9 nemovitosti - BydleteStylov\u011b.cz","description":"\u010cesk\u00fd trh luxusn\u00edch nemovitost\u00ed se v posledn\u00edch letech v\u00fdrazn\u011b prom\u011bnil. Kupuj\u00edc\u00ed jsou sofistikovan\u011bj\u0161\u00ed, d\u016fsledn\u011b zva\u017euj\u00ed lokalitu, kvalitu.","robots":{"index":"index","follow":"follow","max-snippet":"max-snippet:-1","max-image-preview":"max-image-preview:large","max-video-preview":"max-video-preview:-1"},"canonical":"https:\/\/bydletestylove.cz\/index.php\/design-architektura\/cesky-trh-luxusnich-nemovitosti-se-v-poslednich-letech-vyrazne-promenil-od-prazskych-vil-az-po-horske-nemovitosti\/","og_locale":"cs_CZ","og_type":"article","og_title":"\u010cesk\u00fd trh luxusn\u00edch nemovitost\u00ed se v posledn\u00edch letech v\u00fdrazn\u011b prom\u011bnil: Od pra\u017esk\u00fdch vil a\u017e po horsk\u00e9 nemovitosti - BydleteStylov\u011b.cz","og_description":"\u010cesk\u00fd trh luxusn\u00edch nemovitost\u00ed se v posledn\u00edch letech v\u00fdrazn\u011b prom\u011bnil. Kupuj\u00edc\u00ed jsou sofistikovan\u011bj\u0161\u00ed, d\u016fsledn\u011b zva\u017euj\u00ed lokalitu, kvalitu.","og_url":"https:\/\/bydletestylove.cz\/index.php\/design-architektura\/cesky-trh-luxusnich-nemovitosti-se-v-poslednich-letech-vyrazne-promenil-od-prazskych-vil-az-po-horske-nemovitosti\/","og_site_name":"BydleteStylov\u011b.cz","article_published_time":"2026-01-18T23:01:00+00:00","article_modified_time":"2026-01-18T23:22:42+00:00","og_image":[{"width":1920,"height":1280,"url":"https:\/\/bydletestylove.cz\/wp-content\/uploads\/2026\/01\/Luxent_Harrachov-Peaks_exterier_01.jpg","type":"image\/jpeg"}],"author":"Martina Pechov\u00e1","twitter_card":"summary_large_image","twitter_misc":{"Napsal(a)":"Martina Pechov\u00e1","Odhadovan\u00e1 doba \u010dten\u00ed":"10 minut"},"schema":{"@context":"https:\/\/schema.org","@graph":[{"@type":"Article","@id":"https:\/\/bydletestylove.cz\/index.php\/design-architektura\/cesky-trh-luxusnich-nemovitosti-se-v-poslednich-letech-vyrazne-promenil-od-prazskych-vil-az-po-horske-nemovitosti\/#article","isPartOf":{"@id":"https:\/\/bydletestylove.cz\/index.php\/design-architektura\/cesky-trh-luxusnich-nemovitosti-se-v-poslednich-letech-vyrazne-promenil-od-prazskych-vil-az-po-horske-nemovitosti\/"},"author":{"name":"Martina Pechov\u00e1","@id":"https:\/\/bydletestylove.cz\/#\/schema\/person\/10a133d2599b007f153f35688fef7fb1"},"headline":"\u010cesk\u00fd trh luxusn\u00edch nemovitost\u00ed se v posledn\u00edch letech v\u00fdrazn\u011b prom\u011bnil: Od pra\u017esk\u00fdch vil a\u017e po horsk\u00e9 nemovitosti","datePublished":"2026-01-18T23:01:00+00:00","dateModified":"2026-01-18T23:22:42+00:00","mainEntityOfPage":{"@id":"https:\/\/bydletestylove.cz\/index.php\/design-architektura\/cesky-trh-luxusnich-nemovitosti-se-v-poslednich-letech-vyrazne-promenil-od-prazskych-vil-az-po-horske-nemovitosti\/"},"wordCount":1477,"publisher":{"@id":"https:\/\/bydletestylove.cz\/#organization"},"articleSection":["BYTY","DESIGN &amp; ARCHITEKTURA","DOMY &amp; RESIDENCE","FOTOREPORTY","NOVINKY","REKONSTRUKCE &amp; STAVBA","TIPY &amp; TRENDY"],"inLanguage":"cs"},{"@type":"WebPage","@id":"https:\/\/bydletestylove.cz\/index.php\/design-architektura\/cesky-trh-luxusnich-nemovitosti-se-v-poslednich-letech-vyrazne-promenil-od-prazskych-vil-az-po-horske-nemovitosti\/","url":"https:\/\/bydletestylove.cz\/index.php\/design-architektura\/cesky-trh-luxusnich-nemovitosti-se-v-poslednich-letech-vyrazne-promenil-od-prazskych-vil-az-po-horske-nemovitosti\/","name":"\u010cesk\u00fd trh luxusn\u00edch nemovitost\u00ed se v posledn\u00edch letech v\u00fdrazn\u011b prom\u011bnil: Od pra\u017esk\u00fdch vil a\u017e po horsk\u00e9 nemovitosti - BydleteStylov\u011b.cz","isPartOf":{"@id":"https:\/\/bydletestylove.cz\/#website"},"datePublished":"2026-01-18T23:01:00+00:00","dateModified":"2026-01-18T23:22:42+00:00","description":"\u010cesk\u00fd trh luxusn\u00edch nemovitost\u00ed se v posledn\u00edch letech v\u00fdrazn\u011b prom\u011bnil. Kupuj\u00edc\u00ed jsou sofistikovan\u011bj\u0161\u00ed, d\u016fsledn\u011b zva\u017euj\u00ed lokalitu, kvalitu.","breadcrumb":{"@id":"https:\/\/bydletestylove.cz\/index.php\/design-architektura\/cesky-trh-luxusnich-nemovitosti-se-v-poslednich-letech-vyrazne-promenil-od-prazskych-vil-az-po-horske-nemovitosti\/#breadcrumb"},"inLanguage":"cs","potentialAction":[{"@type":"ReadAction","target":["https:\/\/bydletestylove.cz\/index.php\/design-architektura\/cesky-trh-luxusnich-nemovitosti-se-v-poslednich-letech-vyrazne-promenil-od-prazskych-vil-az-po-horske-nemovitosti\/"]}]},{"@type":"BreadcrumbList","@id":"https:\/\/bydletestylove.cz\/index.php\/design-architektura\/cesky-trh-luxusnich-nemovitosti-se-v-poslednich-letech-vyrazne-promenil-od-prazskych-vil-az-po-horske-nemovitosti\/#breadcrumb","itemListElement":[{"@type":"ListItem","position":1,"name":"Dom\u016f","item":"https:\/\/bydletestylove.cz\/"},{"@type":"ListItem","position":2,"name":"\u010cesk\u00fd trh luxusn\u00edch nemovitost\u00ed se v posledn\u00edch letech v\u00fdrazn\u011b prom\u011bnil: Od pra\u017esk\u00fdch vil a\u017e po horsk\u00e9 nemovitosti"}]},{"@type":"WebSite","@id":"https:\/\/bydletestylove.cz\/#website","url":"https:\/\/bydletestylove.cz\/","name":"BydleteStylov\u011b.cz","description":"Port\u00e1l o stylov\u00e9m bydlen\u00ed...","publisher":{"@id":"https:\/\/bydletestylove.cz\/#organization"},"potentialAction":[{"@type":"SearchAction","target":{"@type":"EntryPoint","urlTemplate":"https:\/\/bydletestylove.cz\/?s={search_term_string}"},"query-input":"required name=search_term_string"}],"inLanguage":"cs"},{"@type":"Organization","@id":"https:\/\/bydletestylove.cz\/#organization","name":"BydleteStylov\u011b.cz","url":"https:\/\/bydletestylove.cz\/","logo":{"@type":"ImageObject","inLanguage":"cs","@id":"https:\/\/bydletestylove.cz\/#\/schema\/logo\/image\/","url":"https:\/\/bydletestylove.cz\/wp-content\/uploads\/2024\/12\/cropped-Logo-Bydlete-Stylove.jpg","contentUrl":"https:\/\/bydletestylove.cz\/wp-content\/uploads\/2024\/12\/cropped-Logo-Bydlete-Stylove.jpg","width":290,"height":143,"caption":"BydleteStylov\u011b.cz"},"image":{"@id":"https:\/\/bydletestylove.cz\/#\/schema\/logo\/image\/"},"sameAs":["https:\/\/www.instagram.com\/bydletestylove.cz\/"]},{"@type":"Person","@id":"https:\/\/bydletestylove.cz\/#\/schema\/person\/10a133d2599b007f153f35688fef7fb1","name":"Martina Pechov\u00e1","image":{"@type":"ImageObject","inLanguage":"cs","@id":"https:\/\/bydletestylove.cz\/#\/schema\/person\/image\/","url":"https:\/\/secure.gravatar.com\/avatar\/f0b7849f9f82bc20952396010e3c9adb?s=96&d=mm&r=g","contentUrl":"https:\/\/secure.gravatar.com\/avatar\/f0b7849f9f82bc20952396010e3c9adb?s=96&d=mm&r=g","caption":"Martina Pechov\u00e1"},"sameAs":["http:\/\/BydleteStylove.cz"],"url":"https:\/\/bydletestylove.cz\/index.php\/author\/marpech\/"}]}},"_links":{"self":[{"href":"https:\/\/bydletestylove.cz\/index.php\/wp-json\/wp\/v2\/posts\/2392"}],"collection":[{"href":"https:\/\/bydletestylove.cz\/index.php\/wp-json\/wp\/v2\/posts"}],"about":[{"href":"https:\/\/bydletestylove.cz\/index.php\/wp-json\/wp\/v2\/types\/post"}],"author":[{"embeddable":true,"href":"https:\/\/bydletestylove.cz\/index.php\/wp-json\/wp\/v2\/users\/6"}],"replies":[{"embeddable":true,"href":"https:\/\/bydletestylove.cz\/index.php\/wp-json\/wp\/v2\/comments?post=2392"}],"version-history":[{"count":2,"href":"https:\/\/bydletestylove.cz\/index.php\/wp-json\/wp\/v2\/posts\/2392\/revisions"}],"predecessor-version":[{"id":2404,"href":"https:\/\/bydletestylove.cz\/index.php\/wp-json\/wp\/v2\/posts\/2392\/revisions\/2404"}],"wp:featuredmedia":[{"embeddable":true,"href":"https:\/\/bydletestylove.cz\/index.php\/wp-json\/wp\/v2\/media\/2400"}],"wp:attachment":[{"href":"https:\/\/bydletestylove.cz\/index.php\/wp-json\/wp\/v2\/media?parent=2392"}],"wp:term":[{"taxonomy":"category","embeddable":true,"href":"https:\/\/bydletestylove.cz\/index.php\/wp-json\/wp\/v2\/categories?post=2392"},{"taxonomy":"post_tag","embeddable":true,"href":"https:\/\/bydletestylove.cz\/index.php\/wp-json\/wp\/v2\/tags?post=2392"}],"curies":[{"name":"wp","href":"https:\/\/api.w.org\/{rel}","templated":true}]}}