{"id":2377,"date":"2026-01-21T00:01:00","date_gmt":"2026-01-20T23:01:00","guid":{"rendered":"https:\/\/bydletestylove.cz\/?p=2377"},"modified":"2026-01-19T00:23:36","modified_gmt":"2026-01-18T23:23:36","slug":"afi-v-ceske-republice-rok-2025-ve-znameni-stabilniho-rustu-a-plne-obsazenosti-najemniho-portfolia","status":"publish","type":"post","link":"https:\/\/bydletestylove.cz\/index.php\/byty\/afi-v-ceske-republice-rok-2025-ve-znameni-stabilniho-rustu-a-plne-obsazenosti-najemniho-portfolia\/","title":{"rendered":"<span>AFI v \u010cesk\u00e9 republice: rok 2025 ve znamen\u00ed stabiln\u00edho r\u016fstu ,a pln\u00e9 obsazenosti n\u00e1jemn\u00edho portfolia<\/span>"},"content":{"rendered":"\n<div style=\"height:35px\" aria-hidden=\"true\" class=\"wp-block-spacer\"><\/div>\n\n\n\n<p class=\"has-medium-font-size\"><strong>AFI uzav\u0159ela rok 2025 jako stabiln\u00ed a dlouhodob\u011b rostouc\u00ed hr\u00e1\u010d na trhu komer\u010dn\u00edch a&nbsp;reziden\u010dn\u00edch nemovitost\u00ed. Spole\u010dnost v pr\u016fb\u011bhu roku pos\u00edlila sv\u00e9 veden\u00ed, udr\u017eela vysokou obsazenost kancel\u00e1\u0159sk\u00fdch budov a sou\u010dasn\u011b potvrdila silnou popt\u00e1vku po modern\u00edm n\u00e1jemn\u00edm bydlen\u00ed pod zna\u010dkou AFI Home. Do jej\u00edho \u010dela se v lo\u0148sk\u00e9m roce postavila nov\u00e1 CEO Karin Shalev Shogol, kter\u00e1 chce v nadch\u00e1zej\u00edc\u00edch letech kl\u00e1st d\u016fraz na&nbsp;dal\u0161\u00ed rozvoj n\u00e1jemn\u00edho portfolia AFI, kvalitu slu\u017eeb a udr\u017eiteln\u00fd r\u016fst ve strategick\u00fdch pra\u017esk\u00fdch lokalit\u00e1ch.<\/strong><\/p>\n\n\n\n<div style=\"height:35px\" aria-hidden=\"true\" class=\"wp-block-spacer\"><\/div>\n\n\n<div class=\"wp-block-image\">\n<figure class=\"aligncenter size-large\"><img decoding=\"async\" loading=\"lazy\" width=\"1024\" height=\"683\" src=\"http:\/\/bydletestylove.cz\/wp-content\/uploads\/2026\/01\/AFI-Home-Trebesin-1024x683.jpg\" alt=\"AFI\" class=\"wp-image-2387\" srcset=\"https:\/\/bydletestylove.cz\/wp-content\/uploads\/2026\/01\/AFI-Home-Trebesin-1024x683.jpg 1024w, https:\/\/bydletestylove.cz\/wp-content\/uploads\/2026\/01\/AFI-Home-Trebesin-300x200.jpg 300w, https:\/\/bydletestylove.cz\/wp-content\/uploads\/2026\/01\/AFI-Home-Trebesin-768x512.jpg 768w, https:\/\/bydletestylove.cz\/wp-content\/uploads\/2026\/01\/AFI-Home-Trebesin-1536x1024.jpg 1536w, https:\/\/bydletestylove.cz\/wp-content\/uploads\/2026\/01\/AFI-Home-Trebesin-2048x1365.jpg 2048w\" sizes=\"(max-width: 1024px) 100vw, 1024px\" \/><\/figure><\/div>\n\n\n<div style=\"height:35px\" aria-hidden=\"true\" class=\"wp-block-spacer\"><\/div>\n\n\n\n<p class=\"has-medium-font-size\">\u201e<em>Rok 2025 byl pro AFI dal\u0161\u00edm \u00fasp\u011b\u0161n\u00fdm rokem. V r\u00e1mci projekt\u016f n\u00e1jemn\u00edho bydlen\u00ed AFI Home jsme dos\u00e1hli pln\u00e9 obsazenosti, co\u017e potvrzuje silnou popt\u00e1vku po kvalitn\u00edm profesion\u00e1ln\u011b spravovan\u00e9m bydlen\u00ed v tuzemsku. Tento v\u00fdsledek z\u00e1rove\u0148 potvrzuje spr\u00e1vnost na\u0161\u00ed dlouhodob\u00e9 strategie build-to-rent, kter\u00e1 stav\u00ed na systematick\u00e9m rozvoji n\u00e1jemn\u00edho bydlen\u00ed v atraktivn\u00edch lokalit\u00e1ch, d\u016frazu na kvalitu proveden\u00ed, udr\u017eitelnost a profesion\u00e1ln\u00ed spr\u00e1vu, ale tak\u00e9 na pr\u016fb\u011b\u017en\u00e9m roz\u0161i\u0159ov\u00e1n\u00ed na\u0161eho portfolia prost\u0159ednictv\u00edm akvizic vhodn\u00fdch pozemk\u016f pro budouc\u00ed projekty n\u00e1jemn\u00edho bydlen\u00ed. I proto ji\u017e m\u00e1me ve v\u00fdstavb\u011b dal\u0161\u00ed dva projekty \u2013 AFI Home Stra\u0161nice, kde v\u00a0celkem dvou f\u00e1z\u00edch vznikne celkem 519 byt\u016f, a AFI Home Nov\u00e1 Elektra s 291 byty, kter\u00e1 ned\u00e1vno dos\u00e1hla hrub\u00e9 stavby,\u201c <\/em>\u0159\u00edk\u00e1 <strong>Karin Shalev Shogol, CEO AFI v \u010cesk\u00e9 republice, <\/strong>a dod\u00e1v\u00e1: \u201e<em>Da\u0159ilo se n\u00e1m i v komer\u010dn\u00edm sektoru, kdy jsme uzav\u0159eli dohodu o akvizici kancel\u00e1\u0159sk\u00e9ho projektu Port7 v pra\u017esk\u00fdch Hole\u0161ovic\u00edch. To p\u0159edstavuje p\u0159edstavuje v\u00fdznamn\u00fd krok v dal\u0161\u00edm posilov\u00e1n\u00ed na\u0161eho kancel\u00e1\u0159sk\u00e9ho portfolia a potvrzuje dlouhodob\u00fd z\u00e1jem skupiny AFI o kvalitn\u00ed, architektonicky i urbanisticky v\u00fdjime\u010dn\u00e9 projekty.\u201c<\/em><\/p>\n\n\n\n<div style=\"height:35px\" aria-hidden=\"true\" class=\"wp-block-spacer\"><\/div>\n\n\n<div class=\"wp-block-image\">\n<figure class=\"aligncenter size-large\"><img decoding=\"async\" loading=\"lazy\" width=\"1024\" height=\"685\" src=\"http:\/\/bydletestylove.cz\/wp-content\/uploads\/2026\/01\/AFI-Home-Strasnice-1-1024x685.png\" alt=\"AFI\" class=\"wp-image-2379\" srcset=\"https:\/\/bydletestylove.cz\/wp-content\/uploads\/2026\/01\/AFI-Home-Strasnice-1-1024x685.png 1024w, https:\/\/bydletestylove.cz\/wp-content\/uploads\/2026\/01\/AFI-Home-Strasnice-1-300x201.png 300w, https:\/\/bydletestylove.cz\/wp-content\/uploads\/2026\/01\/AFI-Home-Strasnice-1-768x513.png 768w, https:\/\/bydletestylove.cz\/wp-content\/uploads\/2026\/01\/AFI-Home-Strasnice-1.png 1207w\" sizes=\"(max-width: 1024px) 100vw, 1024px\" \/><\/figure><\/div>\n\n\n<div style=\"height:35px\" aria-hidden=\"true\" class=\"wp-block-spacer\"><\/div>\n\n\n\n<p class=\"has-medium-font-size\">Kl\u00ed\u010dovou sou\u010d\u00e1st\u00ed strategie AFI pro leto\u0161n\u00ed rok je aktivn\u00ed podpora m\u00edstn\u00edch komunit. Spole\u010dnost mimo jin\u00e9 pl\u00e1nuje v\u00fdstavbu mate\u0159sk\u00e9 \u0161koly v r\u00e1mci projektu AFI City ve Vyso\u010danech, kter\u00e1 bude slou\u017eit nejen rezident\u016fm projektu, ale i rodin\u00e1m z&nbsp;\u0161irok\u00e9ho okol\u00ed. AFI bude i nad\u00e1le posilovat portfolio kvalitn\u00edho bydlen\u00ed a kancel\u00e1\u0159sk\u00fdch prostor, rozv\u00edjet udr\u017eiteln\u00e1 \u0159e\u0161en\u00ed a podporovat sousedsk\u00e9 vztahy v lokalit\u00e1ch, kde dlouhodob\u011b p\u016fsob\u00ed.<\/p>\n\n\n\n<div style=\"height:35px\" aria-hidden=\"true\" class=\"wp-block-spacer\"><\/div>\n\n\n<div class=\"wp-block-image\">\n<figure class=\"aligncenter size-large\"><img decoding=\"async\" loading=\"lazy\" width=\"1024\" height=\"683\" src=\"http:\/\/bydletestylove.cz\/wp-content\/uploads\/2026\/01\/AFI-Home-Work-1024x683.jpg\" alt=\"AFI\" class=\"wp-image-2383\" srcset=\"https:\/\/bydletestylove.cz\/wp-content\/uploads\/2026\/01\/AFI-Home-Work-1024x683.jpg 1024w, https:\/\/bydletestylove.cz\/wp-content\/uploads\/2026\/01\/AFI-Home-Work-300x200.jpg 300w, https:\/\/bydletestylove.cz\/wp-content\/uploads\/2026\/01\/AFI-Home-Work-768x512.jpg 768w, https:\/\/bydletestylove.cz\/wp-content\/uploads\/2026\/01\/AFI-Home-Work-1536x1024.jpg 1536w, https:\/\/bydletestylove.cz\/wp-content\/uploads\/2026\/01\/AFI-Home-Work-2048x1365.jpg 2048w\" sizes=\"(max-width: 1024px) 100vw, 1024px\" \/><\/figure><\/div>\n\n\n<div style=\"height:35px\" aria-hidden=\"true\" class=\"wp-block-spacer\"><\/div>\n\n\n\n<h2 class=\"wp-block-heading\">Stabiln\u00ed kancel\u00e1\u0159sk\u00e9 portfolio s\u00a0\u010derstvou akvizic\u00ed<\/h2>\n\n\n\n<div style=\"height:35px\" aria-hidden=\"true\" class=\"wp-block-spacer\"><\/div>\n\n\n\n<p class=\"has-medium-font-size\">V kancel\u00e1\u0159sk\u00e9m segmentu provozuje AFI v metropoli p\u011bt administrativn\u00edch objekt\u016f s t\u00e9m\u011b\u0159 kompletn\u00ed obsazenost\u00ed. Stabiln\u00ed popt\u00e1vka po kvalitn\u00edch, dopravn\u011b dostupn\u00fdch a energeticky efektivn\u00edch prostor\u00e1ch potvrzuje silnou pozici portfolia i d\u016fraz spole\u010dnosti na aktivn\u00ed asset management. AFI si&nbsp;tak udr\u017euje dlouhodob\u00e9 partnerstv\u00ed s n\u00e1jemci nap\u0159\u00ed\u010d obory a pr\u016fb\u011b\u017en\u011b pracuje na navy\u0161ov\u00e1n\u00ed hodnoty sv\u00fdch projekt\u016f prost\u0159ednictv\u00edm technologick\u00fdch i provozn\u00edch inovac\u00ed. Ned\u00e1vn\u00e1 akvizice administrativn\u00edho komplexu Port7 a p\u0159ilehl\u00e9ho pozemku ur\u010den\u00e9ho pro budouc\u00ed v\u00fdstavbu posiluje pozici AFI na tuzemsk\u00e9m trhu. Jde o vysoce udr\u017eiteln\u00fd projekt s certifikacemi LEED a WELL, kter\u00fd&nbsp;klade d\u016fraz na zdrav\u00e9 pracovn\u00ed prost\u0159ed\u00ed a pestr\u00fd program komunitn\u00edch akc\u00ed pro n\u00e1jemce.<\/p>\n\n\n\n<div style=\"height:35px\" aria-hidden=\"true\" class=\"wp-block-spacer\"><\/div>\n\n\n<div class=\"wp-block-image\">\n<figure class=\"aligncenter size-large\"><img decoding=\"async\" loading=\"lazy\" width=\"1024\" height=\"683\" src=\"http:\/\/bydletestylove.cz\/wp-content\/uploads\/2026\/01\/AFI-Home-Karlin-1024x683.jpg\" alt=\"AFI\" class=\"wp-image-2386\" srcset=\"https:\/\/bydletestylove.cz\/wp-content\/uploads\/2026\/01\/AFI-Home-Karlin-1024x683.jpg 1024w, https:\/\/bydletestylove.cz\/wp-content\/uploads\/2026\/01\/AFI-Home-Karlin-300x200.jpg 300w, https:\/\/bydletestylove.cz\/wp-content\/uploads\/2026\/01\/AFI-Home-Karlin-768x512.jpg 768w, https:\/\/bydletestylove.cz\/wp-content\/uploads\/2026\/01\/AFI-Home-Karlin-1536x1024.jpg 1536w, https:\/\/bydletestylove.cz\/wp-content\/uploads\/2026\/01\/AFI-Home-Karlin-2048x1365.jpg 2048w\" sizes=\"(max-width: 1024px) 100vw, 1024px\" \/><\/figure><\/div>\n\n\n<div style=\"height:35px\" aria-hidden=\"true\" class=\"wp-block-spacer\"><\/div>\n\n\n\n<h2 class=\"wp-block-heading\">AFI Home: t\u00e9m\u011b\u0159 900 byt\u016f s plnou obsazenost\u00ed<\/h2>\n\n\n\n<div style=\"height:35px\" aria-hidden=\"true\" class=\"wp-block-spacer\"><\/div>\n\n\n\n<p class=\"has-medium-font-size\">Dal\u0161\u00edm pil\u00ed\u0159em je n\u00e1jemn\u00ed portfolio AFI Home, kter\u00e9 \u010d\u00edt\u00e1 t\u00e9m\u011b\u0159 900 byt\u016f a apartm\u00e1n\u016f ve \u010dty\u0159ech rezidenc\u00edch a dosahuje kompletn\u00ed obsazenosti. Na tento \u00fasp\u011bch AFI p\u0159\u00edmo navazuje roz\u0161i\u0159ov\u00e1n\u00edm kapacity prost\u0159ednictv\u00edm dvou aktu\u00e1ln\u011b budovan\u00fdch projekt\u016f v&nbsp;Hloub\u011bt\u00edn\u011b a Stra\u0161nic\u00edch. AFI se&nbsp;do&nbsp;budoucna pl\u00e1nuje d\u00e1le zam\u011b\u0159ovat na rozvoj digit\u00e1ln\u00edch n\u00e1stroj\u016f, kter\u00e9 zjednodu\u0161uj\u00ed ka\u017edodenn\u00ed komunikaci s n\u00e1jemn\u00edky a podporuj\u00ed efektivn\u00ed provoz. To zahrnuje tak\u00e9 mobiln\u00ed aplikaci AFI Home, kter\u00e1 je pr\u016fb\u011b\u017en\u011b roz\u0161i\u0159ov\u00e1na o nov\u00e9 funkce vych\u00e1zej\u00edc\u00ed ze zp\u011btn\u00e9 vazby n\u00e1jemn\u00edk\u016f.<\/p>\n\n\n\n<div style=\"height:100px\" aria-hidden=\"true\" class=\"wp-block-spacer\"><\/div>\n\n\n\n<figure class=\"wp-block-gallery has-nested-images columns-2 is-cropped wp-block-gallery-1 is-layout-flex\">\n<figure class=\"wp-block-image size-large\"><img decoding=\"async\" loading=\"lazy\" width=\"1024\" height=\"683\" data-id=\"2386\"  src=\"https:\/\/bydletestylove.cz\/wp-content\/uploads\/2026\/01\/AFI-Home-Karlin-1024x683.jpg\" alt=\"AFI\" class=\"wp-image-2386\" srcset=\"https:\/\/bydletestylove.cz\/wp-content\/uploads\/2026\/01\/AFI-Home-Karlin-1024x683.jpg 1024w, https:\/\/bydletestylove.cz\/wp-content\/uploads\/2026\/01\/AFI-Home-Karlin-300x200.jpg 300w, https:\/\/bydletestylove.cz\/wp-content\/uploads\/2026\/01\/AFI-Home-Karlin-768x512.jpg 768w, https:\/\/bydletestylove.cz\/wp-content\/uploads\/2026\/01\/AFI-Home-Karlin-1536x1024.jpg 1536w, https:\/\/bydletestylove.cz\/wp-content\/uploads\/2026\/01\/AFI-Home-Karlin-2048x1365.jpg 2048w\" sizes=\"(max-width: 1024px) 100vw, 1024px\" \/><\/figure>\n\n\n\n<figure class=\"wp-block-image size-large\"><img decoding=\"async\" loading=\"lazy\" width=\"1024\" height=\"685\" data-id=\"2379\"  src=\"https:\/\/bydletestylove.cz\/wp-content\/uploads\/2026\/01\/AFI-Home-Strasnice-1-1024x685.png\" alt=\"AFI\" class=\"wp-image-2379\" srcset=\"https:\/\/bydletestylove.cz\/wp-content\/uploads\/2026\/01\/AFI-Home-Strasnice-1-1024x685.png 1024w, https:\/\/bydletestylove.cz\/wp-content\/uploads\/2026\/01\/AFI-Home-Strasnice-1-300x201.png 300w, https:\/\/bydletestylove.cz\/wp-content\/uploads\/2026\/01\/AFI-Home-Strasnice-1-768x513.png 768w, https:\/\/bydletestylove.cz\/wp-content\/uploads\/2026\/01\/AFI-Home-Strasnice-1.png 1207w\" sizes=\"(max-width: 1024px) 100vw, 1024px\" \/><\/figure>\n\n\n\n<figure class=\"wp-block-image size-large\"><img decoding=\"async\" loading=\"lazy\" width=\"1024\" height=\"473\" data-id=\"2381\"  src=\"https:\/\/bydletestylove.cz\/wp-content\/uploads\/2026\/01\/AFI-Home-Nova-Elektra_01-1-1024x473.jpg\" alt=\"AFI\" class=\"wp-image-2381\" srcset=\"https:\/\/bydletestylove.cz\/wp-content\/uploads\/2026\/01\/AFI-Home-Nova-Elektra_01-1-1024x473.jpg 1024w, https:\/\/bydletestylove.cz\/wp-content\/uploads\/2026\/01\/AFI-Home-Nova-Elektra_01-1-300x139.jpg 300w, https:\/\/bydletestylove.cz\/wp-content\/uploads\/2026\/01\/AFI-Home-Nova-Elektra_01-1-768x355.jpg 768w, https:\/\/bydletestylove.cz\/wp-content\/uploads\/2026\/01\/AFI-Home-Nova-Elektra_01-1-1536x710.jpg 1536w, https:\/\/bydletestylove.cz\/wp-content\/uploads\/2026\/01\/AFI-Home-Nova-Elektra_01-1.jpg 2048w\" sizes=\"(max-width: 1024px) 100vw, 1024px\" \/><\/figure>\n\n\n\n<figure class=\"wp-block-image size-large\"><img decoding=\"async\" loading=\"lazy\" width=\"1024\" height=\"474\" data-id=\"2388\"  src=\"https:\/\/bydletestylove.cz\/wp-content\/uploads\/2026\/01\/AFI-Home-Nova-Elektra_02-1024x474.png\" alt=\"AFI\" class=\"wp-image-2388\" srcset=\"https:\/\/bydletestylove.cz\/wp-content\/uploads\/2026\/01\/AFI-Home-Nova-Elektra_02-1024x474.png 1024w, https:\/\/bydletestylove.cz\/wp-content\/uploads\/2026\/01\/AFI-Home-Nova-Elektra_02-300x139.png 300w, https:\/\/bydletestylove.cz\/wp-content\/uploads\/2026\/01\/AFI-Home-Nova-Elektra_02-768x356.png 768w, https:\/\/bydletestylove.cz\/wp-content\/uploads\/2026\/01\/AFI-Home-Nova-Elektra_02-1536x711.png 1536w, https:\/\/bydletestylove.cz\/wp-content\/uploads\/2026\/01\/AFI-Home-Nova-Elektra_02-2048x949.png 2048w\" sizes=\"(max-width: 1024px) 100vw, 1024px\" \/><\/figure>\n\n\n\n<figure class=\"wp-block-image size-large\"><img decoding=\"async\" loading=\"lazy\" width=\"1024\" height=\"684\" data-id=\"2380\"  src=\"https:\/\/bydletestylove.cz\/wp-content\/uploads\/2026\/01\/AFI-Home-Strasnice-2-1024x684.png\" alt=\"AFI\" class=\"wp-image-2380\" srcset=\"https:\/\/bydletestylove.cz\/wp-content\/uploads\/2026\/01\/AFI-Home-Strasnice-2-1024x684.png 1024w, https:\/\/bydletestylove.cz\/wp-content\/uploads\/2026\/01\/AFI-Home-Strasnice-2-300x200.png 300w, https:\/\/bydletestylove.cz\/wp-content\/uploads\/2026\/01\/AFI-Home-Strasnice-2-768x513.png 768w, https:\/\/bydletestylove.cz\/wp-content\/uploads\/2026\/01\/AFI-Home-Strasnice-2.png 1209w\" sizes=\"(max-width: 1024px) 100vw, 1024px\" \/><\/figure>\n\n\n\n<figure class=\"wp-block-image size-large\"><img decoding=\"async\" loading=\"lazy\" width=\"1024\" height=\"683\" data-id=\"2387\"  src=\"https:\/\/bydletestylove.cz\/wp-content\/uploads\/2026\/01\/AFI-Home-Trebesin-1024x683.jpg\" alt=\"AFI\" class=\"wp-image-2387\" srcset=\"https:\/\/bydletestylove.cz\/wp-content\/uploads\/2026\/01\/AFI-Home-Trebesin-1024x683.jpg 1024w, https:\/\/bydletestylove.cz\/wp-content\/uploads\/2026\/01\/AFI-Home-Trebesin-300x200.jpg 300w, https:\/\/bydletestylove.cz\/wp-content\/uploads\/2026\/01\/AFI-Home-Trebesin-768x512.jpg 768w, https:\/\/bydletestylove.cz\/wp-content\/uploads\/2026\/01\/AFI-Home-Trebesin-1536x1024.jpg 1536w, https:\/\/bydletestylove.cz\/wp-content\/uploads\/2026\/01\/AFI-Home-Trebesin-2048x1365.jpg 2048w\" sizes=\"(max-width: 1024px) 100vw, 1024px\" \/><\/figure>\n\n\n\n<figure class=\"wp-block-image size-large\"><img decoding=\"async\" loading=\"lazy\" width=\"1024\" height=\"683\" data-id=\"2383\"  src=\"https:\/\/bydletestylove.cz\/wp-content\/uploads\/2026\/01\/AFI-Home-Work-1024x683.jpg\" alt=\"AFI\" class=\"wp-image-2383\" srcset=\"https:\/\/bydletestylove.cz\/wp-content\/uploads\/2026\/01\/AFI-Home-Work-1024x683.jpg 1024w, https:\/\/bydletestylove.cz\/wp-content\/uploads\/2026\/01\/AFI-Home-Work-300x200.jpg 300w, https:\/\/bydletestylove.cz\/wp-content\/uploads\/2026\/01\/AFI-Home-Work-768x512.jpg 768w, https:\/\/bydletestylove.cz\/wp-content\/uploads\/2026\/01\/AFI-Home-Work-1536x1024.jpg 1536w, https:\/\/bydletestylove.cz\/wp-content\/uploads\/2026\/01\/AFI-Home-Work-2048x1365.jpg 2048w\" sizes=\"(max-width: 1024px) 100vw, 1024px\" \/><\/figure>\n\n\n\n<figure class=\"wp-block-image size-large\"><img decoding=\"async\" loading=\"lazy\" width=\"1024\" height=\"683\" data-id=\"2389\"  src=\"https:\/\/bydletestylove.cz\/wp-content\/uploads\/2026\/01\/Port7_foto_01-1024x683.jpeg\" alt=\"AFI\" class=\"wp-image-2389\" srcset=\"https:\/\/bydletestylove.cz\/wp-content\/uploads\/2026\/01\/Port7_foto_01-1024x683.jpeg 1024w, https:\/\/bydletestylove.cz\/wp-content\/uploads\/2026\/01\/Port7_foto_01-300x200.jpeg 300w, https:\/\/bydletestylove.cz\/wp-content\/uploads\/2026\/01\/Port7_foto_01-768x512.jpeg 768w, https:\/\/bydletestylove.cz\/wp-content\/uploads\/2026\/01\/Port7_foto_01-1536x1024.jpeg 1536w, https:\/\/bydletestylove.cz\/wp-content\/uploads\/2026\/01\/Port7_foto_01-2048x1365.jpeg 2048w\" sizes=\"(max-width: 1024px) 100vw, 1024px\" \/><\/figure>\n\n\n\n<figure class=\"wp-block-image size-large\"><img decoding=\"async\" loading=\"lazy\" width=\"1024\" height=\"768\" data-id=\"2382\"  src=\"https:\/\/bydletestylove.cz\/wp-content\/uploads\/2026\/01\/AFI_CEO_Karin-Shalev-Shogol-02-1024x768.jpeg\" alt=\"AFI\" class=\"wp-image-2382\" srcset=\"https:\/\/bydletestylove.cz\/wp-content\/uploads\/2026\/01\/AFI_CEO_Karin-Shalev-Shogol-02-1024x768.jpeg 1024w, https:\/\/bydletestylove.cz\/wp-content\/uploads\/2026\/01\/AFI_CEO_Karin-Shalev-Shogol-02-300x225.jpeg 300w, https:\/\/bydletestylove.cz\/wp-content\/uploads\/2026\/01\/AFI_CEO_Karin-Shalev-Shogol-02-768x576.jpeg 768w, https:\/\/bydletestylove.cz\/wp-content\/uploads\/2026\/01\/AFI_CEO_Karin-Shalev-Shogol-02-1536x1152.jpeg 1536w, https:\/\/bydletestylove.cz\/wp-content\/uploads\/2026\/01\/AFI_CEO_Karin-Shalev-Shogol-02-2048x1536.jpeg 2048w\" sizes=\"(max-width: 1024px) 100vw, 1024px\" \/><\/figure>\n\n\n\n<figure class=\"wp-block-image size-large\"><img decoding=\"async\" loading=\"lazy\" width=\"1024\" height=\"768\" data-id=\"2390\"  src=\"https:\/\/bydletestylove.cz\/wp-content\/uploads\/2026\/01\/AFI_CEO_Karin-Shalev-Shogol_01-1024x768.png\" alt=\"AFI\" class=\"wp-image-2390\" srcset=\"https:\/\/bydletestylove.cz\/wp-content\/uploads\/2026\/01\/AFI_CEO_Karin-Shalev-Shogol_01-1024x768.png 1024w, https:\/\/bydletestylove.cz\/wp-content\/uploads\/2026\/01\/AFI_CEO_Karin-Shalev-Shogol_01-300x225.png 300w, https:\/\/bydletestylove.cz\/wp-content\/uploads\/2026\/01\/AFI_CEO_Karin-Shalev-Shogol_01-768x576.png 768w, https:\/\/bydletestylove.cz\/wp-content\/uploads\/2026\/01\/AFI_CEO_Karin-Shalev-Shogol_01-1536x1152.png 1536w, https:\/\/bydletestylove.cz\/wp-content\/uploads\/2026\/01\/AFI_CEO_Karin-Shalev-Shogol_01-2048x1536.png 2048w\" sizes=\"(max-width: 1024px) 100vw, 1024px\" \/><\/figure>\n\n\n\n<figure class=\"wp-block-image size-large\"><img decoding=\"async\" loading=\"lazy\" width=\"1024\" height=\"683\" data-id=\"2384\"  src=\"https:\/\/bydletestylove.cz\/wp-content\/uploads\/2026\/01\/Port7_foto_02-1024x683.jpeg\" alt=\"AFI\" class=\"wp-image-2384\" srcset=\"https:\/\/bydletestylove.cz\/wp-content\/uploads\/2026\/01\/Port7_foto_02-1024x683.jpeg 1024w, https:\/\/bydletestylove.cz\/wp-content\/uploads\/2026\/01\/Port7_foto_02-300x200.jpeg 300w, https:\/\/bydletestylove.cz\/wp-content\/uploads\/2026\/01\/Port7_foto_02-768x512.jpeg 768w, https:\/\/bydletestylove.cz\/wp-content\/uploads\/2026\/01\/Port7_foto_02-1536x1024.jpeg 1536w, https:\/\/bydletestylove.cz\/wp-content\/uploads\/2026\/01\/Port7_foto_02-2048x1365.jpeg 2048w\" sizes=\"(max-width: 1024px) 100vw, 1024px\" \/><\/figure>\n\n\n\n<figure class=\"wp-block-image size-large\"><img decoding=\"async\" loading=\"lazy\" width=\"1024\" height=\"683\" data-id=\"2378\"  src=\"https:\/\/bydletestylove.cz\/wp-content\/uploads\/2026\/01\/Port7_zimni-1024x683.jpeg\" alt=\"AFI\" class=\"wp-image-2378\" srcset=\"https:\/\/bydletestylove.cz\/wp-content\/uploads\/2026\/01\/Port7_zimni-1024x683.jpeg 1024w, https:\/\/bydletestylove.cz\/wp-content\/uploads\/2026\/01\/Port7_zimni-300x200.jpeg 300w, https:\/\/bydletestylove.cz\/wp-content\/uploads\/2026\/01\/Port7_zimni-768x512.jpeg 768w, https:\/\/bydletestylove.cz\/wp-content\/uploads\/2026\/01\/Port7_zimni-1536x1024.jpeg 1536w, https:\/\/bydletestylove.cz\/wp-content\/uploads\/2026\/01\/Port7_zimni.jpeg 2048w\" sizes=\"(max-width: 1024px) 100vw, 1024px\" \/><\/figure>\n\n\n\n<figure class=\"wp-block-image size-large\"><img decoding=\"async\" loading=\"lazy\" width=\"767\" height=\"1024\" data-id=\"2385\"  src=\"https:\/\/bydletestylove.cz\/wp-content\/uploads\/2026\/01\/AFI-City-767x1024.jpg\" alt=\"AFI\" class=\"wp-image-2385\" srcset=\"https:\/\/bydletestylove.cz\/wp-content\/uploads\/2026\/01\/AFI-City-767x1024.jpg 767w, https:\/\/bydletestylove.cz\/wp-content\/uploads\/2026\/01\/AFI-City-225x300.jpg 225w, https:\/\/bydletestylove.cz\/wp-content\/uploads\/2026\/01\/AFI-City-768x1025.jpg 768w, https:\/\/bydletestylove.cz\/wp-content\/uploads\/2026\/01\/AFI-City-1151x1536.jpg 1151w, https:\/\/bydletestylove.cz\/wp-content\/uploads\/2026\/01\/AFI-City-1535x2048.jpg 1535w, https:\/\/bydletestylove.cz\/wp-content\/uploads\/2026\/01\/AFI-City-scaled.jpg 1918w\" sizes=\"(max-width: 767px) 100vw, 767px\" \/><\/figure>\n<\/figure>\n\n\n\n<div style=\"height:30px\" aria-hidden=\"true\" class=\"wp-block-spacer\"><\/div>\n\n\n\n<p class=\"has-medium-font-size\"><strong>Zdroj foto:\u00a0<\/strong>AFI<\/p>\n\n\n\n<div style=\"height:55px\" aria-hidden=\"true\" class=\"wp-block-spacer\"><\/div>\n","protected":false},"excerpt":{"rendered":"<p>AFI uzav\u0159ela rok 2025 jako stabiln\u00ed a dlouhodob\u011b rostouc\u00ed hr\u00e1\u010d na trhu komer\u010dn\u00edch a&nbsp;reziden\u010dn\u00edch nemovitost\u00ed. Spole\u010dnost v pr\u016fb\u011bhu roku pos\u00edlila sv\u00e9 veden\u00ed, udr\u017eela vysokou obsazenost kancel\u00e1\u0159sk\u00fdch budov a sou\u010dasn\u011b potvrdila silnou popt\u00e1vku po modern\u00edm n\u00e1jemn\u00edm bydlen\u00ed pod zna\u010dkou AFI Home. Do jej\u00edho \u010dela se v lo\u0148sk\u00e9m roce postavila nov\u00e1 CEO Karin Shalev Shogol, kter\u00e1 chce v nadch\u00e1zej\u00edc\u00edch letech kl\u00e1st d\u016fraz na&nbsp;dal\u0161\u00ed rozvoj n\u00e1jemn\u00edho portfolia AFI, kvalitu slu\u017eeb a udr\u017eiteln\u00fd r\u016fst ve strategick\u00fdch pra\u017esk\u00fdch lokalit\u00e1ch. \u201eRok 2025 byl pro AFI dal\u0161\u00edm \u00fasp\u011b\u0161n\u00fdm rokem. V r\u00e1mci projekt\u016f n\u00e1jemn\u00edho bydlen\u00ed AFI Home jsme&hellip;<\/p>\n","protected":false},"author":6,"featured_media":2380,"comment_status":"closed","ping_status":"open","sticky":false,"template":"","format":"standard","meta":{"_mi_skip_tracking":false,"_monsterinsights_sitenote_active":false,"_monsterinsights_sitenote_note":"","_monsterinsights_sitenote_category":0},"categories":[10,12,9,4,1,8,5],"tags":[],"yoast_head":"<!-- This site is optimized with the Yoast SEO plugin v21.4 - https:\/\/yoast.com\/wordpress\/plugins\/seo\/ -->\n<title>AFI v \u010cesk\u00e9 republice: rok 2025 ve znamen\u00ed stabiln\u00edho r\u016fstu ,a pln\u00e9 obsazenosti n\u00e1jemn\u00edho portfolia - BydleteStylov\u011b.cz<\/title>\n<meta name=\"description\" content=\"AFI uzav\u0159ela rok 2025 jako stabiln\u00ed a dlouhodob\u011b rostouc\u00ed hr\u00e1\u010d na trhu komer\u010dn\u00edch a\u00a0reziden\u010dn\u00edch nemovitost\u00ed.\" \/>\n<meta name=\"robots\" content=\"index, follow, max-snippet:-1, max-image-preview:large, max-video-preview:-1\" \/>\n<link rel=\"canonical\" href=\"https:\/\/bydletestylove.cz\/index.php\/byty\/afi-v-ceske-republice-rok-2025-ve-znameni-stabilniho-rustu-a-plne-obsazenosti-najemniho-portfolia\/\" \/>\n<meta property=\"og:locale\" content=\"cs_CZ\" \/>\n<meta property=\"og:type\" content=\"article\" \/>\n<meta property=\"og:title\" content=\"AFI v \u010cesk\u00e9 republice: rok 2025 ve znamen\u00ed stabiln\u00edho r\u016fstu ,a pln\u00e9 obsazenosti n\u00e1jemn\u00edho portfolia - BydleteStylov\u011b.cz\" \/>\n<meta property=\"og:description\" content=\"AFI uzav\u0159ela rok 2025 jako stabiln\u00ed a dlouhodob\u011b rostouc\u00ed hr\u00e1\u010d na trhu komer\u010dn\u00edch a\u00a0reziden\u010dn\u00edch nemovitost\u00ed.\" \/>\n<meta property=\"og:url\" content=\"https:\/\/bydletestylove.cz\/index.php\/byty\/afi-v-ceske-republice-rok-2025-ve-znameni-stabilniho-rustu-a-plne-obsazenosti-najemniho-portfolia\/\" \/>\n<meta property=\"og:site_name\" content=\"BydleteStylov\u011b.cz\" \/>\n<meta property=\"article:published_time\" content=\"2026-01-20T23:01:00+00:00\" \/>\n<meta property=\"article:modified_time\" content=\"2026-01-18T23:23:36+00:00\" \/>\n<meta property=\"og:image\" content=\"https:\/\/bydletestylove.cz\/wp-content\/uploads\/2026\/01\/AFI-Home-Strasnice-2-1024x684.png\" \/>\n\t<meta property=\"og:image:width\" content=\"1024\" \/>\n\t<meta property=\"og:image:height\" content=\"684\" \/>\n\t<meta property=\"og:image:type\" content=\"image\/png\" \/>\n<meta name=\"author\" content=\"Martina Pechov\u00e1\" \/>\n<meta name=\"twitter:card\" content=\"summary_large_image\" \/>\n<meta name=\"twitter:label1\" content=\"Napsal(a)\" \/>\n\t<meta name=\"twitter:data1\" content=\"Martina Pechov\u00e1\" \/>\n\t<meta name=\"twitter:label2\" content=\"Odhadovan\u00e1 doba \u010dten\u00ed\" \/>\n\t<meta name=\"twitter:data2\" content=\"7 minut\" \/>\n<script type=\"application\/ld+json\" class=\"yoast-schema-graph\">{\"@context\":\"https:\/\/schema.org\",\"@graph\":[{\"@type\":\"Article\",\"@id\":\"https:\/\/bydletestylove.cz\/index.php\/byty\/afi-v-ceske-republice-rok-2025-ve-znameni-stabilniho-rustu-a-plne-obsazenosti-najemniho-portfolia\/#article\",\"isPartOf\":{\"@id\":\"https:\/\/bydletestylove.cz\/index.php\/byty\/afi-v-ceske-republice-rok-2025-ve-znameni-stabilniho-rustu-a-plne-obsazenosti-najemniho-portfolia\/\"},\"author\":{\"name\":\"Martina Pechov\u00e1\",\"@id\":\"https:\/\/bydletestylove.cz\/#\/schema\/person\/10a133d2599b007f153f35688fef7fb1\"},\"headline\":\"AFI v \u010cesk\u00e9 republice: rok 2025 ve znamen\u00ed stabiln\u00edho r\u016fstu ,a pln\u00e9 obsazenosti n\u00e1jemn\u00edho portfolia\",\"datePublished\":\"2026-01-20T23:01:00+00:00\",\"dateModified\":\"2026-01-18T23:23:36+00:00\",\"mainEntityOfPage\":{\"@id\":\"https:\/\/bydletestylove.cz\/index.php\/byty\/afi-v-ceske-republice-rok-2025-ve-znameni-stabilniho-rustu-a-plne-obsazenosti-najemniho-portfolia\/\"},\"wordCount\":716,\"publisher\":{\"@id\":\"https:\/\/bydletestylove.cz\/#organization\"},\"articleSection\":[\"BYTY\",\"DESIGN &amp; ARCHITEKTURA\",\"DOMY &amp; RESIDENCE\",\"FOTOREPORTY\",\"NOVINKY\",\"REKONSTRUKCE &amp; STAVBA\",\"TIPY &amp; TRENDY\"],\"inLanguage\":\"cs\"},{\"@type\":\"WebPage\",\"@id\":\"https:\/\/bydletestylove.cz\/index.php\/byty\/afi-v-ceske-republice-rok-2025-ve-znameni-stabilniho-rustu-a-plne-obsazenosti-najemniho-portfolia\/\",\"url\":\"https:\/\/bydletestylove.cz\/index.php\/byty\/afi-v-ceske-republice-rok-2025-ve-znameni-stabilniho-rustu-a-plne-obsazenosti-najemniho-portfolia\/\",\"name\":\"AFI v \u010cesk\u00e9 republice: rok 2025 ve znamen\u00ed stabiln\u00edho r\u016fstu ,a pln\u00e9 obsazenosti n\u00e1jemn\u00edho portfolia - BydleteStylov\u011b.cz\",\"isPartOf\":{\"@id\":\"https:\/\/bydletestylove.cz\/#website\"},\"datePublished\":\"2026-01-20T23:01:00+00:00\",\"dateModified\":\"2026-01-18T23:23:36+00:00\",\"description\":\"AFI uzav\u0159ela rok 2025 jako stabiln\u00ed a dlouhodob\u011b rostouc\u00ed hr\u00e1\u010d na trhu komer\u010dn\u00edch a\u00a0reziden\u010dn\u00edch nemovitost\u00ed.\",\"breadcrumb\":{\"@id\":\"https:\/\/bydletestylove.cz\/index.php\/byty\/afi-v-ceske-republice-rok-2025-ve-znameni-stabilniho-rustu-a-plne-obsazenosti-najemniho-portfolia\/#breadcrumb\"},\"inLanguage\":\"cs\",\"potentialAction\":[{\"@type\":\"ReadAction\",\"target\":[\"https:\/\/bydletestylove.cz\/index.php\/byty\/afi-v-ceske-republice-rok-2025-ve-znameni-stabilniho-rustu-a-plne-obsazenosti-najemniho-portfolia\/\"]}]},{\"@type\":\"BreadcrumbList\",\"@id\":\"https:\/\/bydletestylove.cz\/index.php\/byty\/afi-v-ceske-republice-rok-2025-ve-znameni-stabilniho-rustu-a-plne-obsazenosti-najemniho-portfolia\/#breadcrumb\",\"itemListElement\":[{\"@type\":\"ListItem\",\"position\":1,\"name\":\"Dom\u016f\",\"item\":\"https:\/\/bydletestylove.cz\/\"},{\"@type\":\"ListItem\",\"position\":2,\"name\":\"AFI v \u010cesk\u00e9 republice: rok 2025 ve znamen\u00ed stabiln\u00edho r\u016fstu ,a pln\u00e9 obsazenosti n\u00e1jemn\u00edho portfolia\"}]},{\"@type\":\"WebSite\",\"@id\":\"https:\/\/bydletestylove.cz\/#website\",\"url\":\"https:\/\/bydletestylove.cz\/\",\"name\":\"BydleteStylov\u011b.cz\",\"description\":\"Port\u00e1l o stylov\u00e9m bydlen\u00ed...\",\"publisher\":{\"@id\":\"https:\/\/bydletestylove.cz\/#organization\"},\"potentialAction\":[{\"@type\":\"SearchAction\",\"target\":{\"@type\":\"EntryPoint\",\"urlTemplate\":\"https:\/\/bydletestylove.cz\/?s={search_term_string}\"},\"query-input\":\"required name=search_term_string\"}],\"inLanguage\":\"cs\"},{\"@type\":\"Organization\",\"@id\":\"https:\/\/bydletestylove.cz\/#organization\",\"name\":\"BydleteStylov\u011b.cz\",\"url\":\"https:\/\/bydletestylove.cz\/\",\"logo\":{\"@type\":\"ImageObject\",\"inLanguage\":\"cs\",\"@id\":\"https:\/\/bydletestylove.cz\/#\/schema\/logo\/image\/\",\"url\":\"https:\/\/bydletestylove.cz\/wp-content\/uploads\/2024\/12\/cropped-Logo-Bydlete-Stylove.jpg\",\"contentUrl\":\"https:\/\/bydletestylove.cz\/wp-content\/uploads\/2024\/12\/cropped-Logo-Bydlete-Stylove.jpg\",\"width\":290,\"height\":143,\"caption\":\"BydleteStylov\u011b.cz\"},\"image\":{\"@id\":\"https:\/\/bydletestylove.cz\/#\/schema\/logo\/image\/\"},\"sameAs\":[\"https:\/\/www.instagram.com\/bydletestylove.cz\/\"]},{\"@type\":\"Person\",\"@id\":\"https:\/\/bydletestylove.cz\/#\/schema\/person\/10a133d2599b007f153f35688fef7fb1\",\"name\":\"Martina Pechov\u00e1\",\"image\":{\"@type\":\"ImageObject\",\"inLanguage\":\"cs\",\"@id\":\"https:\/\/bydletestylove.cz\/#\/schema\/person\/image\/\",\"url\":\"https:\/\/secure.gravatar.com\/avatar\/f0b7849f9f82bc20952396010e3c9adb?s=96&d=mm&r=g\",\"contentUrl\":\"https:\/\/secure.gravatar.com\/avatar\/f0b7849f9f82bc20952396010e3c9adb?s=96&d=mm&r=g\",\"caption\":\"Martina Pechov\u00e1\"},\"sameAs\":[\"http:\/\/BydleteStylove.cz\"],\"url\":\"https:\/\/bydletestylove.cz\/index.php\/author\/marpech\/\"}]}<\/script>\n<!-- \/ Yoast SEO plugin. -->","yoast_head_json":{"title":"AFI v \u010cesk\u00e9 republice: rok 2025 ve znamen\u00ed stabiln\u00edho r\u016fstu ,a pln\u00e9 obsazenosti n\u00e1jemn\u00edho portfolia - BydleteStylov\u011b.cz","description":"AFI uzav\u0159ela rok 2025 jako stabiln\u00ed a dlouhodob\u011b rostouc\u00ed hr\u00e1\u010d na trhu komer\u010dn\u00edch a\u00a0reziden\u010dn\u00edch nemovitost\u00ed.","robots":{"index":"index","follow":"follow","max-snippet":"max-snippet:-1","max-image-preview":"max-image-preview:large","max-video-preview":"max-video-preview:-1"},"canonical":"https:\/\/bydletestylove.cz\/index.php\/byty\/afi-v-ceske-republice-rok-2025-ve-znameni-stabilniho-rustu-a-plne-obsazenosti-najemniho-portfolia\/","og_locale":"cs_CZ","og_type":"article","og_title":"AFI v \u010cesk\u00e9 republice: rok 2025 ve znamen\u00ed stabiln\u00edho r\u016fstu ,a pln\u00e9 obsazenosti n\u00e1jemn\u00edho portfolia - BydleteStylov\u011b.cz","og_description":"AFI uzav\u0159ela rok 2025 jako stabiln\u00ed a dlouhodob\u011b rostouc\u00ed hr\u00e1\u010d na trhu komer\u010dn\u00edch a\u00a0reziden\u010dn\u00edch nemovitost\u00ed.","og_url":"https:\/\/bydletestylove.cz\/index.php\/byty\/afi-v-ceske-republice-rok-2025-ve-znameni-stabilniho-rustu-a-plne-obsazenosti-najemniho-portfolia\/","og_site_name":"BydleteStylov\u011b.cz","article_published_time":"2026-01-20T23:01:00+00:00","article_modified_time":"2026-01-18T23:23:36+00:00","og_image":[{"width":1024,"height":684,"url":"https:\/\/bydletestylove.cz\/wp-content\/uploads\/2026\/01\/AFI-Home-Strasnice-2-1024x684.png","type":"image\/png"}],"author":"Martina Pechov\u00e1","twitter_card":"summary_large_image","twitter_misc":{"Napsal(a)":"Martina Pechov\u00e1","Odhadovan\u00e1 doba \u010dten\u00ed":"7 minut"},"schema":{"@context":"https:\/\/schema.org","@graph":[{"@type":"Article","@id":"https:\/\/bydletestylove.cz\/index.php\/byty\/afi-v-ceske-republice-rok-2025-ve-znameni-stabilniho-rustu-a-plne-obsazenosti-najemniho-portfolia\/#article","isPartOf":{"@id":"https:\/\/bydletestylove.cz\/index.php\/byty\/afi-v-ceske-republice-rok-2025-ve-znameni-stabilniho-rustu-a-plne-obsazenosti-najemniho-portfolia\/"},"author":{"name":"Martina Pechov\u00e1","@id":"https:\/\/bydletestylove.cz\/#\/schema\/person\/10a133d2599b007f153f35688fef7fb1"},"headline":"AFI v \u010cesk\u00e9 republice: rok 2025 ve znamen\u00ed stabiln\u00edho r\u016fstu ,a pln\u00e9 obsazenosti n\u00e1jemn\u00edho portfolia","datePublished":"2026-01-20T23:01:00+00:00","dateModified":"2026-01-18T23:23:36+00:00","mainEntityOfPage":{"@id":"https:\/\/bydletestylove.cz\/index.php\/byty\/afi-v-ceske-republice-rok-2025-ve-znameni-stabilniho-rustu-a-plne-obsazenosti-najemniho-portfolia\/"},"wordCount":716,"publisher":{"@id":"https:\/\/bydletestylove.cz\/#organization"},"articleSection":["BYTY","DESIGN &amp; ARCHITEKTURA","DOMY &amp; RESIDENCE","FOTOREPORTY","NOVINKY","REKONSTRUKCE &amp; STAVBA","TIPY &amp; TRENDY"],"inLanguage":"cs"},{"@type":"WebPage","@id":"https:\/\/bydletestylove.cz\/index.php\/byty\/afi-v-ceske-republice-rok-2025-ve-znameni-stabilniho-rustu-a-plne-obsazenosti-najemniho-portfolia\/","url":"https:\/\/bydletestylove.cz\/index.php\/byty\/afi-v-ceske-republice-rok-2025-ve-znameni-stabilniho-rustu-a-plne-obsazenosti-najemniho-portfolia\/","name":"AFI v \u010cesk\u00e9 republice: rok 2025 ve znamen\u00ed stabiln\u00edho r\u016fstu ,a pln\u00e9 obsazenosti n\u00e1jemn\u00edho portfolia - BydleteStylov\u011b.cz","isPartOf":{"@id":"https:\/\/bydletestylove.cz\/#website"},"datePublished":"2026-01-20T23:01:00+00:00","dateModified":"2026-01-18T23:23:36+00:00","description":"AFI uzav\u0159ela rok 2025 jako stabiln\u00ed a dlouhodob\u011b rostouc\u00ed hr\u00e1\u010d na trhu komer\u010dn\u00edch a\u00a0reziden\u010dn\u00edch nemovitost\u00ed.","breadcrumb":{"@id":"https:\/\/bydletestylove.cz\/index.php\/byty\/afi-v-ceske-republice-rok-2025-ve-znameni-stabilniho-rustu-a-plne-obsazenosti-najemniho-portfolia\/#breadcrumb"},"inLanguage":"cs","potentialAction":[{"@type":"ReadAction","target":["https:\/\/bydletestylove.cz\/index.php\/byty\/afi-v-ceske-republice-rok-2025-ve-znameni-stabilniho-rustu-a-plne-obsazenosti-najemniho-portfolia\/"]}]},{"@type":"BreadcrumbList","@id":"https:\/\/bydletestylove.cz\/index.php\/byty\/afi-v-ceske-republice-rok-2025-ve-znameni-stabilniho-rustu-a-plne-obsazenosti-najemniho-portfolia\/#breadcrumb","itemListElement":[{"@type":"ListItem","position":1,"name":"Dom\u016f","item":"https:\/\/bydletestylove.cz\/"},{"@type":"ListItem","position":2,"name":"AFI v \u010cesk\u00e9 republice: rok 2025 ve znamen\u00ed stabiln\u00edho r\u016fstu ,a pln\u00e9 obsazenosti n\u00e1jemn\u00edho portfolia"}]},{"@type":"WebSite","@id":"https:\/\/bydletestylove.cz\/#website","url":"https:\/\/bydletestylove.cz\/","name":"BydleteStylov\u011b.cz","description":"Port\u00e1l o stylov\u00e9m bydlen\u00ed...","publisher":{"@id":"https:\/\/bydletestylove.cz\/#organization"},"potentialAction":[{"@type":"SearchAction","target":{"@type":"EntryPoint","urlTemplate":"https:\/\/bydletestylove.cz\/?s={search_term_string}"},"query-input":"required name=search_term_string"}],"inLanguage":"cs"},{"@type":"Organization","@id":"https:\/\/bydletestylove.cz\/#organization","name":"BydleteStylov\u011b.cz","url":"https:\/\/bydletestylove.cz\/","logo":{"@type":"ImageObject","inLanguage":"cs","@id":"https:\/\/bydletestylove.cz\/#\/schema\/logo\/image\/","url":"https:\/\/bydletestylove.cz\/wp-content\/uploads\/2024\/12\/cropped-Logo-Bydlete-Stylove.jpg","contentUrl":"https:\/\/bydletestylove.cz\/wp-content\/uploads\/2024\/12\/cropped-Logo-Bydlete-Stylove.jpg","width":290,"height":143,"caption":"BydleteStylov\u011b.cz"},"image":{"@id":"https:\/\/bydletestylove.cz\/#\/schema\/logo\/image\/"},"sameAs":["https:\/\/www.instagram.com\/bydletestylove.cz\/"]},{"@type":"Person","@id":"https:\/\/bydletestylove.cz\/#\/schema\/person\/10a133d2599b007f153f35688fef7fb1","name":"Martina Pechov\u00e1","image":{"@type":"ImageObject","inLanguage":"cs","@id":"https:\/\/bydletestylove.cz\/#\/schema\/person\/image\/","url":"https:\/\/secure.gravatar.com\/avatar\/f0b7849f9f82bc20952396010e3c9adb?s=96&d=mm&r=g","contentUrl":"https:\/\/secure.gravatar.com\/avatar\/f0b7849f9f82bc20952396010e3c9adb?s=96&d=mm&r=g","caption":"Martina Pechov\u00e1"},"sameAs":["http:\/\/BydleteStylove.cz"],"url":"https:\/\/bydletestylove.cz\/index.php\/author\/marpech\/"}]}},"_links":{"self":[{"href":"https:\/\/bydletestylove.cz\/index.php\/wp-json\/wp\/v2\/posts\/2377"}],"collection":[{"href":"https:\/\/bydletestylove.cz\/index.php\/wp-json\/wp\/v2\/posts"}],"about":[{"href":"https:\/\/bydletestylove.cz\/index.php\/wp-json\/wp\/v2\/types\/post"}],"author":[{"embeddable":true,"href":"https:\/\/bydletestylove.cz\/index.php\/wp-json\/wp\/v2\/users\/6"}],"replies":[{"embeddable":true,"href":"https:\/\/bydletestylove.cz\/index.php\/wp-json\/wp\/v2\/comments?post=2377"}],"version-history":[{"count":1,"href":"https:\/\/bydletestylove.cz\/index.php\/wp-json\/wp\/v2\/posts\/2377\/revisions"}],"predecessor-version":[{"id":2391,"href":"https:\/\/bydletestylove.cz\/index.php\/wp-json\/wp\/v2\/posts\/2377\/revisions\/2391"}],"wp:featuredmedia":[{"embeddable":true,"href":"https:\/\/bydletestylove.cz\/index.php\/wp-json\/wp\/v2\/media\/2380"}],"wp:attachment":[{"href":"https:\/\/bydletestylove.cz\/index.php\/wp-json\/wp\/v2\/media?parent=2377"}],"wp:term":[{"taxonomy":"category","embeddable":true,"href":"https:\/\/bydletestylove.cz\/index.php\/wp-json\/wp\/v2\/categories?post=2377"},{"taxonomy":"post_tag","embeddable":true,"href":"https:\/\/bydletestylove.cz\/index.php\/wp-json\/wp\/v2\/tags?post=2377"}],"curies":[{"name":"wp","href":"https:\/\/api.w.org\/{rel}","templated":true}]}}