{"id":2286,"date":"2025-12-08T00:01:00","date_gmt":"2025-12-07T23:01:00","guid":{"rendered":"https:\/\/bydletestylove.cz\/?p=2286"},"modified":"2025-12-08T00:37:27","modified_gmt":"2025-12-07T23:37:27","slug":"kouzlo-vanoc-v-ceskem-svetle-decoled-rozsvecuje-mesta-i-srdce","status":"publish","type":"post","link":"https:\/\/bydletestylove.cz\/index.php\/novinky\/kouzlo-vanoc-v-ceskem-svetle-decoled-rozsvecuje-mesta-i-srdce\/","title":{"rendered":"<span>Kouzlo V\u00e1noc v \u010desk\u00e9m sv\u011btle: Decoled rozsv\u011bcuje m\u011bsta i srdce<\/span>"},"content":{"rendered":"\n<div style=\"height:35px\" aria-hidden=\"true\" class=\"wp-block-spacer\"><\/div>\n\n\n\n<p class=\"has-medium-font-size\"><strong>V\u00e1noce nejsou jen datem v&nbsp;kalend\u00e1\u0159i, jsou chv\u00edl\u00ed, kdy se m\u011bsta rozz\u00e1\u0159\u00ed, ulice zti\u0161\u00ed a sv\u011btlo z\u00edsk\u00e1v\u00e1 nov\u00fd v\u00fdznam, st\u00e1v\u00e1 se symbolem nad\u011bje, radosti, soun\u00e1le\u017eitosti a n\u00e1vratu dom\u016f. Sv\u011btlo prov\u00e1z\u00ed \u010desk\u00e9 V\u00e1noce po stalet\u00ed. Nen\u00ed jen dekorac\u00ed, ale poselstv\u00edm a p\u0159ipom\u00ednkou, \u017ee i v zimn\u00edm chladu m\u016f\u017ee zah\u0159\u00e1t to, co spojuje lidi: bl\u00edzkost, tradice a spole\u010dn\u00e9 chv\u00edle.<\/strong><\/p>\n\n\n\n<div style=\"height:35px\" aria-hidden=\"true\" class=\"wp-block-spacer\"><\/div>\n\n\n<div class=\"wp-block-image\">\n<figure class=\"aligncenter size-large\"><img decoding=\"async\" loading=\"lazy\" width=\"1024\" height=\"683\" src=\"http:\/\/bydletestylove.cz\/wp-content\/uploads\/2025\/12\/Vanocni-strom-na-Staromestskem-namesti-v-Praze_foto-Milan-Krulis-2-1024x683.jpg\" alt=\"Decoled\" class=\"wp-image-2313\" srcset=\"https:\/\/bydletestylove.cz\/wp-content\/uploads\/2025\/12\/Vanocni-strom-na-Staromestskem-namesti-v-Praze_foto-Milan-Krulis-2-1024x683.jpg 1024w, https:\/\/bydletestylove.cz\/wp-content\/uploads\/2025\/12\/Vanocni-strom-na-Staromestskem-namesti-v-Praze_foto-Milan-Krulis-2-300x200.jpg 300w, https:\/\/bydletestylove.cz\/wp-content\/uploads\/2025\/12\/Vanocni-strom-na-Staromestskem-namesti-v-Praze_foto-Milan-Krulis-2-768x512.jpg 768w, https:\/\/bydletestylove.cz\/wp-content\/uploads\/2025\/12\/Vanocni-strom-na-Staromestskem-namesti-v-Praze_foto-Milan-Krulis-2-1536x1024.jpg 1536w\" sizes=\"(max-width: 1024px) 100vw, 1024px\" \/><\/figure><\/div>\n\n\n<div style=\"height:35px\" aria-hidden=\"true\" class=\"wp-block-spacer\"><\/div>\n\n\n\n<p class=\"has-medium-font-size\">Tento p\u0159\u00edb\u011bh u\u017e v\u00edce ne\u017e 27 let p\u00ed\u0161e \u010desk\u00e1 rodinn\u00e1 firma Decoled, zalo\u017een\u00e1 rodinou Pol\u00e1\u010dkov\u00fdch. Vznikla z l\u00e1sky ke sv\u011btlu, k \u0159emeslu a k v\u00e1no\u010dn\u00ed atmosf\u00e9\u0159e, kter\u00e1 m\u00e1 v \u010cesku v\u00fdjime\u010dn\u00e9 m\u00edsto. Dnes je nejv\u011bt\u0161\u00edm \u010desk\u00fdm v\u00fdrobcem a dodavatelem v\u00e1no\u010dn\u00edho osv\u011btlen\u00ed a dekorac\u00ed pro m\u011bsta, obce, obchodn\u00ed centra i sv\u011bteln\u00e9 parky.<\/p>\n\n\n\n<p class=\"has-medium-font-size\">Spojuje tradi\u010dn\u00ed \u0159emeslnou preciznost s modern\u00ed technologi\u00ed, ale jej\u00edm skute\u010dn\u00fdm posl\u00e1n\u00edm je n\u011bco mnohem hlub\u0161\u00edho: nevytv\u00e1\u0159et jen v\u00fdzdobu, ale z\u00e1\u017eitky, kter\u00e9 spojuj\u00ed lidi, probouzej\u00ed emoce a vypr\u00e1v\u011bj\u00ed p\u0159\u00edb\u011bhy m\u011bst i m\u00edst. <em>\u201eSv\u011btlo samo o sob\u011b nen\u00ed c\u00edlem. Je cestou ke vzpom\u00ednk\u00e1m, k emoc\u00edm, k radosti. Na\u0161\u00ed ambic\u00ed nen\u00ed jen zdobit, ale vytv\u00e1\u0159et atmosf\u00e9ru, kter\u00e1 lidem p\u0159ipomene, pro\u010d jsou V\u00e1noce tak v\u00fdjime\u010dn\u00e9,\u201c<\/em> \u0159\u00edk\u00e1 Eva Pol\u00e1\u010dkov\u00e1, majitelka spole\u010dnosti Decoled.<\/p>\n\n\n\n<div style=\"height:35px\" aria-hidden=\"true\" class=\"wp-block-spacer\"><\/div>\n\n\n\n<h2 class=\"wp-block-heading\">Praha \u2013 srdce \u010desk\u00fdch V\u00e1noc<\/h2>\n\n\n\n<div style=\"height:35px\" aria-hidden=\"true\" class=\"wp-block-spacer\"><\/div>\n\n\n\n<p class=\"has-medium-font-size\">Decoled je autorem v\u00fdzdoby ikonick\u00fdch m\u00edst v Praze, kter\u00e1 se stala symbolem \u010desk\u00fdch V\u00e1noc. Starom\u011bstsk\u00e9 n\u00e1m\u011bst\u00ed, jeho v\u00e1no\u010dn\u00ed strom a sv\u011bteln\u00e9 dekorace z d\u00edlny Decoled u\u017e mnoho let vytv\u00e1\u0159ej\u00ed atmosf\u00e9ru, kterou obdivuj\u00ed n\u00e1v\u0161t\u011bvn\u00edci z cel\u00e9ho sv\u011bta. O leto\u0161n\u00edm stromu a pra\u017esk\u00e9 v\u00e1no\u010dn\u00ed atmosf\u00e9\u0159e informovala tak\u00e9 sv\u011btov\u00e1 m\u00e9dia, kter\u00e1 tradi\u010dn\u011b sleduj\u00ed adventn\u00ed d\u011bn\u00ed v evropsk\u00fdch metropol\u00edch.\u00a0<em>\u201eJe to pro n\u00e1s kr\u00e1sn\u00e9 ocen\u011bn\u00ed toho, \u017ee poctiv\u00e1 \u010desk\u00e1 pr\u00e1ce m\u00e1 sv\u00e9 m\u00edsto i ve sv\u011bt\u011b. Kdy\u017e vid\u00edme, \u017ee si na\u0161e V\u00e1noce z\u00edsk\u00e1vaj\u00ed pozornost za hranicemi, bereme to jako uzn\u00e1n\u00ed tradice, \u0159emesla a citliv\u00e9ho p\u0159\u00edstupu, kter\u00fd do v\u00fdzdoby vkl\u00e1d\u00e1me,\u201c<\/em>\u00a0\u0159\u00edk\u00e1 Eva Pol\u00e1\u010dkov\u00e1.<\/p>\n\n\n\n<div style=\"height:35px\" aria-hidden=\"true\" class=\"wp-block-spacer\"><\/div>\n\n\n\n<figure class=\"wp-block-gallery has-nested-images columns-default is-cropped wp-block-gallery-1 is-layout-flex\">\n<figure class=\"wp-block-image size-large\"><img decoding=\"async\" loading=\"lazy\" width=\"1024\" height=\"576\" data-id=\"2311\"  src=\"https:\/\/bydletestylove.cz\/wp-content\/uploads\/2025\/12\/Historicka-tramvaj-v-Praze_foto-Radoslav-Vnencak-1024x576.jpg\" alt=\"Decoled\" class=\"wp-image-2311\" srcset=\"https:\/\/bydletestylove.cz\/wp-content\/uploads\/2025\/12\/Historicka-tramvaj-v-Praze_foto-Radoslav-Vnencak-1024x576.jpg 1024w, https:\/\/bydletestylove.cz\/wp-content\/uploads\/2025\/12\/Historicka-tramvaj-v-Praze_foto-Radoslav-Vnencak-300x169.jpg 300w, https:\/\/bydletestylove.cz\/wp-content\/uploads\/2025\/12\/Historicka-tramvaj-v-Praze_foto-Radoslav-Vnencak-768x432.jpg 768w, https:\/\/bydletestylove.cz\/wp-content\/uploads\/2025\/12\/Historicka-tramvaj-v-Praze_foto-Radoslav-Vnencak-1536x864.jpg 1536w, https:\/\/bydletestylove.cz\/wp-content\/uploads\/2025\/12\/Historicka-tramvaj-v-Praze_foto-Radoslav-Vnencak-2048x1152.jpg 2048w\" sizes=\"(max-width: 1024px) 100vw, 1024px\" \/><\/figure>\n\n\n\n<figure class=\"wp-block-image size-large\"><img decoding=\"async\" loading=\"lazy\" width=\"1024\" height=\"683\" data-id=\"2310\"  src=\"https:\/\/bydletestylove.cz\/wp-content\/uploads\/2025\/12\/Hradcany-a-popelarske-vozy_foto-Radoslav-Vnencak-1-1024x683.jpg\" alt=\"Decoled\" class=\"wp-image-2310\" srcset=\"https:\/\/bydletestylove.cz\/wp-content\/uploads\/2025\/12\/Hradcany-a-popelarske-vozy_foto-Radoslav-Vnencak-1-1024x683.jpg 1024w, https:\/\/bydletestylove.cz\/wp-content\/uploads\/2025\/12\/Hradcany-a-popelarske-vozy_foto-Radoslav-Vnencak-1-300x200.jpg 300w, https:\/\/bydletestylove.cz\/wp-content\/uploads\/2025\/12\/Hradcany-a-popelarske-vozy_foto-Radoslav-Vnencak-1-768x512.jpg 768w, https:\/\/bydletestylove.cz\/wp-content\/uploads\/2025\/12\/Hradcany-a-popelarske-vozy_foto-Radoslav-Vnencak-1-1536x1024.jpg 1536w, https:\/\/bydletestylove.cz\/wp-content\/uploads\/2025\/12\/Hradcany-a-popelarske-vozy_foto-Radoslav-Vnencak-1-2048x1365.jpg 2048w\" sizes=\"(max-width: 1024px) 100vw, 1024px\" \/><\/figure>\n<\/figure>\n\n\n\n<div style=\"height:35px\" aria-hidden=\"true\" class=\"wp-block-spacer\"><\/div>\n\n\n\n<p class=\"has-medium-font-size\">Z\u00e1kladem pra\u017esk\u00e9 v\u00fdzdoby je rukopis z Dobrov\u00edze, kde vznik\u00e1 vizu\u00e1ln\u00ed identita \u010desk\u00fdch V\u00e1noc, vytvo\u0159en\u00e1 s respektem k tradici, ale s modern\u00ed lehkost\u00ed. Tak\u00e9 letos p\u0159in\u00e1\u0161\u00ed pra\u017esk\u00e1 v\u00fdzdoba nov\u00e9 prvky, kter\u00e9 propojuj\u00ed tradici se siln\u00fdm emotivn\u00edm z\u00e1\u017eitkem:<\/p>\n\n\n\n<div style=\"height:35px\" aria-hidden=\"true\" class=\"wp-block-spacer\"><\/div>\n\n\n\n<ul>\n<li class=\"has-medium-font-size\"><strong>P\u011bveck\u00fd sbor s ru\u010dn\u011b vyr\u00e1b\u011bn\u00fdmi sv\u00ed\u010dkami<\/strong>, kter\u00fd b\u011bhem slavnostn\u00edho rozsv\u00edcen\u00ed v\u00e1no\u010dn\u00edho stromu na Starom\u011bstsk\u00e9m n\u00e1m\u011bst\u00ed symbolicky rozsv\u00edtil cel\u00e9 m\u011bsto hudbou a sv\u011btlem.<\/li>\n\n\n\n<li class=\"has-medium-font-size\"><strong>Sv\u011bteln\u00e9 instalace reaguj\u00edc\u00ed na pohyb<\/strong>, je\u017e vytv\u00e1\u0159ej\u00ed interaktivn\u00ed momenty.<\/li>\n\n\n\n<li class=\"has-medium-font-size\"><strong>Ru\u010dn\u011b zdoben\u00e9 ozdoby inspirovan\u00e9 lidovou estetikou<\/strong>, kter\u00e9 propojuj\u00ed modern\u00ed design s \u010desk\u00fdmi tradicemi.<\/li>\n<\/ul>\n\n\n\n<div style=\"height:35px\" aria-hidden=\"true\" class=\"wp-block-spacer\"><\/div>\n\n\n\n<p class=\"has-medium-font-size\">K Praze neodmysliteln\u011b pat\u0159\u00ed tak\u00e9 nasv\u00edcen\u00e9 <strong>V\u00e1clavsk\u00e9 n\u00e1m\u011bst\u00ed<\/strong>, <strong>Mal\u00e1 Strana<\/strong>, <strong>Hrad\u010dany<\/strong> \u010di <strong>obl\u00edben\u00e9 v\u00e1no\u010dn\u00ed tramvaje<\/strong>, kter\u00e9 se staly symbolem zimn\u00ed atmosf\u00e9ry hlavn\u00edho m\u011bsta.<em>\u201eKa\u017ed\u00fd rok je v\u00fdzdoba jin\u00e1, ale v\u017edy m\u00e1 du\u0161i. Stejn\u011b jako se m\u011bn\u00ed p\u0159\u00edb\u011bhy V\u00e1noc, m\u011bn\u00ed se i na\u0161e sv\u011btlo,\u201c<\/em> dod\u00e1v\u00e1 Eva Pol\u00e1\u010dkov\u00e1.<\/p>\n\n\n\n<div style=\"height:35px\" aria-hidden=\"true\" class=\"wp-block-spacer\"><\/div>\n\n\n\n<h2 class=\"wp-block-heading\"><img decoding=\"async\" src=\"\">Sv\u011btlo\u00a0vypr\u00e1v\u00ed\u00a0p\u0159\u00edb\u011bhy\u00a0\u010desk\u00fdch\u00a0m\u011bst<\/h2>\n\n\n\n<div style=\"height:35px\" aria-hidden=\"true\" class=\"wp-block-spacer\"><\/div>\n\n\n\n<p class=\"has-medium-font-size\">Decoled rozsv\u011bcuje des\u00edtky \u010desk\u00fdch m\u011bst, od velk\u00fdch metropol\u00ed po men\u0161\u00ed obce, l\u00e1ze\u0148sk\u00e1 m\u011bsta i historick\u00e9 pam\u00e1tky. Ka\u017ed\u00e9 z nich m\u00e1 vlastn\u00ed atmosf\u00e9ru a identitu, kterou firma citliv\u011b zohled\u0148uje. V\u00fdzdoba je v\u017edy vytv\u00e1\u0159ena na m\u00edru, s respektem k architektu\u0159e a charakteru m\u00edsta. Sv\u011btlo tak m\u016f\u017ee vypr\u00e1v\u011bt p\u0159\u00edb\u011bh konkr\u00e9tn\u00edho m\u011bsta \u2013 a\u0165 u\u017e jde o T\u0159eb\u00ed\u010d, Teplice, z\u00e1mek v D\u011b\u010d\u00edn\u011b, Jansk\u00e9 L\u00e1zn\u011b, Ji\u010d\u00edn, \u0160pindler\u016fv Ml\u00fdn, St\u0159\u00edbro, Vrchlab\u00ed, Ostravu, \u00dast\u00ed nad Labem \u010di Plze\u0148. <em>\u201eKa\u017ed\u00e9 m\u011bsto m\u00e1 sv\u016fj p\u0159\u00edb\u011bh. Na\u0161\u00edm \u00fakolem je vypr\u00e1v\u011bt ho sv\u011btlem,\u201c<\/em> \u0159\u00edk\u00e1 Eva Pol\u00e1\u010dkov\u00e1.<\/p>\n\n\n\n<div style=\"height:35px\" aria-hidden=\"true\" class=\"wp-block-spacer\"><\/div>\n\n\n<div class=\"wp-block-image\">\n<figure class=\"aligncenter size-large\"><img decoding=\"async\" loading=\"lazy\" width=\"1024\" height=\"683\" src=\"http:\/\/bydletestylove.cz\/wp-content\/uploads\/2025\/12\/Vanocni-vyzdoba-v-Trebici-3-foto-Decoled-1024x683.jpg\" alt=\"Decoled\" class=\"wp-image-2303\" srcset=\"https:\/\/bydletestylove.cz\/wp-content\/uploads\/2025\/12\/Vanocni-vyzdoba-v-Trebici-3-foto-Decoled-1024x683.jpg 1024w, https:\/\/bydletestylove.cz\/wp-content\/uploads\/2025\/12\/Vanocni-vyzdoba-v-Trebici-3-foto-Decoled-300x200.jpg 300w, https:\/\/bydletestylove.cz\/wp-content\/uploads\/2025\/12\/Vanocni-vyzdoba-v-Trebici-3-foto-Decoled-768x512.jpg 768w, https:\/\/bydletestylove.cz\/wp-content\/uploads\/2025\/12\/Vanocni-vyzdoba-v-Trebici-3-foto-Decoled-1536x1024.jpg 1536w\" sizes=\"(max-width: 1024px) 100vw, 1024px\" \/><\/figure><\/div>\n\n\n<div style=\"height:35px\" aria-hidden=\"true\" class=\"wp-block-spacer\"><\/div>\n\n\n\n<h2 class=\"wp-block-heading\">Sv\u011bteln\u00e1 elegance v obchodn\u00edch centrech<\/h2>\n\n\n\n<div style=\"height:35px\" aria-hidden=\"true\" class=\"wp-block-spacer\"><\/div>\n\n\n\n<p class=\"has-medium-font-size\">Sv\u011btlo od Decoled nevytv\u00e1\u0159\u00ed jen atmosf\u00e9ru V\u00e1noc, ale prom\u011b\u0148uje ve\u0159ejn\u00e9 prostory v m\u00edsta setk\u00e1v\u00e1n\u00ed, radosti a vizu\u00e1ln\u00ed harmonie. Instalace zdob\u00ed obchodn\u00ed domy, galerie, hotelov\u00e9 haly i kulturn\u00ed instituce v cel\u00e9 zemi. D\u016fraz se klade na <strong>vkusnost, estetiku a harmonii<\/strong>, nikoliv na efekt pro efekt.<\/p>\n\n\n\n<div style=\"height:35px\" aria-hidden=\"true\" class=\"wp-block-spacer\"><\/div>\n\n\n<div class=\"wp-block-image\">\n<figure class=\"aligncenter size-large\"><img decoding=\"async\" loading=\"lazy\" width=\"1024\" height=\"683\" src=\"http:\/\/bydletestylove.cz\/wp-content\/uploads\/2025\/12\/Vanocni-vyzdoba-v-Trebici-2-foto-Decoled-1024x683.jpg\" alt=\"Decoled\" class=\"wp-image-2304\" srcset=\"https:\/\/bydletestylove.cz\/wp-content\/uploads\/2025\/12\/Vanocni-vyzdoba-v-Trebici-2-foto-Decoled-1024x683.jpg 1024w, https:\/\/bydletestylove.cz\/wp-content\/uploads\/2025\/12\/Vanocni-vyzdoba-v-Trebici-2-foto-Decoled-300x200.jpg 300w, https:\/\/bydletestylove.cz\/wp-content\/uploads\/2025\/12\/Vanocni-vyzdoba-v-Trebici-2-foto-Decoled-768x512.jpg 768w, https:\/\/bydletestylove.cz\/wp-content\/uploads\/2025\/12\/Vanocni-vyzdoba-v-Trebici-2-foto-Decoled-1536x1024.jpg 1536w\" sizes=\"(max-width: 1024px) 100vw, 1024px\" \/><\/figure><\/div>\n\n\n<div style=\"height:35px\" aria-hidden=\"true\" class=\"wp-block-spacer\"><\/div>\n\n\n\n<p class=\"has-medium-font-size\">V Praze jde nap\u0159\u00edklad o <strong>Slovansk\u00fd d\u016fm, OC Nov\u00fd Sm\u00edchov, DBK Bud\u011bjovick\u00e1, Quadrio, F\u00e9nix, Stromovku, Myslbek, VIVO Hostiva\u0159 \u010di Novo Plaza<\/strong>. Mimo Prahu pak nap\u0159\u00edklad <strong>Centr\u00e1l Most, Avion Ostrava, City Park Jihlava, Olympia Teplice a Mlad\u00e1 Boleslav, Vary\u00e1da, Galerie Teplice, Bondy \u010di Pivovar D\u011b\u010d\u00edn<\/strong>. <em>\u201eNa\u0161\u00edm c\u00edlem nen\u00ed osl\u0148ovat, ale rozsv\u00edtit s citem. Aby sv\u011btlo ladilo s prostorem, ne ho p\u0159ehlu\u0161ovalo,\u201c<\/em> dopl\u0148uje Eva Pol\u00e1\u010dkov\u00e1.<\/p>\n\n\n\n<div style=\"height:35px\" aria-hidden=\"true\" class=\"wp-block-spacer\"><\/div>\n\n\n\n<figure class=\"wp-block-gallery has-nested-images columns-2 is-cropped wp-block-gallery-3 is-layout-flex\">\n<figure class=\"wp-block-image size-large\"><img decoding=\"async\" loading=\"lazy\" width=\"1024\" height=\"683\" data-id=\"2307\"  src=\"https:\/\/bydletestylove.cz\/wp-content\/uploads\/2025\/12\/Vanocni-vyzdoba-obchodnich-center-foto-Decoled-8-1024x683.jpg\" alt=\"Decoled\" class=\"wp-image-2307\" srcset=\"https:\/\/bydletestylove.cz\/wp-content\/uploads\/2025\/12\/Vanocni-vyzdoba-obchodnich-center-foto-Decoled-8-1024x683.jpg 1024w, https:\/\/bydletestylove.cz\/wp-content\/uploads\/2025\/12\/Vanocni-vyzdoba-obchodnich-center-foto-Decoled-8-300x200.jpg 300w, https:\/\/bydletestylove.cz\/wp-content\/uploads\/2025\/12\/Vanocni-vyzdoba-obchodnich-center-foto-Decoled-8-768x512.jpg 768w, https:\/\/bydletestylove.cz\/wp-content\/uploads\/2025\/12\/Vanocni-vyzdoba-obchodnich-center-foto-Decoled-8-1536x1024.jpg 1536w, https:\/\/bydletestylove.cz\/wp-content\/uploads\/2025\/12\/Vanocni-vyzdoba-obchodnich-center-foto-Decoled-8-2048x1365.jpg 2048w\" sizes=\"(max-width: 1024px) 100vw, 1024px\" \/><\/figure>\n\n\n\n<figure class=\"wp-block-image size-large\"><img decoding=\"async\" loading=\"lazy\" width=\"1024\" height=\"683\" data-id=\"2298\"  src=\"https:\/\/bydletestylove.cz\/wp-content\/uploads\/2025\/12\/Vanocni-vyzdoba-obchodnich-center-foto-Decoled-2-1024x683.jpg\" alt=\"Decoled\" class=\"wp-image-2298\" srcset=\"https:\/\/bydletestylove.cz\/wp-content\/uploads\/2025\/12\/Vanocni-vyzdoba-obchodnich-center-foto-Decoled-2-1024x683.jpg 1024w, https:\/\/bydletestylove.cz\/wp-content\/uploads\/2025\/12\/Vanocni-vyzdoba-obchodnich-center-foto-Decoled-2-300x200.jpg 300w, https:\/\/bydletestylove.cz\/wp-content\/uploads\/2025\/12\/Vanocni-vyzdoba-obchodnich-center-foto-Decoled-2-768x512.jpg 768w, https:\/\/bydletestylove.cz\/wp-content\/uploads\/2025\/12\/Vanocni-vyzdoba-obchodnich-center-foto-Decoled-2-1536x1024.jpg 1536w, https:\/\/bydletestylove.cz\/wp-content\/uploads\/2025\/12\/Vanocni-vyzdoba-obchodnich-center-foto-Decoled-2-2048x1365.jpg 2048w\" sizes=\"(max-width: 1024px) 100vw, 1024px\" \/><\/figure>\n\n\n\n<figure class=\"wp-block-image size-large\"><img decoding=\"async\" loading=\"lazy\" width=\"1024\" height=\"683\" data-id=\"2309\"  src=\"https:\/\/bydletestylove.cz\/wp-content\/uploads\/2025\/12\/Vanocni-vyzdoba-obchodnich-center-foto-Decoled-1-1024x683.jpg\" alt=\"Decoled\" class=\"wp-image-2309\" srcset=\"https:\/\/bydletestylove.cz\/wp-content\/uploads\/2025\/12\/Vanocni-vyzdoba-obchodnich-center-foto-Decoled-1-1024x683.jpg 1024w, https:\/\/bydletestylove.cz\/wp-content\/uploads\/2025\/12\/Vanocni-vyzdoba-obchodnich-center-foto-Decoled-1-300x200.jpg 300w, https:\/\/bydletestylove.cz\/wp-content\/uploads\/2025\/12\/Vanocni-vyzdoba-obchodnich-center-foto-Decoled-1-768x512.jpg 768w, https:\/\/bydletestylove.cz\/wp-content\/uploads\/2025\/12\/Vanocni-vyzdoba-obchodnich-center-foto-Decoled-1-1536x1024.jpg 1536w\" sizes=\"(max-width: 1024px) 100vw, 1024px\" \/><\/figure>\n<\/figure>\n\n\n\n<div style=\"height:35px\" aria-hidden=\"true\" class=\"wp-block-spacer\"><\/div>\n\n\n\n<h2 class=\"wp-block-heading\"><img decoding=\"async\" src=\"\">Evropa z\u00e1\u0159\u00ed \u010desk\u00fdm sv\u011btlem<\/h2>\n\n\n\n<div style=\"height:35px\" aria-hidden=\"true\" class=\"wp-block-spacer\"><\/div>\n\n\n\n<p class=\"has-medium-font-size\">\u010cesk\u00fd design a technologie putuj\u00ed i za hranice. Decoled dnes provozuje <strong>22 sv\u011bteln\u00fdch v\u00fdstav v 11 evropsk\u00fdch zem\u00edch<\/strong>, kde se \u010desk\u00e9 sv\u011btlo st\u00e1v\u00e1 symbolem kreativity a \u0159emesln\u00e9 kvality. Je mo\u017en\u00e9 ho vid\u011bt nap\u0159\u00edklad v <strong>Esterh\u00e1zy Palace, Gy\u00f6ru, Kom\u00e1rnu, Curychu \u010di Lindau u Bodamsk\u00e9ho jezera<\/strong> \u2013 m\u00edstech, kter\u00e1 se d\u00edky sv\u011bteln\u00fdm instalac\u00edm st\u00e1vaj\u00ed popul\u00e1rn\u00edmi c\u00edli adventn\u00edch v\u00fdlet\u016f. \u010cesk\u00e9 sv\u011btlo tak propojuje Evropu podobn\u011b, jako to d\u011bl\u00e1 \u010desk\u00e9 sklo, hudba nebo architektura. <em>\u201eJe n\u00e1dhern\u00e9 vid\u011bt, jak \u010desk\u00e9 sv\u011btlo putuje Evropou a spojuje lidi bez ohledu na jazyk nebo kulturu,\u201c<\/em> \u0159\u00edk\u00e1 Eva Pol\u00e1\u010dkov\u00e1.<\/p>\n\n\n\n<div style=\"height:35px\" aria-hidden=\"true\" class=\"wp-block-spacer\"><\/div>\n\n\n\n<figure class=\"wp-block-gallery has-nested-images columns-default is-cropped wp-block-gallery-5 is-layout-flex\">\n<figure class=\"wp-block-image size-large\"><img decoding=\"async\" loading=\"lazy\" width=\"1024\" height=\"683\" data-id=\"2308\"  src=\"https:\/\/bydletestylove.cz\/wp-content\/uploads\/2025\/12\/Esterhazy-v-Madarsku_foto-Decoled-1-1024x683.jpg\" alt=\"Decoled\" class=\"wp-image-2308\" srcset=\"https:\/\/bydletestylove.cz\/wp-content\/uploads\/2025\/12\/Esterhazy-v-Madarsku_foto-Decoled-1-1024x683.jpg 1024w, https:\/\/bydletestylove.cz\/wp-content\/uploads\/2025\/12\/Esterhazy-v-Madarsku_foto-Decoled-1-300x200.jpg 300w, https:\/\/bydletestylove.cz\/wp-content\/uploads\/2025\/12\/Esterhazy-v-Madarsku_foto-Decoled-1-768x512.jpg 768w, https:\/\/bydletestylove.cz\/wp-content\/uploads\/2025\/12\/Esterhazy-v-Madarsku_foto-Decoled-1-1536x1024.jpg 1536w, https:\/\/bydletestylove.cz\/wp-content\/uploads\/2025\/12\/Esterhazy-v-Madarsku_foto-Decoled-1-2048x1365.jpg 2048w\" sizes=\"(max-width: 1024px) 100vw, 1024px\" \/><\/figure>\n\n\n\n<figure class=\"wp-block-image size-large\"><img decoding=\"async\" loading=\"lazy\" width=\"1024\" height=\"683\" data-id=\"2306\"  src=\"https:\/\/bydletestylove.cz\/wp-content\/uploads\/2025\/12\/Esterhazy-v-Madarsku_foto-Decoled-2-1024x683.jpg\" alt=\"Decoled\" class=\"wp-image-2306\" srcset=\"https:\/\/bydletestylove.cz\/wp-content\/uploads\/2025\/12\/Esterhazy-v-Madarsku_foto-Decoled-2-1024x683.jpg 1024w, https:\/\/bydletestylove.cz\/wp-content\/uploads\/2025\/12\/Esterhazy-v-Madarsku_foto-Decoled-2-300x200.jpg 300w, https:\/\/bydletestylove.cz\/wp-content\/uploads\/2025\/12\/Esterhazy-v-Madarsku_foto-Decoled-2-768x512.jpg 768w, https:\/\/bydletestylove.cz\/wp-content\/uploads\/2025\/12\/Esterhazy-v-Madarsku_foto-Decoled-2-1536x1024.jpg 1536w, https:\/\/bydletestylove.cz\/wp-content\/uploads\/2025\/12\/Esterhazy-v-Madarsku_foto-Decoled-2-2048x1365.jpg 2048w\" sizes=\"(max-width: 1024px) 100vw, 1024px\" \/><\/figure>\n<\/figure>\n\n\n\n<div style=\"height:35px\" aria-hidden=\"true\" class=\"wp-block-spacer\"><\/div>\n\n\n\n<h2 class=\"wp-block-heading\">Tradice pokra\u010duje<\/h2>\n\n\n\n<div style=\"height:35px\" aria-hidden=\"true\" class=\"wp-block-spacer\"><\/div>\n\n\n\n<p class=\"has-medium-font-size\">Decoled nen\u00ed jen v\u00fdrobce dekorac\u00ed. Je tv\u016frcem atmosf\u00e9ry, str\u00e1\u017ecem v\u00e1no\u010dn\u00ed tradice a designov\u00fdm studiem, kter\u00e9 d\u00e1v\u00e1 sv\u011btlu p\u0159\u00edb\u011bh. Jeho pr\u00e1ce p\u0159ipom\u00edn\u00e1, \u017ee V\u00e1noce nejsou o efektech, ale o emoc\u00edch, o tom, co se d\u011bje mezi lidmi. <em>\u201eSv\u011btlo je symbolem nad\u011bje. A v \u010dase V\u00e1noc je to sv\u011btlo, kter\u00e9 n\u00e1s vede k sob\u011b navz\u00e1jem. To je d\u016fvod, pro\u010d existujeme, abychom tyto chv\u00edle pom\u00e1hali vytv\u00e1\u0159et,\u201c <\/em>uzav\u00edr\u00e1 Eva Pol\u00e1\u010dkov\u00e1.<\/p>\n\n\n\n<div style=\"height:100px\" aria-hidden=\"true\" class=\"wp-block-spacer\"><\/div>\n\n\n\n<figure class=\"wp-block-gallery has-nested-images columns-2 is-cropped wp-block-gallery-7 is-layout-flex\">\n<figure class=\"wp-block-image size-large\"><img decoding=\"async\" loading=\"lazy\" width=\"1024\" height=\"683\" data-id=\"2313\"  src=\"https:\/\/bydletestylove.cz\/wp-content\/uploads\/2025\/12\/Vanocni-strom-na-Staromestskem-namesti-v-Praze_foto-Milan-Krulis-2-1024x683.jpg\" alt=\"Decoled\" class=\"wp-image-2313\" srcset=\"https:\/\/bydletestylove.cz\/wp-content\/uploads\/2025\/12\/Vanocni-strom-na-Staromestskem-namesti-v-Praze_foto-Milan-Krulis-2-1024x683.jpg 1024w, https:\/\/bydletestylove.cz\/wp-content\/uploads\/2025\/12\/Vanocni-strom-na-Staromestskem-namesti-v-Praze_foto-Milan-Krulis-2-300x200.jpg 300w, https:\/\/bydletestylove.cz\/wp-content\/uploads\/2025\/12\/Vanocni-strom-na-Staromestskem-namesti-v-Praze_foto-Milan-Krulis-2-768x512.jpg 768w, https:\/\/bydletestylove.cz\/wp-content\/uploads\/2025\/12\/Vanocni-strom-na-Staromestskem-namesti-v-Praze_foto-Milan-Krulis-2-1536x1024.jpg 1536w\" sizes=\"(max-width: 1024px) 100vw, 1024px\" \/><\/figure>\n\n\n\n<figure class=\"wp-block-image size-large\"><img decoding=\"async\" loading=\"lazy\" width=\"1024\" height=\"683\" data-id=\"2312\"  src=\"https:\/\/bydletestylove.cz\/wp-content\/uploads\/2025\/12\/Vanocni-strom-na-Staromestskem-namesti-v-Praze_foto-Milan-Krulis-1-1024x683.jpg\" alt=\"Decoled\" class=\"wp-image-2312\" srcset=\"https:\/\/bydletestylove.cz\/wp-content\/uploads\/2025\/12\/Vanocni-strom-na-Staromestskem-namesti-v-Praze_foto-Milan-Krulis-1-1024x683.jpg 1024w, https:\/\/bydletestylove.cz\/wp-content\/uploads\/2025\/12\/Vanocni-strom-na-Staromestskem-namesti-v-Praze_foto-Milan-Krulis-1-300x200.jpg 300w, https:\/\/bydletestylove.cz\/wp-content\/uploads\/2025\/12\/Vanocni-strom-na-Staromestskem-namesti-v-Praze_foto-Milan-Krulis-1-768x512.jpg 768w, https:\/\/bydletestylove.cz\/wp-content\/uploads\/2025\/12\/Vanocni-strom-na-Staromestskem-namesti-v-Praze_foto-Milan-Krulis-1-1536x1024.jpg 1536w, https:\/\/bydletestylove.cz\/wp-content\/uploads\/2025\/12\/Vanocni-strom-na-Staromestskem-namesti-v-Praze_foto-Milan-Krulis-1-2048x1365.jpg 2048w\" sizes=\"(max-width: 1024px) 100vw, 1024px\" \/><\/figure>\n\n\n\n<figure class=\"wp-block-image size-large\"><img decoding=\"async\" loading=\"lazy\" width=\"1024\" height=\"683\" data-id=\"2310\"  src=\"https:\/\/bydletestylove.cz\/wp-content\/uploads\/2025\/12\/Hradcany-a-popelarske-vozy_foto-Radoslav-Vnencak-1-1024x683.jpg\" alt=\"Decoled\" class=\"wp-image-2310\" srcset=\"https:\/\/bydletestylove.cz\/wp-content\/uploads\/2025\/12\/Hradcany-a-popelarske-vozy_foto-Radoslav-Vnencak-1-1024x683.jpg 1024w, https:\/\/bydletestylove.cz\/wp-content\/uploads\/2025\/12\/Hradcany-a-popelarske-vozy_foto-Radoslav-Vnencak-1-300x200.jpg 300w, https:\/\/bydletestylove.cz\/wp-content\/uploads\/2025\/12\/Hradcany-a-popelarske-vozy_foto-Radoslav-Vnencak-1-768x512.jpg 768w, https:\/\/bydletestylove.cz\/wp-content\/uploads\/2025\/12\/Hradcany-a-popelarske-vozy_foto-Radoslav-Vnencak-1-1536x1024.jpg 1536w, https:\/\/bydletestylove.cz\/wp-content\/uploads\/2025\/12\/Hradcany-a-popelarske-vozy_foto-Radoslav-Vnencak-1-2048x1365.jpg 2048w\" sizes=\"(max-width: 1024px) 100vw, 1024px\" \/><\/figure>\n\n\n\n<figure class=\"wp-block-image size-large\"><img decoding=\"async\" loading=\"lazy\" width=\"1024\" height=\"576\" data-id=\"2311\"  src=\"https:\/\/bydletestylove.cz\/wp-content\/uploads\/2025\/12\/Historicka-tramvaj-v-Praze_foto-Radoslav-Vnencak-1024x576.jpg\" alt=\"Decoled\" class=\"wp-image-2311\" srcset=\"https:\/\/bydletestylove.cz\/wp-content\/uploads\/2025\/12\/Historicka-tramvaj-v-Praze_foto-Radoslav-Vnencak-1024x576.jpg 1024w, https:\/\/bydletestylove.cz\/wp-content\/uploads\/2025\/12\/Historicka-tramvaj-v-Praze_foto-Radoslav-Vnencak-300x169.jpg 300w, https:\/\/bydletestylove.cz\/wp-content\/uploads\/2025\/12\/Historicka-tramvaj-v-Praze_foto-Radoslav-Vnencak-768x432.jpg 768w, https:\/\/bydletestylove.cz\/wp-content\/uploads\/2025\/12\/Historicka-tramvaj-v-Praze_foto-Radoslav-Vnencak-1536x864.jpg 1536w, https:\/\/bydletestylove.cz\/wp-content\/uploads\/2025\/12\/Historicka-tramvaj-v-Praze_foto-Radoslav-Vnencak-2048x1152.jpg 2048w\" sizes=\"(max-width: 1024px) 100vw, 1024px\" \/><\/figure>\n\n\n\n<figure class=\"wp-block-image size-large\"><img decoding=\"async\" loading=\"lazy\" width=\"1024\" height=\"683\" data-id=\"2308\"  src=\"https:\/\/bydletestylove.cz\/wp-content\/uploads\/2025\/12\/Esterhazy-v-Madarsku_foto-Decoled-1-1024x683.jpg\" alt=\"Decoled\" class=\"wp-image-2308\" srcset=\"https:\/\/bydletestylove.cz\/wp-content\/uploads\/2025\/12\/Esterhazy-v-Madarsku_foto-Decoled-1-1024x683.jpg 1024w, https:\/\/bydletestylove.cz\/wp-content\/uploads\/2025\/12\/Esterhazy-v-Madarsku_foto-Decoled-1-300x200.jpg 300w, https:\/\/bydletestylove.cz\/wp-content\/uploads\/2025\/12\/Esterhazy-v-Madarsku_foto-Decoled-1-768x512.jpg 768w, https:\/\/bydletestylove.cz\/wp-content\/uploads\/2025\/12\/Esterhazy-v-Madarsku_foto-Decoled-1-1536x1024.jpg 1536w, https:\/\/bydletestylove.cz\/wp-content\/uploads\/2025\/12\/Esterhazy-v-Madarsku_foto-Decoled-1-2048x1365.jpg 2048w\" sizes=\"(max-width: 1024px) 100vw, 1024px\" \/><\/figure>\n\n\n\n<figure class=\"wp-block-image size-large\"><img decoding=\"async\" loading=\"lazy\" width=\"1024\" height=\"683\" data-id=\"2306\"  src=\"https:\/\/bydletestylove.cz\/wp-content\/uploads\/2025\/12\/Esterhazy-v-Madarsku_foto-Decoled-2-1024x683.jpg\" alt=\"Decoled\" class=\"wp-image-2306\" srcset=\"https:\/\/bydletestylove.cz\/wp-content\/uploads\/2025\/12\/Esterhazy-v-Madarsku_foto-Decoled-2-1024x683.jpg 1024w, https:\/\/bydletestylove.cz\/wp-content\/uploads\/2025\/12\/Esterhazy-v-Madarsku_foto-Decoled-2-300x200.jpg 300w, https:\/\/bydletestylove.cz\/wp-content\/uploads\/2025\/12\/Esterhazy-v-Madarsku_foto-Decoled-2-768x512.jpg 768w, https:\/\/bydletestylove.cz\/wp-content\/uploads\/2025\/12\/Esterhazy-v-Madarsku_foto-Decoled-2-1536x1024.jpg 1536w, https:\/\/bydletestylove.cz\/wp-content\/uploads\/2025\/12\/Esterhazy-v-Madarsku_foto-Decoled-2-2048x1365.jpg 2048w\" sizes=\"(max-width: 1024px) 100vw, 1024px\" \/><\/figure>\n\n\n\n<figure class=\"wp-block-image size-large\"><img decoding=\"async\" loading=\"lazy\" width=\"1024\" height=\"683\" data-id=\"2309\"  src=\"https:\/\/bydletestylove.cz\/wp-content\/uploads\/2025\/12\/Vanocni-vyzdoba-obchodnich-center-foto-Decoled-1-1024x683.jpg\" alt=\"Decoled\" class=\"wp-image-2309\" srcset=\"https:\/\/bydletestylove.cz\/wp-content\/uploads\/2025\/12\/Vanocni-vyzdoba-obchodnich-center-foto-Decoled-1-1024x683.jpg 1024w, https:\/\/bydletestylove.cz\/wp-content\/uploads\/2025\/12\/Vanocni-vyzdoba-obchodnich-center-foto-Decoled-1-300x200.jpg 300w, https:\/\/bydletestylove.cz\/wp-content\/uploads\/2025\/12\/Vanocni-vyzdoba-obchodnich-center-foto-Decoled-1-768x512.jpg 768w, https:\/\/bydletestylove.cz\/wp-content\/uploads\/2025\/12\/Vanocni-vyzdoba-obchodnich-center-foto-Decoled-1-1536x1024.jpg 1536w\" sizes=\"(max-width: 1024px) 100vw, 1024px\" \/><\/figure>\n\n\n\n<figure class=\"wp-block-image size-large\"><img decoding=\"async\" loading=\"lazy\" width=\"1024\" height=\"683\" data-id=\"2307\"  src=\"https:\/\/bydletestylove.cz\/wp-content\/uploads\/2025\/12\/Vanocni-vyzdoba-obchodnich-center-foto-Decoled-8-1024x683.jpg\" alt=\"Decoled\" class=\"wp-image-2307\" srcset=\"https:\/\/bydletestylove.cz\/wp-content\/uploads\/2025\/12\/Vanocni-vyzdoba-obchodnich-center-foto-Decoled-8-1024x683.jpg 1024w, https:\/\/bydletestylove.cz\/wp-content\/uploads\/2025\/12\/Vanocni-vyzdoba-obchodnich-center-foto-Decoled-8-300x200.jpg 300w, https:\/\/bydletestylove.cz\/wp-content\/uploads\/2025\/12\/Vanocni-vyzdoba-obchodnich-center-foto-Decoled-8-768x512.jpg 768w, https:\/\/bydletestylove.cz\/wp-content\/uploads\/2025\/12\/Vanocni-vyzdoba-obchodnich-center-foto-Decoled-8-1536x1024.jpg 1536w, https:\/\/bydletestylove.cz\/wp-content\/uploads\/2025\/12\/Vanocni-vyzdoba-obchodnich-center-foto-Decoled-8-2048x1365.jpg 2048w\" sizes=\"(max-width: 1024px) 100vw, 1024px\" \/><\/figure>\n\n\n\n<figure class=\"wp-block-image size-large\"><img decoding=\"async\" loading=\"lazy\" width=\"1024\" height=\"683\" data-id=\"2304\"  src=\"https:\/\/bydletestylove.cz\/wp-content\/uploads\/2025\/12\/Vanocni-vyzdoba-v-Trebici-2-foto-Decoled-1024x683.jpg\" alt=\"Decoled\" class=\"wp-image-2304\" srcset=\"https:\/\/bydletestylove.cz\/wp-content\/uploads\/2025\/12\/Vanocni-vyzdoba-v-Trebici-2-foto-Decoled-1024x683.jpg 1024w, https:\/\/bydletestylove.cz\/wp-content\/uploads\/2025\/12\/Vanocni-vyzdoba-v-Trebici-2-foto-Decoled-300x200.jpg 300w, https:\/\/bydletestylove.cz\/wp-content\/uploads\/2025\/12\/Vanocni-vyzdoba-v-Trebici-2-foto-Decoled-768x512.jpg 768w, https:\/\/bydletestylove.cz\/wp-content\/uploads\/2025\/12\/Vanocni-vyzdoba-v-Trebici-2-foto-Decoled-1536x1024.jpg 1536w\" sizes=\"(max-width: 1024px) 100vw, 1024px\" \/><\/figure>\n\n\n\n<figure class=\"wp-block-image size-large\"><img decoding=\"async\" loading=\"lazy\" width=\"1024\" height=\"683\" data-id=\"2303\"  src=\"https:\/\/bydletestylove.cz\/wp-content\/uploads\/2025\/12\/Vanocni-vyzdoba-v-Trebici-3-foto-Decoled-1024x683.jpg\" alt=\"Decoled\" class=\"wp-image-2303\" srcset=\"https:\/\/bydletestylove.cz\/wp-content\/uploads\/2025\/12\/Vanocni-vyzdoba-v-Trebici-3-foto-Decoled-1024x683.jpg 1024w, https:\/\/bydletestylove.cz\/wp-content\/uploads\/2025\/12\/Vanocni-vyzdoba-v-Trebici-3-foto-Decoled-300x200.jpg 300w, https:\/\/bydletestylove.cz\/wp-content\/uploads\/2025\/12\/Vanocni-vyzdoba-v-Trebici-3-foto-Decoled-768x512.jpg 768w, https:\/\/bydletestylove.cz\/wp-content\/uploads\/2025\/12\/Vanocni-vyzdoba-v-Trebici-3-foto-Decoled-1536x1024.jpg 1536w\" sizes=\"(max-width: 1024px) 100vw, 1024px\" \/><\/figure>\n\n\n\n<figure class=\"wp-block-image size-large\"><img decoding=\"async\" loading=\"lazy\" width=\"1024\" height=\"683\" data-id=\"2302\"  src=\"https:\/\/bydletestylove.cz\/wp-content\/uploads\/2025\/12\/Vaclavske-namesti-v-Praze_foto-Radoslav-Vnencak-1024x683.jpg\" alt=\"Decoled\" class=\"wp-image-2302\" srcset=\"https:\/\/bydletestylove.cz\/wp-content\/uploads\/2025\/12\/Vaclavske-namesti-v-Praze_foto-Radoslav-Vnencak-1024x683.jpg 1024w, https:\/\/bydletestylove.cz\/wp-content\/uploads\/2025\/12\/Vaclavske-namesti-v-Praze_foto-Radoslav-Vnencak-300x200.jpg 300w, https:\/\/bydletestylove.cz\/wp-content\/uploads\/2025\/12\/Vaclavske-namesti-v-Praze_foto-Radoslav-Vnencak-768x512.jpg 768w, https:\/\/bydletestylove.cz\/wp-content\/uploads\/2025\/12\/Vaclavske-namesti-v-Praze_foto-Radoslav-Vnencak-1536x1024.jpg 1536w, https:\/\/bydletestylove.cz\/wp-content\/uploads\/2025\/12\/Vaclavske-namesti-v-Praze_foto-Radoslav-Vnencak.jpg 2048w\" sizes=\"(max-width: 1024px) 100vw, 1024px\" \/><\/figure>\n\n\n\n<figure class=\"wp-block-image size-large\"><img decoding=\"async\" loading=\"lazy\" width=\"1024\" height=\"682\" data-id=\"2299\"  src=\"https:\/\/bydletestylove.cz\/wp-content\/uploads\/2025\/12\/Staromestske-namesti-v-Praze-foto-Radoslav-Vnencak-1-1024x682.jpg\" alt=\"Decoled\" class=\"wp-image-2299\" srcset=\"https:\/\/bydletestylove.cz\/wp-content\/uploads\/2025\/12\/Staromestske-namesti-v-Praze-foto-Radoslav-Vnencak-1-1024x682.jpg 1024w, https:\/\/bydletestylove.cz\/wp-content\/uploads\/2025\/12\/Staromestske-namesti-v-Praze-foto-Radoslav-Vnencak-1-300x200.jpg 300w, https:\/\/bydletestylove.cz\/wp-content\/uploads\/2025\/12\/Staromestske-namesti-v-Praze-foto-Radoslav-Vnencak-1-768x512.jpg 768w, https:\/\/bydletestylove.cz\/wp-content\/uploads\/2025\/12\/Staromestske-namesti-v-Praze-foto-Radoslav-Vnencak-1-1536x1024.jpg 1536w, https:\/\/bydletestylove.cz\/wp-content\/uploads\/2025\/12\/Staromestske-namesti-v-Praze-foto-Radoslav-Vnencak-1.jpg 2000w\" sizes=\"(max-width: 1024px) 100vw, 1024px\" \/><\/figure>\n\n\n\n<figure class=\"wp-block-image size-large\"><img decoding=\"async\" loading=\"lazy\" width=\"1024\" height=\"683\" data-id=\"2305\"  src=\"https:\/\/bydletestylove.cz\/wp-content\/uploads\/2025\/12\/Vanocni-vyzdoba-obchodnich-center-foto-Decoled-5-1024x683.jpg\" alt=\"Decoled\" class=\"wp-image-2305\" srcset=\"https:\/\/bydletestylove.cz\/wp-content\/uploads\/2025\/12\/Vanocni-vyzdoba-obchodnich-center-foto-Decoled-5-1024x683.jpg 1024w, https:\/\/bydletestylove.cz\/wp-content\/uploads\/2025\/12\/Vanocni-vyzdoba-obchodnich-center-foto-Decoled-5-300x200.jpg 300w, https:\/\/bydletestylove.cz\/wp-content\/uploads\/2025\/12\/Vanocni-vyzdoba-obchodnich-center-foto-Decoled-5-768x512.jpg 768w, https:\/\/bydletestylove.cz\/wp-content\/uploads\/2025\/12\/Vanocni-vyzdoba-obchodnich-center-foto-Decoled-5-1536x1024.jpg 1536w\" sizes=\"(max-width: 1024px) 100vw, 1024px\" \/><\/figure>\n\n\n\n<figure class=\"wp-block-image size-large\"><img decoding=\"async\" loading=\"lazy\" width=\"1024\" height=\"683\" data-id=\"2301\"  src=\"https:\/\/bydletestylove.cz\/wp-content\/uploads\/2025\/12\/Vanocni-vyzdoba-obchodnich-center-foto-Decoled-4-1024x683.jpg\" alt=\"Decoled\" class=\"wp-image-2301\" srcset=\"https:\/\/bydletestylove.cz\/wp-content\/uploads\/2025\/12\/Vanocni-vyzdoba-obchodnich-center-foto-Decoled-4-1024x683.jpg 1024w, https:\/\/bydletestylove.cz\/wp-content\/uploads\/2025\/12\/Vanocni-vyzdoba-obchodnich-center-foto-Decoled-4-300x200.jpg 300w, https:\/\/bydletestylove.cz\/wp-content\/uploads\/2025\/12\/Vanocni-vyzdoba-obchodnich-center-foto-Decoled-4-768x512.jpg 768w, https:\/\/bydletestylove.cz\/wp-content\/uploads\/2025\/12\/Vanocni-vyzdoba-obchodnich-center-foto-Decoled-4-1536x1024.jpg 1536w, https:\/\/bydletestylove.cz\/wp-content\/uploads\/2025\/12\/Vanocni-vyzdoba-obchodnich-center-foto-Decoled-4-2048x1365.jpg 2048w\" sizes=\"(max-width: 1024px) 100vw, 1024px\" \/><\/figure>\n\n\n\n<figure class=\"wp-block-image size-large\"><img decoding=\"async\" loading=\"lazy\" width=\"1024\" height=\"683\" data-id=\"2298\"  src=\"https:\/\/bydletestylove.cz\/wp-content\/uploads\/2025\/12\/Vanocni-vyzdoba-obchodnich-center-foto-Decoled-2-1024x683.jpg\" alt=\"Decoled\" class=\"wp-image-2298\" srcset=\"https:\/\/bydletestylove.cz\/wp-content\/uploads\/2025\/12\/Vanocni-vyzdoba-obchodnich-center-foto-Decoled-2-1024x683.jpg 1024w, https:\/\/bydletestylove.cz\/wp-content\/uploads\/2025\/12\/Vanocni-vyzdoba-obchodnich-center-foto-Decoled-2-300x200.jpg 300w, https:\/\/bydletestylove.cz\/wp-content\/uploads\/2025\/12\/Vanocni-vyzdoba-obchodnich-center-foto-Decoled-2-768x512.jpg 768w, https:\/\/bydletestylove.cz\/wp-content\/uploads\/2025\/12\/Vanocni-vyzdoba-obchodnich-center-foto-Decoled-2-1536x1024.jpg 1536w, https:\/\/bydletestylove.cz\/wp-content\/uploads\/2025\/12\/Vanocni-vyzdoba-obchodnich-center-foto-Decoled-2-2048x1365.jpg 2048w\" sizes=\"(max-width: 1024px) 100vw, 1024px\" \/><\/figure>\n\n\n\n<figure class=\"wp-block-image size-large\"><img decoding=\"async\" loading=\"lazy\" width=\"1024\" height=\"683\" data-id=\"2300\"  src=\"https:\/\/bydletestylove.cz\/wp-content\/uploads\/2025\/12\/Vanocni-vyzdoba-obchodnich-center-foto-Decoled-3-1024x683.jpg\" alt=\"Decoled\" class=\"wp-image-2300\" srcset=\"https:\/\/bydletestylove.cz\/wp-content\/uploads\/2025\/12\/Vanocni-vyzdoba-obchodnich-center-foto-Decoled-3-1024x683.jpg 1024w, https:\/\/bydletestylove.cz\/wp-content\/uploads\/2025\/12\/Vanocni-vyzdoba-obchodnich-center-foto-Decoled-3-300x200.jpg 300w, https:\/\/bydletestylove.cz\/wp-content\/uploads\/2025\/12\/Vanocni-vyzdoba-obchodnich-center-foto-Decoled-3-768x512.jpg 768w, https:\/\/bydletestylove.cz\/wp-content\/uploads\/2025\/12\/Vanocni-vyzdoba-obchodnich-center-foto-Decoled-3-1536x1024.jpg 1536w, https:\/\/bydletestylove.cz\/wp-content\/uploads\/2025\/12\/Vanocni-vyzdoba-obchodnich-center-foto-Decoled-3-2048x1365.jpg 2048w\" sizes=\"(max-width: 1024px) 100vw, 1024px\" \/><\/figure>\n\n\n\n<figure class=\"wp-block-image size-large\"><img decoding=\"async\" loading=\"lazy\" width=\"1024\" height=\"682\" data-id=\"2297\"  src=\"https:\/\/bydletestylove.cz\/wp-content\/uploads\/2025\/12\/Staromestske-namesti-v-Praze-foto-Radoslav-Vnencak-2-1024x682.jpg\" alt=\"Decoled\" class=\"wp-image-2297\" srcset=\"https:\/\/bydletestylove.cz\/wp-content\/uploads\/2025\/12\/Staromestske-namesti-v-Praze-foto-Radoslav-Vnencak-2-1024x682.jpg 1024w, https:\/\/bydletestylove.cz\/wp-content\/uploads\/2025\/12\/Staromestske-namesti-v-Praze-foto-Radoslav-Vnencak-2-300x200.jpg 300w, https:\/\/bydletestylove.cz\/wp-content\/uploads\/2025\/12\/Staromestske-namesti-v-Praze-foto-Radoslav-Vnencak-2-768x512.jpg 768w, https:\/\/bydletestylove.cz\/wp-content\/uploads\/2025\/12\/Staromestske-namesti-v-Praze-foto-Radoslav-Vnencak-2-1536x1024.jpg 1536w, https:\/\/bydletestylove.cz\/wp-content\/uploads\/2025\/12\/Staromestske-namesti-v-Praze-foto-Radoslav-Vnencak-2.jpg 2000w\" sizes=\"(max-width: 1024px) 100vw, 1024px\" \/><\/figure>\n<\/figure>\n\n\n\n<div style=\"height:30px\" aria-hidden=\"true\" class=\"wp-block-spacer\"><\/div>\n\n\n\n<p class=\"has-medium-font-size\"><strong>Zdroj foto:&nbsp;<\/strong>Decoled<\/p>\n\n\n\n<div style=\"height:55px\" aria-hidden=\"true\" class=\"wp-block-spacer\"><\/div>\n","protected":false},"excerpt":{"rendered":"<p>V\u00e1noce nejsou jen datem v&nbsp;kalend\u00e1\u0159i, jsou chv\u00edl\u00ed, kdy se m\u011bsta rozz\u00e1\u0159\u00ed, ulice zti\u0161\u00ed a sv\u011btlo z\u00edsk\u00e1v\u00e1 nov\u00fd v\u00fdznam, st\u00e1v\u00e1 se symbolem nad\u011bje, radosti, soun\u00e1le\u017eitosti a n\u00e1vratu dom\u016f. Sv\u011btlo prov\u00e1z\u00ed \u010desk\u00e9 V\u00e1noce po stalet\u00ed. Nen\u00ed jen dekorac\u00ed, ale poselstv\u00edm a p\u0159ipom\u00ednkou, \u017ee i v zimn\u00edm chladu m\u016f\u017ee zah\u0159\u00e1t to, co spojuje lidi: bl\u00edzkost, tradice a spole\u010dn\u00e9 chv\u00edle. Tento p\u0159\u00edb\u011bh u\u017e v\u00edce ne\u017e 27 let p\u00ed\u0161e \u010desk\u00e1 rodinn\u00e1 firma Decoled, zalo\u017een\u00e1 rodinou Pol\u00e1\u010dkov\u00fdch. Vznikla z l\u00e1sky ke sv\u011btlu, k \u0159emeslu a k v\u00e1no\u010dn\u00ed atmosf\u00e9\u0159e, kter\u00e1 m\u00e1 v \u010cesku v\u00fdjime\u010dn\u00e9 m\u00edsto. Dnes je&hellip;<\/p>\n","protected":false},"author":6,"featured_media":2297,"comment_status":"closed","ping_status":"open","sticky":false,"template":"","format":"standard","meta":{"_mi_skip_tracking":false,"_monsterinsights_sitenote_active":false,"_monsterinsights_sitenote_note":"","_monsterinsights_sitenote_category":0},"categories":[4,1,5],"tags":[],"yoast_head":"<!-- This site is optimized with the Yoast SEO plugin v21.4 - https:\/\/yoast.com\/wordpress\/plugins\/seo\/ -->\n<title>Kouzlo V\u00e1noc v \u010desk\u00e9m sv\u011btle: Decoled rozsv\u011bcuje m\u011bsta i srdce - BydleteStylov\u011b.cz<\/title>\n<meta name=\"description\" content=\"V\u00e1noce nejsou jen datem v\u00a0kalend\u00e1\u0159i, jsou chv\u00edl\u00ed, kdy se m\u011bsta rozz\u00e1\u0159\u00ed, ulice zti\u0161\u00ed a sv\u011btlo z\u00edsk\u00e1v\u00e1 nov\u00fd v\u00fdznam, st\u00e1v\u00e1 se symbolem nad\u011bje.\" \/>\n<meta name=\"robots\" content=\"index, follow, max-snippet:-1, max-image-preview:large, max-video-preview:-1\" \/>\n<link rel=\"canonical\" href=\"https:\/\/bydletestylove.cz\/index.php\/novinky\/kouzlo-vanoc-v-ceskem-svetle-decoled-rozsvecuje-mesta-i-srdce\/\" \/>\n<meta property=\"og:locale\" content=\"cs_CZ\" \/>\n<meta property=\"og:type\" content=\"article\" \/>\n<meta property=\"og:title\" content=\"Kouzlo V\u00e1noc v \u010desk\u00e9m sv\u011btle: Decoled rozsv\u011bcuje m\u011bsta i srdce - BydleteStylov\u011b.cz\" \/>\n<meta property=\"og:description\" content=\"V\u00e1noce nejsou jen datem v\u00a0kalend\u00e1\u0159i, jsou chv\u00edl\u00ed, kdy se m\u011bsta rozz\u00e1\u0159\u00ed, ulice zti\u0161\u00ed a sv\u011btlo z\u00edsk\u00e1v\u00e1 nov\u00fd v\u00fdznam, st\u00e1v\u00e1 se symbolem nad\u011bje.\" \/>\n<meta property=\"og:url\" content=\"https:\/\/bydletestylove.cz\/index.php\/novinky\/kouzlo-vanoc-v-ceskem-svetle-decoled-rozsvecuje-mesta-i-srdce\/\" \/>\n<meta property=\"og:site_name\" content=\"BydleteStylov\u011b.cz\" \/>\n<meta property=\"article:published_time\" content=\"2025-12-07T23:01:00+00:00\" \/>\n<meta property=\"article:modified_time\" content=\"2025-12-07T23:37:27+00:00\" \/>\n<meta property=\"og:image\" content=\"https:\/\/bydletestylove.cz\/wp-content\/uploads\/2025\/12\/Staromestske-namesti-v-Praze-foto-Radoslav-Vnencak-2.jpg\" \/>\n\t<meta property=\"og:image:width\" content=\"2000\" \/>\n\t<meta property=\"og:image:height\" content=\"1333\" \/>\n\t<meta property=\"og:image:type\" content=\"image\/jpeg\" \/>\n<meta name=\"author\" content=\"Martina Pechov\u00e1\" \/>\n<meta name=\"twitter:card\" content=\"summary_large_image\" \/>\n<meta name=\"twitter:label1\" content=\"Napsal(a)\" \/>\n\t<meta name=\"twitter:data1\" content=\"Martina Pechov\u00e1\" \/>\n\t<meta name=\"twitter:label2\" content=\"Odhadovan\u00e1 doba \u010dten\u00ed\" \/>\n\t<meta name=\"twitter:data2\" content=\"10 minut\" \/>\n<script type=\"application\/ld+json\" class=\"yoast-schema-graph\">{\"@context\":\"https:\/\/schema.org\",\"@graph\":[{\"@type\":\"Article\",\"@id\":\"https:\/\/bydletestylove.cz\/index.php\/novinky\/kouzlo-vanoc-v-ceskem-svetle-decoled-rozsvecuje-mesta-i-srdce\/#article\",\"isPartOf\":{\"@id\":\"https:\/\/bydletestylove.cz\/index.php\/novinky\/kouzlo-vanoc-v-ceskem-svetle-decoled-rozsvecuje-mesta-i-srdce\/\"},\"author\":{\"name\":\"Martina Pechov\u00e1\",\"@id\":\"https:\/\/bydletestylove.cz\/#\/schema\/person\/10a133d2599b007f153f35688fef7fb1\"},\"headline\":\"Kouzlo V\u00e1noc v \u010desk\u00e9m sv\u011btle: Decoled rozsv\u011bcuje m\u011bsta i srdce\",\"datePublished\":\"2025-12-07T23:01:00+00:00\",\"dateModified\":\"2025-12-07T23:37:27+00:00\",\"mainEntityOfPage\":{\"@id\":\"https:\/\/bydletestylove.cz\/index.php\/novinky\/kouzlo-vanoc-v-ceskem-svetle-decoled-rozsvecuje-mesta-i-srdce\/\"},\"wordCount\":1120,\"publisher\":{\"@id\":\"https:\/\/bydletestylove.cz\/#organization\"},\"articleSection\":[\"FOTOREPORTY\",\"NOVINKY\",\"TIPY &amp; TRENDY\"],\"inLanguage\":\"cs\"},{\"@type\":\"WebPage\",\"@id\":\"https:\/\/bydletestylove.cz\/index.php\/novinky\/kouzlo-vanoc-v-ceskem-svetle-decoled-rozsvecuje-mesta-i-srdce\/\",\"url\":\"https:\/\/bydletestylove.cz\/index.php\/novinky\/kouzlo-vanoc-v-ceskem-svetle-decoled-rozsvecuje-mesta-i-srdce\/\",\"name\":\"Kouzlo V\u00e1noc v \u010desk\u00e9m sv\u011btle: Decoled rozsv\u011bcuje m\u011bsta i srdce - BydleteStylov\u011b.cz\",\"isPartOf\":{\"@id\":\"https:\/\/bydletestylove.cz\/#website\"},\"datePublished\":\"2025-12-07T23:01:00+00:00\",\"dateModified\":\"2025-12-07T23:37:27+00:00\",\"description\":\"V\u00e1noce nejsou jen datem v\u00a0kalend\u00e1\u0159i, jsou chv\u00edl\u00ed, kdy se m\u011bsta rozz\u00e1\u0159\u00ed, ulice zti\u0161\u00ed a sv\u011btlo z\u00edsk\u00e1v\u00e1 nov\u00fd v\u00fdznam, st\u00e1v\u00e1 se symbolem nad\u011bje.\",\"breadcrumb\":{\"@id\":\"https:\/\/bydletestylove.cz\/index.php\/novinky\/kouzlo-vanoc-v-ceskem-svetle-decoled-rozsvecuje-mesta-i-srdce\/#breadcrumb\"},\"inLanguage\":\"cs\",\"potentialAction\":[{\"@type\":\"ReadAction\",\"target\":[\"https:\/\/bydletestylove.cz\/index.php\/novinky\/kouzlo-vanoc-v-ceskem-svetle-decoled-rozsvecuje-mesta-i-srdce\/\"]}]},{\"@type\":\"BreadcrumbList\",\"@id\":\"https:\/\/bydletestylove.cz\/index.php\/novinky\/kouzlo-vanoc-v-ceskem-svetle-decoled-rozsvecuje-mesta-i-srdce\/#breadcrumb\",\"itemListElement\":[{\"@type\":\"ListItem\",\"position\":1,\"name\":\"Dom\u016f\",\"item\":\"https:\/\/bydletestylove.cz\/\"},{\"@type\":\"ListItem\",\"position\":2,\"name\":\"Kouzlo V\u00e1noc v \u010desk\u00e9m sv\u011btle: Decoled rozsv\u011bcuje m\u011bsta i srdce\"}]},{\"@type\":\"WebSite\",\"@id\":\"https:\/\/bydletestylove.cz\/#website\",\"url\":\"https:\/\/bydletestylove.cz\/\",\"name\":\"BydleteStylov\u011b.cz\",\"description\":\"Port\u00e1l o stylov\u00e9m bydlen\u00ed...\",\"publisher\":{\"@id\":\"https:\/\/bydletestylove.cz\/#organization\"},\"potentialAction\":[{\"@type\":\"SearchAction\",\"target\":{\"@type\":\"EntryPoint\",\"urlTemplate\":\"https:\/\/bydletestylove.cz\/?s={search_term_string}\"},\"query-input\":\"required name=search_term_string\"}],\"inLanguage\":\"cs\"},{\"@type\":\"Organization\",\"@id\":\"https:\/\/bydletestylove.cz\/#organization\",\"name\":\"BydleteStylov\u011b.cz\",\"url\":\"https:\/\/bydletestylove.cz\/\",\"logo\":{\"@type\":\"ImageObject\",\"inLanguage\":\"cs\",\"@id\":\"https:\/\/bydletestylove.cz\/#\/schema\/logo\/image\/\",\"url\":\"https:\/\/bydletestylove.cz\/wp-content\/uploads\/2024\/12\/cropped-Logo-Bydlete-Stylove.jpg\",\"contentUrl\":\"https:\/\/bydletestylove.cz\/wp-content\/uploads\/2024\/12\/cropped-Logo-Bydlete-Stylove.jpg\",\"width\":290,\"height\":143,\"caption\":\"BydleteStylov\u011b.cz\"},\"image\":{\"@id\":\"https:\/\/bydletestylove.cz\/#\/schema\/logo\/image\/\"},\"sameAs\":[\"https:\/\/www.instagram.com\/bydletestylove.cz\/\"]},{\"@type\":\"Person\",\"@id\":\"https:\/\/bydletestylove.cz\/#\/schema\/person\/10a133d2599b007f153f35688fef7fb1\",\"name\":\"Martina Pechov\u00e1\",\"image\":{\"@type\":\"ImageObject\",\"inLanguage\":\"cs\",\"@id\":\"https:\/\/bydletestylove.cz\/#\/schema\/person\/image\/\",\"url\":\"https:\/\/secure.gravatar.com\/avatar\/f0b7849f9f82bc20952396010e3c9adb?s=96&d=mm&r=g\",\"contentUrl\":\"https:\/\/secure.gravatar.com\/avatar\/f0b7849f9f82bc20952396010e3c9adb?s=96&d=mm&r=g\",\"caption\":\"Martina Pechov\u00e1\"},\"sameAs\":[\"http:\/\/BydleteStylove.cz\"],\"url\":\"https:\/\/bydletestylove.cz\/index.php\/author\/marpech\/\"}]}<\/script>\n<!-- \/ Yoast SEO plugin. -->","yoast_head_json":{"title":"Kouzlo V\u00e1noc v \u010desk\u00e9m sv\u011btle: Decoled rozsv\u011bcuje m\u011bsta i srdce - BydleteStylov\u011b.cz","description":"V\u00e1noce nejsou jen datem v\u00a0kalend\u00e1\u0159i, jsou chv\u00edl\u00ed, kdy se m\u011bsta rozz\u00e1\u0159\u00ed, ulice zti\u0161\u00ed a sv\u011btlo z\u00edsk\u00e1v\u00e1 nov\u00fd v\u00fdznam, st\u00e1v\u00e1 se symbolem nad\u011bje.","robots":{"index":"index","follow":"follow","max-snippet":"max-snippet:-1","max-image-preview":"max-image-preview:large","max-video-preview":"max-video-preview:-1"},"canonical":"https:\/\/bydletestylove.cz\/index.php\/novinky\/kouzlo-vanoc-v-ceskem-svetle-decoled-rozsvecuje-mesta-i-srdce\/","og_locale":"cs_CZ","og_type":"article","og_title":"Kouzlo V\u00e1noc v \u010desk\u00e9m sv\u011btle: Decoled rozsv\u011bcuje m\u011bsta i srdce - BydleteStylov\u011b.cz","og_description":"V\u00e1noce nejsou jen datem v\u00a0kalend\u00e1\u0159i, jsou chv\u00edl\u00ed, kdy se m\u011bsta rozz\u00e1\u0159\u00ed, ulice zti\u0161\u00ed a sv\u011btlo z\u00edsk\u00e1v\u00e1 nov\u00fd v\u00fdznam, st\u00e1v\u00e1 se symbolem nad\u011bje.","og_url":"https:\/\/bydletestylove.cz\/index.php\/novinky\/kouzlo-vanoc-v-ceskem-svetle-decoled-rozsvecuje-mesta-i-srdce\/","og_site_name":"BydleteStylov\u011b.cz","article_published_time":"2025-12-07T23:01:00+00:00","article_modified_time":"2025-12-07T23:37:27+00:00","og_image":[{"width":2000,"height":1333,"url":"https:\/\/bydletestylove.cz\/wp-content\/uploads\/2025\/12\/Staromestske-namesti-v-Praze-foto-Radoslav-Vnencak-2.jpg","type":"image\/jpeg"}],"author":"Martina Pechov\u00e1","twitter_card":"summary_large_image","twitter_misc":{"Napsal(a)":"Martina Pechov\u00e1","Odhadovan\u00e1 doba \u010dten\u00ed":"10 minut"},"schema":{"@context":"https:\/\/schema.org","@graph":[{"@type":"Article","@id":"https:\/\/bydletestylove.cz\/index.php\/novinky\/kouzlo-vanoc-v-ceskem-svetle-decoled-rozsvecuje-mesta-i-srdce\/#article","isPartOf":{"@id":"https:\/\/bydletestylove.cz\/index.php\/novinky\/kouzlo-vanoc-v-ceskem-svetle-decoled-rozsvecuje-mesta-i-srdce\/"},"author":{"name":"Martina Pechov\u00e1","@id":"https:\/\/bydletestylove.cz\/#\/schema\/person\/10a133d2599b007f153f35688fef7fb1"},"headline":"Kouzlo V\u00e1noc v \u010desk\u00e9m sv\u011btle: Decoled rozsv\u011bcuje m\u011bsta i srdce","datePublished":"2025-12-07T23:01:00+00:00","dateModified":"2025-12-07T23:37:27+00:00","mainEntityOfPage":{"@id":"https:\/\/bydletestylove.cz\/index.php\/novinky\/kouzlo-vanoc-v-ceskem-svetle-decoled-rozsvecuje-mesta-i-srdce\/"},"wordCount":1120,"publisher":{"@id":"https:\/\/bydletestylove.cz\/#organization"},"articleSection":["FOTOREPORTY","NOVINKY","TIPY &amp; TRENDY"],"inLanguage":"cs"},{"@type":"WebPage","@id":"https:\/\/bydletestylove.cz\/index.php\/novinky\/kouzlo-vanoc-v-ceskem-svetle-decoled-rozsvecuje-mesta-i-srdce\/","url":"https:\/\/bydletestylove.cz\/index.php\/novinky\/kouzlo-vanoc-v-ceskem-svetle-decoled-rozsvecuje-mesta-i-srdce\/","name":"Kouzlo V\u00e1noc v \u010desk\u00e9m sv\u011btle: Decoled rozsv\u011bcuje m\u011bsta i srdce - BydleteStylov\u011b.cz","isPartOf":{"@id":"https:\/\/bydletestylove.cz\/#website"},"datePublished":"2025-12-07T23:01:00+00:00","dateModified":"2025-12-07T23:37:27+00:00","description":"V\u00e1noce nejsou jen datem v\u00a0kalend\u00e1\u0159i, jsou chv\u00edl\u00ed, kdy se m\u011bsta rozz\u00e1\u0159\u00ed, ulice zti\u0161\u00ed a sv\u011btlo z\u00edsk\u00e1v\u00e1 nov\u00fd v\u00fdznam, st\u00e1v\u00e1 se symbolem nad\u011bje.","breadcrumb":{"@id":"https:\/\/bydletestylove.cz\/index.php\/novinky\/kouzlo-vanoc-v-ceskem-svetle-decoled-rozsvecuje-mesta-i-srdce\/#breadcrumb"},"inLanguage":"cs","potentialAction":[{"@type":"ReadAction","target":["https:\/\/bydletestylove.cz\/index.php\/novinky\/kouzlo-vanoc-v-ceskem-svetle-decoled-rozsvecuje-mesta-i-srdce\/"]}]},{"@type":"BreadcrumbList","@id":"https:\/\/bydletestylove.cz\/index.php\/novinky\/kouzlo-vanoc-v-ceskem-svetle-decoled-rozsvecuje-mesta-i-srdce\/#breadcrumb","itemListElement":[{"@type":"ListItem","position":1,"name":"Dom\u016f","item":"https:\/\/bydletestylove.cz\/"},{"@type":"ListItem","position":2,"name":"Kouzlo V\u00e1noc v \u010desk\u00e9m sv\u011btle: Decoled rozsv\u011bcuje m\u011bsta i srdce"}]},{"@type":"WebSite","@id":"https:\/\/bydletestylove.cz\/#website","url":"https:\/\/bydletestylove.cz\/","name":"BydleteStylov\u011b.cz","description":"Port\u00e1l o stylov\u00e9m bydlen\u00ed...","publisher":{"@id":"https:\/\/bydletestylove.cz\/#organization"},"potentialAction":[{"@type":"SearchAction","target":{"@type":"EntryPoint","urlTemplate":"https:\/\/bydletestylove.cz\/?s={search_term_string}"},"query-input":"required name=search_term_string"}],"inLanguage":"cs"},{"@type":"Organization","@id":"https:\/\/bydletestylove.cz\/#organization","name":"BydleteStylov\u011b.cz","url":"https:\/\/bydletestylove.cz\/","logo":{"@type":"ImageObject","inLanguage":"cs","@id":"https:\/\/bydletestylove.cz\/#\/schema\/logo\/image\/","url":"https:\/\/bydletestylove.cz\/wp-content\/uploads\/2024\/12\/cropped-Logo-Bydlete-Stylove.jpg","contentUrl":"https:\/\/bydletestylove.cz\/wp-content\/uploads\/2024\/12\/cropped-Logo-Bydlete-Stylove.jpg","width":290,"height":143,"caption":"BydleteStylov\u011b.cz"},"image":{"@id":"https:\/\/bydletestylove.cz\/#\/schema\/logo\/image\/"},"sameAs":["https:\/\/www.instagram.com\/bydletestylove.cz\/"]},{"@type":"Person","@id":"https:\/\/bydletestylove.cz\/#\/schema\/person\/10a133d2599b007f153f35688fef7fb1","name":"Martina Pechov\u00e1","image":{"@type":"ImageObject","inLanguage":"cs","@id":"https:\/\/bydletestylove.cz\/#\/schema\/person\/image\/","url":"https:\/\/secure.gravatar.com\/avatar\/f0b7849f9f82bc20952396010e3c9adb?s=96&d=mm&r=g","contentUrl":"https:\/\/secure.gravatar.com\/avatar\/f0b7849f9f82bc20952396010e3c9adb?s=96&d=mm&r=g","caption":"Martina Pechov\u00e1"},"sameAs":["http:\/\/BydleteStylove.cz"],"url":"https:\/\/bydletestylove.cz\/index.php\/author\/marpech\/"}]}},"_links":{"self":[{"href":"https:\/\/bydletestylove.cz\/index.php\/wp-json\/wp\/v2\/posts\/2286"}],"collection":[{"href":"https:\/\/bydletestylove.cz\/index.php\/wp-json\/wp\/v2\/posts"}],"about":[{"href":"https:\/\/bydletestylove.cz\/index.php\/wp-json\/wp\/v2\/types\/post"}],"author":[{"embeddable":true,"href":"https:\/\/bydletestylove.cz\/index.php\/wp-json\/wp\/v2\/users\/6"}],"replies":[{"embeddable":true,"href":"https:\/\/bydletestylove.cz\/index.php\/wp-json\/wp\/v2\/comments?post=2286"}],"version-history":[{"count":1,"href":"https:\/\/bydletestylove.cz\/index.php\/wp-json\/wp\/v2\/posts\/2286\/revisions"}],"predecessor-version":[{"id":2314,"href":"https:\/\/bydletestylove.cz\/index.php\/wp-json\/wp\/v2\/posts\/2286\/revisions\/2314"}],"wp:featuredmedia":[{"embeddable":true,"href":"https:\/\/bydletestylove.cz\/index.php\/wp-json\/wp\/v2\/media\/2297"}],"wp:attachment":[{"href":"https:\/\/bydletestylove.cz\/index.php\/wp-json\/wp\/v2\/media?parent=2286"}],"wp:term":[{"taxonomy":"category","embeddable":true,"href":"https:\/\/bydletestylove.cz\/index.php\/wp-json\/wp\/v2\/categories?post=2286"},{"taxonomy":"post_tag","embeddable":true,"href":"https:\/\/bydletestylove.cz\/index.php\/wp-json\/wp\/v2\/tags?post=2286"}],"curies":[{"name":"wp","href":"https:\/\/api.w.org\/{rel}","templated":true}]}}