{"id":2094,"date":"2025-12-01T00:01:00","date_gmt":"2025-11-30T23:01:00","guid":{"rendered":"https:\/\/bydletestylove.cz\/?p=2094"},"modified":"2025-12-01T03:06:11","modified_gmt":"2025-12-01T02:06:11","slug":"hisense-uvadi-televizi-jaka-tu-jeste-nebyla-prvni-116-rgb-miniled-na-svete","status":"publish","type":"post","link":"https:\/\/bydletestylove.cz\/index.php\/fotoreporty\/hisense-uvadi-televizi-jaka-tu-jeste-nebyla-prvni-116-rgb-miniled-na-svete\/","title":{"rendered":"<span>Hisense uv\u00e1d\u00ed televizi, jak\u00e1 tu je\u0161t\u011b nebyla: Prvn\u00ed 116&#8243; RGB-MiniLED na sv\u011bt\u011b<\/span>"},"content":{"rendered":"\n<div style=\"height:35px\" aria-hidden=\"true\" class=\"wp-block-spacer\"><\/div>\n\n\n\n<p class=\"has-medium-font-size\"><strong>Nov\u00fd model posouv\u00e1 hranice dom\u00e1c\u00ed z\u00e1bavy: nejv\u011bt\u0161\u00ed obrazovka na trhu, dokonal\u00e9 barvy a prostorov\u00fd zvuk v Dolby Atmos<\/strong><\/p>\n\n\n\n<div style=\"height:35px\" aria-hidden=\"true\" class=\"wp-block-spacer\"><\/div>\n\n\n<div class=\"wp-block-image\">\n<figure class=\"aligncenter size-large\"><img decoding=\"async\" src=\"https:\/\/cinemahouse.cz\/wp-content\/uploads\/2025\/10\/UX_Lifestyle_Picture_16x9-1024x576.jpg\" alt=\"Hisense\" class=\"wp-image-11109\" \/><\/figure><\/div>\n\n\n<div style=\"height:35px\" aria-hidden=\"true\" class=\"wp-block-spacer\"><\/div>\n\n\n\n<p class=\"has-medium-font-size\">Spole\u010dnost Hisense, jeden z nejv\u011bt\u0161\u00edch sv\u011btov\u00fdch v\u00fdrobc\u016f televizor\u016f a dom\u00e1c\u00ed elektroniky, p\u0159in\u00e1\u0161\u00ed do \u010ceska unik\u00e1t: prvn\u00ed televizor na sv\u011bt\u011b s 116&#8243; RGB-MiniLED displejem v s\u00e9riov\u00e9 produkci. Novinka od <strong>Hisense <\/strong>p\u0159in\u00e1\u0161\u00ed nov\u00fd rozm\u011br film\u016fm, sportovn\u00edm p\u0159enos\u016fm i hran\u00ed her.<\/p>\n\n\n\n<div style=\"height:35px\" aria-hidden=\"true\" class=\"wp-block-spacer\"><\/div>\n\n\n<div class=\"wp-block-image\">\n<figure class=\"aligncenter size-large\"><img decoding=\"async\" src=\"https:\/\/cinemahouse.cz\/wp-content\/uploads\/2025\/10\/Petr-Ribal_archiv-Hisense_DSC5834-1024x683.jpg\" alt=\"Hisense\" class=\"wp-image-11112\" \/><\/figure><\/div>\n\n\n<div style=\"height:35px\" aria-hidden=\"true\" class=\"wp-block-spacer\"><\/div>\n\n\n\n<h2 class=\"wp-block-heading\">Obraz, kter\u00fd nem\u00e1 konkurenci<\/h2>\n\n\n\n<div style=\"height:35px\" aria-hidden=\"true\" class=\"wp-block-spacer\"><\/div>\n\n\n\n<p class=\"has-medium-font-size\">Za mimo\u0159\u00e1dn\u011b realistick\u00fdm obrazem stoj\u00ed nov\u00e9 RGB-MiniLED podsv\u00edcen\u00ed, kter\u00e9 vyu\u017e\u00edv\u00e1 samostatn\u00e9 \u010derven\u00e9, zelen\u00e9 a modr\u00e9 diody. D\u00edky tomu televize zvl\u00e1d\u00e1 mimo\u0159\u00e1dn\u011b \u0161irokou barevnou \u0161k\u00e1lu (95 % BT.2020), extr\u00e9mn\u00ed jas a\u017e <strong>8 000 nit\u016f<\/strong> a tis\u00edce lok\u00e1ln\u00edch stm\u00edvac\u00edch z\u00f3n. V\u00fdsledkem je p\u016fsobiv\u00fd obraz s \u017eiv\u00fdmi barvami a hlubokou \u010dernou, a\u0165 u\u017e sledujete film, sportovn\u00ed utk\u00e1n\u00ed nebo hrajete hry.<\/p>\n\n\n\n<div style=\"height:35px\" aria-hidden=\"true\" class=\"wp-block-spacer\"><\/div>\n\n\n<div class=\"wp-block-image\">\n<figure class=\"aligncenter size-large\"><img decoding=\"async\" src=\"https:\/\/cinemahouse.cz\/wp-content\/uploads\/2025\/10\/archiv-Hisense_DSC4748-1024x739.jpg\" alt=\"Hisense\" class=\"wp-image-11111\" \/><\/figure><\/div>\n\n\n<div style=\"height:35px\" aria-hidden=\"true\" class=\"wp-block-spacer\"><\/div>\n\n\n\n<p class=\"has-medium-font-size\">Ob\u0159\u00ed <strong>116palcov\u00fd Infinity Vision displej<\/strong> je v sou\u010dasnosti nejv\u011bt\u0161\u00ed, jak\u00fd si z\u00e1kazn\u00edci mohou po\u0159\u00eddit. Podporuje v\u0161echny modern\u00ed HDR form\u00e1ty (Dolby Vision IQ, HDR10+ Adaptive) i certifikaci <strong>IMAX Enhanced<\/strong> pro autentick\u00fd filmov\u00fd z\u00e1\u017eitek. Antireflexn\u00ed povrch eliminuje odlesky a senzor Chroma Light Sensor automaticky p\u0159izp\u016fsobuje jas okoln\u00edmu sv\u011btlu a zaji\u0161\u0165uje tak pohodln\u00e9 sledov\u00e1n\u00ed i za denn\u00edho sv\u011btla.<\/p>\n\n\n\n<div style=\"height:35px\" aria-hidden=\"true\" class=\"wp-block-spacer\"><\/div>\n\n\n<div class=\"wp-block-image\">\n<figure class=\"aligncenter size-large\"><img decoding=\"async\" src=\"https:\/\/cinemahouse.cz\/wp-content\/uploads\/2025\/10\/Petr-Ribal_Jan-Koller_archiv-Hisense_DSC4530-1024x648.jpg\" alt=\"Hisense\" class=\"wp-image-11113\" \/><\/figure><\/div>\n\n\n<div style=\"height:35px\" aria-hidden=\"true\" class=\"wp-block-spacer\"><\/div>\n\n\n\n<h2 class=\"wp-block-heading\">Inteligence uvnit\u0159<\/h2>\n\n\n\n<div style=\"height:35px\" aria-hidden=\"true\" class=\"wp-block-spacer\"><\/div>\n\n\n\n<p class=\"has-medium-font-size\">Srdcem televizoru je procesor <strong>Hi-View AI Engine X<\/strong>, kter\u00fd dok\u00e1\u017ee v re\u00e1ln\u00e9m \u010dase analyzovat obraz i zvuk a v\u017edy je vyladit podle obsahu. Funkce <strong>AI 4K Upscaler<\/strong> um\u00ed vdechnout nov\u00fd \u017eivot i star\u0161\u00edm nahr\u00e1vk\u00e1m a technologie <strong>3D Colour Master Pro<\/strong> se postar\u00e1 o maxim\u00e1ln\u00ed barevnou v\u011brnost.<\/p>\n\n\n\n<div style=\"height:35px\" aria-hidden=\"true\" class=\"wp-block-spacer\"><\/div>\n\n\n<div class=\"wp-block-image\">\n<figure class=\"aligncenter size-large\"><img decoding=\"async\" src=\"https:\/\/cinemahouse.cz\/wp-content\/uploads\/2025\/10\/Matej-Hustak-produktovy-manazera-pro-TV-Hisense-CR-a-SR_archiv-Hisense_DSC5524-1024x665.jpg\" alt=\"Hisense\" class=\"wp-image-11115\" \/><\/figure><\/div>\n\n\n<div style=\"height:35px\" aria-hidden=\"true\" class=\"wp-block-spacer\"><\/div>\n\n\n\n<h2 class=\"wp-block-heading\">Hern\u00ed televize nov\u00e9 generace<\/h2>\n\n\n\n<div style=\"height:35px\" aria-hidden=\"true\" class=\"wp-block-spacer\"><\/div>\n\n\n\n<p class=\"has-medium-font-size\">Nov\u00fd model televize mysl\u00ed i na hr\u00e1\u010de: <strong>165Hz panel<\/strong>, hern\u00ed re\u017eim s VRR a podpora <strong>AMD FreeSync Premium Pro<\/strong> garantuj\u00ed plynul\u00fd obraz bez trh\u00e1n\u00ed a minim\u00e1ln\u00ed odezvu i v t\u011bch nejrychlej\u0161\u00edch sc\u00e9n\u00e1ch.<\/p>\n\n\n\n<div style=\"height:35px\" aria-hidden=\"true\" class=\"wp-block-spacer\"><\/div>\n\n\n<div class=\"wp-block-image\">\n<figure class=\"aligncenter size-large\"><img decoding=\"async\" src=\"https:\/\/cinemahouse.cz\/wp-content\/uploads\/2025\/10\/Petr-Ribal_Iva-Kubelkova_DSC5625-1024x618.jpg\" alt=\"Hisense\" class=\"wp-image-11110\" \/><\/figure><\/div>\n\n\n<div style=\"height:35px\" aria-hidden=\"true\" class=\"wp-block-spacer\"><\/div>\n\n\n\n<h2 class=\"wp-block-heading\">Zvuk jako v&nbsp;kin\u011b<\/h2>\n\n\n\n<div style=\"height:35px\" aria-hidden=\"true\" class=\"wp-block-spacer\"><\/div>\n\n\n\n<p class=\"has-medium-font-size\">O zvukov\u00fd z\u00e1\u017eitek se postar\u00e1 syst\u00e9m <strong>6.2.2 CineStage X Surround<\/strong> vyvinut\u00fd spole\u010dn\u011b s renomovanou francouzskou zna\u010dkou <strong>Devialet<\/strong>. Vestav\u011bn\u00fdch deset reproduktor\u016f (v\u010detn\u011b dvou subwoofer\u016f a kan\u00e1l\u016f pro zvuk shora) p\u0159in\u00e1\u0161\u00ed prostorov\u00fd efekt Dolby Atmos bez nutnosti kupovat dal\u0161\u00ed audio sestavu.<\/p>\n\n\n\n<div style=\"height:35px\" aria-hidden=\"true\" class=\"wp-block-spacer\"><\/div>\n\n\n<div class=\"wp-block-image\">\n<figure class=\"aligncenter size-large\"><img decoding=\"async\" src=\"https:\/\/cinemahouse.cz\/wp-content\/uploads\/2025\/10\/Iva-Kubelkova_Jan-Koller_archiv-Hisense_DSC5236-1024x662.jpg\" alt=\"Hisense\" class=\"wp-image-11114\" \/><\/figure><\/div>\n\n\n<div style=\"height:35px\" aria-hidden=\"true\" class=\"wp-block-spacer\"><\/div>\n\n\n\n<h2 class=\"wp-block-heading\">Modern\u00ed detaily a chytr\u00e9 funkce<\/h2>\n\n\n\n<div style=\"height:35px\" aria-hidden=\"true\" class=\"wp-block-spacer\"><\/div>\n\n\n\n<p class=\"has-medium-font-size\">Nov\u00e1 Mini LED SMART televize nab\u00edz\u00ed i praktick\u00e9 vychyt\u00e1vky jako je nap\u0159\u00edklad <strong>sol\u00e1rn\u011b nap\u00e1jen\u00fd d\u00e1lkov\u00fd ovlada\u010d<\/strong>, kter\u00fd u\u017e nepot\u0159ebuje baterie. Samoz\u0159ejmost\u00ed je chytr\u00fd syst\u00e9m s podporou hlasov\u00e9ho ovl\u00e1d\u00e1n\u00ed i p\u0159\u00edstupem ke v\u0161em obl\u00edben\u00fdm aplikac\u00edm v\u010detn\u011b lok\u00e1ln\u00ed slu\u017eby Oneyplay.<\/p>\n\n\n\n<div style=\"height:35px\" aria-hidden=\"true\" class=\"wp-block-spacer\"><\/div>\n\n\n<div class=\"wp-block-image\">\n<figure class=\"aligncenter size-large\"><img decoding=\"async\" src=\"https:\/\/cinemahouse.cz\/wp-content\/uploads\/2025\/10\/Hisense-UX-RGB-MiniLED-16x9-1-1024x576.png\" alt=\"Hisense\" class=\"wp-image-11108\" \/><\/figure><\/div>\n\n\n<div style=\"height:35px\" aria-hidden=\"true\" class=\"wp-block-spacer\"><\/div>\n\n\n\n<p class=\"has-medium-font-size\">V\u00edce informac\u00ed:&nbsp;<a href=\"https:\/\/cz.hisense.com\/\"><u>cz.hisense.com<\/u><\/a><\/p>\n\n\n\n<div style=\"height:100px\" aria-hidden=\"true\" class=\"wp-block-spacer\"><\/div>\n\n\n\n<figure class=\"wp-block-gallery has-nested-images columns-2 is-cropped wp-block-gallery-1 is-layout-flex\">\n<figure class=\"wp-block-image size-large\"><img decoding=\"async\" data-id=\"11109\"  src=\"https:\/\/cinemahouse.cz\/wp-content\/uploads\/2025\/10\/UX_Lifestyle_Picture_16x9-1024x576.jpg\" alt=\"Hisense\" class=\"wp-image-11109\" \/><\/figure>\n\n\n\n<figure class=\"wp-block-image size-large\"><img decoding=\"async\" data-id=\"11114\"  src=\"https:\/\/cinemahouse.cz\/wp-content\/uploads\/2025\/10\/Iva-Kubelkova_Jan-Koller_archiv-Hisense_DSC5236-1024x662.jpg\" alt=\"Hisense\" class=\"wp-image-11114\" \/><\/figure>\n\n\n\n<figure class=\"wp-block-image size-large\"><img decoding=\"async\" data-id=\"11115\"  src=\"https:\/\/cinemahouse.cz\/wp-content\/uploads\/2025\/10\/Matej-Hustak-produktovy-manazera-pro-TV-Hisense-CR-a-SR_archiv-Hisense_DSC5524-1024x665.jpg\" alt=\"Hisense\" class=\"wp-image-11115\" \/><\/figure>\n\n\n\n<figure class=\"wp-block-image size-large\"><img decoding=\"async\" data-id=\"11113\"  src=\"https:\/\/cinemahouse.cz\/wp-content\/uploads\/2025\/10\/Petr-Ribal_Jan-Koller_archiv-Hisense_DSC4530-1024x648.jpg\" alt=\"Hisense\" class=\"wp-image-11113\" \/><\/figure>\n\n\n\n<figure class=\"wp-block-image size-large\"><img decoding=\"async\" data-id=\"11112\"  src=\"https:\/\/cinemahouse.cz\/wp-content\/uploads\/2025\/10\/Petr-Ribal_archiv-Hisense_DSC5834-1024x683.jpg\" alt=\"Hisense\" class=\"wp-image-11112\" \/><\/figure>\n\n\n\n<figure class=\"wp-block-image size-large\"><img decoding=\"async\" data-id=\"11110\"  src=\"https:\/\/cinemahouse.cz\/wp-content\/uploads\/2025\/10\/Petr-Ribal_Iva-Kubelkova_DSC5625-1024x618.jpg\" alt=\"Hisense\" class=\"wp-image-11110\" \/><\/figure>\n\n\n\n<figure class=\"wp-block-image size-large\"><img decoding=\"async\" data-id=\"11111\"  src=\"https:\/\/cinemahouse.cz\/wp-content\/uploads\/2025\/10\/archiv-Hisense_DSC4748-1024x739.jpg\" alt=\"Hisense\" class=\"wp-image-11111\" \/><\/figure>\n\n\n\n<figure class=\"wp-block-image size-large\"><img decoding=\"async\" data-id=\"11108\"  src=\"https:\/\/cinemahouse.cz\/wp-content\/uploads\/2025\/10\/Hisense-UX-RGB-MiniLED-16x9-1-1024x576.png\" alt=\"Hisense\" class=\"wp-image-11108\" \/><\/figure>\n<\/figure>\n\n\n\n<div style=\"height:30px\" aria-hidden=\"true\" class=\"wp-block-spacer\"><\/div>\n\n\n\n<p class=\"has-medium-font-size\"><strong>Zdroj foto a video:&nbsp;<\/strong>Hisense<\/p>\n\n\n\n<div style=\"height:55px\" aria-hidden=\"true\" class=\"wp-block-spacer\"><\/div>\n","protected":false},"excerpt":{"rendered":"<p>Nov\u00fd model posouv\u00e1 hranice dom\u00e1c\u00ed z\u00e1bavy: nejv\u011bt\u0161\u00ed obrazovka na trhu, dokonal\u00e9 barvy a prostorov\u00fd zvuk v Dolby Atmos Spole\u010dnost Hisense, jeden z nejv\u011bt\u0161\u00edch sv\u011btov\u00fdch v\u00fdrobc\u016f televizor\u016f a dom\u00e1c\u00ed elektroniky, p\u0159in\u00e1\u0161\u00ed do \u010ceska unik\u00e1t: prvn\u00ed televizor na sv\u011bt\u011b s 116&#8243; RGB-MiniLED displejem v s\u00e9riov\u00e9 produkci. Novinka od Hisense p\u0159in\u00e1\u0161\u00ed nov\u00fd rozm\u011br film\u016fm, sportovn\u00edm p\u0159enos\u016fm i hran\u00ed her. Obraz, kter\u00fd nem\u00e1 konkurenci Za mimo\u0159\u00e1dn\u011b realistick\u00fdm obrazem stoj\u00ed nov\u00e9 RGB-MiniLED podsv\u00edcen\u00ed, kter\u00e9 vyu\u017e\u00edv\u00e1 samostatn\u00e9 \u010derven\u00e9, zelen\u00e9 a modr\u00e9 diody. D\u00edky tomu televize zvl\u00e1d\u00e1 mimo\u0159\u00e1dn\u011b \u0161irokou barevnou \u0161k\u00e1lu (95 % BT.2020), extr\u00e9mn\u00ed jas a\u017e&hellip;<\/p>\n","protected":false},"author":6,"featured_media":2100,"comment_status":"closed","ping_status":"open","sticky":false,"template":"","format":"standard","meta":{"_mi_skip_tracking":false,"_monsterinsights_sitenote_active":false,"_monsterinsights_sitenote_note":"","_monsterinsights_sitenote_category":0},"categories":[4,1,5,55],"tags":[],"yoast_head":"<!-- This site is optimized with the Yoast SEO plugin v21.4 - https:\/\/yoast.com\/wordpress\/plugins\/seo\/ -->\n<title>Hisense uv\u00e1d\u00ed televizi, jak\u00e1 tu je\u0161t\u011b nebyla: Prvn\u00ed 116&quot; RGB-MiniLED na sv\u011bt\u011b - BydleteStylov\u011b.cz<\/title>\n<meta name=\"description\" content=\"Nov\u00fd model posouv\u00e1 hranice dom\u00e1c\u00ed z\u00e1bavy: nejv\u011bt\u0161\u00ed obrazovka na trhu, dokonal\u00e9 barvy a prostorov\u00fd zvuk v Dolby Atmos.\" \/>\n<meta name=\"robots\" content=\"index, follow, max-snippet:-1, max-image-preview:large, max-video-preview:-1\" \/>\n<link rel=\"canonical\" href=\"https:\/\/bydletestylove.cz\/index.php\/fotoreporty\/hisense-uvadi-televizi-jaka-tu-jeste-nebyla-prvni-116-rgb-miniled-na-svete\/\" \/>\n<meta property=\"og:locale\" content=\"cs_CZ\" \/>\n<meta property=\"og:type\" content=\"article\" \/>\n<meta property=\"og:title\" content=\"Hisense uv\u00e1d\u00ed televizi, jak\u00e1 tu je\u0161t\u011b nebyla: Prvn\u00ed 116&quot; RGB-MiniLED na sv\u011bt\u011b - BydleteStylov\u011b.cz\" \/>\n<meta property=\"og:description\" content=\"Nov\u00fd model posouv\u00e1 hranice dom\u00e1c\u00ed z\u00e1bavy: nejv\u011bt\u0161\u00ed obrazovka na trhu, dokonal\u00e9 barvy a prostorov\u00fd zvuk v Dolby Atmos.\" \/>\n<meta property=\"og:url\" content=\"https:\/\/bydletestylove.cz\/index.php\/fotoreporty\/hisense-uvadi-televizi-jaka-tu-jeste-nebyla-prvni-116-rgb-miniled-na-svete\/\" \/>\n<meta property=\"og:site_name\" content=\"BydleteStylov\u011b.cz\" \/>\n<meta property=\"article:published_time\" content=\"2025-11-30T23:01:00+00:00\" \/>\n<meta property=\"article:modified_time\" content=\"2025-12-01T02:06:11+00:00\" \/>\n<meta property=\"og:image\" content=\"https:\/\/bydletestylove.cz\/wp-content\/uploads\/2025\/10\/Petr-Ribal_Iva-Kubelkova_DSC5625-scaled.jpg\" \/>\n\t<meta property=\"og:image:width\" content=\"2560\" \/>\n\t<meta property=\"og:image:height\" content=\"1545\" \/>\n\t<meta property=\"og:image:type\" content=\"image\/jpeg\" \/>\n<meta name=\"author\" content=\"Martina Pechov\u00e1\" \/>\n<meta name=\"twitter:card\" content=\"summary_large_image\" \/>\n<meta name=\"twitter:label1\" content=\"Napsal(a)\" \/>\n\t<meta name=\"twitter:data1\" content=\"Martina Pechov\u00e1\" \/>\n\t<meta name=\"twitter:label2\" content=\"Odhadovan\u00e1 doba \u010dten\u00ed\" \/>\n\t<meta name=\"twitter:data2\" content=\"6 minut\" \/>\n<script type=\"application\/ld+json\" class=\"yoast-schema-graph\">{\"@context\":\"https:\/\/schema.org\",\"@graph\":[{\"@type\":\"Article\",\"@id\":\"https:\/\/bydletestylove.cz\/index.php\/fotoreporty\/hisense-uvadi-televizi-jaka-tu-jeste-nebyla-prvni-116-rgb-miniled-na-svete\/#article\",\"isPartOf\":{\"@id\":\"https:\/\/bydletestylove.cz\/index.php\/fotoreporty\/hisense-uvadi-televizi-jaka-tu-jeste-nebyla-prvni-116-rgb-miniled-na-svete\/\"},\"author\":{\"name\":\"Martina Pechov\u00e1\",\"@id\":\"https:\/\/bydletestylove.cz\/#\/schema\/person\/10a133d2599b007f153f35688fef7fb1\"},\"headline\":\"Hisense uv\u00e1d\u00ed televizi, jak\u00e1 tu je\u0161t\u011b nebyla: Prvn\u00ed 116&#8243; RGB-MiniLED na sv\u011bt\u011b\",\"datePublished\":\"2025-11-30T23:01:00+00:00\",\"dateModified\":\"2025-12-01T02:06:11+00:00\",\"mainEntityOfPage\":{\"@id\":\"https:\/\/bydletestylove.cz\/index.php\/fotoreporty\/hisense-uvadi-televizi-jaka-tu-jeste-nebyla-prvni-116-rgb-miniled-na-svete\/\"},\"wordCount\":465,\"publisher\":{\"@id\":\"https:\/\/bydletestylove.cz\/#organization\"},\"articleSection\":[\"FOTOREPORTY\",\"NOVINKY\",\"TIPY &amp; TRENDY\",\"TIPY NA TECHNIKU\"],\"inLanguage\":\"cs\"},{\"@type\":\"WebPage\",\"@id\":\"https:\/\/bydletestylove.cz\/index.php\/fotoreporty\/hisense-uvadi-televizi-jaka-tu-jeste-nebyla-prvni-116-rgb-miniled-na-svete\/\",\"url\":\"https:\/\/bydletestylove.cz\/index.php\/fotoreporty\/hisense-uvadi-televizi-jaka-tu-jeste-nebyla-prvni-116-rgb-miniled-na-svete\/\",\"name\":\"Hisense uv\u00e1d\u00ed televizi, jak\u00e1 tu je\u0161t\u011b nebyla: Prvn\u00ed 116\\\" RGB-MiniLED na sv\u011bt\u011b - BydleteStylov\u011b.cz\",\"isPartOf\":{\"@id\":\"https:\/\/bydletestylove.cz\/#website\"},\"datePublished\":\"2025-11-30T23:01:00+00:00\",\"dateModified\":\"2025-12-01T02:06:11+00:00\",\"description\":\"Nov\u00fd model posouv\u00e1 hranice dom\u00e1c\u00ed z\u00e1bavy: nejv\u011bt\u0161\u00ed obrazovka na trhu, dokonal\u00e9 barvy a prostorov\u00fd zvuk v Dolby Atmos.\",\"breadcrumb\":{\"@id\":\"https:\/\/bydletestylove.cz\/index.php\/fotoreporty\/hisense-uvadi-televizi-jaka-tu-jeste-nebyla-prvni-116-rgb-miniled-na-svete\/#breadcrumb\"},\"inLanguage\":\"cs\",\"potentialAction\":[{\"@type\":\"ReadAction\",\"target\":[\"https:\/\/bydletestylove.cz\/index.php\/fotoreporty\/hisense-uvadi-televizi-jaka-tu-jeste-nebyla-prvni-116-rgb-miniled-na-svete\/\"]}]},{\"@type\":\"BreadcrumbList\",\"@id\":\"https:\/\/bydletestylove.cz\/index.php\/fotoreporty\/hisense-uvadi-televizi-jaka-tu-jeste-nebyla-prvni-116-rgb-miniled-na-svete\/#breadcrumb\",\"itemListElement\":[{\"@type\":\"ListItem\",\"position\":1,\"name\":\"Dom\u016f\",\"item\":\"https:\/\/bydletestylove.cz\/\"},{\"@type\":\"ListItem\",\"position\":2,\"name\":\"Hisense uv\u00e1d\u00ed televizi, jak\u00e1 tu je\u0161t\u011b nebyla: Prvn\u00ed 116&#8243; RGB-MiniLED na sv\u011bt\u011b\"}]},{\"@type\":\"WebSite\",\"@id\":\"https:\/\/bydletestylove.cz\/#website\",\"url\":\"https:\/\/bydletestylove.cz\/\",\"name\":\"BydleteStylov\u011b.cz\",\"description\":\"Port\u00e1l o stylov\u00e9m bydlen\u00ed...\",\"publisher\":{\"@id\":\"https:\/\/bydletestylove.cz\/#organization\"},\"potentialAction\":[{\"@type\":\"SearchAction\",\"target\":{\"@type\":\"EntryPoint\",\"urlTemplate\":\"https:\/\/bydletestylove.cz\/?s={search_term_string}\"},\"query-input\":\"required name=search_term_string\"}],\"inLanguage\":\"cs\"},{\"@type\":\"Organization\",\"@id\":\"https:\/\/bydletestylove.cz\/#organization\",\"name\":\"BydleteStylov\u011b.cz\",\"url\":\"https:\/\/bydletestylove.cz\/\",\"logo\":{\"@type\":\"ImageObject\",\"inLanguage\":\"cs\",\"@id\":\"https:\/\/bydletestylove.cz\/#\/schema\/logo\/image\/\",\"url\":\"https:\/\/bydletestylove.cz\/wp-content\/uploads\/2024\/12\/cropped-Logo-Bydlete-Stylove.jpg\",\"contentUrl\":\"https:\/\/bydletestylove.cz\/wp-content\/uploads\/2024\/12\/cropped-Logo-Bydlete-Stylove.jpg\",\"width\":290,\"height\":143,\"caption\":\"BydleteStylov\u011b.cz\"},\"image\":{\"@id\":\"https:\/\/bydletestylove.cz\/#\/schema\/logo\/image\/\"},\"sameAs\":[\"https:\/\/www.instagram.com\/bydletestylove.cz\/\"]},{\"@type\":\"Person\",\"@id\":\"https:\/\/bydletestylove.cz\/#\/schema\/person\/10a133d2599b007f153f35688fef7fb1\",\"name\":\"Martina Pechov\u00e1\",\"image\":{\"@type\":\"ImageObject\",\"inLanguage\":\"cs\",\"@id\":\"https:\/\/bydletestylove.cz\/#\/schema\/person\/image\/\",\"url\":\"https:\/\/secure.gravatar.com\/avatar\/f0b7849f9f82bc20952396010e3c9adb?s=96&d=mm&r=g\",\"contentUrl\":\"https:\/\/secure.gravatar.com\/avatar\/f0b7849f9f82bc20952396010e3c9adb?s=96&d=mm&r=g\",\"caption\":\"Martina Pechov\u00e1\"},\"sameAs\":[\"http:\/\/BydleteStylove.cz\"],\"url\":\"https:\/\/bydletestylove.cz\/index.php\/author\/marpech\/\"}]}<\/script>\n<!-- \/ Yoast SEO plugin. -->","yoast_head_json":{"title":"Hisense uv\u00e1d\u00ed televizi, jak\u00e1 tu je\u0161t\u011b nebyla: Prvn\u00ed 116\" RGB-MiniLED na sv\u011bt\u011b - BydleteStylov\u011b.cz","description":"Nov\u00fd model posouv\u00e1 hranice dom\u00e1c\u00ed z\u00e1bavy: nejv\u011bt\u0161\u00ed obrazovka na trhu, dokonal\u00e9 barvy a prostorov\u00fd zvuk v Dolby Atmos.","robots":{"index":"index","follow":"follow","max-snippet":"max-snippet:-1","max-image-preview":"max-image-preview:large","max-video-preview":"max-video-preview:-1"},"canonical":"https:\/\/bydletestylove.cz\/index.php\/fotoreporty\/hisense-uvadi-televizi-jaka-tu-jeste-nebyla-prvni-116-rgb-miniled-na-svete\/","og_locale":"cs_CZ","og_type":"article","og_title":"Hisense uv\u00e1d\u00ed televizi, jak\u00e1 tu je\u0161t\u011b nebyla: Prvn\u00ed 116\" RGB-MiniLED na sv\u011bt\u011b - BydleteStylov\u011b.cz","og_description":"Nov\u00fd model posouv\u00e1 hranice dom\u00e1c\u00ed z\u00e1bavy: nejv\u011bt\u0161\u00ed obrazovka na trhu, dokonal\u00e9 barvy a prostorov\u00fd zvuk v Dolby Atmos.","og_url":"https:\/\/bydletestylove.cz\/index.php\/fotoreporty\/hisense-uvadi-televizi-jaka-tu-jeste-nebyla-prvni-116-rgb-miniled-na-svete\/","og_site_name":"BydleteStylov\u011b.cz","article_published_time":"2025-11-30T23:01:00+00:00","article_modified_time":"2025-12-01T02:06:11+00:00","og_image":[{"width":2560,"height":1545,"url":"https:\/\/bydletestylove.cz\/wp-content\/uploads\/2025\/10\/Petr-Ribal_Iva-Kubelkova_DSC5625-scaled.jpg","type":"image\/jpeg"}],"author":"Martina Pechov\u00e1","twitter_card":"summary_large_image","twitter_misc":{"Napsal(a)":"Martina Pechov\u00e1","Odhadovan\u00e1 doba \u010dten\u00ed":"6 minut"},"schema":{"@context":"https:\/\/schema.org","@graph":[{"@type":"Article","@id":"https:\/\/bydletestylove.cz\/index.php\/fotoreporty\/hisense-uvadi-televizi-jaka-tu-jeste-nebyla-prvni-116-rgb-miniled-na-svete\/#article","isPartOf":{"@id":"https:\/\/bydletestylove.cz\/index.php\/fotoreporty\/hisense-uvadi-televizi-jaka-tu-jeste-nebyla-prvni-116-rgb-miniled-na-svete\/"},"author":{"name":"Martina Pechov\u00e1","@id":"https:\/\/bydletestylove.cz\/#\/schema\/person\/10a133d2599b007f153f35688fef7fb1"},"headline":"Hisense uv\u00e1d\u00ed televizi, jak\u00e1 tu je\u0161t\u011b nebyla: Prvn\u00ed 116&#8243; RGB-MiniLED na sv\u011bt\u011b","datePublished":"2025-11-30T23:01:00+00:00","dateModified":"2025-12-01T02:06:11+00:00","mainEntityOfPage":{"@id":"https:\/\/bydletestylove.cz\/index.php\/fotoreporty\/hisense-uvadi-televizi-jaka-tu-jeste-nebyla-prvni-116-rgb-miniled-na-svete\/"},"wordCount":465,"publisher":{"@id":"https:\/\/bydletestylove.cz\/#organization"},"articleSection":["FOTOREPORTY","NOVINKY","TIPY &amp; TRENDY","TIPY NA TECHNIKU"],"inLanguage":"cs"},{"@type":"WebPage","@id":"https:\/\/bydletestylove.cz\/index.php\/fotoreporty\/hisense-uvadi-televizi-jaka-tu-jeste-nebyla-prvni-116-rgb-miniled-na-svete\/","url":"https:\/\/bydletestylove.cz\/index.php\/fotoreporty\/hisense-uvadi-televizi-jaka-tu-jeste-nebyla-prvni-116-rgb-miniled-na-svete\/","name":"Hisense uv\u00e1d\u00ed televizi, jak\u00e1 tu je\u0161t\u011b nebyla: Prvn\u00ed 116\" RGB-MiniLED na sv\u011bt\u011b - BydleteStylov\u011b.cz","isPartOf":{"@id":"https:\/\/bydletestylove.cz\/#website"},"datePublished":"2025-11-30T23:01:00+00:00","dateModified":"2025-12-01T02:06:11+00:00","description":"Nov\u00fd model posouv\u00e1 hranice dom\u00e1c\u00ed z\u00e1bavy: nejv\u011bt\u0161\u00ed obrazovka na trhu, dokonal\u00e9 barvy a prostorov\u00fd zvuk v Dolby Atmos.","breadcrumb":{"@id":"https:\/\/bydletestylove.cz\/index.php\/fotoreporty\/hisense-uvadi-televizi-jaka-tu-jeste-nebyla-prvni-116-rgb-miniled-na-svete\/#breadcrumb"},"inLanguage":"cs","potentialAction":[{"@type":"ReadAction","target":["https:\/\/bydletestylove.cz\/index.php\/fotoreporty\/hisense-uvadi-televizi-jaka-tu-jeste-nebyla-prvni-116-rgb-miniled-na-svete\/"]}]},{"@type":"BreadcrumbList","@id":"https:\/\/bydletestylove.cz\/index.php\/fotoreporty\/hisense-uvadi-televizi-jaka-tu-jeste-nebyla-prvni-116-rgb-miniled-na-svete\/#breadcrumb","itemListElement":[{"@type":"ListItem","position":1,"name":"Dom\u016f","item":"https:\/\/bydletestylove.cz\/"},{"@type":"ListItem","position":2,"name":"Hisense uv\u00e1d\u00ed televizi, jak\u00e1 tu je\u0161t\u011b nebyla: Prvn\u00ed 116&#8243; RGB-MiniLED na sv\u011bt\u011b"}]},{"@type":"WebSite","@id":"https:\/\/bydletestylove.cz\/#website","url":"https:\/\/bydletestylove.cz\/","name":"BydleteStylov\u011b.cz","description":"Port\u00e1l o stylov\u00e9m bydlen\u00ed...","publisher":{"@id":"https:\/\/bydletestylove.cz\/#organization"},"potentialAction":[{"@type":"SearchAction","target":{"@type":"EntryPoint","urlTemplate":"https:\/\/bydletestylove.cz\/?s={search_term_string}"},"query-input":"required name=search_term_string"}],"inLanguage":"cs"},{"@type":"Organization","@id":"https:\/\/bydletestylove.cz\/#organization","name":"BydleteStylov\u011b.cz","url":"https:\/\/bydletestylove.cz\/","logo":{"@type":"ImageObject","inLanguage":"cs","@id":"https:\/\/bydletestylove.cz\/#\/schema\/logo\/image\/","url":"https:\/\/bydletestylove.cz\/wp-content\/uploads\/2024\/12\/cropped-Logo-Bydlete-Stylove.jpg","contentUrl":"https:\/\/bydletestylove.cz\/wp-content\/uploads\/2024\/12\/cropped-Logo-Bydlete-Stylove.jpg","width":290,"height":143,"caption":"BydleteStylov\u011b.cz"},"image":{"@id":"https:\/\/bydletestylove.cz\/#\/schema\/logo\/image\/"},"sameAs":["https:\/\/www.instagram.com\/bydletestylove.cz\/"]},{"@type":"Person","@id":"https:\/\/bydletestylove.cz\/#\/schema\/person\/10a133d2599b007f153f35688fef7fb1","name":"Martina Pechov\u00e1","image":{"@type":"ImageObject","inLanguage":"cs","@id":"https:\/\/bydletestylove.cz\/#\/schema\/person\/image\/","url":"https:\/\/secure.gravatar.com\/avatar\/f0b7849f9f82bc20952396010e3c9adb?s=96&d=mm&r=g","contentUrl":"https:\/\/secure.gravatar.com\/avatar\/f0b7849f9f82bc20952396010e3c9adb?s=96&d=mm&r=g","caption":"Martina Pechov\u00e1"},"sameAs":["http:\/\/BydleteStylove.cz"],"url":"https:\/\/bydletestylove.cz\/index.php\/author\/marpech\/"}]}},"_links":{"self":[{"href":"https:\/\/bydletestylove.cz\/index.php\/wp-json\/wp\/v2\/posts\/2094"}],"collection":[{"href":"https:\/\/bydletestylove.cz\/index.php\/wp-json\/wp\/v2\/posts"}],"about":[{"href":"https:\/\/bydletestylove.cz\/index.php\/wp-json\/wp\/v2\/types\/post"}],"author":[{"embeddable":true,"href":"https:\/\/bydletestylove.cz\/index.php\/wp-json\/wp\/v2\/users\/6"}],"replies":[{"embeddable":true,"href":"https:\/\/bydletestylove.cz\/index.php\/wp-json\/wp\/v2\/comments?post=2094"}],"version-history":[{"count":1,"href":"https:\/\/bydletestylove.cz\/index.php\/wp-json\/wp\/v2\/posts\/2094\/revisions"}],"predecessor-version":[{"id":2104,"href":"https:\/\/bydletestylove.cz\/index.php\/wp-json\/wp\/v2\/posts\/2094\/revisions\/2104"}],"wp:featuredmedia":[{"embeddable":true,"href":"https:\/\/bydletestylove.cz\/index.php\/wp-json\/wp\/v2\/media\/2100"}],"wp:attachment":[{"href":"https:\/\/bydletestylove.cz\/index.php\/wp-json\/wp\/v2\/media?parent=2094"}],"wp:term":[{"taxonomy":"category","embeddable":true,"href":"https:\/\/bydletestylove.cz\/index.php\/wp-json\/wp\/v2\/categories?post=2094"},{"taxonomy":"post_tag","embeddable":true,"href":"https:\/\/bydletestylove.cz\/index.php\/wp-json\/wp\/v2\/tags?post=2094"}],"curies":[{"name":"wp","href":"https:\/\/api.w.org\/{rel}","templated":true}]}}