{"id":1588,"date":"2025-06-18T00:01:00","date_gmt":"2025-06-17T22:01:00","guid":{"rendered":"https:\/\/bydletestylove.cz\/?p=1588"},"modified":"2025-06-19T00:07:22","modified_gmt":"2025-06-18T22:07:22","slug":"v-detmarovicich-rychle-roste-nova-nizkoemisni-teplarna-za-2-miliardy","status":"publish","type":"post","link":"https:\/\/bydletestylove.cz\/index.php\/novinky\/v-detmarovicich-rychle-roste-nova-nizkoemisni-teplarna-za-2-miliardy\/","title":{"rendered":"<span>V D\u011btmarovic\u00edch rychle roste nov\u00e1 n\u00edzkoemisn\u00ed tepl\u00e1rna za 2 miliardy<\/span>"},"content":{"rendered":"\n<div style=\"height:35px\" aria-hidden=\"true\" class=\"wp-block-spacer\"><\/div>\n\n\n\n<p class=\"has-medium-font-size\"><strong>*\u010cEZ stav\u00ed n\u00edzkoemisn\u00ed zdroj pro centr\u00e1ln\u00ed dod\u00e1vku tepla do Orlov\u00e9 a Bohum\u00edna<\/strong><\/p>\n\n\n\n<p class=\"has-medium-font-size\"><strong>*Hotov\u00e1 je regula\u010dn\u00ed stanice, rozvody v are\u00e1lu, prob\u00edh\u00e1 instalace efektivn\u00edch zdroj\u016f na plyn a biomasu.<\/strong><\/p>\n\n\n\n<p class=\"has-medium-font-size\"><strong>*Pln\u00e9 zah\u00e1jen\u00ed dod\u00e1vek z&nbsp;nov\u00fdch zdroj\u016f je v&nbsp;pl\u00e1nu od topn\u00e9 sez\u00f3ny 2026\/27<\/strong><\/p>\n\n\n\n<p class=\"has-medium-font-size\"><strong>*V&nbsp;p\u0159\u00ed\u0161t\u00ed topn\u00e9 sezon\u011b dod\u00e1vky zajist\u00ed nov\u00e1 plynov\u00e1 kotelna a star\u0161\u00ed plynov\u00e9 kotle<\/strong><\/p>\n\n\n\n<p class=\"has-medium-font-size\"><strong>*\u010cEZ v&nbsp;kraji realizuje dal\u0161\u00ed investice do modern\u00ed energetiky jako projekty energetick\u00fdch \u00faspor, elektromobilitu a v\u00fdstavbu obnoviteln\u00fdch zdroj\u016f<\/strong><\/p>\n\n\n\n<div style=\"height:35px\" aria-hidden=\"true\" class=\"wp-block-spacer\"><\/div>\n\n\n\n<p class=\"has-medium-font-size\"><strong>V&nbsp;D\u011btmarovic\u00edch je v&nbsp;t\u011bchto t\u00fddnech v&nbsp;pln\u00e9m proudu v\u00fdstavba biomasov\u00fdch a plynov\u00fdch zdroj\u016f, kter\u00e9 p\u0159inesou jistotu dlouhodob\u00e9 a spolehliv\u00e9 dod\u00e1vky tepla a tepl\u00e9 vody pro 15 tis\u00edc dom\u00e1cnost\u00ed v&nbsp;Orlov\u00e9 a Bohum\u00edn\u011b. Spole\u010dnosti \u010cEZ Tepl\u00e1rensk\u00e1 se da\u0159\u00ed dr\u017eet harmonogram cel\u00e9 akce, kter\u00fd po\u010d\u00edt\u00e1 se zah\u00e1jen\u00edm dod\u00e1vky od podzimu 2026. Ekologizace zdej\u0161\u00edho tepl\u00e1renstv\u00ed bude znamenat sn\u00ed\u017een\u00ed emis\u00ed CO<sub>2<\/sub>, s\u00edry, dus\u00edku a tuh\u00fdch zne\u010di\u0161\u0165uj\u00edc\u00edch l\u00e1tek a\u017e o 97 procent. V&nbsp;n\u00e1sleduj\u00edc\u00ed topn\u00e9 sezon\u011b dod\u00e1vky zajist\u00ed nov\u00e1 plynov\u00e1 kotelna o v\u00fdkonu 18 MW a dva star\u0161\u00ed plynov\u00e9 kotle o celkov\u00e9m v\u00fdkonu 44 MW. Skupina \u010cEZ v&nbsp;Moravskoslezsk\u00e9m kraji stav\u00ed nebo pl\u00e1nuje nov\u00e9 obnoviteln\u00e9 zdroje, bateriov\u00e9 syst\u00e9my, mal\u00e9 modul\u00e1rn\u00ed reaktory a dal\u0161\u00ed prvky modern\u00ed energetiky.<\/strong><\/p>\n\n\n\n<div style=\"height:35px\" aria-hidden=\"true\" class=\"wp-block-spacer\"><\/div>\n\n\n<div class=\"wp-block-image\">\n<figure class=\"aligncenter size-large\"><img decoding=\"async\" loading=\"lazy\" width=\"1772\" height=\"1181\" src=\"http:\/\/bydletestylove.cz\/wp-content\/uploads\/2025\/06\/2-1024x682.jpg\" alt=\"V D\u011btmarovic\u00edch rychle roste nov\u00e1 n\u00edzkoemisn\u00ed tepl\u00e1rna\" class=\"wp-image-1590\" srcset=\"https:\/\/bydletestylove.cz\/wp-content\/uploads\/2025\/06\/2-1024x682.jpg 1024w, https:\/\/bydletestylove.cz\/wp-content\/uploads\/2025\/06\/2-300x200.jpg 300w, https:\/\/bydletestylove.cz\/wp-content\/uploads\/2025\/06\/2-768x512.jpg 768w, https:\/\/bydletestylove.cz\/wp-content\/uploads\/2025\/06\/2-1536x1024.jpg 1536w, https:\/\/bydletestylove.cz\/wp-content\/uploads\/2025\/06\/2.jpg 1772w\" sizes=\"(max-width: 1772px) 100vw, 1772px\" \/><\/figure><\/div>\n\n\n<div style=\"height:35px\" aria-hidden=\"true\" class=\"wp-block-spacer\"><\/div>\n\n\n\n<p class=\"has-medium-font-size\">Po pouh\u00e9m roce od prvn\u00edho kopnut\u00ed je dnes are\u00e1l nov\u00e9 d\u011btmarovick\u00e9 tepl\u00e1rny jedno velk\u00e9 staveni\u0161t\u011b, kde zdroje tepla pro Orlovou a Bohum\u00edn z\u00edsk\u00e1vaj\u00ed \u010d\u00edm d\u00e1l jasn\u011bj\u0161\u00ed obrysy. Po prvn\u00edm dokon\u010den\u00e9m objektu, kter\u00fdm byla z\u00e1lo\u017en\u00ed a \u0161pi\u010dkov\u00e1 18MWt plynov\u00e1 kotelna, vyrostla p\u0159es zimu nap\u0159\u00edklad centr\u00e1ln\u00ed regula\u010dn\u00ed stanice plynu a v&nbsp;sou\u010dasnosti u\u017e se stav\u00ed hlavn\u00ed biomasov\u00e9 a plynov\u00e9 zdroje. Pr\u00e1v\u011b tato sestava se v dal\u0161\u00edch des\u00edtk\u00e1ch let postar\u00e1 o spolehliv\u00e9 dod\u00e1vky tepla pro z\u00e1kazn\u00edky napojen\u00e9 v&nbsp;okol\u00ed na syst\u00e9m centr\u00e1ln\u00edho z\u00e1sobov\u00e1n\u00ed teplem.<\/p>\n\n\n\n<p class=\"has-medium-font-size\">\u201e<em>S celkovou p\u0159em\u011bnou industri\u00e1ln\u00edho Moravskoslezsk\u00e9ho kraje sm\u011brem k&nbsp;modern\u011bj\u0161\u00edm technologi\u00edm \u00fazce souvis\u00ed velk\u00e1 energetick\u00e1 transformace. P\u0159i n\u00ed je nutn\u00e9 zachovat spolehliv\u00fd syst\u00e9m centr\u00e1ln\u00edho z\u00e1sobov\u00e1n\u00ed pro dom\u00e1cnosti a firmy. P\u0159echod z&nbsp;uhl\u00ed na plyn a biomasu v&nbsp;D\u011btmarovic\u00edch je d\u016fkazem toho, \u017ee zaji\u0161t\u011bn\u00ed dod\u00e1vek tepla z&nbsp;ekologick\u00fdch zdroj\u016f mo\u017en\u00e9 je. Dnes jsem m\u011bl p\u0159\u00edle\u017eitost nav\u0161t\u00edvit staveni\u0161t\u011b nov\u00e9 tepl\u00e1rny a podle v\u0161eho stavba b\u011b\u017e\u00ed podle pl\u00e1nu, obyvatel\u00e9 Orlov\u00e9 a Bohum\u00edna si d\u00edky tomu nap\u0159esrok vlastn\u011b ani nev\u0161imnou, \u017ee u\u017e nemaj\u00ed teplo z&nbsp;uhl\u00ed, ale z&nbsp;ekologi\u010dt\u011bj\u0161\u00edch komodit,\u201c <\/em>\u0159ekl <strong>hejtman Moravskoslezsk\u00e9ho kraje Josef B\u011blica<\/strong>.<\/p>\n\n\n\n<p class=\"has-medium-font-size\">\u201e<em>V&nbsp;D\u011btmarovic\u00edch jsme p\u0159ed rokem ofici\u00e1ln\u011b zah\u00e1jili velk\u00fd projekt p\u0159em\u011bny na\u0161ich tepl\u00e1rensk\u00fdch lokalit po cel\u00e9 republice. Dnes je \u010das na prvn\u00ed bilanci, kter\u00e1 potvrzuje, \u017ee Orlov\u00e1 a Bohum\u00edn mohou po\u010d\u00edtat s teplem a teplou vodou z&nbsp;nov\u00fdch ekologick\u00fdch zdroj\u016f ve sl\u00edben\u00e9m term\u00ednu. Po ji\u017e d\u0159\u00edve zmodernizovan\u00e9 tepl\u00e1rn\u011b ve V\u00edtkovic\u00edch tak znovu potvrzujeme, \u017ee jsme p\u0159ipraveni aktivn\u011b \u0159e\u0161it situaci po konci uhl\u00ed v&nbsp;\u010desk\u00e9 energetice a pomoci Moravskoslezsk\u00e9mu kraji, aby se stal skute\u010dn\u00fdm centrem modern\u00ed energetiky a zajistil si dlouhodobou stabiln\u00ed dod\u00e1vku energi\u00ed za p\u0159im\u011b\u0159en\u00e9 ceny. Stav\u00edme tu i obnoviteln\u00e9 zdroje a realizujeme projekty energetick\u00fdch \u00faspor, v\u010detn\u011b v\u016fbec nejv\u011bt\u0161\u00edho m\u011bstsk\u00e9ho projektu na Morav\u011b, kter\u00fd prob\u00edh\u00e1 v&nbsp;Hav\u00ed\u0159ov\u011b a kter\u00fdm m\u011bsto \u0161et\u0159\u00ed p\u0159es 14 milion\u016f korun ro\u010dn\u011b.,\u201c <\/em>uvedl <strong>gener\u00e1ln\u00ed \u0159editel \u010cEZ ESCO Kamil \u010cerm\u00e1k<\/strong>.<\/p>\n\n\n\n<p class=\"has-medium-font-size\">\u010cEZ u\u017e d\u0159\u00edve uzav\u0159el s&nbsp;Orlovou a Bohum\u00ednem dlouhodob\u00e9 smlouvy o dod\u00e1vce tepla nejm\u00e9n\u011b do roku 2040. Smluvn\u011b zaji\u0161t\u011bn\u00e9 jsou tak\u00e9 dlouhodob\u00e9 dod\u00e1vky biomasy od firem z&nbsp;regionu. N\u00e1sleduj\u00edc\u00ed topnou sez\u00f3nu 2025\/26, kdy u\u017e nebude v&nbsp;provozu dosavadn\u00ed uheln\u00e1 tepl\u00e1rna, pokryje existuj\u00edc\u00ed z\u00e1lo\u017en\u00ed plynov\u00e1 kotelna a dvojice star\u0161\u00edch horkovodn\u00edch plynov\u00fdch kotl\u016f. Dva horokovodn\u00ed plynov\u00e9 kotle budou n\u00e1sledn\u011b odstaveny.<\/p>\n\n\n\n<p class=\"has-medium-font-size\">\u201e<em>Po dokon\u010den\u00ed v\u00fdb\u011brov\u00fdch \u0159\u00edzen\u00ed, ter\u00e9nn\u00edch \u00faprav\u00e1ch a p\u0159\u00edprav\u011b technologick\u00fdch propoj\u016f u\u017e jsme aktu\u00e1ln\u011b ve f\u00e1zi v\u00fdstavby hlavn\u00edch objekt\u016f. Roste jak nov\u00e1 biomasov\u00e1 kotelna, kam v nejbli\u017e\u0161\u00edch dnech doraz\u00ed od d\u00e1nsk\u00e9ho dodavatele samotn\u00fd 8MWt biomasov\u00fd kotel, tak i dv\u011b kogenera\u010dn\u00ed jednotky a z\u00e1lo\u017en\u00ed a \u0161pi\u010dkov\u00e1 plynov\u00e1 kotelna,\u201c<\/em> \u0159\u00edk\u00e1 <strong>technick\u00fd a investi\u010dn\u00ed \u0159editel \u010cEZ Tepl\u00e1rensk\u00e1 Radim Seidler<\/strong>.<\/p>\n\n\n\n<div style=\"height:35px\" aria-hidden=\"true\" class=\"wp-block-spacer\"><\/div>\n\n\n<div class=\"wp-block-image\">\n<figure class=\"aligncenter size-large\"><img decoding=\"async\" loading=\"lazy\" width=\"1024\" height=\"682\" src=\"http:\/\/bydletestylove.cz\/wp-content\/uploads\/2025\/06\/1-20250612-094612-1024x682.jpg\" alt=\"V D\u011btmarovic\u00edch rychle roste nov\u00e1 n\u00edzkoemisn\u00ed tepl\u00e1rna\" class=\"wp-image-1591\" srcset=\"https:\/\/bydletestylove.cz\/wp-content\/uploads\/2025\/06\/1-20250612-094612-1024x682.jpg 1024w, https:\/\/bydletestylove.cz\/wp-content\/uploads\/2025\/06\/1-20250612-094612-300x200.jpg 300w, https:\/\/bydletestylove.cz\/wp-content\/uploads\/2025\/06\/1-20250612-094612-768x512.jpg 768w, https:\/\/bydletestylove.cz\/wp-content\/uploads\/2025\/06\/1-20250612-094612-1536x1024.jpg 1536w, https:\/\/bydletestylove.cz\/wp-content\/uploads\/2025\/06\/1-20250612-094612.jpg 1772w\" sizes=\"(max-width: 1024px) 100vw, 1024px\" \/><\/figure><\/div>\n\n\n<div style=\"height:35px\" aria-hidden=\"true\" class=\"wp-block-spacer\"><\/div>\n\n\n\n<h2 class=\"wp-block-heading\">Zdroje pro zaji\u0161t\u011bn\u00ed dod\u00e1vek<strong> <\/strong>v\u00a0n\u00e1sleduj\u00edc\u00edch dvou sez\u00f3n\u00e1ch<\/h2>\n\n\n\n<div style=\"height:35px\" aria-hidden=\"true\" class=\"wp-block-spacer\"><\/div>\n\n\n\n<figure class=\"wp-block-table\"><table><tbody><tr><td><strong>Topn\u00e1 sez\u00f3na 2025\/26<\/strong><\/td><td><strong>Topn\u00e1 sez\u00f3na 2026\/27<\/strong><\/td><\/tr><tr><td>Plynov\u00e1 kotelna 18 MWt<\/td><td><strong>Hlavn\u00ed zdroje:<\/strong> Biomasov\u00e1 kotelna (8 MWt) + 2 kogenera\u010dn\u00ed jednotky 2 x 11 MWt<\/td><\/tr><tr><td>Horkovodn\u00ed plynov\u00e9 kotle (2 x 22 MWt)<\/td><td><strong>Z\u00e1lo\u017en\u00ed zdroje:<\/strong> 3 plynov\u00e9 kotle 3 x 9 MWt + Plynov\u00e1 kotelna 18 MWt<\/td><\/tr><\/tbody><\/table><\/figure>\n\n\n\n<div style=\"height:35px\" aria-hidden=\"true\" class=\"wp-block-spacer\"><\/div>\n\n\n\n<p class=\"has-medium-font-size\">Zachov\u00e1n\u00ed centr\u00e1ln\u00ed dod\u00e1vky v\u00edtaj\u00ed i ob\u011b m\u011bsta, kam ka\u017ed\u00fd rok putuje celkem cca 400 TJ tepla.<\/p>\n\n\n\n<p class=\"has-medium-font-size\">\u201e<em>Dev\u011bt tis\u00edc dom\u00e1cnost\u00ed v&nbsp;Orlov\u00e9 si za des\u00edtky let zvyklo na spolehlivou centr\u00e1ln\u00ed dod\u00e1vku tepla a tepl\u00e9 vody a pohodln\u00fd \u017eivot bez nich by si lid\u00e9 u\u017e t\u011b\u017eko dok\u00e1zali p\u0159edstavit. Jsme proto r\u00e1di, \u017ee d\u00edky spolupr\u00e1ci s&nbsp;\u010cEZ bude mo\u017en\u00e9 po spu\u0161t\u011bn\u00ed&nbsp;nov\u00fdch ekologi\u010dt\u011bj\u0161\u00edch zdroj\u016f v&nbsp;D\u011btmarovic\u00edch pro na\u0161e ob\u010dany i v&nbsp;n\u00e1sleduj\u00edc\u00edch letech zachovat dod\u00e1vky tepla za dobr\u00e9 ceny. Utvrzuje n\u00e1s v&nbsp;tom i dosavadn\u00ed \u00fasp\u011b\u0161n\u00fd pr\u016fb\u011bh v\u00fdstavby nov\u00e9 tepl\u00e1rny,\u201c<\/em> \u0159\u00edk\u00e1 <strong>starostka Orlov\u00e9 Lenka Brzyszkowsk\u00e1<\/strong>.<\/p>\n\n\n\n<p class=\"has-medium-font-size\">\u201e<em>Centr\u00e1ln\u00ed teplo a Bohum\u00edn pat\u0159\u00ed neodd\u011bliteln\u011b k&nbsp;sob\u011b. Jsem r\u00e1d, \u017ee jsme se dohodli na uzav\u0159en\u00ed smluv na dlouhodob\u00e9 dod\u00e1vky z nov\u00fdch ekologi\u010dt\u011bj\u0161\u00edch D\u011btmarovic za dobrou cenu. \u010cEZ je pro p\u011bt tis\u00edc dom\u00e1cnost\u00ed v Bohum\u00edn\u011b spolehliv\u00fdm partnerem. P\u0159esv\u011bd\u010dila n\u00e1s o tom t\u0159eba i rychl\u00e1 pomoc s&nbsp;obnoven\u00edm dod\u00e1vek tepl\u00e9 vody po lo\u0148sk\u00fdch povodn\u00edch,\u201c<\/em> dopl\u0148uje <strong>starosta Bohum\u00edna Lum\u00edr Macura<\/strong>.<\/p>\n\n\n\n<p class=\"has-medium-font-size\">\u010cEZ v&nbsp;Moravskoslezsk\u00e9m kraji pr\u016fb\u011b\u017en\u011b&nbsp;ekologizuje tepl\u00e1renstv\u00ed a buduje tu centrum modern\u00ed energetiky prost\u0159ednictv\u00edm spole\u010dnosti \u010cEZ ESCO, kter\u00e1 v&nbsp;regionu zam\u011bstn\u00e1v\u00e1 v\u00edce ne\u017e 500 lid\u00ed a s\u00eddl\u00ed tu kl\u00ed\u010dov\u00e9 dce\u0159in\u00e9 spole\u010dnosti \u010cEZ Energetick\u00e9 slu\u017eby a \u010cEZ Energo. V kraji funguje tak\u00e9 firma Envez, spole\u010dn\u00fd podnik \u010cEZ ESCO a statut\u00e1rn\u00edho m\u011bsta Hav\u00ed\u0159ov, jeho\u017e c\u00edlem je modernizace tepl\u00e1renstv\u00ed a energetiky v Hav\u00ed\u0159ov\u011b s d\u016frazem na vyu\u017e\u00edv\u00e1n\u00ed obnoviteln\u00fdch zdroj\u016f a chytr\u00fdch technologi\u00ed. Dce\u0159in\u00e1 spole\u010dnost ENESA tak\u00e9 pro Hav\u00ed\u0159ov p\u0159ipravuje historicky nejv\u011bt\u0161\u00ed m\u011bstsk\u00fd energeticky \u00fasporn\u00fd projekt na Morav\u011b.<\/p>\n\n\n\n<div style=\"height:35px\" aria-hidden=\"true\" class=\"wp-block-spacer\"><\/div>\n\n\n<div class=\"wp-block-image\">\n<figure class=\"aligncenter size-large\"><img decoding=\"async\" loading=\"lazy\" width=\"1024\" height=\"682\" src=\"http:\/\/bydletestylove.cz\/wp-content\/uploads\/2025\/06\/CEZ_Teplarenska_20240611_Detmarovice-11-1024x682.jpg\" alt=\"V D\u011btmarovic\u00edch rychle roste nov\u00e1 n\u00edzkoemisn\u00ed tepl\u00e1rna\" class=\"wp-image-1589\" srcset=\"https:\/\/bydletestylove.cz\/wp-content\/uploads\/2025\/06\/CEZ_Teplarenska_20240611_Detmarovice-11-1024x682.jpg 1024w, https:\/\/bydletestylove.cz\/wp-content\/uploads\/2025\/06\/CEZ_Teplarenska_20240611_Detmarovice-11-300x200.jpg 300w, https:\/\/bydletestylove.cz\/wp-content\/uploads\/2025\/06\/CEZ_Teplarenska_20240611_Detmarovice-11-768x512.jpg 768w, https:\/\/bydletestylove.cz\/wp-content\/uploads\/2025\/06\/CEZ_Teplarenska_20240611_Detmarovice-11-1536x1024.jpg 1536w, https:\/\/bydletestylove.cz\/wp-content\/uploads\/2025\/06\/CEZ_Teplarenska_20240611_Detmarovice-11.jpg 1772w\" sizes=\"(max-width: 1024px) 100vw, 1024px\" \/><\/figure><\/div>\n\n\n<div style=\"height:35px\" aria-hidden=\"true\" class=\"wp-block-spacer\"><\/div>\n\n\n\n<h2 class=\"wp-block-heading\">Nov\u00e9 zdroje tepla a elekt\u0159iny \u010cEZ v\u00a0Moravskoslezsk\u00e9m kraji (detail):<\/h2>\n\n\n\n<div style=\"height:35px\" aria-hidden=\"true\" class=\"wp-block-spacer\"><\/div>\n\n\n\n<p class=\"has-medium-font-size\"><strong>D\u011btmarovice: <\/strong>8MW biomasov\u00e1 kotelna, dv\u011b 11MW kogenera\u010dn\u00ed jednotky a z\u00e1lo\u017en\u00ed a \u0161pi\u010dkov\u00e1 plynov\u00e1 kotelna o v\u00fdkonu 3 x 9 MW (v p\u0159\u00edprav\u011b), z\u00e1lo\u017en\u00ed a \u0161pi\u010dkov\u00e1 18MW plynov\u00e1 kotelna (v provozu) + dva 22 MW z\u00e1lo\u017en\u00ed plynov\u00e9 kotle.<\/p>\n\n\n\n<p class=\"has-medium-font-size\"><strong>Ostrava-V\u00edtkovice:<\/strong> trojice n\u00edzkoemisn\u00edch plynov\u00fdch kotl\u016f pro v\u00fdrobu tepla + nejv\u011bt\u0161\u00ed akumul\u00e1tor v \u010cesku s v\u00fdkonem bateriov\u00e9ho \u00falo\u017ei\u0161t\u011b p\u0159es 10 MW pro stabilizaci \u010desk\u00e9 energetick\u00e9 soustavy (dokon\u010deno).<\/p>\n\n\n\n<p class=\"has-medium-font-size\"><strong>Fotovoltaick\u00e9 elektr\u00e1rny: <\/strong>v&nbsp;p\u0159\u00edprav\u011b 38 projekt\u016f FVE s instalovan\u00fdm v\u00fdkonem asi 787 MWp (realizace do roku 2030).<\/p>\n\n\n\n<p class=\"has-medium-font-size\"><strong>V\u011btrn\u00e9 parky:<\/strong> na Brunt\u00e1lsku a Opavsku, nap\u0159. v Z\u00e1toru u Krnova se \u010cEZ s obc\u00ed dohodl na z\u00e1m\u011bru vybudovat v\u011btrnou elektr\u00e1rnu o v\u00fdkonu asi 20 MW \u010d\u00edtaj\u00edc\u00ed cca 5 turb\u00edn, smlouvy o spolupr\u00e1ci \u010cEZ v&nbsp;kraji uzav\u0159el zat\u00edm s&nbsp;5 obcemi (realizace okolo roku 2030).<\/p>\n\n\n\n<p class=\"has-medium-font-size\"><strong>Hav\u00ed\u0159ov: EPC energeticky \u00fasporn\u00fd projekt <\/strong>(50 \u00fasporn\u00fdch opat\u0159en\u00ed ve 22 objektech \u010di are\u00e1lech ve vlastnictv\u00ed m\u011bsta, nap\u0159\u00edklad instalaci fotovoltaiky na st\u0159ech\u00e1ch magistr\u00e1tu, domov\u016f pro seniory a 14 z\u00e1kladn\u00edch \u0161kol, v\u00fdm\u011bnu st\u00e1vaj\u00edc\u00edho osv\u011btlen\u00ed za modern\u00ed led sv\u00edtidla \u2013 ro\u010dn\u00ed garantovan\u00e1 \u00faspora ve v\u00fd\u0161i 15 mil. K\u010d), <strong>budoucnost tepl\u00e1renstv\u00ed v&nbsp;Hav\u00ed\u0159ov\u011b po roce 2026<\/strong> (projekt ekologizace a modernizace energetiky v&nbsp;Hav\u00ed\u0159ov\u011b \u0159e\u0161\u00ed ENVEZ, spole\u010dn\u00fd podnik Hav\u00ed\u0159ova a \u010cEZ ESCO).<\/p>\n\n\n\n<p class=\"has-medium-font-size\"><strong>Distribuce: <\/strong>Dal\u0161\u00ed investice putuj\u00ed do posilov\u00e1n\u00ed bezpe\u010dnosti a modernizace distribu\u010dn\u00edch s\u00edt\u00ed. Na konci roku 2024 dokon\u010dila spole\u010dnost \u010cEZ Distribuce rozs\u00e1hl\u00e9 modernizace transformoven v L\u00edskovci (Fr\u00fddek-M\u00edstek) a B\u0159idli\u010dn\u00e9 (Brunt\u00e1lsko), leto\u0161n\u00ed hlavn\u00ed distribu\u010dn\u00ed investic\u00ed bude rekonstrukce transforma\u010dn\u00ed stanice v Albrechtic\u00edch (Karvinsko).<\/p>\n\n\n\n<div style=\"height:35px\" aria-hidden=\"true\" class=\"wp-block-spacer\"><\/div>\n\n\n\n<figure class=\"wp-block-gallery has-nested-images columns-2 is-cropped wp-block-gallery-1 is-layout-flex\">\n<figure class=\"wp-block-image size-large\"><img decoding=\"async\" loading=\"lazy\" width=\"1772\" height=\"1181\" data-id=\"1590\"  src=\"https:\/\/bydletestylove.cz\/wp-content\/uploads\/2025\/06\/2-1024x682.jpg\" alt=\"V D\u011btmarovic\u00edch rychle roste nov\u00e1 n\u00edzkoemisn\u00ed tepl\u00e1rna\" class=\"wp-image-1590\" srcset=\"https:\/\/bydletestylove.cz\/wp-content\/uploads\/2025\/06\/2-1024x682.jpg 1024w, https:\/\/bydletestylove.cz\/wp-content\/uploads\/2025\/06\/2-300x200.jpg 300w, https:\/\/bydletestylove.cz\/wp-content\/uploads\/2025\/06\/2-768x512.jpg 768w, https:\/\/bydletestylove.cz\/wp-content\/uploads\/2025\/06\/2-1536x1024.jpg 1536w, https:\/\/bydletestylove.cz\/wp-content\/uploads\/2025\/06\/2.jpg 1772w\" sizes=\"(max-width: 1772px) 100vw, 1772px\" \/><\/figure>\n\n\n\n<figure class=\"wp-block-image size-large\"><img decoding=\"async\" loading=\"lazy\" width=\"1024\" height=\"682\" data-id=\"1589\"  src=\"https:\/\/bydletestylove.cz\/wp-content\/uploads\/2025\/06\/CEZ_Teplarenska_20240611_Detmarovice-11-1024x682.jpg\" alt=\"V D\u011btmarovic\u00edch rychle roste nov\u00e1 n\u00edzkoemisn\u00ed tepl\u00e1rna\" class=\"wp-image-1589\" srcset=\"https:\/\/bydletestylove.cz\/wp-content\/uploads\/2025\/06\/CEZ_Teplarenska_20240611_Detmarovice-11-1024x682.jpg 1024w, https:\/\/bydletestylove.cz\/wp-content\/uploads\/2025\/06\/CEZ_Teplarenska_20240611_Detmarovice-11-300x200.jpg 300w, https:\/\/bydletestylove.cz\/wp-content\/uploads\/2025\/06\/CEZ_Teplarenska_20240611_Detmarovice-11-768x512.jpg 768w, https:\/\/bydletestylove.cz\/wp-content\/uploads\/2025\/06\/CEZ_Teplarenska_20240611_Detmarovice-11-1536x1024.jpg 1536w, https:\/\/bydletestylove.cz\/wp-content\/uploads\/2025\/06\/CEZ_Teplarenska_20240611_Detmarovice-11.jpg 1772w\" sizes=\"(max-width: 1024px) 100vw, 1024px\" \/><\/figure>\n\n\n\n<figure class=\"wp-block-image size-large\"><img decoding=\"async\" loading=\"lazy\" width=\"1024\" height=\"682\" data-id=\"1591\"  src=\"https:\/\/bydletestylove.cz\/wp-content\/uploads\/2025\/06\/1-20250612-094612-1024x682.jpg\" alt=\"V D\u011btmarovic\u00edch rychle roste nov\u00e1 n\u00edzkoemisn\u00ed tepl\u00e1rna\" class=\"wp-image-1591\" srcset=\"https:\/\/bydletestylove.cz\/wp-content\/uploads\/2025\/06\/1-20250612-094612-1024x682.jpg 1024w, https:\/\/bydletestylove.cz\/wp-content\/uploads\/2025\/06\/1-20250612-094612-300x200.jpg 300w, https:\/\/bydletestylove.cz\/wp-content\/uploads\/2025\/06\/1-20250612-094612-768x512.jpg 768w, https:\/\/bydletestylove.cz\/wp-content\/uploads\/2025\/06\/1-20250612-094612-1536x1024.jpg 1536w, https:\/\/bydletestylove.cz\/wp-content\/uploads\/2025\/06\/1-20250612-094612.jpg 1772w\" sizes=\"(max-width: 1024px) 100vw, 1024px\" \/><\/figure>\n<\/figure>\n\n\n\n<div style=\"height:30px\" aria-hidden=\"true\" class=\"wp-block-spacer\"><\/div>\n\n\n\n<p class=\"has-medium-font-size\"><strong>Zdroj foto:&nbsp;<\/strong>\u010cEZ<\/p>\n\n\n\n<div style=\"height:55px\" aria-hidden=\"true\" class=\"wp-block-spacer\"><\/div>\n","protected":false},"excerpt":{"rendered":"<p>*\u010cEZ stav\u00ed n\u00edzkoemisn\u00ed zdroj pro centr\u00e1ln\u00ed dod\u00e1vku tepla do Orlov\u00e9 a Bohum\u00edna *Hotov\u00e1 je regula\u010dn\u00ed stanice, rozvody v are\u00e1lu, prob\u00edh\u00e1 instalace efektivn\u00edch zdroj\u016f na plyn a biomasu. *Pln\u00e9 zah\u00e1jen\u00ed dod\u00e1vek z&nbsp;nov\u00fdch zdroj\u016f je v&nbsp;pl\u00e1nu od topn\u00e9 sez\u00f3ny 2026\/27 *V&nbsp;p\u0159\u00ed\u0161t\u00ed topn\u00e9 sezon\u011b dod\u00e1vky zajist\u00ed nov\u00e1 plynov\u00e1 kotelna a star\u0161\u00ed plynov\u00e9 kotle *\u010cEZ v&nbsp;kraji realizuje dal\u0161\u00ed investice do modern\u00ed energetiky jako projekty energetick\u00fdch \u00faspor, elektromobilitu a v\u00fdstavbu obnoviteln\u00fdch zdroj\u016f V&nbsp;D\u011btmarovic\u00edch je v&nbsp;t\u011bchto t\u00fddnech v&nbsp;pln\u00e9m proudu v\u00fdstavba biomasov\u00fdch a plynov\u00fdch zdroj\u016f, kter\u00e9 p\u0159inesou jistotu dlouhodob\u00e9 a spolehliv\u00e9 dod\u00e1vky tepla a tepl\u00e9 vody pro&hellip;<\/p>\n","protected":false},"author":6,"featured_media":1589,"comment_status":"closed","ping_status":"open","sticky":false,"template":"","format":"standard","meta":{"_mi_skip_tracking":false,"_monsterinsights_sitenote_active":false,"_monsterinsights_sitenote_note":"","_monsterinsights_sitenote_category":0},"categories":[1,5],"tags":[],"yoast_head":"<!-- This site is optimized with the Yoast SEO plugin v21.4 - https:\/\/yoast.com\/wordpress\/plugins\/seo\/ -->\n<title>V D\u011btmarovic\u00edch rychle roste nov\u00e1 n\u00edzkoemisn\u00ed tepl\u00e1rna za 2 miliardy - BydleteStylov\u011b.cz<\/title>\n<meta name=\"description\" content=\"V\u00a0D\u011btmarovic\u00edch je v\u00a0t\u011bchto t\u00fddnech v\u00a0pln\u00e9m proudu v\u00fdstavba biomasov\u00fdch a plynov\u00fdch zdroj\u016f, kter\u00e9 p\u0159inesou dod\u00e1vky tepla.\" \/>\n<meta name=\"robots\" content=\"index, follow, max-snippet:-1, max-image-preview:large, max-video-preview:-1\" \/>\n<link rel=\"canonical\" href=\"http:\/\/bydletestylove.cz\/index.php\/novinky\/v-detmarovicich-rychle-roste-nova-nizkoemisni-teplarna-za-2-miliardy\/\" \/>\n<meta property=\"og:locale\" content=\"cs_CZ\" \/>\n<meta property=\"og:type\" content=\"article\" \/>\n<meta property=\"og:title\" content=\"V D\u011btmarovic\u00edch rychle roste nov\u00e1 n\u00edzkoemisn\u00ed tepl\u00e1rna za 2 miliardy - BydleteStylov\u011b.cz\" \/>\n<meta property=\"og:description\" content=\"V\u00a0D\u011btmarovic\u00edch je v\u00a0t\u011bchto t\u00fddnech v\u00a0pln\u00e9m proudu v\u00fdstavba biomasov\u00fdch a plynov\u00fdch zdroj\u016f, kter\u00e9 p\u0159inesou dod\u00e1vky tepla.\" \/>\n<meta property=\"og:url\" content=\"http:\/\/bydletestylove.cz\/index.php\/novinky\/v-detmarovicich-rychle-roste-nova-nizkoemisni-teplarna-za-2-miliardy\/\" \/>\n<meta property=\"og:site_name\" content=\"BydleteStylov\u011b.cz\" \/>\n<meta property=\"article:published_time\" content=\"2025-06-17T22:01:00+00:00\" \/>\n<meta property=\"article:modified_time\" content=\"2025-06-18T22:07:22+00:00\" \/>\n<meta property=\"og:image\" content=\"http:\/\/bydletestylove.cz\/wp-content\/uploads\/2025\/06\/CEZ_Teplarenska_20240611_Detmarovice-11.jpg\" \/>\n\t<meta property=\"og:image:width\" content=\"1772\" \/>\n\t<meta property=\"og:image:height\" content=\"1181\" \/>\n\t<meta property=\"og:image:type\" content=\"image\/jpeg\" \/>\n<meta name=\"author\" content=\"Martina Pechov\u00e1\" \/>\n<meta name=\"twitter:card\" content=\"summary_large_image\" \/>\n<meta name=\"twitter:label1\" content=\"Napsal(a)\" \/>\n\t<meta name=\"twitter:data1\" content=\"Martina Pechov\u00e1\" \/>\n\t<meta name=\"twitter:label2\" content=\"Odhadovan\u00e1 doba \u010dten\u00ed\" \/>\n\t<meta name=\"twitter:data2\" content=\"8 minut\" \/>\n<script type=\"application\/ld+json\" class=\"yoast-schema-graph\">{\"@context\":\"https:\/\/schema.org\",\"@graph\":[{\"@type\":\"Article\",\"@id\":\"http:\/\/bydletestylove.cz\/index.php\/novinky\/v-detmarovicich-rychle-roste-nova-nizkoemisni-teplarna-za-2-miliardy\/#article\",\"isPartOf\":{\"@id\":\"http:\/\/bydletestylove.cz\/index.php\/novinky\/v-detmarovicich-rychle-roste-nova-nizkoemisni-teplarna-za-2-miliardy\/\"},\"author\":{\"name\":\"Martina Pechov\u00e1\",\"@id\":\"https:\/\/bydletestylove.cz\/#\/schema\/person\/10a133d2599b007f153f35688fef7fb1\"},\"headline\":\"V D\u011btmarovic\u00edch rychle roste nov\u00e1 n\u00edzkoemisn\u00ed tepl\u00e1rna za 2 miliardy\",\"datePublished\":\"2025-06-17T22:01:00+00:00\",\"dateModified\":\"2025-06-18T22:07:22+00:00\",\"mainEntityOfPage\":{\"@id\":\"http:\/\/bydletestylove.cz\/index.php\/novinky\/v-detmarovicich-rychle-roste-nova-nizkoemisni-teplarna-za-2-miliardy\/\"},\"wordCount\":1555,\"publisher\":{\"@id\":\"https:\/\/bydletestylove.cz\/#organization\"},\"articleSection\":[\"NOVINKY\",\"TIPY &amp; TRENDY\"],\"inLanguage\":\"cs\"},{\"@type\":\"WebPage\",\"@id\":\"http:\/\/bydletestylove.cz\/index.php\/novinky\/v-detmarovicich-rychle-roste-nova-nizkoemisni-teplarna-za-2-miliardy\/\",\"url\":\"http:\/\/bydletestylove.cz\/index.php\/novinky\/v-detmarovicich-rychle-roste-nova-nizkoemisni-teplarna-za-2-miliardy\/\",\"name\":\"V D\u011btmarovic\u00edch rychle roste nov\u00e1 n\u00edzkoemisn\u00ed tepl\u00e1rna za 2 miliardy - BydleteStylov\u011b.cz\",\"isPartOf\":{\"@id\":\"https:\/\/bydletestylove.cz\/#website\"},\"datePublished\":\"2025-06-17T22:01:00+00:00\",\"dateModified\":\"2025-06-18T22:07:22+00:00\",\"description\":\"V\u00a0D\u011btmarovic\u00edch je v\u00a0t\u011bchto t\u00fddnech v\u00a0pln\u00e9m proudu v\u00fdstavba biomasov\u00fdch a plynov\u00fdch zdroj\u016f, kter\u00e9 p\u0159inesou dod\u00e1vky tepla.\",\"breadcrumb\":{\"@id\":\"http:\/\/bydletestylove.cz\/index.php\/novinky\/v-detmarovicich-rychle-roste-nova-nizkoemisni-teplarna-za-2-miliardy\/#breadcrumb\"},\"inLanguage\":\"cs\",\"potentialAction\":[{\"@type\":\"ReadAction\",\"target\":[\"http:\/\/bydletestylove.cz\/index.php\/novinky\/v-detmarovicich-rychle-roste-nova-nizkoemisni-teplarna-za-2-miliardy\/\"]}]},{\"@type\":\"BreadcrumbList\",\"@id\":\"http:\/\/bydletestylove.cz\/index.php\/novinky\/v-detmarovicich-rychle-roste-nova-nizkoemisni-teplarna-za-2-miliardy\/#breadcrumb\",\"itemListElement\":[{\"@type\":\"ListItem\",\"position\":1,\"name\":\"Dom\u016f\",\"item\":\"https:\/\/bydletestylove.cz\/\"},{\"@type\":\"ListItem\",\"position\":2,\"name\":\"V D\u011btmarovic\u00edch rychle roste nov\u00e1 n\u00edzkoemisn\u00ed tepl\u00e1rna za 2 miliardy\"}]},{\"@type\":\"WebSite\",\"@id\":\"https:\/\/bydletestylove.cz\/#website\",\"url\":\"https:\/\/bydletestylove.cz\/\",\"name\":\"BydleteStylov\u011b.cz\",\"description\":\"Port\u00e1l o stylov\u00e9m bydlen\u00ed...\",\"publisher\":{\"@id\":\"https:\/\/bydletestylove.cz\/#organization\"},\"potentialAction\":[{\"@type\":\"SearchAction\",\"target\":{\"@type\":\"EntryPoint\",\"urlTemplate\":\"https:\/\/bydletestylove.cz\/?s={search_term_string}\"},\"query-input\":\"required name=search_term_string\"}],\"inLanguage\":\"cs\"},{\"@type\":\"Organization\",\"@id\":\"https:\/\/bydletestylove.cz\/#organization\",\"name\":\"BydleteStylov\u011b.cz\",\"url\":\"https:\/\/bydletestylove.cz\/\",\"logo\":{\"@type\":\"ImageObject\",\"inLanguage\":\"cs\",\"@id\":\"https:\/\/bydletestylove.cz\/#\/schema\/logo\/image\/\",\"url\":\"https:\/\/bydletestylove.cz\/wp-content\/uploads\/2024\/12\/cropped-Logo-Bydlete-Stylove.jpg\",\"contentUrl\":\"https:\/\/bydletestylove.cz\/wp-content\/uploads\/2024\/12\/cropped-Logo-Bydlete-Stylove.jpg\",\"width\":290,\"height\":143,\"caption\":\"BydleteStylov\u011b.cz\"},\"image\":{\"@id\":\"https:\/\/bydletestylove.cz\/#\/schema\/logo\/image\/\"},\"sameAs\":[\"https:\/\/www.instagram.com\/bydletestylove.cz\/\"]},{\"@type\":\"Person\",\"@id\":\"https:\/\/bydletestylove.cz\/#\/schema\/person\/10a133d2599b007f153f35688fef7fb1\",\"name\":\"Martina Pechov\u00e1\",\"image\":{\"@type\":\"ImageObject\",\"inLanguage\":\"cs\",\"@id\":\"https:\/\/bydletestylove.cz\/#\/schema\/person\/image\/\",\"url\":\"https:\/\/secure.gravatar.com\/avatar\/f0b7849f9f82bc20952396010e3c9adb?s=96&d=mm&r=g\",\"contentUrl\":\"https:\/\/secure.gravatar.com\/avatar\/f0b7849f9f82bc20952396010e3c9adb?s=96&d=mm&r=g\",\"caption\":\"Martina Pechov\u00e1\"},\"sameAs\":[\"http:\/\/BydleteStylove.cz\"],\"url\":\"https:\/\/bydletestylove.cz\/index.php\/author\/marpech\/\"}]}<\/script>\n<!-- \/ Yoast SEO plugin. -->","yoast_head_json":{"title":"V D\u011btmarovic\u00edch rychle roste nov\u00e1 n\u00edzkoemisn\u00ed tepl\u00e1rna za 2 miliardy - BydleteStylov\u011b.cz","description":"V\u00a0D\u011btmarovic\u00edch je v\u00a0t\u011bchto t\u00fddnech v\u00a0pln\u00e9m proudu v\u00fdstavba biomasov\u00fdch a plynov\u00fdch zdroj\u016f, kter\u00e9 p\u0159inesou dod\u00e1vky tepla.","robots":{"index":"index","follow":"follow","max-snippet":"max-snippet:-1","max-image-preview":"max-image-preview:large","max-video-preview":"max-video-preview:-1"},"canonical":"http:\/\/bydletestylove.cz\/index.php\/novinky\/v-detmarovicich-rychle-roste-nova-nizkoemisni-teplarna-za-2-miliardy\/","og_locale":"cs_CZ","og_type":"article","og_title":"V D\u011btmarovic\u00edch rychle roste nov\u00e1 n\u00edzkoemisn\u00ed tepl\u00e1rna za 2 miliardy - BydleteStylov\u011b.cz","og_description":"V\u00a0D\u011btmarovic\u00edch je v\u00a0t\u011bchto t\u00fddnech v\u00a0pln\u00e9m proudu v\u00fdstavba biomasov\u00fdch a plynov\u00fdch zdroj\u016f, kter\u00e9 p\u0159inesou dod\u00e1vky tepla.","og_url":"http:\/\/bydletestylove.cz\/index.php\/novinky\/v-detmarovicich-rychle-roste-nova-nizkoemisni-teplarna-za-2-miliardy\/","og_site_name":"BydleteStylov\u011b.cz","article_published_time":"2025-06-17T22:01:00+00:00","article_modified_time":"2025-06-18T22:07:22+00:00","og_image":[{"width":1772,"height":1181,"url":"http:\/\/bydletestylove.cz\/wp-content\/uploads\/2025\/06\/CEZ_Teplarenska_20240611_Detmarovice-11.jpg","type":"image\/jpeg"}],"author":"Martina Pechov\u00e1","twitter_card":"summary_large_image","twitter_misc":{"Napsal(a)":"Martina Pechov\u00e1","Odhadovan\u00e1 doba \u010dten\u00ed":"8 minut"},"schema":{"@context":"https:\/\/schema.org","@graph":[{"@type":"Article","@id":"http:\/\/bydletestylove.cz\/index.php\/novinky\/v-detmarovicich-rychle-roste-nova-nizkoemisni-teplarna-za-2-miliardy\/#article","isPartOf":{"@id":"http:\/\/bydletestylove.cz\/index.php\/novinky\/v-detmarovicich-rychle-roste-nova-nizkoemisni-teplarna-za-2-miliardy\/"},"author":{"name":"Martina Pechov\u00e1","@id":"https:\/\/bydletestylove.cz\/#\/schema\/person\/10a133d2599b007f153f35688fef7fb1"},"headline":"V D\u011btmarovic\u00edch rychle roste nov\u00e1 n\u00edzkoemisn\u00ed tepl\u00e1rna za 2 miliardy","datePublished":"2025-06-17T22:01:00+00:00","dateModified":"2025-06-18T22:07:22+00:00","mainEntityOfPage":{"@id":"http:\/\/bydletestylove.cz\/index.php\/novinky\/v-detmarovicich-rychle-roste-nova-nizkoemisni-teplarna-za-2-miliardy\/"},"wordCount":1555,"publisher":{"@id":"https:\/\/bydletestylove.cz\/#organization"},"articleSection":["NOVINKY","TIPY &amp; TRENDY"],"inLanguage":"cs"},{"@type":"WebPage","@id":"http:\/\/bydletestylove.cz\/index.php\/novinky\/v-detmarovicich-rychle-roste-nova-nizkoemisni-teplarna-za-2-miliardy\/","url":"http:\/\/bydletestylove.cz\/index.php\/novinky\/v-detmarovicich-rychle-roste-nova-nizkoemisni-teplarna-za-2-miliardy\/","name":"V D\u011btmarovic\u00edch rychle roste nov\u00e1 n\u00edzkoemisn\u00ed tepl\u00e1rna za 2 miliardy - BydleteStylov\u011b.cz","isPartOf":{"@id":"https:\/\/bydletestylove.cz\/#website"},"datePublished":"2025-06-17T22:01:00+00:00","dateModified":"2025-06-18T22:07:22+00:00","description":"V\u00a0D\u011btmarovic\u00edch je v\u00a0t\u011bchto t\u00fddnech v\u00a0pln\u00e9m proudu v\u00fdstavba biomasov\u00fdch a plynov\u00fdch zdroj\u016f, kter\u00e9 p\u0159inesou dod\u00e1vky tepla.","breadcrumb":{"@id":"http:\/\/bydletestylove.cz\/index.php\/novinky\/v-detmarovicich-rychle-roste-nova-nizkoemisni-teplarna-za-2-miliardy\/#breadcrumb"},"inLanguage":"cs","potentialAction":[{"@type":"ReadAction","target":["http:\/\/bydletestylove.cz\/index.php\/novinky\/v-detmarovicich-rychle-roste-nova-nizkoemisni-teplarna-za-2-miliardy\/"]}]},{"@type":"BreadcrumbList","@id":"http:\/\/bydletestylove.cz\/index.php\/novinky\/v-detmarovicich-rychle-roste-nova-nizkoemisni-teplarna-za-2-miliardy\/#breadcrumb","itemListElement":[{"@type":"ListItem","position":1,"name":"Dom\u016f","item":"https:\/\/bydletestylove.cz\/"},{"@type":"ListItem","position":2,"name":"V D\u011btmarovic\u00edch rychle roste nov\u00e1 n\u00edzkoemisn\u00ed tepl\u00e1rna za 2 miliardy"}]},{"@type":"WebSite","@id":"https:\/\/bydletestylove.cz\/#website","url":"https:\/\/bydletestylove.cz\/","name":"BydleteStylov\u011b.cz","description":"Port\u00e1l o stylov\u00e9m bydlen\u00ed...","publisher":{"@id":"https:\/\/bydletestylove.cz\/#organization"},"potentialAction":[{"@type":"SearchAction","target":{"@type":"EntryPoint","urlTemplate":"https:\/\/bydletestylove.cz\/?s={search_term_string}"},"query-input":"required name=search_term_string"}],"inLanguage":"cs"},{"@type":"Organization","@id":"https:\/\/bydletestylove.cz\/#organization","name":"BydleteStylov\u011b.cz","url":"https:\/\/bydletestylove.cz\/","logo":{"@type":"ImageObject","inLanguage":"cs","@id":"https:\/\/bydletestylove.cz\/#\/schema\/logo\/image\/","url":"https:\/\/bydletestylove.cz\/wp-content\/uploads\/2024\/12\/cropped-Logo-Bydlete-Stylove.jpg","contentUrl":"https:\/\/bydletestylove.cz\/wp-content\/uploads\/2024\/12\/cropped-Logo-Bydlete-Stylove.jpg","width":290,"height":143,"caption":"BydleteStylov\u011b.cz"},"image":{"@id":"https:\/\/bydletestylove.cz\/#\/schema\/logo\/image\/"},"sameAs":["https:\/\/www.instagram.com\/bydletestylove.cz\/"]},{"@type":"Person","@id":"https:\/\/bydletestylove.cz\/#\/schema\/person\/10a133d2599b007f153f35688fef7fb1","name":"Martina Pechov\u00e1","image":{"@type":"ImageObject","inLanguage":"cs","@id":"https:\/\/bydletestylove.cz\/#\/schema\/person\/image\/","url":"https:\/\/secure.gravatar.com\/avatar\/f0b7849f9f82bc20952396010e3c9adb?s=96&d=mm&r=g","contentUrl":"https:\/\/secure.gravatar.com\/avatar\/f0b7849f9f82bc20952396010e3c9adb?s=96&d=mm&r=g","caption":"Martina Pechov\u00e1"},"sameAs":["http:\/\/BydleteStylove.cz"],"url":"https:\/\/bydletestylove.cz\/index.php\/author\/marpech\/"}]}},"_links":{"self":[{"href":"https:\/\/bydletestylove.cz\/index.php\/wp-json\/wp\/v2\/posts\/1588"}],"collection":[{"href":"https:\/\/bydletestylove.cz\/index.php\/wp-json\/wp\/v2\/posts"}],"about":[{"href":"https:\/\/bydletestylove.cz\/index.php\/wp-json\/wp\/v2\/types\/post"}],"author":[{"embeddable":true,"href":"https:\/\/bydletestylove.cz\/index.php\/wp-json\/wp\/v2\/users\/6"}],"replies":[{"embeddable":true,"href":"https:\/\/bydletestylove.cz\/index.php\/wp-json\/wp\/v2\/comments?post=1588"}],"version-history":[{"count":3,"href":"https:\/\/bydletestylove.cz\/index.php\/wp-json\/wp\/v2\/posts\/1588\/revisions"}],"predecessor-version":[{"id":1595,"href":"https:\/\/bydletestylove.cz\/index.php\/wp-json\/wp\/v2\/posts\/1588\/revisions\/1595"}],"wp:featuredmedia":[{"embeddable":true,"href":"https:\/\/bydletestylove.cz\/index.php\/wp-json\/wp\/v2\/media\/1589"}],"wp:attachment":[{"href":"https:\/\/bydletestylove.cz\/index.php\/wp-json\/wp\/v2\/media?parent=1588"}],"wp:term":[{"taxonomy":"category","embeddable":true,"href":"https:\/\/bydletestylove.cz\/index.php\/wp-json\/wp\/v2\/categories?post=1588"},{"taxonomy":"post_tag","embeddable":true,"href":"https:\/\/bydletestylove.cz\/index.php\/wp-json\/wp\/v2\/tags?post=1588"}],"curies":[{"name":"wp","href":"https:\/\/api.w.org\/{rel}","templated":true}]}}