{"id":1563,"date":"2025-06-12T00:01:00","date_gmt":"2025-06-11T22:01:00","guid":{"rendered":"https:\/\/bydletestylove.cz\/?p=1563"},"modified":"2025-06-12T00:17:34","modified_gmt":"2025-06-11T22:17:34","slug":"neocity-a-daramis-meni-tvar-vrsovic-prinaseji-316-bytu-v-projektu-connect-vrsovice","status":"publish","type":"post","link":"https:\/\/bydletestylove.cz\/index.php\/byty\/neocity-a-daramis-meni-tvar-vrsovic-prinaseji-316-bytu-v-projektu-connect-vrsovice\/","title":{"rendered":"<span>Neocity a Daramis m\u011bn\u00ed tv\u00e1\u0159 Vr\u0161ovic: P\u0159in\u00e1\u0161ej\u00ed 316 byt\u016f v projektu Connect Vr\u0161ovice<\/span>"},"content":{"rendered":"\n<div style=\"height:35px\" aria-hidden=\"true\" class=\"wp-block-spacer\"><\/div>\n\n\n\n<p class=\"has-medium-font-size\"><a href=\"https:\/\/www.connectvrsovice.cz\/cs\/\"><u><strong>Connect Vr\u0161ovice<\/strong><\/u><\/a><strong> je nov\u00fd developersk\u00fd projekt, kter\u00fd na trh spole\u010dn\u011b uv\u00e1d\u00ed spole\u010dnosti Neocity a Daramis. Vznikne ve stejnojmenn\u00e9 \u010d\u00e1sti Praha Vr\u0161ovice, jej\u00ed\u017e obl\u00edbenost posledn\u00ed roky roste. V b\u00fdval\u00e9 d\u011blnick\u00e9 \u010dtvrti vznikne na plo\u0161e 23 000 m\u00b2 316 bytov\u00fdch jednotek v dev\u00edti \u0161estipatrov\u00fdch reziden\u010dn\u00edch v\u011b\u017e\u00edch. Projekt m\u00e1 za c\u00edl propojit historickou pr\u016fmyslovou podobu Vr\u0161ovic s aktu\u00e1ln\u00ed modern\u00ed architekturou. Byty jsou ji\u017e v p\u0159edprodeji.<\/strong><\/p>\n\n\n\n<div style=\"height:35px\" aria-hidden=\"true\" class=\"wp-block-spacer\"><\/div>\n\n\n<div class=\"wp-block-image\">\n<figure class=\"aligncenter size-full\"><img decoding=\"async\" loading=\"lazy\" width=\"2736\" height=\"1542\" src=\"http:\/\/bydletestylove.cz\/wp-content\/uploads\/2025\/06\/50309-ac-neocity-kreslicka-vnitroblok-cam20.webp\" alt=\"Connect Vr\u0161ovice\" class=\"wp-image-1572\" \/><\/figure><\/div>\n\n\n<div style=\"height:35px\" aria-hidden=\"true\" class=\"wp-block-spacer\"><\/div>\n\n\n\n<p class=\"has-medium-font-size\">\u201e<em>Vr\u0161ovice u\u017e d\u00e1vno nejsou p\u0159ehl\u00ed\u017eenou pr\u016fmyslovou \u010d\u00e1st\u00ed metropole. Jsou dynamick\u00e9, pln\u00e9 energie a p\u0159irozen\u011b propojuj\u00ed historii s modern\u00edm m\u011bstsk\u00fdm \u017eivotem. N\u00e1\u0161 projekt tuto prom\u011bnu nejen reflektuje, ale pom\u00e1h\u00e1 ji utv\u00e1\u0159et. Byty z Connect Vr\u0161ovice jsou ide\u00e1ln\u00ed pro ty, kte\u0159\u00ed cht\u011bj\u00ed m\u00edt sv\u016fj klid a z\u00e1rove\u0148 b\u00fdt bl\u00edzko centra Prahy s ve\u0161ker\u00fdmi slu\u017ebami na dosah. Nab\u00edz\u00ed kvalitn\u00ed prostor pro \u017eivot \u2014 s respektem k lokalit\u011b a s d\u016frazem na komfort budouc\u00edch majitel\u016f,\u201c <\/em>\u0159\u00edk\u00e1 <strong>Oded Ber, CEO spole\u010dnosti Neocity.<\/strong><\/p>\n\n\n\n<div style=\"height:35px\" aria-hidden=\"true\" class=\"wp-block-spacer\"><\/div>\n\n\n<div class=\"wp-block-image\">\n<figure class=\"aligncenter size-full\"><img decoding=\"async\" loading=\"lazy\" width=\"2736\" height=\"1542\" src=\"http:\/\/bydletestylove.cz\/wp-content\/uploads\/2025\/06\/50309-5h-735014903-neocity-kreslicka-cam08.webp\" alt=\"Connect Vr\u0161ovice\" class=\"wp-image-1567\" \/><\/figure><\/div>\n\n\n<div style=\"height:35px\" aria-hidden=\"true\" class=\"wp-block-spacer\"><\/div>\n\n\n\n<p class=\"has-medium-font-size\">Na projektu, v jedn\u00e9 z nej\u017e\u00e1dan\u011bj\u0161\u00edch pra\u017esk\u00fdch lokalit, se sou\u010dasn\u011b pod\u00edl\u00ed Neocity a Daramis. Duo developer\u016f v b\u00fdval\u00e9m pr\u016fmyslov\u00e9m are\u00e1lu o velikosti 23 000 m\u00b2, mezi ulicemi Moskevsk\u00e1 a K\u0159eslick\u00e1, spole\u010dn\u011b vystav\u00ed 316 byt\u016f.<\/p>\n\n\n\n<p class=\"has-medium-font-size\">\u201e<em>P\u0159i zah\u00e1jen\u00ed jak\u00e9hokoli projektu si velmi dob\u0159e uv\u011bdomujeme, jak\u00fd dopad bude m\u00edt na danou lokalitu. Vyu\u017e\u00edv\u00e1me zku\u0161enost\u00ed, sledujeme trendy a p\u0159\u00e1n\u00ed klient\u016f, kte\u0159\u00ed v na\u0161ich projektech \u017eij\u00ed a vytv\u00e1\u0159\u00edme modern\u00ed komunity. Proto chceme i budouc\u00edm obyvatel\u016fm projektu Connect Vr\u0161ovice nab\u00eddnout n\u011bco jedine\u010dn\u00e9ho v podobn\u011b sd\u00edlen\u00fdch prostor pro tr\u00e1ven\u00ed voln\u00e9ho \u010dasu \u010di posezen\u00ed s p\u0159\u00e1teli. Proto chceme i budouc\u00edm obyvatel\u016fm nab\u00eddnout n\u011bco jedine\u010dn\u00e9ho v podobn\u011b sd\u00edlen\u00fdch prostor pro tr\u00e1ven\u00ed voln\u00e9ho \u010dasu \u010di posezen\u00ed s p\u0159\u00e1teli, nebude chyb\u011bt fitness centrum, lounge z\u00f3na a dal\u0161\u00ed prostory k vyu\u017eit\u00ed p\u0159\u00edmo v are\u00e1lu,\u201c<\/em> shrnuje<strong> Omri Sivor, zakladatel spole\u010dnosti Daramis.<\/strong><\/p>\n\n\n\n<div style=\"height:35px\" aria-hidden=\"true\" class=\"wp-block-spacer\"><\/div>\n\n\n<div class=\"wp-block-image\">\n<figure class=\"aligncenter size-full\"><img decoding=\"async\" loading=\"lazy\" width=\"2736\" height=\"1542\" src=\"http:\/\/bydletestylove.cz\/wp-content\/uploads\/2025\/06\/50309-ho-732862752-neocity-kreslicka-cam23-day.webp\" alt=\"Connect Vr\u0161ovice\" class=\"wp-image-1568\" \/><\/figure><\/div>\n\n\n<div style=\"height:35px\" aria-hidden=\"true\" class=\"wp-block-spacer\"><\/div>\n\n\n\n<p class=\"has-medium-font-size\">Connect Vr\u0161ovice nab\u00edz\u00ed \u0161irokou \u0161k\u00e1lu byt\u016f \u2013 od kompaktn\u00edch 1+kk a 2+kk pro jednotlivce a mlad\u00e9 p\u00e1ry a\u017e po prostorn\u00e9 rodinn\u00e9 byty 3+kk a 4+kk. Sou\u010d\u00e1st\u00ed v\u011bt\u0161iny byt\u016f budou balkony, terasy nebo velk\u00e1 okna, kter\u00e1 zajist\u00ed dostatek p\u0159irozen\u00e9ho sv\u011btla a v\u00fdhledy na m\u011bsto. Rezidenti budou m\u00edt k dispozici stropn\u00ed chlazen\u00ed, rekuperaci vzduchu, nab\u00edjec\u00ed stanice pro elektromobily a dal\u0161\u00ed inovativn\u00ed prvky, kter\u00e9 reflektuj\u00ed rostouc\u00ed d\u016fraz na komfort a ekologick\u00e9 bydlen\u00ed.<\/p>\n\n\n\n<div style=\"height:35px\" aria-hidden=\"true\" class=\"wp-block-spacer\"><\/div>\n\n\n<div class=\"wp-block-image\">\n<figure class=\"aligncenter size-large\"><img decoding=\"async\" loading=\"lazy\" width=\"1024\" height=\"640\" src=\"http:\/\/bydletestylove.cz\/wp-content\/uploads\/2025\/06\/Neocity_Kreslicka_CAM10-1024x640.jpg\" alt=\"Connect Vr\u0161ovice\" class=\"wp-image-1569\" srcset=\"https:\/\/bydletestylove.cz\/wp-content\/uploads\/2025\/06\/Neocity_Kreslicka_CAM10-1024x640.jpg 1024w, https:\/\/bydletestylove.cz\/wp-content\/uploads\/2025\/06\/Neocity_Kreslicka_CAM10-300x187.jpg 300w, https:\/\/bydletestylove.cz\/wp-content\/uploads\/2025\/06\/Neocity_Kreslicka_CAM10-768x480.jpg 768w, https:\/\/bydletestylove.cz\/wp-content\/uploads\/2025\/06\/Neocity_Kreslicka_CAM10.jpg 1125w\" sizes=\"(max-width: 1024px) 100vw, 1024px\" \/><\/figure><\/div>\n\n\n<div style=\"height:35px\" aria-hidden=\"true\" class=\"wp-block-spacer\"><\/div>\n\n\n\n<p class=\"has-medium-font-size\">Develope\u0159i se postaraj\u00ed rezident\u016fm tak\u00e9 o dobrou dostupnost m\u011bstskou dopravou do dal\u0161\u00edch lokalit. V m\u00edst\u011b zrekonstruuj\u00ed autobusovou zast\u00e1vku pra\u017esk\u00e9 MHD Vr\u0161ovick\u00fd H\u0159bitov, kter\u00e1 vede sm\u011brem na Bohdalec nebo druh\u00fdm sm\u011brem k n\u00e1kupn\u00edmu centru Eden. Nov\u00ed obyvatel\u00e9 se tak rychle dostanou na metro \u010di dal\u0161\u00ed spoje do centra metropole. V bl\u00edzkosti se tak\u00e9 nach\u00e1z\u00ed vlakov\u00e1 zast\u00e1vka Praha-Eden, nejbli\u017e\u0161\u00ed tramvajov\u00e1 zast\u00e1vka Koh-i- noor je deset minut p\u011b\u0161ky. Za p\u011bt minut se lid\u00e9 dostanou do parku Heroldovy sady, za deset k nejbli\u017e\u0161\u00ed z\u00e1kladn\u00ed \u0161kole. Obchodn\u00ed centrum Eden je vzd\u00e1len\u00e9 jednu zast\u00e1vku tramvaj\u00ed. V \u0161ir\u0161\u00edm okol\u00ed je potom k dispozici spousta mo\u017enost\u00ed volno\u010dasov\u00e9ho vyu\u017eit\u00ed &#8211; od kav\u00e1ren a restaurac\u00ed a\u017e po kulturu.<\/p>\n\n\n\n<p class=\"has-medium-font-size\">Krom\u011b reziden\u010dn\u00ed \u010d\u00e1sti projekt Connect Vr\u0161ovice zahrnuje 253 m\u00b2 komer\u010dn\u00edch prostor, kter\u00e9 p\u0159isp\u011bj\u00ed k rozvoji m\u00edstn\u00ed komunity a p\u0159irozen\u011b roz\u0161\u00ed\u0159\u00ed ve\u0159ejn\u00fd prostor. Z\u00e1rove\u0148 zde bude dostatek parkovac\u00edch m\u00edst a zelen\u00fdch ploch, co\u017e podtrhuje komplexn\u00ed p\u0159\u00edstup k urbanistick\u00e9mu rozvoji t\u00e9to \u010d\u00e1sti Prahy.<\/p>\n\n\n\n<div style=\"height:100px\" aria-hidden=\"true\" class=\"wp-block-spacer\"><\/div>\n\n\n\n<figure class=\"wp-block-gallery has-nested-images columns-2 is-cropped wp-block-gallery-1 is-layout-flex\">\n<figure class=\"wp-block-image size-large\"><img decoding=\"async\" loading=\"lazy\" width=\"2736\" height=\"1542\" data-id=\"1567\"  src=\"https:\/\/bydletestylove.cz\/wp-content\/uploads\/2025\/06\/50309-5h-735014903-neocity-kreslicka-cam08.webp\" alt=\"Connect Vr\u0161ovice\" class=\"wp-image-1567\" \/><\/figure>\n\n\n\n<figure class=\"wp-block-image size-large\"><img decoding=\"async\" loading=\"lazy\" width=\"2736\" height=\"1542\" data-id=\"1572\"  src=\"https:\/\/bydletestylove.cz\/wp-content\/uploads\/2025\/06\/50309-ac-neocity-kreslicka-vnitroblok-cam20.webp\" alt=\"Connect Vr\u0161ovice\" class=\"wp-image-1572\" \/><\/figure>\n\n\n\n<figure class=\"wp-block-image size-large\"><img decoding=\"async\" loading=\"lazy\" width=\"2736\" height=\"1542\" data-id=\"1568\"  src=\"https:\/\/bydletestylove.cz\/wp-content\/uploads\/2025\/06\/50309-ho-732862752-neocity-kreslicka-cam23-day.webp\" alt=\"Connect Vr\u0161ovice\" class=\"wp-image-1568\" \/><\/figure>\n\n\n\n<figure class=\"wp-block-image size-large\"><img decoding=\"async\" loading=\"lazy\" width=\"1024\" height=\"640\" data-id=\"1569\"  src=\"https:\/\/bydletestylove.cz\/wp-content\/uploads\/2025\/06\/Neocity_Kreslicka_CAM10-1024x640.jpg\" alt=\"Connect Vr\u0161ovice\" class=\"wp-image-1569\" srcset=\"https:\/\/bydletestylove.cz\/wp-content\/uploads\/2025\/06\/Neocity_Kreslicka_CAM10-1024x640.jpg 1024w, https:\/\/bydletestylove.cz\/wp-content\/uploads\/2025\/06\/Neocity_Kreslicka_CAM10-300x187.jpg 300w, https:\/\/bydletestylove.cz\/wp-content\/uploads\/2025\/06\/Neocity_Kreslicka_CAM10-768x480.jpg 768w, https:\/\/bydletestylove.cz\/wp-content\/uploads\/2025\/06\/Neocity_Kreslicka_CAM10.jpg 1125w\" sizes=\"(max-width: 1024px) 100vw, 1024px\" \/><\/figure>\n\n\n\n<figure class=\"wp-block-image size-large\"><img decoding=\"async\" loading=\"lazy\" width=\"768\" height=\"1024\" data-id=\"1570\"  src=\"https:\/\/bydletestylove.cz\/wp-content\/uploads\/2025\/06\/Neocity_Kreslicka_CAM16V_day-768x1024.jpg\" alt=\"Connect Vr\u0161ovice\" class=\"wp-image-1570\" srcset=\"https:\/\/bydletestylove.cz\/wp-content\/uploads\/2025\/06\/Neocity_Kreslicka_CAM16V_day-768x1024.jpg 768w, https:\/\/bydletestylove.cz\/wp-content\/uploads\/2025\/06\/Neocity_Kreslicka_CAM16V_day-225x300.jpg 225w, https:\/\/bydletestylove.cz\/wp-content\/uploads\/2025\/06\/Neocity_Kreslicka_CAM16V_day.jpg 844w\" sizes=\"(max-width: 768px) 100vw, 768px\" \/><\/figure>\n<\/figure>\n\n\n\n<div style=\"height:30px\" aria-hidden=\"true\" class=\"wp-block-spacer\"><\/div>\n\n\n\n<p class=\"has-medium-font-size\"><strong>Zdroj foto:<\/strong>\u00a0Neocity, Daramis<\/p>\n\n\n\n<div style=\"height:55px\" aria-hidden=\"true\" class=\"wp-block-spacer\"><\/div>\n","protected":false},"excerpt":{"rendered":"<p>Connect Vr\u0161ovice je nov\u00fd developersk\u00fd projekt, kter\u00fd na trh spole\u010dn\u011b uv\u00e1d\u00ed spole\u010dnosti Neocity a Daramis. Vznikne ve stejnojmenn\u00e9 \u010d\u00e1sti Praha Vr\u0161ovice, jej\u00ed\u017e obl\u00edbenost posledn\u00ed roky roste. V b\u00fdval\u00e9 d\u011blnick\u00e9 \u010dtvrti vznikne na plo\u0161e 23 000 m\u00b2 316 bytov\u00fdch jednotek v dev\u00edti \u0161estipatrov\u00fdch reziden\u010dn\u00edch v\u011b\u017e\u00edch. Projekt m\u00e1 za c\u00edl propojit historickou pr\u016fmyslovou podobu Vr\u0161ovic s aktu\u00e1ln\u00ed modern\u00ed architekturou. Byty jsou ji\u017e v p\u0159edprodeji. \u201eVr\u0161ovice u\u017e d\u00e1vno nejsou p\u0159ehl\u00ed\u017eenou pr\u016fmyslovou \u010d\u00e1st\u00ed metropole. Jsou dynamick\u00e9, pln\u00e9 energie a p\u0159irozen\u011b propojuj\u00ed historii s modern\u00edm m\u011bstsk\u00fdm \u017eivotem. N\u00e1\u0161 projekt tuto prom\u011bnu nejen reflektuje, ale pom\u00e1h\u00e1&hellip;<\/p>\n","protected":false},"author":6,"featured_media":1568,"comment_status":"closed","ping_status":"open","sticky":false,"template":"","format":"standard","meta":{"_mi_skip_tracking":false,"_monsterinsights_sitenote_active":false,"_monsterinsights_sitenote_note":"","_monsterinsights_sitenote_category":0},"categories":[10,12,9,1,8],"tags":[],"yoast_head":"<!-- This site is optimized with the Yoast SEO plugin v21.4 - https:\/\/yoast.com\/wordpress\/plugins\/seo\/ -->\n<title>Neocity a Daramis m\u011bn\u00ed tv\u00e1\u0159 Vr\u0161ovic: P\u0159in\u00e1\u0161ej\u00ed 316 byt\u016f v projektu Connect Vr\u0161ovice - BydleteStylov\u011b.cz<\/title>\n<meta name=\"description\" content=\"Connect Vr\u0161ovice je nov\u00fd developersk\u00fd projekt, kter\u00fd na trh spole\u010dn\u011b uv\u00e1d\u00ed spole\u010dnosti Neocity a Daramis. Vznikne v \u010d\u00e1sti Praha Vr\u0161ovice.\" \/>\n<meta name=\"robots\" content=\"index, follow, max-snippet:-1, max-image-preview:large, max-video-preview:-1\" \/>\n<link rel=\"canonical\" href=\"https:\/\/bydletestylove.cz\/index.php\/byty\/neocity-a-daramis-meni-tvar-vrsovic-prinaseji-316-bytu-v-projektu-connect-vrsovice\/\" \/>\n<meta property=\"og:locale\" content=\"cs_CZ\" \/>\n<meta property=\"og:type\" content=\"article\" \/>\n<meta property=\"og:title\" content=\"Neocity a Daramis m\u011bn\u00ed tv\u00e1\u0159 Vr\u0161ovic: P\u0159in\u00e1\u0161ej\u00ed 316 byt\u016f v projektu Connect Vr\u0161ovice - BydleteStylov\u011b.cz\" \/>\n<meta property=\"og:description\" content=\"Connect Vr\u0161ovice je nov\u00fd developersk\u00fd projekt, kter\u00fd na trh spole\u010dn\u011b uv\u00e1d\u00ed spole\u010dnosti Neocity a Daramis. Vznikne v \u010d\u00e1sti Praha Vr\u0161ovice.\" \/>\n<meta property=\"og:url\" content=\"https:\/\/bydletestylove.cz\/index.php\/byty\/neocity-a-daramis-meni-tvar-vrsovic-prinaseji-316-bytu-v-projektu-connect-vrsovice\/\" \/>\n<meta property=\"og:site_name\" content=\"BydleteStylov\u011b.cz\" \/>\n<meta property=\"article:published_time\" content=\"2025-06-11T22:01:00+00:00\" \/>\n<meta property=\"article:modified_time\" content=\"2025-06-11T22:17:34+00:00\" \/>\n<meta property=\"og:image\" content=\"https:\/\/bydletestylove.cz\/wp-content\/uploads\/2025\/06\/50309-ho-732862752-neocity-kreslicka-cam23-day.webp\" \/>\n\t<meta property=\"og:image:width\" content=\"2736\" \/>\n\t<meta property=\"og:image:height\" content=\"1542\" \/>\n\t<meta property=\"og:image:type\" content=\"image\/webp\" \/>\n<meta name=\"author\" content=\"Martina Pechov\u00e1\" \/>\n<meta name=\"twitter:card\" content=\"summary_large_image\" \/>\n<meta name=\"twitter:label1\" content=\"Napsal(a)\" \/>\n\t<meta name=\"twitter:data1\" content=\"Martina Pechov\u00e1\" \/>\n\t<meta name=\"twitter:label2\" content=\"Odhadovan\u00e1 doba \u010dten\u00ed\" \/>\n\t<meta name=\"twitter:data2\" content=\"5 minut\" \/>\n<script type=\"application\/ld+json\" class=\"yoast-schema-graph\">{\"@context\":\"https:\/\/schema.org\",\"@graph\":[{\"@type\":\"Article\",\"@id\":\"https:\/\/bydletestylove.cz\/index.php\/byty\/neocity-a-daramis-meni-tvar-vrsovic-prinaseji-316-bytu-v-projektu-connect-vrsovice\/#article\",\"isPartOf\":{\"@id\":\"https:\/\/bydletestylove.cz\/index.php\/byty\/neocity-a-daramis-meni-tvar-vrsovic-prinaseji-316-bytu-v-projektu-connect-vrsovice\/\"},\"author\":{\"name\":\"Martina Pechov\u00e1\",\"@id\":\"https:\/\/bydletestylove.cz\/#\/schema\/person\/10a133d2599b007f153f35688fef7fb1\"},\"headline\":\"Neocity a Daramis m\u011bn\u00ed tv\u00e1\u0159 Vr\u0161ovic: P\u0159in\u00e1\u0161ej\u00ed 316 byt\u016f v projektu Connect Vr\u0161ovice\",\"datePublished\":\"2025-06-11T22:01:00+00:00\",\"dateModified\":\"2025-06-11T22:17:34+00:00\",\"mainEntityOfPage\":{\"@id\":\"https:\/\/bydletestylove.cz\/index.php\/byty\/neocity-a-daramis-meni-tvar-vrsovic-prinaseji-316-bytu-v-projektu-connect-vrsovice\/\"},\"wordCount\":660,\"publisher\":{\"@id\":\"https:\/\/bydletestylove.cz\/#organization\"},\"articleSection\":[\"BYTY\",\"DESIGN &amp; ARCHITEKTURA\",\"DOMY &amp; RESIDENCE\",\"NOVINKY\",\"REKONSTRUKCE &amp; STAVBA\"],\"inLanguage\":\"cs\"},{\"@type\":\"WebPage\",\"@id\":\"https:\/\/bydletestylove.cz\/index.php\/byty\/neocity-a-daramis-meni-tvar-vrsovic-prinaseji-316-bytu-v-projektu-connect-vrsovice\/\",\"url\":\"https:\/\/bydletestylove.cz\/index.php\/byty\/neocity-a-daramis-meni-tvar-vrsovic-prinaseji-316-bytu-v-projektu-connect-vrsovice\/\",\"name\":\"Neocity a Daramis m\u011bn\u00ed tv\u00e1\u0159 Vr\u0161ovic: P\u0159in\u00e1\u0161ej\u00ed 316 byt\u016f v projektu Connect Vr\u0161ovice - BydleteStylov\u011b.cz\",\"isPartOf\":{\"@id\":\"https:\/\/bydletestylove.cz\/#website\"},\"datePublished\":\"2025-06-11T22:01:00+00:00\",\"dateModified\":\"2025-06-11T22:17:34+00:00\",\"description\":\"Connect Vr\u0161ovice je nov\u00fd developersk\u00fd projekt, kter\u00fd na trh spole\u010dn\u011b uv\u00e1d\u00ed spole\u010dnosti Neocity a Daramis. Vznikne v \u010d\u00e1sti Praha Vr\u0161ovice.\",\"breadcrumb\":{\"@id\":\"https:\/\/bydletestylove.cz\/index.php\/byty\/neocity-a-daramis-meni-tvar-vrsovic-prinaseji-316-bytu-v-projektu-connect-vrsovice\/#breadcrumb\"},\"inLanguage\":\"cs\",\"potentialAction\":[{\"@type\":\"ReadAction\",\"target\":[\"https:\/\/bydletestylove.cz\/index.php\/byty\/neocity-a-daramis-meni-tvar-vrsovic-prinaseji-316-bytu-v-projektu-connect-vrsovice\/\"]}]},{\"@type\":\"BreadcrumbList\",\"@id\":\"https:\/\/bydletestylove.cz\/index.php\/byty\/neocity-a-daramis-meni-tvar-vrsovic-prinaseji-316-bytu-v-projektu-connect-vrsovice\/#breadcrumb\",\"itemListElement\":[{\"@type\":\"ListItem\",\"position\":1,\"name\":\"Dom\u016f\",\"item\":\"https:\/\/bydletestylove.cz\/\"},{\"@type\":\"ListItem\",\"position\":2,\"name\":\"Neocity a Daramis m\u011bn\u00ed tv\u00e1\u0159 Vr\u0161ovic: P\u0159in\u00e1\u0161ej\u00ed 316 byt\u016f v projektu Connect Vr\u0161ovice\"}]},{\"@type\":\"WebSite\",\"@id\":\"https:\/\/bydletestylove.cz\/#website\",\"url\":\"https:\/\/bydletestylove.cz\/\",\"name\":\"BydleteStylov\u011b.cz\",\"description\":\"Port\u00e1l o stylov\u00e9m bydlen\u00ed...\",\"publisher\":{\"@id\":\"https:\/\/bydletestylove.cz\/#organization\"},\"potentialAction\":[{\"@type\":\"SearchAction\",\"target\":{\"@type\":\"EntryPoint\",\"urlTemplate\":\"https:\/\/bydletestylove.cz\/?s={search_term_string}\"},\"query-input\":\"required name=search_term_string\"}],\"inLanguage\":\"cs\"},{\"@type\":\"Organization\",\"@id\":\"https:\/\/bydletestylove.cz\/#organization\",\"name\":\"BydleteStylov\u011b.cz\",\"url\":\"https:\/\/bydletestylove.cz\/\",\"logo\":{\"@type\":\"ImageObject\",\"inLanguage\":\"cs\",\"@id\":\"https:\/\/bydletestylove.cz\/#\/schema\/logo\/image\/\",\"url\":\"https:\/\/bydletestylove.cz\/wp-content\/uploads\/2024\/12\/cropped-Logo-Bydlete-Stylove.jpg\",\"contentUrl\":\"https:\/\/bydletestylove.cz\/wp-content\/uploads\/2024\/12\/cropped-Logo-Bydlete-Stylove.jpg\",\"width\":290,\"height\":143,\"caption\":\"BydleteStylov\u011b.cz\"},\"image\":{\"@id\":\"https:\/\/bydletestylove.cz\/#\/schema\/logo\/image\/\"},\"sameAs\":[\"https:\/\/www.instagram.com\/bydletestylove.cz\/\"]},{\"@type\":\"Person\",\"@id\":\"https:\/\/bydletestylove.cz\/#\/schema\/person\/10a133d2599b007f153f35688fef7fb1\",\"name\":\"Martina Pechov\u00e1\",\"image\":{\"@type\":\"ImageObject\",\"inLanguage\":\"cs\",\"@id\":\"https:\/\/bydletestylove.cz\/#\/schema\/person\/image\/\",\"url\":\"https:\/\/secure.gravatar.com\/avatar\/f0b7849f9f82bc20952396010e3c9adb?s=96&d=mm&r=g\",\"contentUrl\":\"https:\/\/secure.gravatar.com\/avatar\/f0b7849f9f82bc20952396010e3c9adb?s=96&d=mm&r=g\",\"caption\":\"Martina Pechov\u00e1\"},\"sameAs\":[\"http:\/\/BydleteStylove.cz\"],\"url\":\"https:\/\/bydletestylove.cz\/index.php\/author\/marpech\/\"}]}<\/script>\n<!-- \/ Yoast SEO plugin. -->","yoast_head_json":{"title":"Neocity a Daramis m\u011bn\u00ed tv\u00e1\u0159 Vr\u0161ovic: P\u0159in\u00e1\u0161ej\u00ed 316 byt\u016f v projektu Connect Vr\u0161ovice - BydleteStylov\u011b.cz","description":"Connect Vr\u0161ovice je nov\u00fd developersk\u00fd projekt, kter\u00fd na trh spole\u010dn\u011b uv\u00e1d\u00ed spole\u010dnosti Neocity a Daramis. Vznikne v \u010d\u00e1sti Praha Vr\u0161ovice.","robots":{"index":"index","follow":"follow","max-snippet":"max-snippet:-1","max-image-preview":"max-image-preview:large","max-video-preview":"max-video-preview:-1"},"canonical":"https:\/\/bydletestylove.cz\/index.php\/byty\/neocity-a-daramis-meni-tvar-vrsovic-prinaseji-316-bytu-v-projektu-connect-vrsovice\/","og_locale":"cs_CZ","og_type":"article","og_title":"Neocity a Daramis m\u011bn\u00ed tv\u00e1\u0159 Vr\u0161ovic: P\u0159in\u00e1\u0161ej\u00ed 316 byt\u016f v projektu Connect Vr\u0161ovice - BydleteStylov\u011b.cz","og_description":"Connect Vr\u0161ovice je nov\u00fd developersk\u00fd projekt, kter\u00fd na trh spole\u010dn\u011b uv\u00e1d\u00ed spole\u010dnosti Neocity a Daramis. Vznikne v \u010d\u00e1sti Praha Vr\u0161ovice.","og_url":"https:\/\/bydletestylove.cz\/index.php\/byty\/neocity-a-daramis-meni-tvar-vrsovic-prinaseji-316-bytu-v-projektu-connect-vrsovice\/","og_site_name":"BydleteStylov\u011b.cz","article_published_time":"2025-06-11T22:01:00+00:00","article_modified_time":"2025-06-11T22:17:34+00:00","og_image":[{"width":2736,"height":1542,"url":"https:\/\/bydletestylove.cz\/wp-content\/uploads\/2025\/06\/50309-ho-732862752-neocity-kreslicka-cam23-day.webp","type":"image\/webp"}],"author":"Martina Pechov\u00e1","twitter_card":"summary_large_image","twitter_misc":{"Napsal(a)":"Martina Pechov\u00e1","Odhadovan\u00e1 doba \u010dten\u00ed":"5 minut"},"schema":{"@context":"https:\/\/schema.org","@graph":[{"@type":"Article","@id":"https:\/\/bydletestylove.cz\/index.php\/byty\/neocity-a-daramis-meni-tvar-vrsovic-prinaseji-316-bytu-v-projektu-connect-vrsovice\/#article","isPartOf":{"@id":"https:\/\/bydletestylove.cz\/index.php\/byty\/neocity-a-daramis-meni-tvar-vrsovic-prinaseji-316-bytu-v-projektu-connect-vrsovice\/"},"author":{"name":"Martina Pechov\u00e1","@id":"https:\/\/bydletestylove.cz\/#\/schema\/person\/10a133d2599b007f153f35688fef7fb1"},"headline":"Neocity a Daramis m\u011bn\u00ed tv\u00e1\u0159 Vr\u0161ovic: P\u0159in\u00e1\u0161ej\u00ed 316 byt\u016f v projektu Connect Vr\u0161ovice","datePublished":"2025-06-11T22:01:00+00:00","dateModified":"2025-06-11T22:17:34+00:00","mainEntityOfPage":{"@id":"https:\/\/bydletestylove.cz\/index.php\/byty\/neocity-a-daramis-meni-tvar-vrsovic-prinaseji-316-bytu-v-projektu-connect-vrsovice\/"},"wordCount":660,"publisher":{"@id":"https:\/\/bydletestylove.cz\/#organization"},"articleSection":["BYTY","DESIGN &amp; ARCHITEKTURA","DOMY &amp; RESIDENCE","NOVINKY","REKONSTRUKCE &amp; STAVBA"],"inLanguage":"cs"},{"@type":"WebPage","@id":"https:\/\/bydletestylove.cz\/index.php\/byty\/neocity-a-daramis-meni-tvar-vrsovic-prinaseji-316-bytu-v-projektu-connect-vrsovice\/","url":"https:\/\/bydletestylove.cz\/index.php\/byty\/neocity-a-daramis-meni-tvar-vrsovic-prinaseji-316-bytu-v-projektu-connect-vrsovice\/","name":"Neocity a Daramis m\u011bn\u00ed tv\u00e1\u0159 Vr\u0161ovic: P\u0159in\u00e1\u0161ej\u00ed 316 byt\u016f v projektu Connect Vr\u0161ovice - BydleteStylov\u011b.cz","isPartOf":{"@id":"https:\/\/bydletestylove.cz\/#website"},"datePublished":"2025-06-11T22:01:00+00:00","dateModified":"2025-06-11T22:17:34+00:00","description":"Connect Vr\u0161ovice je nov\u00fd developersk\u00fd projekt, kter\u00fd na trh spole\u010dn\u011b uv\u00e1d\u00ed spole\u010dnosti Neocity a Daramis. Vznikne v \u010d\u00e1sti Praha Vr\u0161ovice.","breadcrumb":{"@id":"https:\/\/bydletestylove.cz\/index.php\/byty\/neocity-a-daramis-meni-tvar-vrsovic-prinaseji-316-bytu-v-projektu-connect-vrsovice\/#breadcrumb"},"inLanguage":"cs","potentialAction":[{"@type":"ReadAction","target":["https:\/\/bydletestylove.cz\/index.php\/byty\/neocity-a-daramis-meni-tvar-vrsovic-prinaseji-316-bytu-v-projektu-connect-vrsovice\/"]}]},{"@type":"BreadcrumbList","@id":"https:\/\/bydletestylove.cz\/index.php\/byty\/neocity-a-daramis-meni-tvar-vrsovic-prinaseji-316-bytu-v-projektu-connect-vrsovice\/#breadcrumb","itemListElement":[{"@type":"ListItem","position":1,"name":"Dom\u016f","item":"https:\/\/bydletestylove.cz\/"},{"@type":"ListItem","position":2,"name":"Neocity a Daramis m\u011bn\u00ed tv\u00e1\u0159 Vr\u0161ovic: P\u0159in\u00e1\u0161ej\u00ed 316 byt\u016f v projektu Connect Vr\u0161ovice"}]},{"@type":"WebSite","@id":"https:\/\/bydletestylove.cz\/#website","url":"https:\/\/bydletestylove.cz\/","name":"BydleteStylov\u011b.cz","description":"Port\u00e1l o stylov\u00e9m bydlen\u00ed...","publisher":{"@id":"https:\/\/bydletestylove.cz\/#organization"},"potentialAction":[{"@type":"SearchAction","target":{"@type":"EntryPoint","urlTemplate":"https:\/\/bydletestylove.cz\/?s={search_term_string}"},"query-input":"required name=search_term_string"}],"inLanguage":"cs"},{"@type":"Organization","@id":"https:\/\/bydletestylove.cz\/#organization","name":"BydleteStylov\u011b.cz","url":"https:\/\/bydletestylove.cz\/","logo":{"@type":"ImageObject","inLanguage":"cs","@id":"https:\/\/bydletestylove.cz\/#\/schema\/logo\/image\/","url":"https:\/\/bydletestylove.cz\/wp-content\/uploads\/2024\/12\/cropped-Logo-Bydlete-Stylove.jpg","contentUrl":"https:\/\/bydletestylove.cz\/wp-content\/uploads\/2024\/12\/cropped-Logo-Bydlete-Stylove.jpg","width":290,"height":143,"caption":"BydleteStylov\u011b.cz"},"image":{"@id":"https:\/\/bydletestylove.cz\/#\/schema\/logo\/image\/"},"sameAs":["https:\/\/www.instagram.com\/bydletestylove.cz\/"]},{"@type":"Person","@id":"https:\/\/bydletestylove.cz\/#\/schema\/person\/10a133d2599b007f153f35688fef7fb1","name":"Martina Pechov\u00e1","image":{"@type":"ImageObject","inLanguage":"cs","@id":"https:\/\/bydletestylove.cz\/#\/schema\/person\/image\/","url":"https:\/\/secure.gravatar.com\/avatar\/f0b7849f9f82bc20952396010e3c9adb?s=96&d=mm&r=g","contentUrl":"https:\/\/secure.gravatar.com\/avatar\/f0b7849f9f82bc20952396010e3c9adb?s=96&d=mm&r=g","caption":"Martina Pechov\u00e1"},"sameAs":["http:\/\/BydleteStylove.cz"],"url":"https:\/\/bydletestylove.cz\/index.php\/author\/marpech\/"}]}},"_links":{"self":[{"href":"https:\/\/bydletestylove.cz\/index.php\/wp-json\/wp\/v2\/posts\/1563"}],"collection":[{"href":"https:\/\/bydletestylove.cz\/index.php\/wp-json\/wp\/v2\/posts"}],"about":[{"href":"https:\/\/bydletestylove.cz\/index.php\/wp-json\/wp\/v2\/types\/post"}],"author":[{"embeddable":true,"href":"https:\/\/bydletestylove.cz\/index.php\/wp-json\/wp\/v2\/users\/6"}],"replies":[{"embeddable":true,"href":"https:\/\/bydletestylove.cz\/index.php\/wp-json\/wp\/v2\/comments?post=1563"}],"version-history":[{"count":1,"href":"https:\/\/bydletestylove.cz\/index.php\/wp-json\/wp\/v2\/posts\/1563\/revisions"}],"predecessor-version":[{"id":1573,"href":"https:\/\/bydletestylove.cz\/index.php\/wp-json\/wp\/v2\/posts\/1563\/revisions\/1573"}],"wp:featuredmedia":[{"embeddable":true,"href":"https:\/\/bydletestylove.cz\/index.php\/wp-json\/wp\/v2\/media\/1568"}],"wp:attachment":[{"href":"https:\/\/bydletestylove.cz\/index.php\/wp-json\/wp\/v2\/media?parent=1563"}],"wp:term":[{"taxonomy":"category","embeddable":true,"href":"https:\/\/bydletestylove.cz\/index.php\/wp-json\/wp\/v2\/categories?post=1563"},{"taxonomy":"post_tag","embeddable":true,"href":"https:\/\/bydletestylove.cz\/index.php\/wp-json\/wp\/v2\/tags?post=1563"}],"curies":[{"name":"wp","href":"https:\/\/api.w.org\/{rel}","templated":true}]}}