{"id":1545,"date":"2025-06-06T00:01:00","date_gmt":"2025-06-05T22:01:00","guid":{"rendered":"https:\/\/bydletestylove.cz\/?p=1545"},"modified":"2025-06-06T01:59:51","modified_gmt":"2025-06-05T23:59:51","slug":"yit-spousti-druhou-etapu-projektu-toivo-roztyly","status":"publish","type":"post","link":"https:\/\/bydletestylove.cz\/index.php\/byty\/yit-spousti-druhou-etapu-projektu-toivo-roztyly\/","title":{"rendered":"<span>YIT spou\u0161t\u00ed druhou etapu projektu Toivo Roztyly<\/span>"},"content":{"rendered":"\n<div style=\"height:35px\" aria-hidden=\"true\" class=\"wp-block-spacer\"><\/div>\n\n\n\n<p class=\"has-medium-font-size\"><strong>Spole\u010dnost YIT zah\u00e1jila prodej jednotek ve druh\u00e9 etap\u011b reziden\u010dn\u00edho projektu Toivo Roztyly.<\/strong> <strong>\u010cty\u0159i bytov\u00e9 domy plynule navazuj\u00ed na prvn\u00ed f\u00e1zi v\u00fdstavby, kter\u00e1 je ji\u017e z velk\u00e9 \u010d\u00e1sti vyprod\u00e1na, a roz\u0161i\u0159uj\u00ed nab\u00eddku modern\u00edho bydlen\u00ed v lokalit\u011b pra\u017esk\u00fdch Roztyl o&nbsp;116&nbsp;ekologicky \u0161etrn\u00fdch byt\u016f. V\u00fdstavba druh\u00e9 etapy byla zah\u00e1jena na ja\u0159e leto\u0161n\u00edho roku, dokon\u010den\u00ed je pl\u00e1novan\u00e9 na za\u010d\u00e1tek roku 2027. Developer na projektu spolupracuje se sv\u00fdm dlouholet\u00fdm partnerem, investi\u010dn\u00ed skupinou RSJ.<\/strong><\/p>\n\n\n\n<div style=\"height:35px\" aria-hidden=\"true\" class=\"wp-block-spacer\"><\/div>\n\n\n<div class=\"wp-block-image\">\n<figure class=\"aligncenter size-large\"><img decoding=\"async\" loading=\"lazy\" width=\"1024\" height=\"683\" src=\"http:\/\/bydletestylove.cz\/wp-content\/uploads\/2025\/06\/YIT_Toivo-Roztyly-II_vizualizace_01-1024x683.jpg\" alt=\"Toivo Roztyly\" class=\"wp-image-1550\" srcset=\"https:\/\/bydletestylove.cz\/wp-content\/uploads\/2025\/06\/YIT_Toivo-Roztyly-II_vizualizace_01-1024x683.jpg 1024w, https:\/\/bydletestylove.cz\/wp-content\/uploads\/2025\/06\/YIT_Toivo-Roztyly-II_vizualizace_01-300x200.jpg 300w, https:\/\/bydletestylove.cz\/wp-content\/uploads\/2025\/06\/YIT_Toivo-Roztyly-II_vizualizace_01-768x512.jpg 768w, https:\/\/bydletestylove.cz\/wp-content\/uploads\/2025\/06\/YIT_Toivo-Roztyly-II_vizualizace_01-1536x1024.jpg 1536w, https:\/\/bydletestylove.cz\/wp-content\/uploads\/2025\/06\/YIT_Toivo-Roztyly-II_vizualizace_01-2048x1365.jpg 2048w\" sizes=\"(max-width: 1024px) 100vw, 1024px\" \/><\/figure><\/div>\n\n\n<div style=\"height:35px\" aria-hidden=\"true\" class=\"wp-block-spacer\"><\/div>\n\n\n\n<p class=\"has-medium-font-size\"><img decoding=\"async\" src=\"\">V r\u00e1mci projektu <a href=\"https:\/\/www.yit.cz\/prodej-bytu\/praha\/praha-11\/toivo-roztyly-ii\">Toivo Roztyly II<\/a> vyrostou v&nbsp;ulici Kom\u00e1rkova \u010dty\u0159i domy s jedn\u00edm podzemn\u00edm a p\u011bti a\u017e \u0161esti nadzemn\u00edmi podla\u017e\u00edmi (s posledn\u00edm ustupuj\u00edc\u00edm). Celkem zahrnou 116 byt\u016f o&nbsp;velikostech od 29 do 120 m<sup>2<\/sup> v r\u016fzn\u00fdch dispozic\u00edch \u2013&nbsp;od garsonek (1+kk) a\u017e po prostorn\u00e9 rodinn\u00e9 byty (5+kk). V\u011bt\u0161ina jednotek disponuje balk\u00f3nem, lod\u017ei\u00ed nebo terasou, n\u011bkter\u00e9 nab\u00eddnou tak\u00e9 p\u0159edzahr\u00e1dku \u2013 budouc\u00ed obyvatel\u00e9 si tak budou moct u\u017e\u00edvat dostatek soukrom\u00ed i spojen\u00ed s okoln\u00ed p\u0159\u00edrodou. Co se t\u00fd\u010de vybaven\u00ed interi\u00e9ru, vysok\u00fd standard zahrne d\u0159ev\u011bn\u00e9 podlahy, kvalitn\u00ed obklady, dla\u017eby a interi\u00e9rov\u00e9 dve\u0159e. Ve v\u0161ech bytech nebude chyb\u011bt rekuperace \u010di okna s izola\u010dn\u00edmi trojskly.<\/p>\n\n\n\n<p class=\"has-medium-font-size\">Jednotky budou v&nbsp;maxim\u00e1ln\u00ed mo\u017en\u00e9 m\u00ed\u0159e orientov\u00e1ny na jih do klidn\u00e9ho vnitrobloku, kter\u00fd dopln\u00ed nov\u011b vznikaj\u00edc\u00ed ve\u0159ejn\u00fd park se zelen\u00ed, lavi\u010dkami a m\u011bstsk\u00fdm mobili\u00e1\u0159em. Nov\u00ed majitel\u00e9 budou m\u00edt k dispozici tak\u00e9 sklepy a ko\u010d\u00e1rk\u00e1rny, a to v ka\u017ed\u00e9 sekci budov. Are\u00e1l nab\u00eddne rovn\u011b\u017e podzemn\u00ed gar\u00e1\u017ee s dostate\u010dnou kapacitou parkovac\u00edch st\u00e1n\u00ed.<\/p>\n\n\n\n<div style=\"height:35px\" aria-hidden=\"true\" class=\"wp-block-spacer\"><\/div>\n\n\n<div class=\"wp-block-image\">\n<figure class=\"aligncenter size-large\"><img decoding=\"async\" loading=\"lazy\" width=\"1024\" height=\"682\" src=\"http:\/\/bydletestylove.cz\/wp-content\/uploads\/2025\/06\/YIT_Toivo-Roztyly_interier_01-1024x682.jpg\" alt=\"Toivo Roztyly\" class=\"wp-image-1546\" srcset=\"https:\/\/bydletestylove.cz\/wp-content\/uploads\/2025\/06\/YIT_Toivo-Roztyly_interier_01-1024x682.jpg 1024w, https:\/\/bydletestylove.cz\/wp-content\/uploads\/2025\/06\/YIT_Toivo-Roztyly_interier_01-300x200.jpg 300w, https:\/\/bydletestylove.cz\/wp-content\/uploads\/2025\/06\/YIT_Toivo-Roztyly_interier_01-768x512.jpg 768w, https:\/\/bydletestylove.cz\/wp-content\/uploads\/2025\/06\/YIT_Toivo-Roztyly_interier_01-1536x1024.jpg 1536w, https:\/\/bydletestylove.cz\/wp-content\/uploads\/2025\/06\/YIT_Toivo-Roztyly_interier_01-2048x1365.jpg 2048w\" sizes=\"(max-width: 1024px) 100vw, 1024px\" \/><\/figure><\/div>\n\n\n<div style=\"height:35px\" aria-hidden=\"true\" class=\"wp-block-spacer\"><\/div>\n\n\n\n<p class=\"has-medium-font-size\"><img decoding=\"async\" src=\"\">\u201e<em>Prvn\u00ed etapa <\/em><a href=\"https:\/\/www.yit.cz\/prodej-bytu\/praha\/praha-11\/toivo-roztyly-i\"><em>Toivo Roztyly<\/em><\/a><em> se setkala s velk\u00fdm z\u00e1jmem, proto n\u00e1s t\u011b\u0161\u00ed, \u017ee v&nbsp;r\u00e1mci t\u00e9 druh\u00e9 m\u016f\u017eeme pokra\u010dovat v \u00fasp\u011b\u0161n\u00e9m konceptu a p\u0159in\u00e1\u0161\u00edme na trh dal\u0161\u00ed byty v&nbsp;mnoha variant\u00e1ch, z nich\u017e si vybere opravdu ka\u017ed\u00fd. Toivo Roztyly II p\u0159edstavuje modern\u00ed a udr\u017eiteln\u00fd projekt, kter\u00fd zohled\u0148uje pot\u0159eby sou\u010dasn\u00fdch i budouc\u00edch generac\u00ed a p\u0159in\u00e1\u0161\u00ed komfortn\u00ed, energeticky \u00fasporn\u00e9 a ekologick\u00e9 bydlen\u00ed pobl\u00ed\u017e p\u0159\u00edrody,\u201c <\/em>popisuje Dana Barto\u0148ov\u00e1, obchodn\u00ed \u0159editelka spole\u010dnosti <a href=\"https:\/\/www.yit.cz\/\" target=\"_blank\" rel=\"noreferrer noopener\">YIT Stavo<\/a>.<\/p>\n\n\n\n<p class=\"has-medium-font-size\">Projekt, kter\u00fd dohromady nab\u00eddne 204 byt\u016f, vznik\u00e1 ve spolupr\u00e1ci se silnou a renomovanou investi\u010dn\u00ed skupinou RSJ. Ta ji\u017e d\u0159\u00edve realizovala&nbsp;spole\u010dn\u011b s YIT projekt Vesi&nbsp;Hostiva\u0159, a nyn\u00ed \u00fasp\u011b\u0161n\u00e1 spolupr\u00e1ce pokra\u010duje i na brn\u011bnsk\u00e9m projektu Kalevala&nbsp;na pomez\u00ed m\u011bstsk\u00fdch \u010d\u00e1st\u00ed Vinohrady a \u017didenice.<\/p>\n\n\n\n<div style=\"height:35px\" aria-hidden=\"true\" class=\"wp-block-spacer\"><\/div>\n\n\n<div class=\"wp-block-image\">\n<figure class=\"aligncenter size-large\"><img decoding=\"async\" loading=\"lazy\" width=\"1024\" height=\"683\" src=\"http:\/\/bydletestylove.cz\/wp-content\/uploads\/2025\/06\/YIT_Toivo-Roztyly-II_vizualizace_02-1024x683.jpg\" alt=\"Toivo Roztyly\" class=\"wp-image-1552\" srcset=\"https:\/\/bydletestylove.cz\/wp-content\/uploads\/2025\/06\/YIT_Toivo-Roztyly-II_vizualizace_02-1024x683.jpg 1024w, https:\/\/bydletestylove.cz\/wp-content\/uploads\/2025\/06\/YIT_Toivo-Roztyly-II_vizualizace_02-300x200.jpg 300w, https:\/\/bydletestylove.cz\/wp-content\/uploads\/2025\/06\/YIT_Toivo-Roztyly-II_vizualizace_02-768x512.jpg 768w, https:\/\/bydletestylove.cz\/wp-content\/uploads\/2025\/06\/YIT_Toivo-Roztyly-II_vizualizace_02-1536x1024.jpg 1536w, https:\/\/bydletestylove.cz\/wp-content\/uploads\/2025\/06\/YIT_Toivo-Roztyly-II_vizualizace_02-2048x1365.jpg 2048w\" sizes=\"(max-width: 1024px) 100vw, 1024px\" \/><\/figure><\/div>\n\n\n<div style=\"height:35px\" aria-hidden=\"true\" class=\"wp-block-spacer\"><\/div>\n\n\n\n<h2 class=\"wp-block-heading\">D\u016fraz na propojen\u00ed s p\u0159\u00edrodou i komunitn\u00ed \u017eivot<\/h2>\n\n\n\n<div style=\"height:35px\" aria-hidden=\"true\" class=\"wp-block-spacer\"><\/div>\n\n\n\n<p class=\"has-medium-font-size\">V\u0161echny bytov\u00e9 domy Toivo Roztyly jsou navr\u017eeny s ohledem na \u00fasporu energi\u00ed a \u0161etrnost k&nbsp;\u017eivotn\u00edmu prost\u0159ed\u00ed. Samoz\u0159ejmost\u00ed se stane syst\u00e9m \u0159\u00edzen\u00e9ho v\u011btr\u00e1n\u00ed s rekuperac\u00ed, p\u0159\u00edprava na venkovn\u00ed st\u00edn\u011bn\u00ed, LED osv\u011btlen\u00ed ve spole\u010dn\u00fdch prostor\u00e1ch, \u0161etrn\u00e9 nakl\u00e1d\u00e1n\u00ed s&nbsp;vodou, zelen\u00e9 reten\u010dn\u00ed st\u0159echy, dob\u00edjec\u00ed stanice pro elektromobily a cyklostojany v parteru. Prim\u00e1rn\u011b se vyu\u017eij\u00ed za\u0159izovac\u00ed p\u0159edm\u011bty, je\u017e spl\u0148uj\u00ed certifikace EPD (Environment\u00e1ln\u00ed prohl\u00e1\u0161en\u00ed o produktu) a FCS (Forest Stewardship Council). V r\u00e1mci udr\u017eitelnosti budou d\u00e1le do vybran\u00fdch byt\u016f instalov\u00e1ny modul\u00e1rn\u00ed koupelny \u2013 inovativn\u00ed technologie prefabrikace p\u0159in\u00e1\u0161\u00ed \u00fasporu pracovn\u00ed s\u00edly na stavb\u011b, vy\u0161\u0161\u00ed kvalitu v\u00fdstavby, ale tak\u00e9 sn\u00ed\u017een\u00ed celkov\u00fdch n\u00e1klad\u016f a&nbsp;p\u0159edev\u0161\u00edm emis\u00ed&nbsp;CO\u2082. P\u0159i v\u00fdstavb\u011b se vyu\u017eije i tzv. zelen\u00fd beton, kde je p\u0159\u00edrodn\u00ed kamenivo zcela nahrazeno nadrcen\u00fdm sm\u011bsn\u00fdm demoli\u010dn\u00edm odpadem.<\/p>\n\n\n\n<p class=\"has-medium-font-size\">Vnitroblok i nejbli\u017e\u0161\u00ed okol\u00ed nab\u00eddnou pe\u010dliv\u011b upravenou zele\u0148, komunitn\u00ed zahradu, d\u011btsk\u00e9 h\u0159i\u0161t\u011b a&nbsp;dostatek relaxa\u010dn\u00edch z\u00f3n pro v\u0161echny rezidenty. P\u011b\u0161\u00ed stezky a nov\u00e9 odpo\u010dinkov\u00e9 prostory budou p\u0159\u00edmo navazovat na bl\u00edzk\u00fd Kr\u010dsk\u00fd les.<\/p>\n\n\n\n<div style=\"height:35px\" aria-hidden=\"true\" class=\"wp-block-spacer\"><\/div>\n\n\n<div class=\"wp-block-image\">\n<figure class=\"aligncenter size-large\"><img decoding=\"async\" loading=\"lazy\" width=\"1024\" height=\"683\" src=\"http:\/\/bydletestylove.cz\/wp-content\/uploads\/2025\/06\/YIT_Toivo-Roztyly_vizualizace-1024x683.png\" alt=\"Toivo Roztyly\" class=\"wp-image-1553\" srcset=\"https:\/\/bydletestylove.cz\/wp-content\/uploads\/2025\/06\/YIT_Toivo-Roztyly_vizualizace-1024x683.png 1024w, https:\/\/bydletestylove.cz\/wp-content\/uploads\/2025\/06\/YIT_Toivo-Roztyly_vizualizace-300x200.png 300w, https:\/\/bydletestylove.cz\/wp-content\/uploads\/2025\/06\/YIT_Toivo-Roztyly_vizualizace-768x512.png 768w, https:\/\/bydletestylove.cz\/wp-content\/uploads\/2025\/06\/YIT_Toivo-Roztyly_vizualizace-1536x1024.png 1536w, https:\/\/bydletestylove.cz\/wp-content\/uploads\/2025\/06\/YIT_Toivo-Roztyly_vizualizace-2048x1365.png 2048w\" sizes=\"(max-width: 1024px) 100vw, 1024px\" \/><\/figure><\/div>\n\n\n<div style=\"height:35px\" aria-hidden=\"true\" class=\"wp-block-spacer\"><\/div>\n\n\n\n<h2 class=\"wp-block-heading\">Klidn\u00e1 \u010d\u00e1st Prahy 11 se v\u0161\u00edm pot\u0159ebn\u00fdm na dosah<\/h2>\n\n\n\n<div style=\"height:35px\" aria-hidden=\"true\" class=\"wp-block-spacer\"><\/div>\n\n\n\n<p class=\"has-medium-font-size\">Roztyly pat\u0159\u00ed mezi \u017e\u00e1dan\u00e9 pra\u017esk\u00e9 \u010dtvrti d\u00edky bl\u00edzkosti p\u0159\u00edrody, kompletn\u00ed ob\u010dansk\u00e9 vybavenosti i vynikaj\u00edc\u00ed dopravn\u00ed dostupnosti. Metro C \u2013 Roztyly a autobusov\u00e9 zast\u00e1vky jsou vzd\u00e1len\u00e9 do 5 minut ch\u016fze.<img decoding=\"async\" src=\"\"> Lokalita nab\u00edz\u00ed tak\u00e9 rychl\u00e9 napojen\u00ed na pra\u017eskou magistr\u00e1lu a d\u00e1lnici D1. V okol\u00ed se nach\u00e1z\u00ed mate\u0159sk\u00e9 i z\u00e1kladn\u00ed \u0161koly, restaurace, obchody, hobby market, zdravotnick\u00e1 za\u0159\u00edzen\u00ed \u010di l\u00e9k\u00e1rny. N\u00e1kupn\u00ed centrum Westfield Chodov je dostupn\u00e9 b\u011bhem n\u011bkolika minut j\u00edzdy autem.<\/p>\n\n\n\n<p class=\"has-medium-font-size\">Bezprost\u0159edn\u00ed okol\u00ed nab\u00edz\u00ed tak\u00e9 rozs\u00e1hl\u00e9 mo\u017enosti rekreace \u2013 p\u0159\u00edmo naproti projektu za\u010d\u00edn\u00e1 Michelsk\u00fd les, kter\u00fd navazuje na Kunratick\u00fd a Kr\u010dsk\u00fd les s b\u011b\u017eeck\u00fdmi a cyklistick\u00fdmi stezkami, d\u011btsk\u00fdmi h\u0159i\u0161ti i zookoutkem.<\/p>\n\n\n\n<div style=\"height:100px\" aria-hidden=\"true\" class=\"wp-block-spacer\"><\/div>\n\n\n\n<figure class=\"wp-block-gallery has-nested-images columns-2 is-cropped wp-block-gallery-1 is-layout-flex\">\n<figure class=\"wp-block-image size-large\"><img decoding=\"async\" loading=\"lazy\" width=\"1024\" height=\"683\" data-id=\"1550\"  src=\"https:\/\/bydletestylove.cz\/wp-content\/uploads\/2025\/06\/YIT_Toivo-Roztyly-II_vizualizace_01-1024x683.jpg\" alt=\"Toivo Roztyly\" class=\"wp-image-1550\" srcset=\"https:\/\/bydletestylove.cz\/wp-content\/uploads\/2025\/06\/YIT_Toivo-Roztyly-II_vizualizace_01-1024x683.jpg 1024w, https:\/\/bydletestylove.cz\/wp-content\/uploads\/2025\/06\/YIT_Toivo-Roztyly-II_vizualizace_01-300x200.jpg 300w, https:\/\/bydletestylove.cz\/wp-content\/uploads\/2025\/06\/YIT_Toivo-Roztyly-II_vizualizace_01-768x512.jpg 768w, https:\/\/bydletestylove.cz\/wp-content\/uploads\/2025\/06\/YIT_Toivo-Roztyly-II_vizualizace_01-1536x1024.jpg 1536w, https:\/\/bydletestylove.cz\/wp-content\/uploads\/2025\/06\/YIT_Toivo-Roztyly-II_vizualizace_01-2048x1365.jpg 2048w\" sizes=\"(max-width: 1024px) 100vw, 1024px\" \/><\/figure>\n\n\n\n<figure class=\"wp-block-image size-large\"><img decoding=\"async\" loading=\"lazy\" width=\"1024\" height=\"683\" data-id=\"1552\"  src=\"https:\/\/bydletestylove.cz\/wp-content\/uploads\/2025\/06\/YIT_Toivo-Roztyly-II_vizualizace_02-1024x683.jpg\" alt=\"Toivo Roztyly\" class=\"wp-image-1552\" srcset=\"https:\/\/bydletestylove.cz\/wp-content\/uploads\/2025\/06\/YIT_Toivo-Roztyly-II_vizualizace_02-1024x683.jpg 1024w, https:\/\/bydletestylove.cz\/wp-content\/uploads\/2025\/06\/YIT_Toivo-Roztyly-II_vizualizace_02-300x200.jpg 300w, https:\/\/bydletestylove.cz\/wp-content\/uploads\/2025\/06\/YIT_Toivo-Roztyly-II_vizualizace_02-768x512.jpg 768w, https:\/\/bydletestylove.cz\/wp-content\/uploads\/2025\/06\/YIT_Toivo-Roztyly-II_vizualizace_02-1536x1024.jpg 1536w, https:\/\/bydletestylove.cz\/wp-content\/uploads\/2025\/06\/YIT_Toivo-Roztyly-II_vizualizace_02-2048x1365.jpg 2048w\" sizes=\"(max-width: 1024px) 100vw, 1024px\" \/><\/figure>\n\n\n\n<figure class=\"wp-block-image size-large\"><img decoding=\"async\" loading=\"lazy\" width=\"1024\" height=\"683\" data-id=\"1551\"  src=\"https:\/\/bydletestylove.cz\/wp-content\/uploads\/2025\/06\/YIT_Toivo-Roztyly-II_vizualizace_04-1024x683.jpg\" alt=\"Toivo Roztyly\" class=\"wp-image-1551\" srcset=\"https:\/\/bydletestylove.cz\/wp-content\/uploads\/2025\/06\/YIT_Toivo-Roztyly-II_vizualizace_04-1024x683.jpg 1024w, https:\/\/bydletestylove.cz\/wp-content\/uploads\/2025\/06\/YIT_Toivo-Roztyly-II_vizualizace_04-300x200.jpg 300w, https:\/\/bydletestylove.cz\/wp-content\/uploads\/2025\/06\/YIT_Toivo-Roztyly-II_vizualizace_04-768x512.jpg 768w, https:\/\/bydletestylove.cz\/wp-content\/uploads\/2025\/06\/YIT_Toivo-Roztyly-II_vizualizace_04-1536x1024.jpg 1536w, https:\/\/bydletestylove.cz\/wp-content\/uploads\/2025\/06\/YIT_Toivo-Roztyly-II_vizualizace_04-2048x1365.jpg 2048w\" sizes=\"(max-width: 1024px) 100vw, 1024px\" \/><\/figure>\n\n\n\n<figure class=\"wp-block-image size-large\"><img decoding=\"async\" loading=\"lazy\" width=\"1024\" height=\"683\" data-id=\"1549\"  src=\"https:\/\/bydletestylove.cz\/wp-content\/uploads\/2025\/06\/YIT_Toivo-Roztyly-II_vizualizace_03-1024x683.jpg\" alt=\"Toivo Roztyly\" class=\"wp-image-1549\" srcset=\"https:\/\/bydletestylove.cz\/wp-content\/uploads\/2025\/06\/YIT_Toivo-Roztyly-II_vizualizace_03-1024x683.jpg 1024w, https:\/\/bydletestylove.cz\/wp-content\/uploads\/2025\/06\/YIT_Toivo-Roztyly-II_vizualizace_03-300x200.jpg 300w, https:\/\/bydletestylove.cz\/wp-content\/uploads\/2025\/06\/YIT_Toivo-Roztyly-II_vizualizace_03-768x512.jpg 768w, https:\/\/bydletestylove.cz\/wp-content\/uploads\/2025\/06\/YIT_Toivo-Roztyly-II_vizualizace_03-1536x1024.jpg 1536w, https:\/\/bydletestylove.cz\/wp-content\/uploads\/2025\/06\/YIT_Toivo-Roztyly-II_vizualizace_03-2048x1365.jpg 2048w\" sizes=\"(max-width: 1024px) 100vw, 1024px\" \/><\/figure>\n\n\n\n<figure class=\"wp-block-image size-large\"><img decoding=\"async\" loading=\"lazy\" width=\"1024\" height=\"683\" data-id=\"1553\"  src=\"https:\/\/bydletestylove.cz\/wp-content\/uploads\/2025\/06\/YIT_Toivo-Roztyly_vizualizace-1024x683.png\" alt=\"Toivo Roztyly\" class=\"wp-image-1553\" srcset=\"https:\/\/bydletestylove.cz\/wp-content\/uploads\/2025\/06\/YIT_Toivo-Roztyly_vizualizace-1024x683.png 1024w, https:\/\/bydletestylove.cz\/wp-content\/uploads\/2025\/06\/YIT_Toivo-Roztyly_vizualizace-300x200.png 300w, https:\/\/bydletestylove.cz\/wp-content\/uploads\/2025\/06\/YIT_Toivo-Roztyly_vizualizace-768x512.png 768w, https:\/\/bydletestylove.cz\/wp-content\/uploads\/2025\/06\/YIT_Toivo-Roztyly_vizualizace-1536x1024.png 1536w, https:\/\/bydletestylove.cz\/wp-content\/uploads\/2025\/06\/YIT_Toivo-Roztyly_vizualizace-2048x1365.png 2048w\" sizes=\"(max-width: 1024px) 100vw, 1024px\" \/><\/figure>\n\n\n\n<figure class=\"wp-block-image size-large\"><img decoding=\"async\" loading=\"lazy\" width=\"1024\" height=\"682\" data-id=\"1548\"  src=\"https:\/\/bydletestylove.cz\/wp-content\/uploads\/2025\/06\/YIT_Toivo-Roztyly_terasa-1024x682.jpg\" alt=\"Toivo Roztyly\" class=\"wp-image-1548\" srcset=\"https:\/\/bydletestylove.cz\/wp-content\/uploads\/2025\/06\/YIT_Toivo-Roztyly_terasa-1024x682.jpg 1024w, https:\/\/bydletestylove.cz\/wp-content\/uploads\/2025\/06\/YIT_Toivo-Roztyly_terasa-300x200.jpg 300w, https:\/\/bydletestylove.cz\/wp-content\/uploads\/2025\/06\/YIT_Toivo-Roztyly_terasa-768x512.jpg 768w, https:\/\/bydletestylove.cz\/wp-content\/uploads\/2025\/06\/YIT_Toivo-Roztyly_terasa-1536x1024.jpg 1536w, https:\/\/bydletestylove.cz\/wp-content\/uploads\/2025\/06\/YIT_Toivo-Roztyly_terasa-2048x1365.jpg 2048w\" sizes=\"(max-width: 1024px) 100vw, 1024px\" \/><\/figure>\n\n\n\n<figure class=\"wp-block-image size-large\"><img decoding=\"async\" loading=\"lazy\" width=\"1024\" height=\"682\" data-id=\"1546\"  src=\"https:\/\/bydletestylove.cz\/wp-content\/uploads\/2025\/06\/YIT_Toivo-Roztyly_interier_01-1024x682.jpg\" alt=\"Toivo Roztyly\" class=\"wp-image-1546\" srcset=\"https:\/\/bydletestylove.cz\/wp-content\/uploads\/2025\/06\/YIT_Toivo-Roztyly_interier_01-1024x682.jpg 1024w, https:\/\/bydletestylove.cz\/wp-content\/uploads\/2025\/06\/YIT_Toivo-Roztyly_interier_01-300x200.jpg 300w, https:\/\/bydletestylove.cz\/wp-content\/uploads\/2025\/06\/YIT_Toivo-Roztyly_interier_01-768x512.jpg 768w, https:\/\/bydletestylove.cz\/wp-content\/uploads\/2025\/06\/YIT_Toivo-Roztyly_interier_01-1536x1024.jpg 1536w, https:\/\/bydletestylove.cz\/wp-content\/uploads\/2025\/06\/YIT_Toivo-Roztyly_interier_01-2048x1365.jpg 2048w\" sizes=\"(max-width: 1024px) 100vw, 1024px\" \/><\/figure>\n\n\n\n<figure class=\"wp-block-image size-large\"><img decoding=\"async\" loading=\"lazy\" width=\"1024\" height=\"682\" data-id=\"1547\"  src=\"https:\/\/bydletestylove.cz\/wp-content\/uploads\/2025\/06\/YIT_Toivo-Roztyly_interier_02-1024x682.jpg\" alt=\"Toivo Roztyly\" class=\"wp-image-1547\" srcset=\"https:\/\/bydletestylove.cz\/wp-content\/uploads\/2025\/06\/YIT_Toivo-Roztyly_interier_02-1024x682.jpg 1024w, https:\/\/bydletestylove.cz\/wp-content\/uploads\/2025\/06\/YIT_Toivo-Roztyly_interier_02-300x200.jpg 300w, https:\/\/bydletestylove.cz\/wp-content\/uploads\/2025\/06\/YIT_Toivo-Roztyly_interier_02-768x512.jpg 768w, https:\/\/bydletestylove.cz\/wp-content\/uploads\/2025\/06\/YIT_Toivo-Roztyly_interier_02-1536x1024.jpg 1536w, https:\/\/bydletestylove.cz\/wp-content\/uploads\/2025\/06\/YIT_Toivo-Roztyly_interier_02-2048x1365.jpg 2048w\" sizes=\"(max-width: 1024px) 100vw, 1024px\" \/><\/figure>\n<\/figure>\n\n\n\n<div style=\"height:30px\" aria-hidden=\"true\" class=\"wp-block-spacer\"><\/div>\n\n\n\n<p class=\"has-medium-font-size\"><strong>Zdroj foto:<\/strong>&nbsp;YIT<\/p>\n\n\n\n<div style=\"height:55px\" aria-hidden=\"true\" class=\"wp-block-spacer\"><\/div>\n","protected":false},"excerpt":{"rendered":"<p>Spole\u010dnost YIT zah\u00e1jila prodej jednotek ve druh\u00e9 etap\u011b reziden\u010dn\u00edho projektu Toivo Roztyly. \u010cty\u0159i bytov\u00e9 domy plynule navazuj\u00ed na prvn\u00ed f\u00e1zi v\u00fdstavby, kter\u00e1 je ji\u017e z velk\u00e9 \u010d\u00e1sti vyprod\u00e1na, a roz\u0161i\u0159uj\u00ed nab\u00eddku modern\u00edho bydlen\u00ed v lokalit\u011b pra\u017esk\u00fdch Roztyl o&nbsp;116&nbsp;ekologicky \u0161etrn\u00fdch byt\u016f. V\u00fdstavba druh\u00e9 etapy byla zah\u00e1jena na ja\u0159e leto\u0161n\u00edho roku, dokon\u010den\u00ed je pl\u00e1novan\u00e9 na za\u010d\u00e1tek roku 2027. Developer na projektu spolupracuje se sv\u00fdm dlouholet\u00fdm partnerem, investi\u010dn\u00ed skupinou RSJ. V r\u00e1mci projektu Toivo Roztyly II vyrostou v&nbsp;ulici Kom\u00e1rkova \u010dty\u0159i domy s jedn\u00edm podzemn\u00edm a p\u011bti a\u017e \u0161esti nadzemn\u00edmi podla\u017e\u00edmi (s posledn\u00edm ustupuj\u00edc\u00edm).&hellip;<\/p>\n","protected":false},"author":6,"featured_media":1547,"comment_status":"closed","ping_status":"open","sticky":false,"template":"","format":"standard","meta":{"_mi_skip_tracking":false,"_monsterinsights_sitenote_active":false,"_monsterinsights_sitenote_note":"","_monsterinsights_sitenote_category":0},"categories":[10,12,9,1,8],"tags":[],"yoast_head":"<!-- This site is optimized with the Yoast SEO plugin v21.4 - https:\/\/yoast.com\/wordpress\/plugins\/seo\/ -->\n<title>YIT spou\u0161t\u00ed druhou etapu projektu Toivo Roztyly - BydleteStylov\u011b.cz<\/title>\n<meta name=\"description\" content=\"Spole\u010dnost YIT zah\u00e1jila prodej jednotek ve druh\u00e9 etap\u011b reziden\u010dn\u00edho projektu Toivo Roztyly. \u010cty\u0159i bytov\u00e9 domy navazuj\u00ed na prvn\u00ed f\u00e1zi v\u00fdstavby.\" \/>\n<meta name=\"robots\" content=\"index, follow, max-snippet:-1, max-image-preview:large, max-video-preview:-1\" \/>\n<link rel=\"canonical\" href=\"https:\/\/bydletestylove.cz\/index.php\/byty\/yit-spousti-druhou-etapu-projektu-toivo-roztyly\/\" \/>\n<meta property=\"og:locale\" content=\"cs_CZ\" \/>\n<meta property=\"og:type\" content=\"article\" \/>\n<meta property=\"og:title\" content=\"YIT spou\u0161t\u00ed druhou etapu projektu Toivo Roztyly - BydleteStylov\u011b.cz\" \/>\n<meta property=\"og:description\" content=\"Spole\u010dnost YIT zah\u00e1jila prodej jednotek ve druh\u00e9 etap\u011b reziden\u010dn\u00edho projektu Toivo Roztyly. \u010cty\u0159i bytov\u00e9 domy navazuj\u00ed na prvn\u00ed f\u00e1zi v\u00fdstavby.\" \/>\n<meta property=\"og:url\" content=\"https:\/\/bydletestylove.cz\/index.php\/byty\/yit-spousti-druhou-etapu-projektu-toivo-roztyly\/\" \/>\n<meta property=\"og:site_name\" content=\"BydleteStylov\u011b.cz\" \/>\n<meta property=\"article:published_time\" content=\"2025-06-05T22:01:00+00:00\" \/>\n<meta property=\"article:modified_time\" content=\"2025-06-05T23:59:51+00:00\" \/>\n<meta property=\"og:image\" content=\"https:\/\/bydletestylove.cz\/wp-content\/uploads\/2025\/06\/YIT_Toivo-Roztyly_interier_02-scaled.jpg\" \/>\n\t<meta property=\"og:image:width\" content=\"2560\" \/>\n\t<meta property=\"og:image:height\" content=\"1706\" \/>\n\t<meta property=\"og:image:type\" content=\"image\/jpeg\" \/>\n<meta name=\"author\" content=\"Martina Pechov\u00e1\" \/>\n<meta name=\"twitter:card\" content=\"summary_large_image\" \/>\n<meta name=\"twitter:label1\" content=\"Napsal(a)\" \/>\n\t<meta name=\"twitter:data1\" content=\"Martina Pechov\u00e1\" \/>\n\t<meta name=\"twitter:label2\" content=\"Odhadovan\u00e1 doba \u010dten\u00ed\" \/>\n\t<meta name=\"twitter:data2\" content=\"7 minut\" \/>\n<script type=\"application\/ld+json\" class=\"yoast-schema-graph\">{\"@context\":\"https:\/\/schema.org\",\"@graph\":[{\"@type\":\"Article\",\"@id\":\"https:\/\/bydletestylove.cz\/index.php\/byty\/yit-spousti-druhou-etapu-projektu-toivo-roztyly\/#article\",\"isPartOf\":{\"@id\":\"https:\/\/bydletestylove.cz\/index.php\/byty\/yit-spousti-druhou-etapu-projektu-toivo-roztyly\/\"},\"author\":{\"name\":\"Martina Pechov\u00e1\",\"@id\":\"https:\/\/bydletestylove.cz\/#\/schema\/person\/10a133d2599b007f153f35688fef7fb1\"},\"headline\":\"YIT spou\u0161t\u00ed druhou etapu projektu Toivo Roztyly\",\"datePublished\":\"2025-06-05T22:01:00+00:00\",\"dateModified\":\"2025-06-05T23:59:51+00:00\",\"mainEntityOfPage\":{\"@id\":\"https:\/\/bydletestylove.cz\/index.php\/byty\/yit-spousti-druhou-etapu-projektu-toivo-roztyly\/\"},\"wordCount\":836,\"publisher\":{\"@id\":\"https:\/\/bydletestylove.cz\/#organization\"},\"articleSection\":[\"BYTY\",\"DESIGN &amp; ARCHITEKTURA\",\"DOMY &amp; RESIDENCE\",\"NOVINKY\",\"REKONSTRUKCE &amp; STAVBA\"],\"inLanguage\":\"cs\"},{\"@type\":\"WebPage\",\"@id\":\"https:\/\/bydletestylove.cz\/index.php\/byty\/yit-spousti-druhou-etapu-projektu-toivo-roztyly\/\",\"url\":\"https:\/\/bydletestylove.cz\/index.php\/byty\/yit-spousti-druhou-etapu-projektu-toivo-roztyly\/\",\"name\":\"YIT spou\u0161t\u00ed druhou etapu projektu Toivo Roztyly - BydleteStylov\u011b.cz\",\"isPartOf\":{\"@id\":\"https:\/\/bydletestylove.cz\/#website\"},\"datePublished\":\"2025-06-05T22:01:00+00:00\",\"dateModified\":\"2025-06-05T23:59:51+00:00\",\"description\":\"Spole\u010dnost YIT zah\u00e1jila prodej jednotek ve druh\u00e9 etap\u011b reziden\u010dn\u00edho projektu Toivo Roztyly. \u010cty\u0159i bytov\u00e9 domy navazuj\u00ed na prvn\u00ed f\u00e1zi v\u00fdstavby.\",\"breadcrumb\":{\"@id\":\"https:\/\/bydletestylove.cz\/index.php\/byty\/yit-spousti-druhou-etapu-projektu-toivo-roztyly\/#breadcrumb\"},\"inLanguage\":\"cs\",\"potentialAction\":[{\"@type\":\"ReadAction\",\"target\":[\"https:\/\/bydletestylove.cz\/index.php\/byty\/yit-spousti-druhou-etapu-projektu-toivo-roztyly\/\"]}]},{\"@type\":\"BreadcrumbList\",\"@id\":\"https:\/\/bydletestylove.cz\/index.php\/byty\/yit-spousti-druhou-etapu-projektu-toivo-roztyly\/#breadcrumb\",\"itemListElement\":[{\"@type\":\"ListItem\",\"position\":1,\"name\":\"Dom\u016f\",\"item\":\"https:\/\/bydletestylove.cz\/\"},{\"@type\":\"ListItem\",\"position\":2,\"name\":\"YIT spou\u0161t\u00ed druhou etapu projektu Toivo Roztyly\"}]},{\"@type\":\"WebSite\",\"@id\":\"https:\/\/bydletestylove.cz\/#website\",\"url\":\"https:\/\/bydletestylove.cz\/\",\"name\":\"BydleteStylov\u011b.cz\",\"description\":\"Port\u00e1l o stylov\u00e9m bydlen\u00ed...\",\"publisher\":{\"@id\":\"https:\/\/bydletestylove.cz\/#organization\"},\"potentialAction\":[{\"@type\":\"SearchAction\",\"target\":{\"@type\":\"EntryPoint\",\"urlTemplate\":\"https:\/\/bydletestylove.cz\/?s={search_term_string}\"},\"query-input\":\"required name=search_term_string\"}],\"inLanguage\":\"cs\"},{\"@type\":\"Organization\",\"@id\":\"https:\/\/bydletestylove.cz\/#organization\",\"name\":\"BydleteStylov\u011b.cz\",\"url\":\"https:\/\/bydletestylove.cz\/\",\"logo\":{\"@type\":\"ImageObject\",\"inLanguage\":\"cs\",\"@id\":\"https:\/\/bydletestylove.cz\/#\/schema\/logo\/image\/\",\"url\":\"https:\/\/bydletestylove.cz\/wp-content\/uploads\/2024\/12\/cropped-Logo-Bydlete-Stylove.jpg\",\"contentUrl\":\"https:\/\/bydletestylove.cz\/wp-content\/uploads\/2024\/12\/cropped-Logo-Bydlete-Stylove.jpg\",\"width\":290,\"height\":143,\"caption\":\"BydleteStylov\u011b.cz\"},\"image\":{\"@id\":\"https:\/\/bydletestylove.cz\/#\/schema\/logo\/image\/\"},\"sameAs\":[\"https:\/\/www.instagram.com\/bydletestylove.cz\/\"]},{\"@type\":\"Person\",\"@id\":\"https:\/\/bydletestylove.cz\/#\/schema\/person\/10a133d2599b007f153f35688fef7fb1\",\"name\":\"Martina Pechov\u00e1\",\"image\":{\"@type\":\"ImageObject\",\"inLanguage\":\"cs\",\"@id\":\"https:\/\/bydletestylove.cz\/#\/schema\/person\/image\/\",\"url\":\"https:\/\/secure.gravatar.com\/avatar\/f0b7849f9f82bc20952396010e3c9adb?s=96&d=mm&r=g\",\"contentUrl\":\"https:\/\/secure.gravatar.com\/avatar\/f0b7849f9f82bc20952396010e3c9adb?s=96&d=mm&r=g\",\"caption\":\"Martina Pechov\u00e1\"},\"sameAs\":[\"http:\/\/BydleteStylove.cz\"],\"url\":\"https:\/\/bydletestylove.cz\/index.php\/author\/marpech\/\"}]}<\/script>\n<!-- \/ Yoast SEO plugin. -->","yoast_head_json":{"title":"YIT spou\u0161t\u00ed druhou etapu projektu Toivo Roztyly - BydleteStylov\u011b.cz","description":"Spole\u010dnost YIT zah\u00e1jila prodej jednotek ve druh\u00e9 etap\u011b reziden\u010dn\u00edho projektu Toivo Roztyly. \u010cty\u0159i bytov\u00e9 domy navazuj\u00ed na prvn\u00ed f\u00e1zi v\u00fdstavby.","robots":{"index":"index","follow":"follow","max-snippet":"max-snippet:-1","max-image-preview":"max-image-preview:large","max-video-preview":"max-video-preview:-1"},"canonical":"https:\/\/bydletestylove.cz\/index.php\/byty\/yit-spousti-druhou-etapu-projektu-toivo-roztyly\/","og_locale":"cs_CZ","og_type":"article","og_title":"YIT spou\u0161t\u00ed druhou etapu projektu Toivo Roztyly - BydleteStylov\u011b.cz","og_description":"Spole\u010dnost YIT zah\u00e1jila prodej jednotek ve druh\u00e9 etap\u011b reziden\u010dn\u00edho projektu Toivo Roztyly. \u010cty\u0159i bytov\u00e9 domy navazuj\u00ed na prvn\u00ed f\u00e1zi v\u00fdstavby.","og_url":"https:\/\/bydletestylove.cz\/index.php\/byty\/yit-spousti-druhou-etapu-projektu-toivo-roztyly\/","og_site_name":"BydleteStylov\u011b.cz","article_published_time":"2025-06-05T22:01:00+00:00","article_modified_time":"2025-06-05T23:59:51+00:00","og_image":[{"width":2560,"height":1706,"url":"https:\/\/bydletestylove.cz\/wp-content\/uploads\/2025\/06\/YIT_Toivo-Roztyly_interier_02-scaled.jpg","type":"image\/jpeg"}],"author":"Martina Pechov\u00e1","twitter_card":"summary_large_image","twitter_misc":{"Napsal(a)":"Martina Pechov\u00e1","Odhadovan\u00e1 doba \u010dten\u00ed":"7 minut"},"schema":{"@context":"https:\/\/schema.org","@graph":[{"@type":"Article","@id":"https:\/\/bydletestylove.cz\/index.php\/byty\/yit-spousti-druhou-etapu-projektu-toivo-roztyly\/#article","isPartOf":{"@id":"https:\/\/bydletestylove.cz\/index.php\/byty\/yit-spousti-druhou-etapu-projektu-toivo-roztyly\/"},"author":{"name":"Martina Pechov\u00e1","@id":"https:\/\/bydletestylove.cz\/#\/schema\/person\/10a133d2599b007f153f35688fef7fb1"},"headline":"YIT spou\u0161t\u00ed druhou etapu projektu Toivo Roztyly","datePublished":"2025-06-05T22:01:00+00:00","dateModified":"2025-06-05T23:59:51+00:00","mainEntityOfPage":{"@id":"https:\/\/bydletestylove.cz\/index.php\/byty\/yit-spousti-druhou-etapu-projektu-toivo-roztyly\/"},"wordCount":836,"publisher":{"@id":"https:\/\/bydletestylove.cz\/#organization"},"articleSection":["BYTY","DESIGN &amp; ARCHITEKTURA","DOMY &amp; RESIDENCE","NOVINKY","REKONSTRUKCE &amp; STAVBA"],"inLanguage":"cs"},{"@type":"WebPage","@id":"https:\/\/bydletestylove.cz\/index.php\/byty\/yit-spousti-druhou-etapu-projektu-toivo-roztyly\/","url":"https:\/\/bydletestylove.cz\/index.php\/byty\/yit-spousti-druhou-etapu-projektu-toivo-roztyly\/","name":"YIT spou\u0161t\u00ed druhou etapu projektu Toivo Roztyly - BydleteStylov\u011b.cz","isPartOf":{"@id":"https:\/\/bydletestylove.cz\/#website"},"datePublished":"2025-06-05T22:01:00+00:00","dateModified":"2025-06-05T23:59:51+00:00","description":"Spole\u010dnost YIT zah\u00e1jila prodej jednotek ve druh\u00e9 etap\u011b reziden\u010dn\u00edho projektu Toivo Roztyly. \u010cty\u0159i bytov\u00e9 domy navazuj\u00ed na prvn\u00ed f\u00e1zi v\u00fdstavby.","breadcrumb":{"@id":"https:\/\/bydletestylove.cz\/index.php\/byty\/yit-spousti-druhou-etapu-projektu-toivo-roztyly\/#breadcrumb"},"inLanguage":"cs","potentialAction":[{"@type":"ReadAction","target":["https:\/\/bydletestylove.cz\/index.php\/byty\/yit-spousti-druhou-etapu-projektu-toivo-roztyly\/"]}]},{"@type":"BreadcrumbList","@id":"https:\/\/bydletestylove.cz\/index.php\/byty\/yit-spousti-druhou-etapu-projektu-toivo-roztyly\/#breadcrumb","itemListElement":[{"@type":"ListItem","position":1,"name":"Dom\u016f","item":"https:\/\/bydletestylove.cz\/"},{"@type":"ListItem","position":2,"name":"YIT spou\u0161t\u00ed druhou etapu projektu Toivo Roztyly"}]},{"@type":"WebSite","@id":"https:\/\/bydletestylove.cz\/#website","url":"https:\/\/bydletestylove.cz\/","name":"BydleteStylov\u011b.cz","description":"Port\u00e1l o stylov\u00e9m bydlen\u00ed...","publisher":{"@id":"https:\/\/bydletestylove.cz\/#organization"},"potentialAction":[{"@type":"SearchAction","target":{"@type":"EntryPoint","urlTemplate":"https:\/\/bydletestylove.cz\/?s={search_term_string}"},"query-input":"required name=search_term_string"}],"inLanguage":"cs"},{"@type":"Organization","@id":"https:\/\/bydletestylove.cz\/#organization","name":"BydleteStylov\u011b.cz","url":"https:\/\/bydletestylove.cz\/","logo":{"@type":"ImageObject","inLanguage":"cs","@id":"https:\/\/bydletestylove.cz\/#\/schema\/logo\/image\/","url":"https:\/\/bydletestylove.cz\/wp-content\/uploads\/2024\/12\/cropped-Logo-Bydlete-Stylove.jpg","contentUrl":"https:\/\/bydletestylove.cz\/wp-content\/uploads\/2024\/12\/cropped-Logo-Bydlete-Stylove.jpg","width":290,"height":143,"caption":"BydleteStylov\u011b.cz"},"image":{"@id":"https:\/\/bydletestylove.cz\/#\/schema\/logo\/image\/"},"sameAs":["https:\/\/www.instagram.com\/bydletestylove.cz\/"]},{"@type":"Person","@id":"https:\/\/bydletestylove.cz\/#\/schema\/person\/10a133d2599b007f153f35688fef7fb1","name":"Martina Pechov\u00e1","image":{"@type":"ImageObject","inLanguage":"cs","@id":"https:\/\/bydletestylove.cz\/#\/schema\/person\/image\/","url":"https:\/\/secure.gravatar.com\/avatar\/f0b7849f9f82bc20952396010e3c9adb?s=96&d=mm&r=g","contentUrl":"https:\/\/secure.gravatar.com\/avatar\/f0b7849f9f82bc20952396010e3c9adb?s=96&d=mm&r=g","caption":"Martina Pechov\u00e1"},"sameAs":["http:\/\/BydleteStylove.cz"],"url":"https:\/\/bydletestylove.cz\/index.php\/author\/marpech\/"}]}},"_links":{"self":[{"href":"https:\/\/bydletestylove.cz\/index.php\/wp-json\/wp\/v2\/posts\/1545"}],"collection":[{"href":"https:\/\/bydletestylove.cz\/index.php\/wp-json\/wp\/v2\/posts"}],"about":[{"href":"https:\/\/bydletestylove.cz\/index.php\/wp-json\/wp\/v2\/types\/post"}],"author":[{"embeddable":true,"href":"https:\/\/bydletestylove.cz\/index.php\/wp-json\/wp\/v2\/users\/6"}],"replies":[{"embeddable":true,"href":"https:\/\/bydletestylove.cz\/index.php\/wp-json\/wp\/v2\/comments?post=1545"}],"version-history":[{"count":3,"href":"https:\/\/bydletestylove.cz\/index.php\/wp-json\/wp\/v2\/posts\/1545\/revisions"}],"predecessor-version":[{"id":1556,"href":"https:\/\/bydletestylove.cz\/index.php\/wp-json\/wp\/v2\/posts\/1545\/revisions\/1556"}],"wp:featuredmedia":[{"embeddable":true,"href":"https:\/\/bydletestylove.cz\/index.php\/wp-json\/wp\/v2\/media\/1547"}],"wp:attachment":[{"href":"https:\/\/bydletestylove.cz\/index.php\/wp-json\/wp\/v2\/media?parent=1545"}],"wp:term":[{"taxonomy":"category","embeddable":true,"href":"https:\/\/bydletestylove.cz\/index.php\/wp-json\/wp\/v2\/categories?post=1545"},{"taxonomy":"post_tag","embeddable":true,"href":"https:\/\/bydletestylove.cz\/index.php\/wp-json\/wp\/v2\/tags?post=1545"}],"curies":[{"name":"wp","href":"https:\/\/api.w.org\/{rel}","templated":true}]}}