{"id":1481,"date":"2025-05-16T00:01:00","date_gmt":"2025-05-15T22:01:00","guid":{"rendered":"https:\/\/bydletestylove.cz\/?p=1481"},"modified":"2025-05-11T21:39:29","modified_gmt":"2025-05-11T19:39:29","slug":"psn-spousti-prodej-projektu-brno-jedna-v-nove-rezidencni-ctvrti-v-srdci-brna","status":"publish","type":"post","link":"https:\/\/bydletestylove.cz\/index.php\/byty\/psn-spousti-prodej-projektu-brno-jedna-v-nove-rezidencni-ctvrti-v-srdci-brna\/","title":{"rendered":"<span>PSN spou\u0161t\u00ed prodej projektu Brno Jedna v nov\u00e9 reziden\u010dn\u00ed \u010dtvrti v srdci Brna<\/span>"},"content":{"rendered":"\n<div style=\"height:35px\" aria-hidden=\"true\" class=\"wp-block-spacer\"><\/div>\n\n\n\n<p class=\"has-medium-font-size\"><strong>V Plyn\u00e1rensk\u00e9 ulici p\u0159\u00edmo na n\u00e1b\u0159e\u017e\u00ed \u0159eky Svitavy vznik\u00e1 modern\u00ed reziden\u010dn\u00ed \u010dtvr\u0165 s d\u016frazem na komunitu a kvalitu \u017eivota. Spole\u010dnost PSN zahajuje prodej prvn\u00ed etapy reziden\u010dn\u00edho projektu\u00a0Brno Jedna, kter\u00fd vznik\u00e1 v lokalit\u011b proch\u00e1zej\u00edc\u00ed z\u00e1sadn\u00ed prom\u011bnou \u2013 jen p\u00e1r minut od samotn\u00e9ho centra Brna. Prvn\u00ed dv\u011b budovy \u2013\u00a0 Neon a Xenon\u00a0\u2013 nab\u00eddnou celkem\u00a0188 jednotek\u00a0o dispozic\u00edch od\u00a01+kk po 4+kk, dopln\u011bn\u00e9 o\u00a0obchodn\u00ed prostory, komunitn\u00ed z\u00e1zem\u00ed i prvky ekologick\u00e9ho bydlen\u00ed. Dokon\u010den\u00ed prvn\u00ed etapy je pl\u00e1nov\u00e1no na\u00a0rok 2027.<\/strong><\/p>\n\n\n\n<div style=\"height:35px\" aria-hidden=\"true\" class=\"wp-block-spacer\"><\/div>\n\n\n<div class=\"wp-block-image\">\n<figure class=\"aligncenter size-large\"><img decoding=\"async\" loading=\"lazy\" width=\"1024\" height=\"640\" src=\"http:\/\/bydletestylove.cz\/wp-content\/uploads\/2025\/05\/PSN_Brno-Jedna_kavarna_kolarna-1024x640.jpg\" alt=\"PSN spou\u0161t\u00ed prodej projektu Brno Jedna v nov\u00e9 reziden\u010dn\u00ed \u010dtvrti v srdci Brna\" class=\"wp-image-1484\" srcset=\"https:\/\/bydletestylove.cz\/wp-content\/uploads\/2025\/05\/PSN_Brno-Jedna_kavarna_kolarna-1024x640.jpg 1024w, https:\/\/bydletestylove.cz\/wp-content\/uploads\/2025\/05\/PSN_Brno-Jedna_kavarna_kolarna-300x188.jpg 300w, https:\/\/bydletestylove.cz\/wp-content\/uploads\/2025\/05\/PSN_Brno-Jedna_kavarna_kolarna-768x480.jpg 768w, https:\/\/bydletestylove.cz\/wp-content\/uploads\/2025\/05\/PSN_Brno-Jedna_kavarna_kolarna-1536x960.jpg 1536w, https:\/\/bydletestylove.cz\/wp-content\/uploads\/2025\/05\/PSN_Brno-Jedna_kavarna_kolarna.jpg 2000w\" sizes=\"(max-width: 1024px) 100vw, 1024px\" \/><\/figure><\/div>\n\n\n<div style=\"height:35px\" aria-hidden=\"true\" class=\"wp-block-spacer\"><\/div>\n\n\n\n<p class=\"has-medium-font-size\"><img decoding=\"async\" src=\"\">\u201e<a href=\"https:\/\/brnojedna.cz\/\"><em>Brno Jedna<\/em><\/a><em> p\u0159in\u00e1\u0161\u00ed do brn\u011bnsk\u00e9ho urbanismu nov\u00fd impuls.&nbsp;Propojujeme modern\u00ed architekturu, chytr\u00e1 \u0159e\u0161en\u00ed a \u0161etrn\u00fd p\u0159\u00edstup k \u017eivotn\u00edmu prost\u0159ed\u00ed. Vznik\u00e1 zde \u010dtvr\u0165, kter\u00e1 odpov\u00edd\u00e1 na po\u017eadavky sou\u010dasn\u00e9ho m\u011bstsk\u00e9ho bydlen\u00ed \u2013 od komfortn\u00edch jednotek a\u017e po komunitn\u00ed z\u00e1zem\u00ed a aktivn\u00ed \u017eivotn\u00ed styl,\u201c<\/em> \u0159\u00edk\u00e1&nbsp;Petr Posp\u00ed\u0161il, \u0159editel brn\u011bnsk\u00e9 pobo\u010dky <a href=\"https:\/\/www.psn.cz\/\">PSN<\/a>.<\/p>\n\n\n\n<div style=\"height:35px\" aria-hidden=\"true\" class=\"wp-block-spacer\"><\/div>\n\n\n\n<h2 class=\"wp-block-heading\">Brno Jedna: spojen\u00ed historick\u00e9ho charakteru s modern\u00edmi technologiemi<\/h2>\n\n\n\n<div style=\"height:35px\" aria-hidden=\"true\" class=\"wp-block-spacer\"><\/div>\n\n\n\n<p class=\"has-medium-font-size\"><img decoding=\"async\" src=\"\">Projekt \u010derp\u00e1 inspiraci z industri\u00e1ln\u00ed minulosti are\u00e1lu, kterou p\u0159etv\u00e1\u0159\u00ed v modern\u00ed, funk\u010dn\u00ed a ekologicky udr\u017eitelnou m\u011bstskou \u010dtvr\u0165. Sou\u010d\u00e1st\u00ed projektu jsou&nbsp;sol\u00e1rn\u00ed panely,&nbsp;reten\u010dn\u00ed syst\u00e9my na de\u0161\u0165ovou vodu,&nbsp;nab\u00edjec\u00ed stanice pro elektromobily,&nbsp;cyklostojany&nbsp;nebo&nbsp;mo\u017enost vyu\u017eit\u00ed sd\u00edlen\u00fdch kol pro obyvatele.<\/p>\n\n\n\n<div style=\"height:35px\" aria-hidden=\"true\" class=\"wp-block-spacer\"><\/div>\n\n\n<div class=\"wp-block-image\">\n<figure class=\"aligncenter size-large\"><img decoding=\"async\" loading=\"lazy\" width=\"1024\" height=\"576\" src=\"http:\/\/bydletestylove.cz\/wp-content\/uploads\/2025\/05\/PSN_Brno-Jedna_interier_02-1024x576.jpg\" alt=\"PSN spou\u0161t\u00ed prodej projektu Brno Jedna v nov\u00e9 reziden\u010dn\u00ed \u010dtvrti v srdci Brna\" class=\"wp-image-1485\" srcset=\"https:\/\/bydletestylove.cz\/wp-content\/uploads\/2025\/05\/PSN_Brno-Jedna_interier_02-1024x576.jpg 1024w, https:\/\/bydletestylove.cz\/wp-content\/uploads\/2025\/05\/PSN_Brno-Jedna_interier_02-300x169.jpg 300w, https:\/\/bydletestylove.cz\/wp-content\/uploads\/2025\/05\/PSN_Brno-Jedna_interier_02-768x432.jpg 768w, https:\/\/bydletestylove.cz\/wp-content\/uploads\/2025\/05\/PSN_Brno-Jedna_interier_02-1536x864.jpg 1536w, https:\/\/bydletestylove.cz\/wp-content\/uploads\/2025\/05\/PSN_Brno-Jedna_interier_02-2048x1152.jpg 2048w\" sizes=\"(max-width: 1024px) 100vw, 1024px\" \/><\/figure><\/div>\n\n\n<div style=\"height:35px\" aria-hidden=\"true\" class=\"wp-block-spacer\"><\/div>\n\n\n\n<h2 class=\"wp-block-heading\">Komfort a komunitn\u00ed z\u00e1zem\u00ed<\/h2>\n\n\n\n<div style=\"height:35px\" aria-hidden=\"true\" class=\"wp-block-spacer\"><\/div>\n\n\n\n<p class=\"has-medium-font-size\"><img decoding=\"async\" src=\"\">Rezidenti se mohou t\u011b\u0161it na nadstandardn\u00ed spole\u010dn\u00e9 prostory, jako jsou&nbsp;relaxa\u010dn\u00ed terasa s grilem a&nbsp;v\u00fdhledem na panorama m\u011bsta a&nbsp;spole\u010densk\u00e1 terasa s workout z\u00f3nou,&nbsp;pr\u00e1delnu,&nbsp;ko\u010d\u00e1rk\u00e1rnu&nbsp;a&nbsp;kol\u00e1rnu. Projekt po\u010d\u00edt\u00e1 tak\u00e9 s&nbsp;prostory pro&nbsp;slu\u017eby a obchody, \u010d\u00edm\u017e p\u0159isp\u00edv\u00e1 k \u017eiv\u00e9mu komunitn\u00edmu \u017eivotu. Urbanistick\u00fd a architektonick\u00fd n\u00e1vrh p\u0159in\u00e1\u0161\u00ed nejen funk\u010dn\u00ed \u0159e\u0161en\u00ed, ale i silnou vizi budouc\u00edho \u017eivota v t\u00e9to \u010d\u00e1sti m\u011bsta.<\/p>\n\n\n\n<p class=\"has-medium-font-size\">\u201e<em>Navrhli jsme m\u00edsto, kter\u00e9 p\u0159irozen\u011b zapad\u00e1 do sv\u00e9ho kontextu \u2013 odkazuje na industri\u00e1ln\u00ed minulost are\u00e1lu, ale d\u00edv\u00e1 se sm\u011brem k budoucnosti. Z\u00e1rove\u0148 se sna\u017e\u00edme nab\u00eddnout jin\u00fd p\u0159\u00edstup k m\u011bstsk\u00e9mu bydlen\u00ed: m\u00edsto prost\u00e9ho soukrom\u00ed klademe d\u016fraz na komunitu, sd\u00edlen\u00e9 prostory a kontakt s okol\u00edm. V\u011b\u0159\u00edme, \u017ee Brno Jedna m\u016f\u017ee b\u00fdt za\u010d\u00e1tkem nov\u00e9 kapitoly t\u00e9to \u010d\u00e1sti m\u011bsta,\u201c<\/em> dopl\u0148uje Anna Vr\u0161kov\u00e1, architekta ze studia A8000, kter\u00e9 stoj\u00ed za celkov\u00fdm n\u00e1vrhem nov\u00e9ho are\u00e1lu.<\/p>\n\n\n\n<p class=\"has-medium-font-size\">Studio A8000 pro PSN p\u0159ipravilo komplexn\u00ed architektonick\u00fd n\u00e1vrh v\u010detn\u011b koncepce ve\u0159ejn\u00e9ho prostoru a funk\u010dn\u00ed n\u00e1pln\u011b obou dom\u016f.<\/p>\n\n\n\n<div style=\"height:35px\" aria-hidden=\"true\" class=\"wp-block-spacer\"><\/div>\n\n\n<div class=\"wp-block-image\">\n<figure class=\"aligncenter size-large\"><img decoding=\"async\" loading=\"lazy\" width=\"1024\" height=\"640\" src=\"http:\/\/bydletestylove.cz\/wp-content\/uploads\/2025\/05\/PSN_Brno-Jedna_terasa-1024x640.jpg\" alt=\"PSN spou\u0161t\u00ed prodej projektu Brno Jedna v nov\u00e9 reziden\u010dn\u00ed \u010dtvrti v srdci Brna\" class=\"wp-image-1482\" srcset=\"https:\/\/bydletestylove.cz\/wp-content\/uploads\/2025\/05\/PSN_Brno-Jedna_terasa-1024x640.jpg 1024w, https:\/\/bydletestylove.cz\/wp-content\/uploads\/2025\/05\/PSN_Brno-Jedna_terasa-300x188.jpg 300w, https:\/\/bydletestylove.cz\/wp-content\/uploads\/2025\/05\/PSN_Brno-Jedna_terasa-768x480.jpg 768w, https:\/\/bydletestylove.cz\/wp-content\/uploads\/2025\/05\/PSN_Brno-Jedna_terasa-1536x960.jpg 1536w, https:\/\/bydletestylove.cz\/wp-content\/uploads\/2025\/05\/PSN_Brno-Jedna_terasa.jpg 2000w\" sizes=\"(max-width: 1024px) 100vw, 1024px\" \/><\/figure><\/div>\n\n\n<div style=\"height:35px\" aria-hidden=\"true\" class=\"wp-block-spacer\"><\/div>\n\n\n\n<h2 class=\"wp-block-heading\">Brno Jedna v \u010d\u00edslech<\/h2>\n\n\n\n<div style=\"height:33px\" aria-hidden=\"true\" class=\"wp-block-spacer\"><\/div>\n\n\n\n<ul>\n<li class=\"has-medium-font-size\">188 jednotek v prvn\u00ed etap\u011b<\/li>\n\n\n\n<li class=\"has-medium-font-size\">dispozice od 1+kk po 4+kk<\/li>\n\n\n\n<li class=\"has-medium-font-size\">pl\u00e1novan\u00e9 dokon\u010den\u00ed: konec roku 2027<\/li>\n\n\n\n<li class=\"has-medium-font-size\">um\u00edst\u011bn\u00ed: Plyn\u00e1rensk\u00e1 ulice, 10 min od centra m\u011bsta<\/li>\n<\/ul>\n\n\n\n<div style=\"height:100px\" aria-hidden=\"true\" class=\"wp-block-spacer\"><\/div>\n\n\n\n<figure class=\"wp-block-gallery has-nested-images columns-2 is-cropped wp-block-gallery-1 is-layout-flex\">\n<figure class=\"wp-block-image size-large\"><img decoding=\"async\" loading=\"lazy\" width=\"1024\" height=\"640\" data-id=\"1484\"  src=\"https:\/\/bydletestylove.cz\/wp-content\/uploads\/2025\/05\/PSN_Brno-Jedna_kavarna_kolarna-1024x640.jpg\" alt=\"PSN spou\u0161t\u00ed prodej projektu Brno Jedna v nov\u00e9 reziden\u010dn\u00ed \u010dtvrti v srdci Brna\" class=\"wp-image-1484\" srcset=\"https:\/\/bydletestylove.cz\/wp-content\/uploads\/2025\/05\/PSN_Brno-Jedna_kavarna_kolarna-1024x640.jpg 1024w, https:\/\/bydletestylove.cz\/wp-content\/uploads\/2025\/05\/PSN_Brno-Jedna_kavarna_kolarna-300x188.jpg 300w, https:\/\/bydletestylove.cz\/wp-content\/uploads\/2025\/05\/PSN_Brno-Jedna_kavarna_kolarna-768x480.jpg 768w, https:\/\/bydletestylove.cz\/wp-content\/uploads\/2025\/05\/PSN_Brno-Jedna_kavarna_kolarna-1536x960.jpg 1536w, https:\/\/bydletestylove.cz\/wp-content\/uploads\/2025\/05\/PSN_Brno-Jedna_kavarna_kolarna.jpg 2000w\" sizes=\"(max-width: 1024px) 100vw, 1024px\" \/><\/figure>\n\n\n\n<figure class=\"wp-block-image size-large\"><img decoding=\"async\" loading=\"lazy\" width=\"1024\" height=\"576\" data-id=\"1485\"  src=\"https:\/\/bydletestylove.cz\/wp-content\/uploads\/2025\/05\/PSN_Brno-Jedna_interier_02-1024x576.jpg\" alt=\"PSN spou\u0161t\u00ed prodej projektu Brno Jedna v nov\u00e9 reziden\u010dn\u00ed \u010dtvrti v srdci Brna\" class=\"wp-image-1485\" srcset=\"https:\/\/bydletestylove.cz\/wp-content\/uploads\/2025\/05\/PSN_Brno-Jedna_interier_02-1024x576.jpg 1024w, https:\/\/bydletestylove.cz\/wp-content\/uploads\/2025\/05\/PSN_Brno-Jedna_interier_02-300x169.jpg 300w, https:\/\/bydletestylove.cz\/wp-content\/uploads\/2025\/05\/PSN_Brno-Jedna_interier_02-768x432.jpg 768w, https:\/\/bydletestylove.cz\/wp-content\/uploads\/2025\/05\/PSN_Brno-Jedna_interier_02-1536x864.jpg 1536w, https:\/\/bydletestylove.cz\/wp-content\/uploads\/2025\/05\/PSN_Brno-Jedna_interier_02-2048x1152.jpg 2048w\" sizes=\"(max-width: 1024px) 100vw, 1024px\" \/><\/figure>\n\n\n\n<figure class=\"wp-block-image size-large\"><img decoding=\"async\" loading=\"lazy\" width=\"1024\" height=\"640\" data-id=\"1482\"  src=\"https:\/\/bydletestylove.cz\/wp-content\/uploads\/2025\/05\/PSN_Brno-Jedna_terasa-1024x640.jpg\" alt=\"PSN spou\u0161t\u00ed prodej projektu Brno Jedna v nov\u00e9 reziden\u010dn\u00ed \u010dtvrti v srdci Brna\" class=\"wp-image-1482\" srcset=\"https:\/\/bydletestylove.cz\/wp-content\/uploads\/2025\/05\/PSN_Brno-Jedna_terasa-1024x640.jpg 1024w, https:\/\/bydletestylove.cz\/wp-content\/uploads\/2025\/05\/PSN_Brno-Jedna_terasa-300x188.jpg 300w, https:\/\/bydletestylove.cz\/wp-content\/uploads\/2025\/05\/PSN_Brno-Jedna_terasa-768x480.jpg 768w, https:\/\/bydletestylove.cz\/wp-content\/uploads\/2025\/05\/PSN_Brno-Jedna_terasa-1536x960.jpg 1536w, https:\/\/bydletestylove.cz\/wp-content\/uploads\/2025\/05\/PSN_Brno-Jedna_terasa.jpg 2000w\" sizes=\"(max-width: 1024px) 100vw, 1024px\" \/><\/figure>\n\n\n\n<figure class=\"wp-block-image size-large\"><img decoding=\"async\" loading=\"lazy\" width=\"1024\" height=\"576\" data-id=\"1483\"  src=\"https:\/\/bydletestylove.cz\/wp-content\/uploads\/2025\/05\/PSN_Brno-Jedna_interier-1024x576.jpg\" alt=\"PSN spou\u0161t\u00ed prodej projektu Brno Jedna v nov\u00e9 reziden\u010dn\u00ed \u010dtvrti v srdci Brna\" class=\"wp-image-1483\" srcset=\"https:\/\/bydletestylove.cz\/wp-content\/uploads\/2025\/05\/PSN_Brno-Jedna_interier-1024x576.jpg 1024w, https:\/\/bydletestylove.cz\/wp-content\/uploads\/2025\/05\/PSN_Brno-Jedna_interier-300x169.jpg 300w, https:\/\/bydletestylove.cz\/wp-content\/uploads\/2025\/05\/PSN_Brno-Jedna_interier-768x432.jpg 768w, https:\/\/bydletestylove.cz\/wp-content\/uploads\/2025\/05\/PSN_Brno-Jedna_interier-1536x864.jpg 1536w, https:\/\/bydletestylove.cz\/wp-content\/uploads\/2025\/05\/PSN_Brno-Jedna_interier.jpg 2000w\" sizes=\"(max-width: 1024px) 100vw, 1024px\" \/><\/figure>\n<\/figure>\n\n\n\n<div style=\"height:30px\" aria-hidden=\"true\" class=\"wp-block-spacer\"><\/div>\n\n\n\n<p class=\"has-medium-font-size\"><strong>Zdroj foto:<\/strong>&nbsp;PSN<\/p>\n\n\n\n<div style=\"height:55px\" aria-hidden=\"true\" class=\"wp-block-spacer\"><\/div>\n","protected":false},"excerpt":{"rendered":"<p>V Plyn\u00e1rensk\u00e9 ulici p\u0159\u00edmo na n\u00e1b\u0159e\u017e\u00ed \u0159eky Svitavy vznik\u00e1 modern\u00ed reziden\u010dn\u00ed \u010dtvr\u0165 s d\u016frazem na komunitu a kvalitu \u017eivota. Spole\u010dnost PSN zahajuje prodej prvn\u00ed etapy reziden\u010dn\u00edho projektu\u00a0Brno Jedna, kter\u00fd vznik\u00e1 v lokalit\u011b proch\u00e1zej\u00edc\u00ed z\u00e1sadn\u00ed prom\u011bnou \u2013 jen p\u00e1r minut od samotn\u00e9ho centra Brna. Prvn\u00ed dv\u011b budovy \u2013\u00a0 Neon a Xenon\u00a0\u2013 nab\u00eddnou celkem\u00a0188 jednotek\u00a0o dispozic\u00edch od\u00a01+kk po 4+kk, dopln\u011bn\u00e9 o\u00a0obchodn\u00ed prostory, komunitn\u00ed z\u00e1zem\u00ed i prvky ekologick\u00e9ho bydlen\u00ed. Dokon\u010den\u00ed prvn\u00ed etapy je pl\u00e1nov\u00e1no na\u00a0rok 2027. \u201eBrno Jedna p\u0159in\u00e1\u0161\u00ed do brn\u011bnsk\u00e9ho urbanismu nov\u00fd impuls.&nbsp;Propojujeme modern\u00ed architekturu, chytr\u00e1 \u0159e\u0161en\u00ed a \u0161etrn\u00fd p\u0159\u00edstup k \u017eivotn\u00edmu&hellip;<\/p>\n","protected":false},"author":6,"featured_media":1483,"comment_status":"closed","ping_status":"open","sticky":false,"template":"","format":"standard","meta":{"_mi_skip_tracking":false,"_monsterinsights_sitenote_active":false,"_monsterinsights_sitenote_note":"","_monsterinsights_sitenote_category":0},"categories":[10,9,1,8],"tags":[],"yoast_head":"<!-- This site is optimized with the Yoast SEO plugin v21.4 - https:\/\/yoast.com\/wordpress\/plugins\/seo\/ -->\n<title>PSN spou\u0161t\u00ed prodej projektu Brno Jedna v nov\u00e9 reziden\u010dn\u00ed \u010dtvrti v srdci Brna - BydleteStylov\u011b.cz<\/title>\n<meta name=\"description\" content=\"V Plyn\u00e1rensk\u00e9 ulici vznik\u00e1 reziden\u010dn\u00ed \u010dtvr\u0165 s d\u016frazem na komunitu a kvalitu \u017eivota. PSN zahajuje prodej reziden\u010dn\u00edho projektu\u00a0Brno Jedna.\" \/>\n<meta name=\"robots\" content=\"index, follow, max-snippet:-1, max-image-preview:large, max-video-preview:-1\" \/>\n<link rel=\"canonical\" href=\"https:\/\/bydletestylove.cz\/index.php\/byty\/psn-spousti-prodej-projektu-brno-jedna-v-nove-rezidencni-ctvrti-v-srdci-brna\/\" \/>\n<meta property=\"og:locale\" content=\"cs_CZ\" \/>\n<meta property=\"og:type\" content=\"article\" \/>\n<meta property=\"og:title\" content=\"PSN spou\u0161t\u00ed prodej projektu Brno Jedna v nov\u00e9 reziden\u010dn\u00ed \u010dtvrti v srdci Brna - BydleteStylov\u011b.cz\" \/>\n<meta property=\"og:description\" content=\"V Plyn\u00e1rensk\u00e9 ulici vznik\u00e1 reziden\u010dn\u00ed \u010dtvr\u0165 s d\u016frazem na komunitu a kvalitu \u017eivota. PSN zahajuje prodej reziden\u010dn\u00edho projektu\u00a0Brno Jedna.\" \/>\n<meta property=\"og:url\" content=\"https:\/\/bydletestylove.cz\/index.php\/byty\/psn-spousti-prodej-projektu-brno-jedna-v-nove-rezidencni-ctvrti-v-srdci-brna\/\" \/>\n<meta property=\"og:site_name\" content=\"BydleteStylov\u011b.cz\" \/>\n<meta property=\"article:published_time\" content=\"2025-05-15T22:01:00+00:00\" \/>\n<meta property=\"article:modified_time\" content=\"2025-05-11T19:39:29+00:00\" \/>\n<meta property=\"og:image\" content=\"https:\/\/bydletestylove.cz\/wp-content\/uploads\/2025\/05\/PSN_Brno-Jedna_interier.jpg\" \/>\n\t<meta property=\"og:image:width\" content=\"2000\" \/>\n\t<meta property=\"og:image:height\" content=\"1125\" \/>\n\t<meta property=\"og:image:type\" content=\"image\/jpeg\" \/>\n<meta name=\"author\" content=\"Martina Pechov\u00e1\" \/>\n<meta name=\"twitter:card\" content=\"summary_large_image\" \/>\n<meta name=\"twitter:label1\" content=\"Napsal(a)\" \/>\n\t<meta name=\"twitter:data1\" content=\"Martina Pechov\u00e1\" \/>\n\t<meta name=\"twitter:label2\" content=\"Odhadovan\u00e1 doba \u010dten\u00ed\" \/>\n\t<meta name=\"twitter:data2\" content=\"4 minuty\" \/>\n<script type=\"application\/ld+json\" class=\"yoast-schema-graph\">{\"@context\":\"https:\/\/schema.org\",\"@graph\":[{\"@type\":\"Article\",\"@id\":\"https:\/\/bydletestylove.cz\/index.php\/byty\/psn-spousti-prodej-projektu-brno-jedna-v-nove-rezidencni-ctvrti-v-srdci-brna\/#article\",\"isPartOf\":{\"@id\":\"https:\/\/bydletestylove.cz\/index.php\/byty\/psn-spousti-prodej-projektu-brno-jedna-v-nove-rezidencni-ctvrti-v-srdci-brna\/\"},\"author\":{\"name\":\"Martina Pechov\u00e1\",\"@id\":\"https:\/\/bydletestylove.cz\/#\/schema\/person\/10a133d2599b007f153f35688fef7fb1\"},\"headline\":\"PSN spou\u0161t\u00ed prodej projektu Brno Jedna v nov\u00e9 reziden\u010dn\u00ed \u010dtvrti v srdci Brna\",\"datePublished\":\"2025-05-15T22:01:00+00:00\",\"dateModified\":\"2025-05-11T19:39:29+00:00\",\"mainEntityOfPage\":{\"@id\":\"https:\/\/bydletestylove.cz\/index.php\/byty\/psn-spousti-prodej-projektu-brno-jedna-v-nove-rezidencni-ctvrti-v-srdci-brna\/\"},\"wordCount\":507,\"publisher\":{\"@id\":\"https:\/\/bydletestylove.cz\/#organization\"},\"articleSection\":[\"BYTY\",\"DOMY &amp; RESIDENCE\",\"NOVINKY\",\"REKONSTRUKCE &amp; STAVBA\"],\"inLanguage\":\"cs\"},{\"@type\":\"WebPage\",\"@id\":\"https:\/\/bydletestylove.cz\/index.php\/byty\/psn-spousti-prodej-projektu-brno-jedna-v-nove-rezidencni-ctvrti-v-srdci-brna\/\",\"url\":\"https:\/\/bydletestylove.cz\/index.php\/byty\/psn-spousti-prodej-projektu-brno-jedna-v-nove-rezidencni-ctvrti-v-srdci-brna\/\",\"name\":\"PSN spou\u0161t\u00ed prodej projektu Brno Jedna v nov\u00e9 reziden\u010dn\u00ed \u010dtvrti v srdci Brna - BydleteStylov\u011b.cz\",\"isPartOf\":{\"@id\":\"https:\/\/bydletestylove.cz\/#website\"},\"datePublished\":\"2025-05-15T22:01:00+00:00\",\"dateModified\":\"2025-05-11T19:39:29+00:00\",\"description\":\"V Plyn\u00e1rensk\u00e9 ulici vznik\u00e1 reziden\u010dn\u00ed \u010dtvr\u0165 s d\u016frazem na komunitu a kvalitu \u017eivota. PSN zahajuje prodej reziden\u010dn\u00edho projektu\u00a0Brno Jedna.\",\"breadcrumb\":{\"@id\":\"https:\/\/bydletestylove.cz\/index.php\/byty\/psn-spousti-prodej-projektu-brno-jedna-v-nove-rezidencni-ctvrti-v-srdci-brna\/#breadcrumb\"},\"inLanguage\":\"cs\",\"potentialAction\":[{\"@type\":\"ReadAction\",\"target\":[\"https:\/\/bydletestylove.cz\/index.php\/byty\/psn-spousti-prodej-projektu-brno-jedna-v-nove-rezidencni-ctvrti-v-srdci-brna\/\"]}]},{\"@type\":\"BreadcrumbList\",\"@id\":\"https:\/\/bydletestylove.cz\/index.php\/byty\/psn-spousti-prodej-projektu-brno-jedna-v-nove-rezidencni-ctvrti-v-srdci-brna\/#breadcrumb\",\"itemListElement\":[{\"@type\":\"ListItem\",\"position\":1,\"name\":\"Dom\u016f\",\"item\":\"https:\/\/bydletestylove.cz\/\"},{\"@type\":\"ListItem\",\"position\":2,\"name\":\"PSN spou\u0161t\u00ed prodej projektu Brno Jedna v nov\u00e9 reziden\u010dn\u00ed \u010dtvrti v srdci Brna\"}]},{\"@type\":\"WebSite\",\"@id\":\"https:\/\/bydletestylove.cz\/#website\",\"url\":\"https:\/\/bydletestylove.cz\/\",\"name\":\"BydleteStylov\u011b.cz\",\"description\":\"Port\u00e1l o stylov\u00e9m bydlen\u00ed...\",\"publisher\":{\"@id\":\"https:\/\/bydletestylove.cz\/#organization\"},\"potentialAction\":[{\"@type\":\"SearchAction\",\"target\":{\"@type\":\"EntryPoint\",\"urlTemplate\":\"https:\/\/bydletestylove.cz\/?s={search_term_string}\"},\"query-input\":\"required name=search_term_string\"}],\"inLanguage\":\"cs\"},{\"@type\":\"Organization\",\"@id\":\"https:\/\/bydletestylove.cz\/#organization\",\"name\":\"BydleteStylov\u011b.cz\",\"url\":\"https:\/\/bydletestylove.cz\/\",\"logo\":{\"@type\":\"ImageObject\",\"inLanguage\":\"cs\",\"@id\":\"https:\/\/bydletestylove.cz\/#\/schema\/logo\/image\/\",\"url\":\"https:\/\/bydletestylove.cz\/wp-content\/uploads\/2024\/12\/cropped-Logo-Bydlete-Stylove.jpg\",\"contentUrl\":\"https:\/\/bydletestylove.cz\/wp-content\/uploads\/2024\/12\/cropped-Logo-Bydlete-Stylove.jpg\",\"width\":290,\"height\":143,\"caption\":\"BydleteStylov\u011b.cz\"},\"image\":{\"@id\":\"https:\/\/bydletestylove.cz\/#\/schema\/logo\/image\/\"},\"sameAs\":[\"https:\/\/www.instagram.com\/bydletestylove.cz\/\"]},{\"@type\":\"Person\",\"@id\":\"https:\/\/bydletestylove.cz\/#\/schema\/person\/10a133d2599b007f153f35688fef7fb1\",\"name\":\"Martina Pechov\u00e1\",\"image\":{\"@type\":\"ImageObject\",\"inLanguage\":\"cs\",\"@id\":\"https:\/\/bydletestylove.cz\/#\/schema\/person\/image\/\",\"url\":\"https:\/\/secure.gravatar.com\/avatar\/f0b7849f9f82bc20952396010e3c9adb?s=96&d=mm&r=g\",\"contentUrl\":\"https:\/\/secure.gravatar.com\/avatar\/f0b7849f9f82bc20952396010e3c9adb?s=96&d=mm&r=g\",\"caption\":\"Martina Pechov\u00e1\"},\"sameAs\":[\"http:\/\/BydleteStylove.cz\"],\"url\":\"https:\/\/bydletestylove.cz\/index.php\/author\/marpech\/\"}]}<\/script>\n<!-- \/ Yoast SEO plugin. -->","yoast_head_json":{"title":"PSN spou\u0161t\u00ed prodej projektu Brno Jedna v nov\u00e9 reziden\u010dn\u00ed \u010dtvrti v srdci Brna - BydleteStylov\u011b.cz","description":"V Plyn\u00e1rensk\u00e9 ulici vznik\u00e1 reziden\u010dn\u00ed \u010dtvr\u0165 s d\u016frazem na komunitu a kvalitu \u017eivota. PSN zahajuje prodej reziden\u010dn\u00edho projektu\u00a0Brno Jedna.","robots":{"index":"index","follow":"follow","max-snippet":"max-snippet:-1","max-image-preview":"max-image-preview:large","max-video-preview":"max-video-preview:-1"},"canonical":"https:\/\/bydletestylove.cz\/index.php\/byty\/psn-spousti-prodej-projektu-brno-jedna-v-nove-rezidencni-ctvrti-v-srdci-brna\/","og_locale":"cs_CZ","og_type":"article","og_title":"PSN spou\u0161t\u00ed prodej projektu Brno Jedna v nov\u00e9 reziden\u010dn\u00ed \u010dtvrti v srdci Brna - BydleteStylov\u011b.cz","og_description":"V Plyn\u00e1rensk\u00e9 ulici vznik\u00e1 reziden\u010dn\u00ed \u010dtvr\u0165 s d\u016frazem na komunitu a kvalitu \u017eivota. PSN zahajuje prodej reziden\u010dn\u00edho projektu\u00a0Brno Jedna.","og_url":"https:\/\/bydletestylove.cz\/index.php\/byty\/psn-spousti-prodej-projektu-brno-jedna-v-nove-rezidencni-ctvrti-v-srdci-brna\/","og_site_name":"BydleteStylov\u011b.cz","article_published_time":"2025-05-15T22:01:00+00:00","article_modified_time":"2025-05-11T19:39:29+00:00","og_image":[{"width":2000,"height":1125,"url":"https:\/\/bydletestylove.cz\/wp-content\/uploads\/2025\/05\/PSN_Brno-Jedna_interier.jpg","type":"image\/jpeg"}],"author":"Martina Pechov\u00e1","twitter_card":"summary_large_image","twitter_misc":{"Napsal(a)":"Martina Pechov\u00e1","Odhadovan\u00e1 doba \u010dten\u00ed":"4 minuty"},"schema":{"@context":"https:\/\/schema.org","@graph":[{"@type":"Article","@id":"https:\/\/bydletestylove.cz\/index.php\/byty\/psn-spousti-prodej-projektu-brno-jedna-v-nove-rezidencni-ctvrti-v-srdci-brna\/#article","isPartOf":{"@id":"https:\/\/bydletestylove.cz\/index.php\/byty\/psn-spousti-prodej-projektu-brno-jedna-v-nove-rezidencni-ctvrti-v-srdci-brna\/"},"author":{"name":"Martina Pechov\u00e1","@id":"https:\/\/bydletestylove.cz\/#\/schema\/person\/10a133d2599b007f153f35688fef7fb1"},"headline":"PSN spou\u0161t\u00ed prodej projektu Brno Jedna v nov\u00e9 reziden\u010dn\u00ed \u010dtvrti v srdci Brna","datePublished":"2025-05-15T22:01:00+00:00","dateModified":"2025-05-11T19:39:29+00:00","mainEntityOfPage":{"@id":"https:\/\/bydletestylove.cz\/index.php\/byty\/psn-spousti-prodej-projektu-brno-jedna-v-nove-rezidencni-ctvrti-v-srdci-brna\/"},"wordCount":507,"publisher":{"@id":"https:\/\/bydletestylove.cz\/#organization"},"articleSection":["BYTY","DOMY &amp; RESIDENCE","NOVINKY","REKONSTRUKCE &amp; STAVBA"],"inLanguage":"cs"},{"@type":"WebPage","@id":"https:\/\/bydletestylove.cz\/index.php\/byty\/psn-spousti-prodej-projektu-brno-jedna-v-nove-rezidencni-ctvrti-v-srdci-brna\/","url":"https:\/\/bydletestylove.cz\/index.php\/byty\/psn-spousti-prodej-projektu-brno-jedna-v-nove-rezidencni-ctvrti-v-srdci-brna\/","name":"PSN spou\u0161t\u00ed prodej projektu Brno Jedna v nov\u00e9 reziden\u010dn\u00ed \u010dtvrti v srdci Brna - BydleteStylov\u011b.cz","isPartOf":{"@id":"https:\/\/bydletestylove.cz\/#website"},"datePublished":"2025-05-15T22:01:00+00:00","dateModified":"2025-05-11T19:39:29+00:00","description":"V Plyn\u00e1rensk\u00e9 ulici vznik\u00e1 reziden\u010dn\u00ed \u010dtvr\u0165 s d\u016frazem na komunitu a kvalitu \u017eivota. PSN zahajuje prodej reziden\u010dn\u00edho projektu\u00a0Brno Jedna.","breadcrumb":{"@id":"https:\/\/bydletestylove.cz\/index.php\/byty\/psn-spousti-prodej-projektu-brno-jedna-v-nove-rezidencni-ctvrti-v-srdci-brna\/#breadcrumb"},"inLanguage":"cs","potentialAction":[{"@type":"ReadAction","target":["https:\/\/bydletestylove.cz\/index.php\/byty\/psn-spousti-prodej-projektu-brno-jedna-v-nove-rezidencni-ctvrti-v-srdci-brna\/"]}]},{"@type":"BreadcrumbList","@id":"https:\/\/bydletestylove.cz\/index.php\/byty\/psn-spousti-prodej-projektu-brno-jedna-v-nove-rezidencni-ctvrti-v-srdci-brna\/#breadcrumb","itemListElement":[{"@type":"ListItem","position":1,"name":"Dom\u016f","item":"https:\/\/bydletestylove.cz\/"},{"@type":"ListItem","position":2,"name":"PSN spou\u0161t\u00ed prodej projektu Brno Jedna v nov\u00e9 reziden\u010dn\u00ed \u010dtvrti v srdci Brna"}]},{"@type":"WebSite","@id":"https:\/\/bydletestylove.cz\/#website","url":"https:\/\/bydletestylove.cz\/","name":"BydleteStylov\u011b.cz","description":"Port\u00e1l o stylov\u00e9m bydlen\u00ed...","publisher":{"@id":"https:\/\/bydletestylove.cz\/#organization"},"potentialAction":[{"@type":"SearchAction","target":{"@type":"EntryPoint","urlTemplate":"https:\/\/bydletestylove.cz\/?s={search_term_string}"},"query-input":"required name=search_term_string"}],"inLanguage":"cs"},{"@type":"Organization","@id":"https:\/\/bydletestylove.cz\/#organization","name":"BydleteStylov\u011b.cz","url":"https:\/\/bydletestylove.cz\/","logo":{"@type":"ImageObject","inLanguage":"cs","@id":"https:\/\/bydletestylove.cz\/#\/schema\/logo\/image\/","url":"https:\/\/bydletestylove.cz\/wp-content\/uploads\/2024\/12\/cropped-Logo-Bydlete-Stylove.jpg","contentUrl":"https:\/\/bydletestylove.cz\/wp-content\/uploads\/2024\/12\/cropped-Logo-Bydlete-Stylove.jpg","width":290,"height":143,"caption":"BydleteStylov\u011b.cz"},"image":{"@id":"https:\/\/bydletestylove.cz\/#\/schema\/logo\/image\/"},"sameAs":["https:\/\/www.instagram.com\/bydletestylove.cz\/"]},{"@type":"Person","@id":"https:\/\/bydletestylove.cz\/#\/schema\/person\/10a133d2599b007f153f35688fef7fb1","name":"Martina Pechov\u00e1","image":{"@type":"ImageObject","inLanguage":"cs","@id":"https:\/\/bydletestylove.cz\/#\/schema\/person\/image\/","url":"https:\/\/secure.gravatar.com\/avatar\/f0b7849f9f82bc20952396010e3c9adb?s=96&d=mm&r=g","contentUrl":"https:\/\/secure.gravatar.com\/avatar\/f0b7849f9f82bc20952396010e3c9adb?s=96&d=mm&r=g","caption":"Martina Pechov\u00e1"},"sameAs":["http:\/\/BydleteStylove.cz"],"url":"https:\/\/bydletestylove.cz\/index.php\/author\/marpech\/"}]}},"_links":{"self":[{"href":"https:\/\/bydletestylove.cz\/index.php\/wp-json\/wp\/v2\/posts\/1481"}],"collection":[{"href":"https:\/\/bydletestylove.cz\/index.php\/wp-json\/wp\/v2\/posts"}],"about":[{"href":"https:\/\/bydletestylove.cz\/index.php\/wp-json\/wp\/v2\/types\/post"}],"author":[{"embeddable":true,"href":"https:\/\/bydletestylove.cz\/index.php\/wp-json\/wp\/v2\/users\/6"}],"replies":[{"embeddable":true,"href":"https:\/\/bydletestylove.cz\/index.php\/wp-json\/wp\/v2\/comments?post=1481"}],"version-history":[{"count":4,"href":"https:\/\/bydletestylove.cz\/index.php\/wp-json\/wp\/v2\/posts\/1481\/revisions"}],"predecessor-version":[{"id":1498,"href":"https:\/\/bydletestylove.cz\/index.php\/wp-json\/wp\/v2\/posts\/1481\/revisions\/1498"}],"wp:featuredmedia":[{"embeddable":true,"href":"https:\/\/bydletestylove.cz\/index.php\/wp-json\/wp\/v2\/media\/1483"}],"wp:attachment":[{"href":"https:\/\/bydletestylove.cz\/index.php\/wp-json\/wp\/v2\/media?parent=1481"}],"wp:term":[{"taxonomy":"category","embeddable":true,"href":"https:\/\/bydletestylove.cz\/index.php\/wp-json\/wp\/v2\/categories?post=1481"},{"taxonomy":"post_tag","embeddable":true,"href":"https:\/\/bydletestylove.cz\/index.php\/wp-json\/wp\/v2\/tags?post=1481"}],"curies":[{"name":"wp","href":"https:\/\/api.w.org\/{rel}","templated":true}]}}