{"id":1167,"date":"2025-03-28T00:01:00","date_gmt":"2025-03-27T23:01:00","guid":{"rendered":"https:\/\/bydletestylove.cz\/?p=1167"},"modified":"2025-04-26T01:03:49","modified_gmt":"2025-04-25T23:03:49","slug":"klic-ke-kvalitnimu-spanku-zavesy-se-postaraji-o-tmu-ticho-i-teplo-v-loznici","status":"publish","type":"post","link":"https:\/\/bydletestylove.cz\/index.php\/novinky\/klic-ke-kvalitnimu-spanku-zavesy-se-postaraji-o-tmu-ticho-i-teplo-v-loznici\/","title":{"rendered":"<span>Kl\u00ed\u010d ke kvalitn\u00edmu sp\u00e1nku? Z\u00e1v\u011bsy se postaraj\u00ed o tmu, ticho i teplo v lo\u017enici<\/span>"},"content":{"rendered":"\n<div style=\"height:35px\" aria-hidden=\"true\" class=\"wp-block-spacer\"><\/div>\n\n\n\n<p class=\"has-medium-font-size\"><strong>Z\u00e1v\u011bsy jsou nejen elegantn\u00edm dopl\u0148kem, ale tak\u00e9 praktick\u00fdm pomocn\u00edkem, kter\u00fd v\u00fdrazn\u011b p\u0159isp\u00edv\u00e1 k lep\u0161\u00edmu a kvalitn\u011bj\u0161\u00edmu sp\u00e1nku. A\u010dkoliv se na prvn\u00ed pohled m\u016f\u017ee zd\u00e1t, \u017ee jsou snadno nahraditeln\u00e9 roletami nebo \u017ealuziemi, opak je pravdou! Dlouh\u00e1, hust\u011b tkan\u00e1 l\u00e1tka toti\u017e nab\u00edz\u00ed mno\u017estv\u00ed v\u00fdhod, kter\u00e9 tenk\u00e9 lamely jen sotva zvl\u00e1dnou. Krom\u011b toho, \u017ee \u00fa\u010dinn\u011b reguluj\u00ed sv\u011btlo, dok\u00e1\u017e\u00ed tak\u00e9 odhlu\u010dnit m\u00edstnost a p\u0159izp\u016fsobit teplotu pro ide\u00e1ln\u00ed sp\u00e1nek. A co je v\u00edc, ka\u017ed\u00fd pokoj p\u0159\u00edjemn\u011b z\u00fatuln\u00ed a dodaj\u00ed mu to prav\u00e9 kouzlo domova. Jak\u00e9 faktory zohlednit p\u0159i v\u00fdb\u011bru z\u00e1v\u011bs\u016f a pro\u010d je do lo\u017enice vhodnou volbou blackout varianta?<\/strong><\/p>\n\n\n\n<div style=\"height:35px\" aria-hidden=\"true\" class=\"wp-block-spacer\"><\/div>\n\n\n\n<h2 class=\"wp-block-heading\"><strong>Zm\u011b\u0159te d\u00e9lku a \u0161\u00ed\u0159ku okna<\/strong><\/h2>\n\n\n\n<div style=\"height:35px\" aria-hidden=\"true\" class=\"wp-block-spacer\"><\/div>\n\n\n\n<p class=\"has-medium-font-size\">J<img decoding=\"async\" src=\"\">ako prvn\u00ed je pot\u0159eba se zamyslet nad um\u00edst\u011bn\u00edm z\u00e1v\u011bs\u016f, od kter\u00e9ho se pot\u00e9 odv\u00edj\u00ed rozm\u011bry tkaniny. R\u00e1di byste zakryli jedno klasick\u00e9 okno v&nbsp;d\u011btsk\u00e9m pokoji, nebo pot\u0159ebujete zatemnit balkonov\u00e9 dve\u0159e spole\u010dn\u011b s&nbsp;dvouk\u0159\u00eddlov\u00fdm oknem v&nbsp;lo\u017enici \u010di ob\u00fdvac\u00edm pokoji? Abyste nemuseli \u0159e\u0161it ne\u017e\u00e1douc\u00ed mezery a pronikaj\u00edc\u00ed sv\u011btlo, vyb\u00edrejte rad\u011bji 1,5 a\u017e 2n\u00e1sobnou \u0161\u00ed\u0159ku z\u00e1v\u011bs\u016f, ne\u017e je va\u0161e okno. Nejen\u017ee zcela zakryjete v\u0161e, co pot\u0159ebujete, z\u00e1rove\u0148 zajist\u00edte bohat\u00fd a pln\u00fd vzhled v p\u0159\u00edpad\u011b sta\u017een\u00ed na stranu. <em>\u201eP\u0159i hled\u00e1n\u00ed optim\u00e1ln\u00ed \u0161\u00ed\u0159ky z\u00e1v\u011bs\u016f je pot\u0159eba \u0159\u00eddit se nejen rozm\u011brem samotn\u00e9ho okna, ale tak\u00e9 r\u00e1m\u016f. Pokud tedy \u010dlov\u011bk \u0159e\u0161\u00ed zatemn\u011bn\u00ed cel\u00e9 sestavy, jako je nap\u0159\u00edklad francouzsk\u00e9 okno nebo i sklen\u011bn\u00e1 st\u011bna, ur\u010dit\u011b by m\u011bl zohlednit celkovou \u0161\u00ed\u0159ku, bo\u010dn\u00edch stran nevyj\u00edmaje, aby mu l\u00e1tka p\u0159i otev\u00edr\u00e1n\u00ed a zav\u00edr\u00e1n\u00ed nijak nebr\u00e1nila,\u201c<\/em> komentuje <strong>Jakub Kalvoda, CEO spole\u010dnosti MK L\u016f\u017ekoviny<\/strong>.<\/p>\n\n\n\n<p class=\"has-medium-font-size\">D\u016fle\u017eit\u00e1 je tak\u00e9 d\u00e9lka, kter\u00e1 by v&nbsp;ide\u00e1ln\u00edm p\u0159\u00edpad\u011b m\u011bla pln\u011b zakr\u00fdt okno odshora a\u017e dol\u016f. Kalvoda dod\u00e1v\u00e1, \u017ee by z\u00e1v\u011bsy m\u011bli za\u010d\u00ednat v\u017edy 10-15 cm nad oknem: \u201e<em>V p\u0159\u00edpad\u011b vysok\u00fdch strop\u016f je mo\u017en\u00e9 upevnit l\u00e1tku i v\u00fd\u0161e pro zv\u00fdrazn\u011bn\u00ed v\u00fd\u0161ky stropu. Z\u00e1v\u011bsy, kter\u00e9 neza\u010d\u00ednaj\u00ed p\u0159\u00edmo nad r\u00e1mem okna, prostor p\u0159irozen\u011b otev\u00edraj\u00ed a dod\u00e1vaj\u00ed mu vzdu\u0161nost. Standardn\u011b lze vyb\u00edrat z d\u00e9lek 160, 180, 250 nebo tak\u00e9 280 cm \u2013 z\u00e1le\u017e\u00ed, jak velkou \u010d\u00e1st je pot\u0159eba zakr\u00fdt<\/em>.\u201c<\/p>\n\n\n\n<div style=\"height:35px\" aria-hidden=\"true\" class=\"wp-block-spacer\"><\/div>\n\n\n<div class=\"wp-block-image\">\n<figure class=\"aligncenter size-large\"><img decoding=\"async\" loading=\"lazy\" width=\"1024\" height=\"1024\" src=\"http:\/\/bydletestylove.cz\/wp-content\/uploads\/2025\/03\/Blackout-zavesy-Elias-tmave-hneda-140-x-250-2-ks-krouzky-MK-Luzkoviny-999-Kc-1024x1024.jpg\" alt=\"Kl\u00ed\u010d ke kvalitn\u00edmu sp\u00e1nku?\" class=\"wp-image-1179\" srcset=\"https:\/\/bydletestylove.cz\/wp-content\/uploads\/2025\/03\/Blackout-zavesy-Elias-tmave-hneda-140-x-250-2-ks-krouzky-MK-Luzkoviny-999-Kc-1024x1024.jpg 1024w, https:\/\/bydletestylove.cz\/wp-content\/uploads\/2025\/03\/Blackout-zavesy-Elias-tmave-hneda-140-x-250-2-ks-krouzky-MK-Luzkoviny-999-Kc-300x300.jpg 300w, https:\/\/bydletestylove.cz\/wp-content\/uploads\/2025\/03\/Blackout-zavesy-Elias-tmave-hneda-140-x-250-2-ks-krouzky-MK-Luzkoviny-999-Kc-150x150.jpg 150w, https:\/\/bydletestylove.cz\/wp-content\/uploads\/2025\/03\/Blackout-zavesy-Elias-tmave-hneda-140-x-250-2-ks-krouzky-MK-Luzkoviny-999-Kc-768x768.jpg 768w, https:\/\/bydletestylove.cz\/wp-content\/uploads\/2025\/03\/Blackout-zavesy-Elias-tmave-hneda-140-x-250-2-ks-krouzky-MK-Luzkoviny-999-Kc-1536x1536.jpg 1536w, https:\/\/bydletestylove.cz\/wp-content\/uploads\/2025\/03\/Blackout-zavesy-Elias-tmave-hneda-140-x-250-2-ks-krouzky-MK-Luzkoviny-999-Kc-2048x2048.jpg 2048w\" sizes=\"(max-width: 1024px) 100vw, 1024px\" \/><\/figure><\/div>\n\n\n<div style=\"height:35px\" aria-hidden=\"true\" class=\"wp-block-spacer\"><\/div>\n\n\n\n<h2 class=\"wp-block-heading\"><strong>Rozhoduj\u00ed vrstvy a hustota!<\/strong><\/h2>\n\n\n\n<div style=\"height:35px\" aria-hidden=\"true\" class=\"wp-block-spacer\"><\/div>\n\n\n\n<p class=\"has-medium-font-size\">K<img decoding=\"async\" src=\"\">rom\u011b rozm\u011br\u016f je d\u016fle\u017eit\u00fdm faktorem p\u0159i rozhodov\u00e1n\u00ed i samotn\u00e1 tkanina. Je va\u0161\u00edm c\u00edlem pouze jemn\u00e9 zast\u00edn\u011bn\u00ed, aby v\u00e1m sousedi nevid\u011bli p\u0159\u00edmo do m\u00edstnosti, nebo tou\u017e\u00edte po dokonal\u00e9m zatemn\u00ed? Kl\u00ed\u010dov\u00e1 je zde nejen hustota samotn\u00e9 textilie, ale tak\u00e9 po\u010det vrstev. Pokud je l\u00e1tka u\u017e na prvn\u00ed pohled pr\u016fsvitn\u00e1, pln\u00ed p\u0159edev\u0161\u00edm dekorativn\u00ed funkci s&nbsp;\u00fa\u010delem zaji\u0161t\u011bn\u00ed soukrom\u00ed, ani\u017e by v\u0161ak zcela blokovala p\u0159irozen\u00e9 slune\u010dn\u00ed z\u00e1\u0159en\u00ed. Takov\u00e9 z\u00e1v\u011bsy jsou ide\u00e1ln\u00ed pro denn\u00ed pou\u017e\u00edv\u00e1n\u00ed. Abyste se v\u0161ak vyhnuli p\u0159eru\u0161ovan\u00e9mu sp\u00e1nku z&nbsp;d\u016fvodu pouli\u010dn\u00edho osv\u011btlen\u00ed, je pot\u0159eba se zam\u011b\u0159it na v\u00edcevrstv\u00e9 z\u00e1v\u011bsy vyroben\u00e9 z&nbsp;hust\u011b tkan\u00e9 textilie.<\/p>\n\n\n\n<p class=\"has-medium-font-size\">\u201e<em>Obl\u00edben\u00fdm materi\u00e1lem pro v\u00fdrobu blackout z\u00e1v\u011bs\u016f jsou syntetick\u00e1 vl\u00e1kna. D\u016fvod\u016f je hned n\u011bkolik. Jsou odoln\u00e1 v\u016f\u010di b\u011b\u017en\u00e9mu opot\u0159eben\u00ed, snadn\u00e1 na \u00fadr\u017ebu a nen\u00e1ro\u010dn\u00e1 na potisk a barven\u00ed. Polyester je nav\u00edc lehk\u00fd, p\u0159esto v\u0161ak dostate\u010dn\u011b siln\u00fd, aby zajistil po\u017eadovanou \u00farove\u0148 zatemn\u011bn\u00ed. Dal\u0161\u00edmi materi\u00e1ly jsou tak\u00e9 PVC nebo kau\u010duk v&nbsp;podob\u011b p\u0159\u00edm\u011bs\u00ed pro maximalizaci v\u00fdsledku,\u201c<\/em> dod\u00e1v\u00e1 Kalvoda. A\u010dkoliv se na prvn\u00ed pohled n\u011bkter\u00e9 blackout z\u00e1v\u011bsy mohou zd\u00e1t na dotek v\u00edce hrub\u00e9 a strukturovan\u00e9, pr\u00e1v\u011b pevnost tkaniny je k\u00fd\u017eenou vlastnost\u00ed pro v\u00e1\u0161 ni\u010d\u00edm neru\u0161en\u00fd sp\u00e1nek. Ide\u00e1ln\u00ed volbou jsou t\u0159\u00edvrstv\u00e9 varianty s&nbsp;velmi hust\u011b tkan\u00fdmi vl\u00e1kny. A pro\u010d tomu tak je? Takov\u00e9 z\u00e1v\u011bsy se krom\u011b 100% zatemn\u011bn\u00ed postaraj\u00ed i o odhlu\u010dn\u011bn\u00ed m\u00edstnosti od ne\u017e\u00e1douc\u00edch zvuk\u016f z&nbsp;ulice a tepeln\u00fd komfort. <em>\u201eV l\u00e9t\u011b udr\u017euj\u00ed p\u0159\u00edjemn\u00fd chlad, v&nbsp;zim\u011b se zase postaraj\u00ed, aby teplo zbyte\u010dn\u011b neunikalo okny ven,<\/em>\u201c vysv\u011btluje Kalvoda.<\/p>\n\n\n\n<div style=\"height:35px\" aria-hidden=\"true\" class=\"wp-block-spacer\"><\/div>\n\n\n<div class=\"wp-block-image\">\n<figure class=\"aligncenter size-large\"><img decoding=\"async\" loading=\"lazy\" width=\"1024\" height=\"1024\" src=\"http:\/\/bydletestylove.cz\/wp-content\/uploads\/2025\/03\/Blackout-zavesy-Elias-pudrove-140-x-250-2-ks-krouzky-MK-Luzkoviny-999-Kc-1024x1024.jpg\" alt=\"Kl\u00ed\u010d ke kvalitn\u00edmu sp\u00e1nku?\" class=\"wp-image-1177\" srcset=\"https:\/\/bydletestylove.cz\/wp-content\/uploads\/2025\/03\/Blackout-zavesy-Elias-pudrove-140-x-250-2-ks-krouzky-MK-Luzkoviny-999-Kc-1024x1024.jpg 1024w, https:\/\/bydletestylove.cz\/wp-content\/uploads\/2025\/03\/Blackout-zavesy-Elias-pudrove-140-x-250-2-ks-krouzky-MK-Luzkoviny-999-Kc-300x300.jpg 300w, https:\/\/bydletestylove.cz\/wp-content\/uploads\/2025\/03\/Blackout-zavesy-Elias-pudrove-140-x-250-2-ks-krouzky-MK-Luzkoviny-999-Kc-150x150.jpg 150w, https:\/\/bydletestylove.cz\/wp-content\/uploads\/2025\/03\/Blackout-zavesy-Elias-pudrove-140-x-250-2-ks-krouzky-MK-Luzkoviny-999-Kc-768x768.jpg 768w, https:\/\/bydletestylove.cz\/wp-content\/uploads\/2025\/03\/Blackout-zavesy-Elias-pudrove-140-x-250-2-ks-krouzky-MK-Luzkoviny-999-Kc-1536x1536.jpg 1536w, https:\/\/bydletestylove.cz\/wp-content\/uploads\/2025\/03\/Blackout-zavesy-Elias-pudrove-140-x-250-2-ks-krouzky-MK-Luzkoviny-999-Kc-2048x2048.jpg 2048w\" sizes=\"(max-width: 1024px) 100vw, 1024px\" \/><\/figure><\/div>\n\n\n<div style=\"height:35px\" aria-hidden=\"true\" class=\"wp-block-spacer\"><\/div>\n\n\n\n<h2 class=\"wp-block-heading\"><strong>Zav\u011b\u0161en\u00ed bez probl\u00e9m\u016f<\/strong><\/h2>\n\n\n\n<div style=\"height:35px\" aria-hidden=\"true\" class=\"wp-block-spacer\"><\/div>\n\n\n\n<p class=\"has-medium-font-size\">V&nbsp;neposledn\u00ed \u0159ad\u011b je pot\u0159eba myslet tak\u00e9 na samotn\u00e9 upevn\u011bn\u00ed z\u00e1v\u011bs\u016f. Abyste se vyhnuli nep\u0159\u00edjemn\u00fdm situac\u00edm, kdy v\u00e1m garn\u00fd\u017e zasahuje sotva do poloviny okenn\u00ed sestavy, jd\u011bte rad\u011bji cestou teleskopick\u00fdch typ\u016f, kter\u00e9 se snadno p\u0159izp\u016fsob\u00ed va\u0161im po\u017eadavk\u016fm a preferenc\u00edm. Roli hraje tak\u00e9 nosnost. Pokud chcete pov\u011bsit t\u011b\u017ekou t\u0159\u00edvrstvou tkaninu s&nbsp;d\u00e9lkou 280 cm, nebojte se s\u00e1hnout po odoln\u011bj\u0161\u00edch materi\u00e1lech jako je ocel, mosaz nebo hlin\u00edk, kter\u00e9 jsou pevn\u00e9 a vydr\u017e\u00ed i \u0159adu let. Oknu vedle samotn\u00fdch z\u00e1v\u011bs\u016f slu\u0161\u00ed i ozdobn\u00e9 z\u00e1clony. Takovou situaci jednodu\u0161e \u0159e\u0161\u00ed dvou\u0159ad\u00e9 garn\u00fd\u017ee, na kter\u00e9 pohodln\u011b um\u00edst\u00edte oba typy tkaniny.<\/p>\n\n\n\n<div style=\"height:35px\" aria-hidden=\"true\" class=\"wp-block-spacer\"><\/div>\n\n\n<div class=\"wp-block-image\">\n<figure class=\"aligncenter size-large\"><img decoding=\"async\" loading=\"lazy\" width=\"768\" height=\"1024\" src=\"http:\/\/bydletestylove.cz\/wp-content\/uploads\/2025\/03\/Blackout-zavesy-Ricardo-bezove-140-x-160-2-ks-rasici-stuha-MK-Luzkoviny-899-Kc1-768x1024.jpg\" alt=\"Kl\u00ed\u010d ke kvalitn\u00edmu sp\u00e1nku?\" class=\"wp-image-1174\" srcset=\"https:\/\/bydletestylove.cz\/wp-content\/uploads\/2025\/03\/Blackout-zavesy-Ricardo-bezove-140-x-160-2-ks-rasici-stuha-MK-Luzkoviny-899-Kc1-768x1024.jpg 768w, https:\/\/bydletestylove.cz\/wp-content\/uploads\/2025\/03\/Blackout-zavesy-Ricardo-bezove-140-x-160-2-ks-rasici-stuha-MK-Luzkoviny-899-Kc1-225x300.jpg 225w, https:\/\/bydletestylove.cz\/wp-content\/uploads\/2025\/03\/Blackout-zavesy-Ricardo-bezove-140-x-160-2-ks-rasici-stuha-MK-Luzkoviny-899-Kc1-1152x1536.jpg 1152w, https:\/\/bydletestylove.cz\/wp-content\/uploads\/2025\/03\/Blackout-zavesy-Ricardo-bezove-140-x-160-2-ks-rasici-stuha-MK-Luzkoviny-899-Kc1-1536x2048.jpg 1536w, https:\/\/bydletestylove.cz\/wp-content\/uploads\/2025\/03\/Blackout-zavesy-Ricardo-bezove-140-x-160-2-ks-rasici-stuha-MK-Luzkoviny-899-Kc1.jpg 1562w\" sizes=\"(max-width: 768px) 100vw, 768px\" \/><\/figure><\/div>\n\n\n<div style=\"height:35px\" aria-hidden=\"true\" class=\"wp-block-spacer\"><\/div>\n\n\n\n<p class=\"has-medium-font-size\">Stejn\u011b d\u016fle\u017eit\u00e1 je i volba uchycen\u00ed, kter\u00e1 ovliv\u0148uje nejen estetiku, ale i prakti\u010dnost. Pokud tou\u017e\u00edte po le\u017e\u00e9rn\u00ed eleganci a snadn\u00e9 manipulaci, z\u00e1v\u011bsy s krou\u017eky jsou ide\u00e1ln\u00ed volbou \u2013 sta\u010d\u00ed je jednodu\u0161e navl\u00e9knout na ty\u010d a l\u00e1tka se bude hladce pohybovat p\u0159i ka\u017ed\u00e9m zata\u017een\u00ed. Naopak \u0159as\u00edc\u00ed stuha p\u0159in\u00e1\u0161\u00ed uhlazen\u011bj\u0161\u00ed a sofistikovan\u011bj\u0161\u00ed efekt. Umo\u017e\u0148uje uchycen\u00ed na h\u00e1\u010dky, \u017eabky nebo dokonce navle\u010den\u00ed p\u0159\u00edmo na ty\u010d a d\u00edky speci\u00e1ln\u011b prota\u017een\u00fdm nit\u00edm vytv\u00e1\u0159\u00ed pravideln\u00e9 sklady, kter\u00e9 dr\u017e\u00ed tvar a dod\u00e1vaj\u00ed prostoru elegantn\u00ed r\u00e1z.<\/p>\n\n\n\n<div style=\"height:100px\" aria-hidden=\"true\" class=\"wp-block-spacer\"><\/div>\n\n\n\n<figure class=\"wp-block-gallery has-nested-images columns-2 is-cropped wp-block-gallery-1 is-layout-flex\">\n<figure class=\"wp-block-image size-large\"><img decoding=\"async\" loading=\"lazy\" width=\"1024\" height=\"1024\" data-id=\"1179\"  src=\"https:\/\/bydletestylove.cz\/wp-content\/uploads\/2025\/03\/Blackout-zavesy-Elias-tmave-hneda-140-x-250-2-ks-krouzky-MK-Luzkoviny-999-Kc-1024x1024.jpg\" alt=\"Kl\u00ed\u010d ke kvalitn\u00edmu sp\u00e1nku?\" class=\"wp-image-1179\" srcset=\"https:\/\/bydletestylove.cz\/wp-content\/uploads\/2025\/03\/Blackout-zavesy-Elias-tmave-hneda-140-x-250-2-ks-krouzky-MK-Luzkoviny-999-Kc-1024x1024.jpg 1024w, https:\/\/bydletestylove.cz\/wp-content\/uploads\/2025\/03\/Blackout-zavesy-Elias-tmave-hneda-140-x-250-2-ks-krouzky-MK-Luzkoviny-999-Kc-300x300.jpg 300w, https:\/\/bydletestylove.cz\/wp-content\/uploads\/2025\/03\/Blackout-zavesy-Elias-tmave-hneda-140-x-250-2-ks-krouzky-MK-Luzkoviny-999-Kc-150x150.jpg 150w, https:\/\/bydletestylove.cz\/wp-content\/uploads\/2025\/03\/Blackout-zavesy-Elias-tmave-hneda-140-x-250-2-ks-krouzky-MK-Luzkoviny-999-Kc-768x768.jpg 768w, https:\/\/bydletestylove.cz\/wp-content\/uploads\/2025\/03\/Blackout-zavesy-Elias-tmave-hneda-140-x-250-2-ks-krouzky-MK-Luzkoviny-999-Kc-1536x1536.jpg 1536w, https:\/\/bydletestylove.cz\/wp-content\/uploads\/2025\/03\/Blackout-zavesy-Elias-tmave-hneda-140-x-250-2-ks-krouzky-MK-Luzkoviny-999-Kc-2048x2048.jpg 2048w\" sizes=\"(max-width: 1024px) 100vw, 1024px\" \/><\/figure>\n\n\n\n<figure class=\"wp-block-image size-large\"><img decoding=\"async\" loading=\"lazy\" width=\"1024\" height=\"1024\" data-id=\"1177\"  src=\"https:\/\/bydletestylove.cz\/wp-content\/uploads\/2025\/03\/Blackout-zavesy-Elias-pudrove-140-x-250-2-ks-krouzky-MK-Luzkoviny-999-Kc-1024x1024.jpg\" alt=\"Kl\u00ed\u010d ke kvalitn\u00edmu sp\u00e1nku?\" class=\"wp-image-1177\" srcset=\"https:\/\/bydletestylove.cz\/wp-content\/uploads\/2025\/03\/Blackout-zavesy-Elias-pudrove-140-x-250-2-ks-krouzky-MK-Luzkoviny-999-Kc-1024x1024.jpg 1024w, https:\/\/bydletestylove.cz\/wp-content\/uploads\/2025\/03\/Blackout-zavesy-Elias-pudrove-140-x-250-2-ks-krouzky-MK-Luzkoviny-999-Kc-300x300.jpg 300w, https:\/\/bydletestylove.cz\/wp-content\/uploads\/2025\/03\/Blackout-zavesy-Elias-pudrove-140-x-250-2-ks-krouzky-MK-Luzkoviny-999-Kc-150x150.jpg 150w, https:\/\/bydletestylove.cz\/wp-content\/uploads\/2025\/03\/Blackout-zavesy-Elias-pudrove-140-x-250-2-ks-krouzky-MK-Luzkoviny-999-Kc-768x768.jpg 768w, https:\/\/bydletestylove.cz\/wp-content\/uploads\/2025\/03\/Blackout-zavesy-Elias-pudrove-140-x-250-2-ks-krouzky-MK-Luzkoviny-999-Kc-1536x1536.jpg 1536w, https:\/\/bydletestylove.cz\/wp-content\/uploads\/2025\/03\/Blackout-zavesy-Elias-pudrove-140-x-250-2-ks-krouzky-MK-Luzkoviny-999-Kc-2048x2048.jpg 2048w\" sizes=\"(max-width: 1024px) 100vw, 1024px\" \/><\/figure>\n\n\n\n<figure class=\"wp-block-image size-large\"><img decoding=\"async\" loading=\"lazy\" width=\"768\" height=\"1024\" data-id=\"1175\"  src=\"https:\/\/bydletestylove.cz\/wp-content\/uploads\/2025\/03\/Blackout-zavesy-Ricardo-bezove-140-x-160-2-ks-rasici-stuha-MK-Luzkoviny-899-Kc2-768x1024.jpg\" alt=\"Kl\u00ed\u010d ke kvalitn\u00edmu sp\u00e1nku?\" class=\"wp-image-1175\" srcset=\"https:\/\/bydletestylove.cz\/wp-content\/uploads\/2025\/03\/Blackout-zavesy-Ricardo-bezove-140-x-160-2-ks-rasici-stuha-MK-Luzkoviny-899-Kc2-768x1024.jpg 768w, https:\/\/bydletestylove.cz\/wp-content\/uploads\/2025\/03\/Blackout-zavesy-Ricardo-bezove-140-x-160-2-ks-rasici-stuha-MK-Luzkoviny-899-Kc2-225x300.jpg 225w, https:\/\/bydletestylove.cz\/wp-content\/uploads\/2025\/03\/Blackout-zavesy-Ricardo-bezove-140-x-160-2-ks-rasici-stuha-MK-Luzkoviny-899-Kc2-1152x1536.jpg 1152w, https:\/\/bydletestylove.cz\/wp-content\/uploads\/2025\/03\/Blackout-zavesy-Ricardo-bezove-140-x-160-2-ks-rasici-stuha-MK-Luzkoviny-899-Kc2-1536x2048.jpg 1536w, https:\/\/bydletestylove.cz\/wp-content\/uploads\/2025\/03\/Blackout-zavesy-Ricardo-bezove-140-x-160-2-ks-rasici-stuha-MK-Luzkoviny-899-Kc2.jpg 1562w\" sizes=\"(max-width: 768px) 100vw, 768px\" \/><\/figure>\n\n\n\n<figure class=\"wp-block-image size-large\"><img decoding=\"async\" loading=\"lazy\" width=\"768\" height=\"1024\" data-id=\"1173\"  src=\"https:\/\/bydletestylove.cz\/wp-content\/uploads\/2025\/03\/Blackout-zavesy-Ricardo-bezove-140-x-160-2-ks-rasici-stuha-MK-Luzkoviny-899-Kc-768x1024.jpg\" alt=\"Kl\u00ed\u010d ke kvalitn\u00edmu sp\u00e1nku?\" class=\"wp-image-1173\" srcset=\"https:\/\/bydletestylove.cz\/wp-content\/uploads\/2025\/03\/Blackout-zavesy-Ricardo-bezove-140-x-160-2-ks-rasici-stuha-MK-Luzkoviny-899-Kc-768x1024.jpg 768w, https:\/\/bydletestylove.cz\/wp-content\/uploads\/2025\/03\/Blackout-zavesy-Ricardo-bezove-140-x-160-2-ks-rasici-stuha-MK-Luzkoviny-899-Kc-225x300.jpg 225w, https:\/\/bydletestylove.cz\/wp-content\/uploads\/2025\/03\/Blackout-zavesy-Ricardo-bezove-140-x-160-2-ks-rasici-stuha-MK-Luzkoviny-899-Kc-1152x1536.jpg 1152w, https:\/\/bydletestylove.cz\/wp-content\/uploads\/2025\/03\/Blackout-zavesy-Ricardo-bezove-140-x-160-2-ks-rasici-stuha-MK-Luzkoviny-899-Kc-1536x2048.jpg 1536w, https:\/\/bydletestylove.cz\/wp-content\/uploads\/2025\/03\/Blackout-zavesy-Ricardo-bezove-140-x-160-2-ks-rasici-stuha-MK-Luzkoviny-899-Kc.jpg 1562w\" sizes=\"(max-width: 768px) 100vw, 768px\" \/><\/figure>\n\n\n\n<figure class=\"wp-block-image size-large\"><img decoding=\"async\" loading=\"lazy\" width=\"768\" height=\"1024\" data-id=\"1178\"  src=\"https:\/\/bydletestylove.cz\/wp-content\/uploads\/2025\/03\/Blackout-zavesy-Elias-antracitova-140-x-250-2-ks-rasici-stuha-MK-Luzkoviny-999-Kc2-768x1024.jpg\" alt=\"Kl\u00ed\u010d ke kvalitn\u00edmu sp\u00e1nku?\" class=\"wp-image-1178\" srcset=\"https:\/\/bydletestylove.cz\/wp-content\/uploads\/2025\/03\/Blackout-zavesy-Elias-antracitova-140-x-250-2-ks-rasici-stuha-MK-Luzkoviny-999-Kc2-768x1024.jpg 768w, https:\/\/bydletestylove.cz\/wp-content\/uploads\/2025\/03\/Blackout-zavesy-Elias-antracitova-140-x-250-2-ks-rasici-stuha-MK-Luzkoviny-999-Kc2-225x300.jpg 225w, https:\/\/bydletestylove.cz\/wp-content\/uploads\/2025\/03\/Blackout-zavesy-Elias-antracitova-140-x-250-2-ks-rasici-stuha-MK-Luzkoviny-999-Kc2-1152x1536.jpg 1152w, https:\/\/bydletestylove.cz\/wp-content\/uploads\/2025\/03\/Blackout-zavesy-Elias-antracitova-140-x-250-2-ks-rasici-stuha-MK-Luzkoviny-999-Kc2-1536x2048.jpg 1536w, https:\/\/bydletestylove.cz\/wp-content\/uploads\/2025\/03\/Blackout-zavesy-Elias-antracitova-140-x-250-2-ks-rasici-stuha-MK-Luzkoviny-999-Kc2-scaled.jpg 1920w\" sizes=\"(max-width: 768px) 100vw, 768px\" \/><\/figure>\n\n\n\n<figure class=\"wp-block-image size-large\"><img decoding=\"async\" loading=\"lazy\" width=\"768\" height=\"1024\" data-id=\"1174\"  src=\"https:\/\/bydletestylove.cz\/wp-content\/uploads\/2025\/03\/Blackout-zavesy-Ricardo-bezove-140-x-160-2-ks-rasici-stuha-MK-Luzkoviny-899-Kc1-768x1024.jpg\" alt=\"Kl\u00ed\u010d ke kvalitn\u00edmu sp\u00e1nku?\" class=\"wp-image-1174\" srcset=\"https:\/\/bydletestylove.cz\/wp-content\/uploads\/2025\/03\/Blackout-zavesy-Ricardo-bezove-140-x-160-2-ks-rasici-stuha-MK-Luzkoviny-899-Kc1-768x1024.jpg 768w, https:\/\/bydletestylove.cz\/wp-content\/uploads\/2025\/03\/Blackout-zavesy-Ricardo-bezove-140-x-160-2-ks-rasici-stuha-MK-Luzkoviny-899-Kc1-225x300.jpg 225w, https:\/\/bydletestylove.cz\/wp-content\/uploads\/2025\/03\/Blackout-zavesy-Ricardo-bezove-140-x-160-2-ks-rasici-stuha-MK-Luzkoviny-899-Kc1-1152x1536.jpg 1152w, https:\/\/bydletestylove.cz\/wp-content\/uploads\/2025\/03\/Blackout-zavesy-Ricardo-bezove-140-x-160-2-ks-rasici-stuha-MK-Luzkoviny-899-Kc1-1536x2048.jpg 1536w, https:\/\/bydletestylove.cz\/wp-content\/uploads\/2025\/03\/Blackout-zavesy-Ricardo-bezove-140-x-160-2-ks-rasici-stuha-MK-Luzkoviny-899-Kc1.jpg 1562w\" sizes=\"(max-width: 768px) 100vw, 768px\" \/><\/figure>\n\n\n\n<figure class=\"wp-block-image size-large\"><img decoding=\"async\" loading=\"lazy\" width=\"1024\" height=\"768\" data-id=\"1180\"  src=\"https:\/\/bydletestylove.cz\/wp-content\/uploads\/2025\/03\/Blackout-zavesy-Elias-cappuccino-140-x-280-2-ks-rasici-stuha-MK-Luzkoviny-1-099-Kc4-1024x768.jpg\" alt=\"Kl\u00ed\u010d ke kvalitn\u00edmu sp\u00e1nku?\" class=\"wp-image-1180\" srcset=\"https:\/\/bydletestylove.cz\/wp-content\/uploads\/2025\/03\/Blackout-zavesy-Elias-cappuccino-140-x-280-2-ks-rasici-stuha-MK-Luzkoviny-1-099-Kc4-1024x768.jpg 1024w, https:\/\/bydletestylove.cz\/wp-content\/uploads\/2025\/03\/Blackout-zavesy-Elias-cappuccino-140-x-280-2-ks-rasici-stuha-MK-Luzkoviny-1-099-Kc4-300x225.jpg 300w, https:\/\/bydletestylove.cz\/wp-content\/uploads\/2025\/03\/Blackout-zavesy-Elias-cappuccino-140-x-280-2-ks-rasici-stuha-MK-Luzkoviny-1-099-Kc4-768x576.jpg 768w, https:\/\/bydletestylove.cz\/wp-content\/uploads\/2025\/03\/Blackout-zavesy-Elias-cappuccino-140-x-280-2-ks-rasici-stuha-MK-Luzkoviny-1-099-Kc4-1536x1152.jpg 1536w, https:\/\/bydletestylove.cz\/wp-content\/uploads\/2025\/03\/Blackout-zavesy-Elias-cappuccino-140-x-280-2-ks-rasici-stuha-MK-Luzkoviny-1-099-Kc4-2048x1536.jpg 2048w\" sizes=\"(max-width: 1024px) 100vw, 1024px\" \/><\/figure>\n<\/figure>\n\n\n\n<div style=\"height:30px\" aria-hidden=\"true\" class=\"wp-block-spacer\"><\/div>\n\n\n\n<p class=\"has-medium-font-size\"><strong>Zdroj foto:<\/strong> MK L\u016f\u017ekoviny<\/p>\n\n\n\n<div style=\"height:33px\" aria-hidden=\"true\" class=\"wp-block-spacer\"><\/div>\n","protected":false},"excerpt":{"rendered":"<p>Z\u00e1v\u011bsy jsou nejen elegantn\u00edm dopl\u0148kem, ale tak\u00e9 praktick\u00fdm pomocn\u00edkem, kter\u00fd v\u00fdrazn\u011b p\u0159isp\u00edv\u00e1 k lep\u0161\u00edmu a kvalitn\u011bj\u0161\u00edmu sp\u00e1nku. A\u010dkoliv se na prvn\u00ed pohled m\u016f\u017ee zd\u00e1t, \u017ee jsou snadno nahraditeln\u00e9 roletami nebo \u017ealuziemi, opak je pravdou! Dlouh\u00e1, hust\u011b tkan\u00e1 l\u00e1tka toti\u017e nab\u00edz\u00ed mno\u017estv\u00ed v\u00fdhod, kter\u00e9 tenk\u00e9 lamely jen sotva zvl\u00e1dnou. Krom\u011b toho, \u017ee \u00fa\u010dinn\u011b reguluj\u00ed sv\u011btlo, dok\u00e1\u017e\u00ed tak\u00e9 odhlu\u010dnit m\u00edstnost a p\u0159izp\u016fsobit teplotu pro ide\u00e1ln\u00ed sp\u00e1nek. A co je v\u00edc, ka\u017ed\u00fd pokoj p\u0159\u00edjemn\u011b z\u00fatuln\u00ed a dodaj\u00ed mu to prav\u00e9 kouzlo domova. Jak\u00e9 faktory zohlednit p\u0159i v\u00fdb\u011bru z\u00e1v\u011bs\u016f a pro\u010d je do lo\u017enice&hellip;<\/p>\n","protected":false},"author":6,"featured_media":1180,"comment_status":"closed","ping_status":"open","sticky":false,"template":"","format":"standard","meta":{"_mi_skip_tracking":false,"_monsterinsights_sitenote_active":false,"_monsterinsights_sitenote_note":"","_monsterinsights_sitenote_category":0},"categories":[1,5,61],"tags":[],"yoast_head":"<!-- This site is optimized with the Yoast SEO plugin v21.4 - https:\/\/yoast.com\/wordpress\/plugins\/seo\/ -->\n<title>Kl\u00ed\u010d ke kvalitn\u00edmu sp\u00e1nku? Z\u00e1v\u011bsy se postaraj\u00ed o tmu, ticho i teplo v lo\u017enici - BydleteStylov\u011b.cz<\/title>\n<meta name=\"description\" content=\"Z\u00e1v\u011bsy jsou nejen elegantn\u00edm dopl\u0148kem, ale tak\u00e9 praktick\u00fdm pomocn\u00edkem, kter\u00fd v\u00fdrazn\u011b p\u0159isp\u00edv\u00e1 k lep\u0161\u00edmu a kvalitn\u011bj\u0161\u00edmu sp\u00e1nku.\" \/>\n<meta name=\"robots\" content=\"index, follow, max-snippet:-1, max-image-preview:large, max-video-preview:-1\" \/>\n<link rel=\"canonical\" href=\"http:\/\/bydletestylove.cz\/index.php\/novinky\/klic-ke-kvalitnimu-spanku-zavesy-se-postaraji-o-tmu-ticho-i-teplo-v-loznici\/\" \/>\n<meta property=\"og:locale\" content=\"cs_CZ\" \/>\n<meta property=\"og:type\" content=\"article\" \/>\n<meta property=\"og:title\" content=\"Kl\u00ed\u010d ke kvalitn\u00edmu sp\u00e1nku? Z\u00e1v\u011bsy se postaraj\u00ed o tmu, ticho i teplo v lo\u017enici - BydleteStylov\u011b.cz\" \/>\n<meta property=\"og:description\" content=\"Z\u00e1v\u011bsy jsou nejen elegantn\u00edm dopl\u0148kem, ale tak\u00e9 praktick\u00fdm pomocn\u00edkem, kter\u00fd v\u00fdrazn\u011b p\u0159isp\u00edv\u00e1 k lep\u0161\u00edmu a kvalitn\u011bj\u0161\u00edmu sp\u00e1nku.\" \/>\n<meta property=\"og:url\" content=\"http:\/\/bydletestylove.cz\/index.php\/novinky\/klic-ke-kvalitnimu-spanku-zavesy-se-postaraji-o-tmu-ticho-i-teplo-v-loznici\/\" \/>\n<meta property=\"og:site_name\" content=\"BydleteStylov\u011b.cz\" \/>\n<meta property=\"article:published_time\" content=\"2025-03-27T23:01:00+00:00\" \/>\n<meta property=\"article:modified_time\" content=\"2025-04-25T23:03:49+00:00\" \/>\n<meta property=\"og:image\" content=\"http:\/\/bydletestylove.cz\/wp-content\/uploads\/2025\/03\/Blackout-zavesy-Elias-cappuccino-140-x-280-2-ks-rasici-stuha-MK-Luzkoviny-1-099-Kc4-scaled.jpg\" \/>\n\t<meta property=\"og:image:width\" content=\"2560\" \/>\n\t<meta property=\"og:image:height\" content=\"1920\" \/>\n\t<meta property=\"og:image:type\" content=\"image\/jpeg\" \/>\n<meta name=\"author\" content=\"Martina Pechov\u00e1\" \/>\n<meta name=\"twitter:card\" content=\"summary_large_image\" \/>\n<meta name=\"twitter:label1\" content=\"Napsal(a)\" \/>\n\t<meta name=\"twitter:data1\" content=\"Martina Pechov\u00e1\" \/>\n\t<meta name=\"twitter:label2\" content=\"Odhadovan\u00e1 doba \u010dten\u00ed\" \/>\n\t<meta name=\"twitter:data2\" content=\"7 minut\" \/>\n<script type=\"application\/ld+json\" class=\"yoast-schema-graph\">{\"@context\":\"https:\/\/schema.org\",\"@graph\":[{\"@type\":\"Article\",\"@id\":\"http:\/\/bydletestylove.cz\/index.php\/novinky\/klic-ke-kvalitnimu-spanku-zavesy-se-postaraji-o-tmu-ticho-i-teplo-v-loznici\/#article\",\"isPartOf\":{\"@id\":\"http:\/\/bydletestylove.cz\/index.php\/novinky\/klic-ke-kvalitnimu-spanku-zavesy-se-postaraji-o-tmu-ticho-i-teplo-v-loznici\/\"},\"author\":{\"name\":\"Martina Pechov\u00e1\",\"@id\":\"https:\/\/bydletestylove.cz\/#\/schema\/person\/10a133d2599b007f153f35688fef7fb1\"},\"headline\":\"Kl\u00ed\u010d ke kvalitn\u00edmu sp\u00e1nku? Z\u00e1v\u011bsy se postaraj\u00ed o tmu, ticho i teplo v lo\u017enici\",\"datePublished\":\"2025-03-27T23:01:00+00:00\",\"dateModified\":\"2025-04-25T23:03:49+00:00\",\"mainEntityOfPage\":{\"@id\":\"http:\/\/bydletestylove.cz\/index.php\/novinky\/klic-ke-kvalitnimu-spanku-zavesy-se-postaraji-o-tmu-ticho-i-teplo-v-loznici\/\"},\"wordCount\":1053,\"publisher\":{\"@id\":\"https:\/\/bydletestylove.cz\/#organization\"},\"articleSection\":[\"NOVINKY\",\"TIPY &amp; TRENDY\",\"TIPY PRO INTERI\u00c9RY\"],\"inLanguage\":\"cs\"},{\"@type\":\"WebPage\",\"@id\":\"http:\/\/bydletestylove.cz\/index.php\/novinky\/klic-ke-kvalitnimu-spanku-zavesy-se-postaraji-o-tmu-ticho-i-teplo-v-loznici\/\",\"url\":\"http:\/\/bydletestylove.cz\/index.php\/novinky\/klic-ke-kvalitnimu-spanku-zavesy-se-postaraji-o-tmu-ticho-i-teplo-v-loznici\/\",\"name\":\"Kl\u00ed\u010d ke kvalitn\u00edmu sp\u00e1nku? Z\u00e1v\u011bsy se postaraj\u00ed o tmu, ticho i teplo v lo\u017enici - BydleteStylov\u011b.cz\",\"isPartOf\":{\"@id\":\"https:\/\/bydletestylove.cz\/#website\"},\"datePublished\":\"2025-03-27T23:01:00+00:00\",\"dateModified\":\"2025-04-25T23:03:49+00:00\",\"description\":\"Z\u00e1v\u011bsy jsou nejen elegantn\u00edm dopl\u0148kem, ale tak\u00e9 praktick\u00fdm pomocn\u00edkem, kter\u00fd v\u00fdrazn\u011b p\u0159isp\u00edv\u00e1 k lep\u0161\u00edmu a kvalitn\u011bj\u0161\u00edmu sp\u00e1nku.\",\"breadcrumb\":{\"@id\":\"http:\/\/bydletestylove.cz\/index.php\/novinky\/klic-ke-kvalitnimu-spanku-zavesy-se-postaraji-o-tmu-ticho-i-teplo-v-loznici\/#breadcrumb\"},\"inLanguage\":\"cs\",\"potentialAction\":[{\"@type\":\"ReadAction\",\"target\":[\"http:\/\/bydletestylove.cz\/index.php\/novinky\/klic-ke-kvalitnimu-spanku-zavesy-se-postaraji-o-tmu-ticho-i-teplo-v-loznici\/\"]}]},{\"@type\":\"BreadcrumbList\",\"@id\":\"http:\/\/bydletestylove.cz\/index.php\/novinky\/klic-ke-kvalitnimu-spanku-zavesy-se-postaraji-o-tmu-ticho-i-teplo-v-loznici\/#breadcrumb\",\"itemListElement\":[{\"@type\":\"ListItem\",\"position\":1,\"name\":\"Dom\u016f\",\"item\":\"https:\/\/bydletestylove.cz\/\"},{\"@type\":\"ListItem\",\"position\":2,\"name\":\"Kl\u00ed\u010d ke kvalitn\u00edmu sp\u00e1nku? Z\u00e1v\u011bsy se postaraj\u00ed o tmu, ticho i teplo v lo\u017enici\"}]},{\"@type\":\"WebSite\",\"@id\":\"https:\/\/bydletestylove.cz\/#website\",\"url\":\"https:\/\/bydletestylove.cz\/\",\"name\":\"BydleteStylov\u011b.cz\",\"description\":\"Port\u00e1l o stylov\u00e9m bydlen\u00ed...\",\"publisher\":{\"@id\":\"https:\/\/bydletestylove.cz\/#organization\"},\"potentialAction\":[{\"@type\":\"SearchAction\",\"target\":{\"@type\":\"EntryPoint\",\"urlTemplate\":\"https:\/\/bydletestylove.cz\/?s={search_term_string}\"},\"query-input\":\"required name=search_term_string\"}],\"inLanguage\":\"cs\"},{\"@type\":\"Organization\",\"@id\":\"https:\/\/bydletestylove.cz\/#organization\",\"name\":\"BydleteStylov\u011b.cz\",\"url\":\"https:\/\/bydletestylove.cz\/\",\"logo\":{\"@type\":\"ImageObject\",\"inLanguage\":\"cs\",\"@id\":\"https:\/\/bydletestylove.cz\/#\/schema\/logo\/image\/\",\"url\":\"https:\/\/bydletestylove.cz\/wp-content\/uploads\/2024\/12\/cropped-Logo-Bydlete-Stylove.jpg\",\"contentUrl\":\"https:\/\/bydletestylove.cz\/wp-content\/uploads\/2024\/12\/cropped-Logo-Bydlete-Stylove.jpg\",\"width\":290,\"height\":143,\"caption\":\"BydleteStylov\u011b.cz\"},\"image\":{\"@id\":\"https:\/\/bydletestylove.cz\/#\/schema\/logo\/image\/\"},\"sameAs\":[\"https:\/\/www.instagram.com\/bydletestylove.cz\/\"]},{\"@type\":\"Person\",\"@id\":\"https:\/\/bydletestylove.cz\/#\/schema\/person\/10a133d2599b007f153f35688fef7fb1\",\"name\":\"Martina Pechov\u00e1\",\"image\":{\"@type\":\"ImageObject\",\"inLanguage\":\"cs\",\"@id\":\"https:\/\/bydletestylove.cz\/#\/schema\/person\/image\/\",\"url\":\"https:\/\/secure.gravatar.com\/avatar\/f0b7849f9f82bc20952396010e3c9adb?s=96&d=mm&r=g\",\"contentUrl\":\"https:\/\/secure.gravatar.com\/avatar\/f0b7849f9f82bc20952396010e3c9adb?s=96&d=mm&r=g\",\"caption\":\"Martina Pechov\u00e1\"},\"sameAs\":[\"http:\/\/BydleteStylove.cz\"],\"url\":\"https:\/\/bydletestylove.cz\/index.php\/author\/marpech\/\"}]}<\/script>\n<!-- \/ Yoast SEO plugin. -->","yoast_head_json":{"title":"Kl\u00ed\u010d ke kvalitn\u00edmu sp\u00e1nku? Z\u00e1v\u011bsy se postaraj\u00ed o tmu, ticho i teplo v lo\u017enici - BydleteStylov\u011b.cz","description":"Z\u00e1v\u011bsy jsou nejen elegantn\u00edm dopl\u0148kem, ale tak\u00e9 praktick\u00fdm pomocn\u00edkem, kter\u00fd v\u00fdrazn\u011b p\u0159isp\u00edv\u00e1 k lep\u0161\u00edmu a kvalitn\u011bj\u0161\u00edmu sp\u00e1nku.","robots":{"index":"index","follow":"follow","max-snippet":"max-snippet:-1","max-image-preview":"max-image-preview:large","max-video-preview":"max-video-preview:-1"},"canonical":"http:\/\/bydletestylove.cz\/index.php\/novinky\/klic-ke-kvalitnimu-spanku-zavesy-se-postaraji-o-tmu-ticho-i-teplo-v-loznici\/","og_locale":"cs_CZ","og_type":"article","og_title":"Kl\u00ed\u010d ke kvalitn\u00edmu sp\u00e1nku? Z\u00e1v\u011bsy se postaraj\u00ed o tmu, ticho i teplo v lo\u017enici - BydleteStylov\u011b.cz","og_description":"Z\u00e1v\u011bsy jsou nejen elegantn\u00edm dopl\u0148kem, ale tak\u00e9 praktick\u00fdm pomocn\u00edkem, kter\u00fd v\u00fdrazn\u011b p\u0159isp\u00edv\u00e1 k lep\u0161\u00edmu a kvalitn\u011bj\u0161\u00edmu sp\u00e1nku.","og_url":"http:\/\/bydletestylove.cz\/index.php\/novinky\/klic-ke-kvalitnimu-spanku-zavesy-se-postaraji-o-tmu-ticho-i-teplo-v-loznici\/","og_site_name":"BydleteStylov\u011b.cz","article_published_time":"2025-03-27T23:01:00+00:00","article_modified_time":"2025-04-25T23:03:49+00:00","og_image":[{"width":2560,"height":1920,"url":"http:\/\/bydletestylove.cz\/wp-content\/uploads\/2025\/03\/Blackout-zavesy-Elias-cappuccino-140-x-280-2-ks-rasici-stuha-MK-Luzkoviny-1-099-Kc4-scaled.jpg","type":"image\/jpeg"}],"author":"Martina Pechov\u00e1","twitter_card":"summary_large_image","twitter_misc":{"Napsal(a)":"Martina Pechov\u00e1","Odhadovan\u00e1 doba \u010dten\u00ed":"7 minut"},"schema":{"@context":"https:\/\/schema.org","@graph":[{"@type":"Article","@id":"http:\/\/bydletestylove.cz\/index.php\/novinky\/klic-ke-kvalitnimu-spanku-zavesy-se-postaraji-o-tmu-ticho-i-teplo-v-loznici\/#article","isPartOf":{"@id":"http:\/\/bydletestylove.cz\/index.php\/novinky\/klic-ke-kvalitnimu-spanku-zavesy-se-postaraji-o-tmu-ticho-i-teplo-v-loznici\/"},"author":{"name":"Martina Pechov\u00e1","@id":"https:\/\/bydletestylove.cz\/#\/schema\/person\/10a133d2599b007f153f35688fef7fb1"},"headline":"Kl\u00ed\u010d ke kvalitn\u00edmu sp\u00e1nku? Z\u00e1v\u011bsy se postaraj\u00ed o tmu, ticho i teplo v lo\u017enici","datePublished":"2025-03-27T23:01:00+00:00","dateModified":"2025-04-25T23:03:49+00:00","mainEntityOfPage":{"@id":"http:\/\/bydletestylove.cz\/index.php\/novinky\/klic-ke-kvalitnimu-spanku-zavesy-se-postaraji-o-tmu-ticho-i-teplo-v-loznici\/"},"wordCount":1053,"publisher":{"@id":"https:\/\/bydletestylove.cz\/#organization"},"articleSection":["NOVINKY","TIPY &amp; TRENDY","TIPY PRO INTERI\u00c9RY"],"inLanguage":"cs"},{"@type":"WebPage","@id":"http:\/\/bydletestylove.cz\/index.php\/novinky\/klic-ke-kvalitnimu-spanku-zavesy-se-postaraji-o-tmu-ticho-i-teplo-v-loznici\/","url":"http:\/\/bydletestylove.cz\/index.php\/novinky\/klic-ke-kvalitnimu-spanku-zavesy-se-postaraji-o-tmu-ticho-i-teplo-v-loznici\/","name":"Kl\u00ed\u010d ke kvalitn\u00edmu sp\u00e1nku? Z\u00e1v\u011bsy se postaraj\u00ed o tmu, ticho i teplo v lo\u017enici - BydleteStylov\u011b.cz","isPartOf":{"@id":"https:\/\/bydletestylove.cz\/#website"},"datePublished":"2025-03-27T23:01:00+00:00","dateModified":"2025-04-25T23:03:49+00:00","description":"Z\u00e1v\u011bsy jsou nejen elegantn\u00edm dopl\u0148kem, ale tak\u00e9 praktick\u00fdm pomocn\u00edkem, kter\u00fd v\u00fdrazn\u011b p\u0159isp\u00edv\u00e1 k lep\u0161\u00edmu a kvalitn\u011bj\u0161\u00edmu sp\u00e1nku.","breadcrumb":{"@id":"http:\/\/bydletestylove.cz\/index.php\/novinky\/klic-ke-kvalitnimu-spanku-zavesy-se-postaraji-o-tmu-ticho-i-teplo-v-loznici\/#breadcrumb"},"inLanguage":"cs","potentialAction":[{"@type":"ReadAction","target":["http:\/\/bydletestylove.cz\/index.php\/novinky\/klic-ke-kvalitnimu-spanku-zavesy-se-postaraji-o-tmu-ticho-i-teplo-v-loznici\/"]}]},{"@type":"BreadcrumbList","@id":"http:\/\/bydletestylove.cz\/index.php\/novinky\/klic-ke-kvalitnimu-spanku-zavesy-se-postaraji-o-tmu-ticho-i-teplo-v-loznici\/#breadcrumb","itemListElement":[{"@type":"ListItem","position":1,"name":"Dom\u016f","item":"https:\/\/bydletestylove.cz\/"},{"@type":"ListItem","position":2,"name":"Kl\u00ed\u010d ke kvalitn\u00edmu sp\u00e1nku? Z\u00e1v\u011bsy se postaraj\u00ed o tmu, ticho i teplo v lo\u017enici"}]},{"@type":"WebSite","@id":"https:\/\/bydletestylove.cz\/#website","url":"https:\/\/bydletestylove.cz\/","name":"BydleteStylov\u011b.cz","description":"Port\u00e1l o stylov\u00e9m bydlen\u00ed...","publisher":{"@id":"https:\/\/bydletestylove.cz\/#organization"},"potentialAction":[{"@type":"SearchAction","target":{"@type":"EntryPoint","urlTemplate":"https:\/\/bydletestylove.cz\/?s={search_term_string}"},"query-input":"required name=search_term_string"}],"inLanguage":"cs"},{"@type":"Organization","@id":"https:\/\/bydletestylove.cz\/#organization","name":"BydleteStylov\u011b.cz","url":"https:\/\/bydletestylove.cz\/","logo":{"@type":"ImageObject","inLanguage":"cs","@id":"https:\/\/bydletestylove.cz\/#\/schema\/logo\/image\/","url":"https:\/\/bydletestylove.cz\/wp-content\/uploads\/2024\/12\/cropped-Logo-Bydlete-Stylove.jpg","contentUrl":"https:\/\/bydletestylove.cz\/wp-content\/uploads\/2024\/12\/cropped-Logo-Bydlete-Stylove.jpg","width":290,"height":143,"caption":"BydleteStylov\u011b.cz"},"image":{"@id":"https:\/\/bydletestylove.cz\/#\/schema\/logo\/image\/"},"sameAs":["https:\/\/www.instagram.com\/bydletestylove.cz\/"]},{"@type":"Person","@id":"https:\/\/bydletestylove.cz\/#\/schema\/person\/10a133d2599b007f153f35688fef7fb1","name":"Martina Pechov\u00e1","image":{"@type":"ImageObject","inLanguage":"cs","@id":"https:\/\/bydletestylove.cz\/#\/schema\/person\/image\/","url":"https:\/\/secure.gravatar.com\/avatar\/f0b7849f9f82bc20952396010e3c9adb?s=96&d=mm&r=g","contentUrl":"https:\/\/secure.gravatar.com\/avatar\/f0b7849f9f82bc20952396010e3c9adb?s=96&d=mm&r=g","caption":"Martina Pechov\u00e1"},"sameAs":["http:\/\/BydleteStylove.cz"],"url":"https:\/\/bydletestylove.cz\/index.php\/author\/marpech\/"}]}},"_links":{"self":[{"href":"https:\/\/bydletestylove.cz\/index.php\/wp-json\/wp\/v2\/posts\/1167"}],"collection":[{"href":"https:\/\/bydletestylove.cz\/index.php\/wp-json\/wp\/v2\/posts"}],"about":[{"href":"https:\/\/bydletestylove.cz\/index.php\/wp-json\/wp\/v2\/types\/post"}],"author":[{"embeddable":true,"href":"https:\/\/bydletestylove.cz\/index.php\/wp-json\/wp\/v2\/users\/6"}],"replies":[{"embeddable":true,"href":"https:\/\/bydletestylove.cz\/index.php\/wp-json\/wp\/v2\/comments?post=1167"}],"version-history":[{"count":4,"href":"https:\/\/bydletestylove.cz\/index.php\/wp-json\/wp\/v2\/posts\/1167\/revisions"}],"predecessor-version":[{"id":1337,"href":"https:\/\/bydletestylove.cz\/index.php\/wp-json\/wp\/v2\/posts\/1167\/revisions\/1337"}],"wp:featuredmedia":[{"embeddable":true,"href":"https:\/\/bydletestylove.cz\/index.php\/wp-json\/wp\/v2\/media\/1180"}],"wp:attachment":[{"href":"https:\/\/bydletestylove.cz\/index.php\/wp-json\/wp\/v2\/media?parent=1167"}],"wp:term":[{"taxonomy":"category","embeddable":true,"href":"https:\/\/bydletestylove.cz\/index.php\/wp-json\/wp\/v2\/categories?post=1167"},{"taxonomy":"post_tag","embeddable":true,"href":"https:\/\/bydletestylove.cz\/index.php\/wp-json\/wp\/v2\/tags?post=1167"}],"curies":[{"name":"wp","href":"https:\/\/api.w.org\/{rel}","templated":true}]}}