{"id":578,"date":"2024-05-02T00:01:00","date_gmt":"2024-05-01T22:01:00","guid":{"rendered":"https:\/\/bydletestylove.cz\/?p=578"},"modified":"2024-05-01T16:43:13","modified_gmt":"2024-05-01T14:43:13","slug":"brankarska-legenda-manuel-neuer-se-stava-ambasadorem-znacky-hisense-pro-uefa-euro-2024","status":"publish","type":"post","link":"http:\/\/bydletestylove.cz\/index.php\/novinky\/brankarska-legenda-manuel-neuer-se-stava-ambasadorem-znacky-hisense-pro-uefa-euro-2024\/","title":{"rendered":"<span>Brank\u00e1\u0159sk\u00e1 legenda Manuel Neuer se st\u00e1v\u00e1 ambasadorem zna\u010dky Hisense pro UEFA EURO 2024<\/span>"},"content":{"rendered":"\n<div style=\"height:53px\" aria-hidden=\"true\" class=\"wp-block-spacer\"><\/div>\n\n\n\n<p><strong>Glob\u00e1ln\u00ed v\u00fdrobce dom\u00e1c\u00edch spot\u0159ebi\u010d\u016f Hisense pr\u00e1v\u011b startuje svoji kampa\u0148 &#8222;BEYOND GLORY&#8220; k bl\u00ed\u017e\u00edc\u00edmu se ME ve fotbale UEFA EURO 2024\u2122. Tv\u00e1\u0159\u00ed kampan\u011b je n\u011bmeck\u00fd brank\u00e1\u0159 a kapit\u00e1n bundesligov\u00e9ho FC Bayern Mnichov Manuel Neuer, kter\u00fd m\u00e1 na kont\u011b mj. v\u00edt\u011bzstv\u00ed N\u011bmecka na mistrovstv\u00ed sv\u011bta.<\/strong><\/p>\n\n\n\n<div style=\"height:50px\" aria-hidden=\"true\" class=\"wp-block-spacer\"><\/div>\n\n\n<div class=\"wp-block-image\">\n<figure class=\"aligncenter size-large\"><img decoding=\"async\" src=\"https:\/\/homemagazine.cz\/wp-content\/uploads\/2024\/05\/Foto-cislo-3_Hisense-ULED-TV-a-EURO-2024-840x392.jpg\" alt=\"\" class=\"wp-image-6662\"\/><\/figure><\/div>\n\n\n<div style=\"height:50px\" aria-hidden=\"true\" class=\"wp-block-spacer\"><\/div>\n\n\n\n<p>N\u011bmeck\u00fd reprezentant, kter\u00fd se vedle v\u00edt\u011bzstv\u00ed na MS m\u016f\u017ee pochlubit i 11 bundesligov\u00fdmi trofejemi, se p\u0159ipojuje k Hisense jako ofici\u00e1ln\u00ed ambasador a tv\u00e1\u0159 kampan\u011b &#8222;BEYOND GLORY&#8220;. Kampa\u0148 symbolizuje ne\u00fanavnou snahu o dokonalost, kter\u00e1 spojuje profesion\u00e1ln\u00ed fotbalisty usiluj\u00edc\u00ed o triumf na ME. Analogicky vyjad\u0159uje i nikdy nekon\u010d\u00edc\u00ed odhodl\u00e1n\u00ed spole\u010dnosti Hisense posouvat hranice v oblasti dom\u00e1c\u00edch spot\u0159ebi\u010d\u016f.<\/p>\n\n\n\n<div style=\"height:2px\" aria-hidden=\"true\" class=\"wp-block-spacer\"><\/div>\n\n\n\n<p><strong>Manuel Neuer, p\u011btin\u00e1sobn\u00fd dr\u017eitel ocen\u011bn\u00ed &#8222;Nejlep\u0161\u00ed brank\u00e1\u0159 sv\u011bta&#8220; od Mezin\u00e1rodn\u00ed federace fotbalov\u00e9 historie a statistiky (IFFHS) \u0159ekl:<\/strong> &#8222;<em>T\u011b\u0161\u00ed mne, \u017ee mohu jako ambasador podpo\u0159it kampa\u0148 Hisense &#8218;BEYOND GLORY&#8216; pro UEFA EURO 2024\u2122. Na EURO &#8211; jako na nejv\u011bt\u0161\u00ed v\u00fdzvu pro elitu evropsk\u00fdch fotbalist\u016f &#8211; se opravdu velmi t\u011b\u0161\u00edm.&#8220;<\/em><\/p>\n\n\n\n<p>Jako ofici\u00e1ln\u00ed partner UEFA EURO 2024\u2122 a pr\u016fkopn\u00edk v oblasti zobrazovac\u00edch technologi\u00ed chce Hisense p\u0159in\u00e1\u0161et dokonal\u00e9 z\u00e1\u017eitky ze sledov\u00e1n\u00ed ME a nab\u00eddnout novou kvalitu \u017eivota &#8211; prost\u0159ednictv\u00edm sv\u00fdch televizor\u016f i chytr\u00fdch dom\u00e1c\u00edch spot\u0159ebi\u010d\u016f.<\/p>\n\n\n\n<div style=\"height:50px\" aria-hidden=\"true\" class=\"wp-block-spacer\"><\/div>\n\n\n<div class=\"wp-block-image\">\n<figure class=\"aligncenter size-full\"><img decoding=\"async\" src=\"https:\/\/homemagazine.cz\/wp-content\/uploads\/2024\/05\/Hisense-Euro2024-Koller-1-White_web.jpg\" alt=\"\" class=\"wp-image-6661\"\/><\/figure><\/div>\n\n\n<div style=\"height:50px\" aria-hidden=\"true\" class=\"wp-block-spacer\"><\/div>\n\n\n\n<p><strong>Bob Wang, gener\u00e1ln\u00ed \u0159editel mezin\u00e1rodn\u00edho marketingov\u00e9ho odd\u011blen\u00ed spole\u010dnosti Hisense, poznamenal:<\/strong> <em>&#8222;Je n\u00e1m ct\u00ed p\u0159iv\u00edtat Manuela jako ambasadora zna\u010dky Hisense pro UEFA EURO 2024\u2122 a v\u011b\u0159\u00edme, \u017ee je ide\u00e1ln\u00edm p\u0159edstavitelem na\u0161\u00ed nov\u00e9 kampan\u011b. Na brank\u00e1\u0159e se jeho t\u00fdm spol\u00e9h\u00e1, \u017ee bude v\u017edy u v\u0161eho a za v\u0161ech okolnost\u00ed mu pom\u016f\u017ee zajistit \u00fasp\u011bch. Ve spole\u010dnosti Hisense usilujeme o podobn\u00fd c\u00edl \u2013 hled\u00e1me st\u00e1le dal\u0161\u00ed cesty, jak zlep\u0161it \u017eivot na\u0161ich z\u00e1kazn\u00edk\u016f pomoc\u00ed inovativn\u00edch technologi\u00ed, na kter\u00e9 se mohou spolehnout.&#8220;<\/em><\/p>\n\n\n\n<p>Hisense sponzoruje EURO UEFA ji\u017e pot\u0159et\u00ed v&nbsp;\u0159ad\u011b. Je to obrovsk\u00e1 p\u0159\u00edle\u017eitost, jak pokra\u010dovat v propojov\u00e1n\u00ed zna\u010dky se spot\u0159ebiteli na cel\u00e9m sv\u011bt\u011b. <em>&#8222;Jako spole\u010dnost se neust\u00e1le sna\u017e\u00edme zvy\u0161ovat kvalitu a je\u0161t\u011b d\u00e1l posouvat z\u00e1\u017eitek z ka\u017edodenn\u00edho \u017eivota. Ve spolupr\u00e1ci s Manuelem se t\u011b\u0161\u00edme, \u017ee fanou\u0161k\u016fm po cel\u00e9m sv\u011bt\u011b poskytneme jedine\u010dn\u00fd z\u00e1\u017eitek z UEFA EURO 2024\u2122.&#8220;<\/em><\/p>\n\n\n\n<div style=\"height:50px\" aria-hidden=\"true\" class=\"wp-block-spacer\"><\/div>\n\n\n<div class=\"wp-block-image\">\n<figure class=\"aligncenter size-large\"><img decoding=\"async\" src=\"https:\/\/homemagazine.cz\/wp-content\/uploads\/2024\/05\/Hisense-EURO-2024-a-Jan-Koller-4-840x594.jpg\" alt=\"\" class=\"wp-image-6663\"\/><\/figure><\/div>\n\n\n<div style=\"height:50px\" aria-hidden=\"true\" class=\"wp-block-spacer\"><\/div>\n\n\n\n<h2 class=\"wp-block-heading\"><strong>Podpora fotbalu i v \u010cR<\/strong><\/h2>\n\n\n\n<div style=\"height:50px\" aria-hidden=\"true\" class=\"wp-block-spacer\"><\/div>\n\n\n\n<p>Hisense podporuje sport a s\u00e1z\u00ed na sportovn\u00ed marketing i lok\u00e1ln\u011b \u2013 nap\u0159\u00edklad je partnerem prvoligov\u00e9ho fotbalov\u00e9ho klubu SK Slavia Praha a gener\u00e1ln\u00edm partnerem Planeo Cup Hisense &#8211; Poh\u00e1ru ml\u00e1de\u017ee Fotbalov\u00e9 asociace \u010cR. Nov\u011b Hisense spolupracuje s legend\u00e1rn\u00edm fotbalistou Janem Kollerem, kter\u00fd je tv\u00e1\u0159\u00ed ned\u00e1vno odstartovan\u00e9 kampan\u011b k EURO 2024 a pr\u016fb\u011b\u017en\u011b se osobn\u011b zapojuje i do mnoha aktivit pro fotbalovou ve\u0159ejnost i ml\u00e1de\u017e. Kampa\u0148 je skute\u010dn\u011b masivn\u00ed a prob\u00edh\u00e1 nap\u0159\u00ed\u010d komunika\u010dn\u00edmi kan\u00e1ly v\u010detn\u011b \u017eiv\u00fdch event\u016f, aktivit na soci\u00e1ln\u00edch s\u00edt\u00edch a komunikace v m\u00edst\u011b prodeje.<\/p>\n\n\n\n<div style=\"height:19px\" aria-hidden=\"true\" class=\"wp-block-spacer\"><\/div>\n\n\n\n<h4 class=\"wp-block-heading\"><strong>V\u00edce informac\u00ed: <a href=\"https:\/\/cz.hisense.com\/\">cz.hisense.com<\/a>, <a href=\"https:\/\/global.hisense.com\/\">global.hisense.com<\/a><\/strong><\/h4>\n\n\n\n<h4 class=\"wp-block-heading\"><strong>Sense For Technology<\/strong><\/h4>\n\n\n\n<div style=\"height:100px\" aria-hidden=\"true\" class=\"wp-block-spacer\"><\/div>\n\n\n\n<figure class=\"wp-block-gallery has-nested-images columns-default is-cropped wp-block-gallery-1 is-layout-flex\">\n<figure class=\"wp-block-image size-large\"><img decoding=\"async\" data-id=\"6663\"  src=\"https:\/\/homemagazine.cz\/wp-content\/uploads\/2024\/05\/Hisense-EURO-2024-a-Jan-Koller-4-840x594.jpg\" alt=\"\" class=\"wp-image-6663\"\/><\/figure>\n\n\n\n<figure class=\"wp-block-image size-large\"><img decoding=\"async\" data-id=\"6661\"  src=\"https:\/\/homemagazine.cz\/wp-content\/uploads\/2024\/05\/Hisense-Euro2024-Koller-1-White_web.jpg\" alt=\"\" class=\"wp-image-6661\"\/><\/figure>\n\n\n\n<figure class=\"wp-block-image size-large\"><img decoding=\"async\" data-id=\"6662\"  src=\"https:\/\/homemagazine.cz\/wp-content\/uploads\/2024\/05\/Foto-cislo-3_Hisense-ULED-TV-a-EURO-2024-840x392.jpg\" alt=\"\" class=\"wp-image-6662\"\/><\/figure>\n\n\n\n<figure class=\"wp-block-image size-large\"><img decoding=\"async\" data-id=\"6664\"  src=\"https:\/\/homemagazine.cz\/wp-content\/uploads\/2024\/05\/Foto-cislo-1_Hisense-a-Manuel-Neuer_KV-840x473.jpg\" alt=\"\" class=\"wp-image-6664\"\/><\/figure>\n<\/figure>\n\n\n\n<div style=\"height:30px\" aria-hidden=\"true\" class=\"wp-block-spacer\"><\/div>\n\n\n\n<p><strong>Zdroj foto: <\/strong>Hisense<\/p>\n\n\n\n<div style=\"height:100px\" aria-hidden=\"true\" class=\"wp-block-spacer\"><\/div>\n","protected":false},"excerpt":{"rendered":"<p>Glob\u00e1ln\u00ed v\u00fdrobce dom\u00e1c\u00edch spot\u0159ebi\u010d\u016f Hisense pr\u00e1v\u011b startuje svoji kampa\u0148 &#8222;BEYOND GLORY&#8220; k bl\u00ed\u017e\u00edc\u00edmu se ME ve fotbale UEFA EURO 2024\u2122. Tv\u00e1\u0159\u00ed kampan\u011b je n\u011bmeck\u00fd brank\u00e1\u0159 a kapit\u00e1n bundesligov\u00e9ho FC Bayern Mnichov Manuel Neuer, kter\u00fd m\u00e1 na kont\u011b mj. v\u00edt\u011bzstv\u00ed N\u011bmecka na mistrovstv\u00ed sv\u011bta. N\u011bmeck\u00fd reprezentant, kter\u00fd se vedle v\u00edt\u011bzstv\u00ed na MS m\u016f\u017ee pochlubit i 11 bundesligov\u00fdmi trofejemi, se p\u0159ipojuje k Hisense jako ofici\u00e1ln\u00ed ambasador a tv\u00e1\u0159 kampan\u011b &#8222;BEYOND GLORY&#8220;. Kampa\u0148 symbolizuje ne\u00fanavnou snahu o dokonalost, kter\u00e1 spojuje profesion\u00e1ln\u00ed fotbalisty usiluj\u00edc\u00ed o triumf na ME. Analogicky vyjad\u0159uje i nikdy nekon\u010d\u00edc\u00ed odhodl\u00e1n\u00ed&hellip;<\/p>\n","protected":false},"author":3,"featured_media":579,"comment_status":"closed","ping_status":"open","sticky":false,"template":"","format":"standard","meta":{"_mi_skip_tracking":false,"_monsterinsights_sitenote_active":false,"_monsterinsights_sitenote_note":"","_monsterinsights_sitenote_category":0},"categories":[1,5],"tags":[42,41,28,43],"yoast_head":"<!-- This site is optimized with the Yoast SEO plugin v21.4 - https:\/\/yoast.com\/wordpress\/plugins\/seo\/ -->\n<title>Brank\u00e1\u0159sk\u00e1 legenda Manuel Neuer se st\u00e1v\u00e1 ambasadorem zna\u010dky Hisense pro UEFA EURO 2024 - BydleteStylov\u011b.cz<\/title>\n<meta name=\"description\" content=\"Glob\u00e1ln\u00ed v\u00fdrobce dom\u00e1c\u00edch spot\u0159ebi\u010d\u016f Hisense pr\u00e1v\u011b startuje svoji kampa\u0148 &quot;BEYOND GLORY&quot; k bl\u00ed\u017e\u00edc\u00edmu se ME ve fotbale UEFA EURO 2024\u2122. Tv\u00e1\u0159\u00ed kampan\u011b je n\u011bmeck\u00fd brank\u00e1\u0159 a kapit\u00e1n bundesligov\u00e9ho FC Bayern Mnichov Manuel Neuer, kter\u00fd m\u00e1 na kont\u011b mj. v\u00edt\u011bzstv\u00ed N\u011bmecka na mistrovstv\u00ed sv\u011bta.\" \/>\n<meta name=\"robots\" content=\"index, follow, max-snippet:-1, max-image-preview:large, max-video-preview:-1\" \/>\n<link rel=\"canonical\" href=\"https:\/\/bydletestylove.cz\/index.php\/novinky\/brankarska-legenda-manuel-neuer-se-stava-ambasadorem-znacky-hisense-pro-uefa-euro-2024\/\" \/>\n<meta property=\"og:locale\" content=\"cs_CZ\" \/>\n<meta property=\"og:type\" content=\"article\" \/>\n<meta property=\"og:title\" content=\"Brank\u00e1\u0159sk\u00e1 legenda Manuel Neuer se st\u00e1v\u00e1 ambasadorem zna\u010dky Hisense pro UEFA EURO 2024 - BydleteStylov\u011b.cz\" \/>\n<meta property=\"og:description\" content=\"Glob\u00e1ln\u00ed v\u00fdrobce dom\u00e1c\u00edch spot\u0159ebi\u010d\u016f Hisense pr\u00e1v\u011b startuje svoji kampa\u0148 &quot;BEYOND GLORY&quot; k bl\u00ed\u017e\u00edc\u00edmu se ME ve fotbale UEFA EURO 2024\u2122. Tv\u00e1\u0159\u00ed kampan\u011b je n\u011bmeck\u00fd brank\u00e1\u0159 a kapit\u00e1n bundesligov\u00e9ho FC Bayern Mnichov Manuel Neuer, kter\u00fd m\u00e1 na kont\u011b mj. v\u00edt\u011bzstv\u00ed N\u011bmecka na mistrovstv\u00ed sv\u011bta.\" \/>\n<meta property=\"og:url\" content=\"https:\/\/bydletestylove.cz\/index.php\/novinky\/brankarska-legenda-manuel-neuer-se-stava-ambasadorem-znacky-hisense-pro-uefa-euro-2024\/\" \/>\n<meta property=\"og:site_name\" content=\"BydleteStylov\u011b.cz\" \/>\n<meta property=\"article:published_time\" content=\"2024-05-01T22:01:00+00:00\" \/>\n<meta property=\"article:modified_time\" content=\"2024-05-01T14:43:13+00:00\" \/>\n<meta property=\"og:image\" content=\"https:\/\/bydletestylove.cz\/wp-content\/uploads\/2024\/05\/Foto-cislo-1_Hisense-a-Manuel-Neuer_KV_web.jpg\" \/>\n\t<meta property=\"og:image:width\" content=\"1406\" \/>\n\t<meta property=\"og:image:height\" content=\"791\" \/>\n\t<meta property=\"og:image:type\" content=\"image\/jpeg\" \/>\n<meta name=\"author\" content=\"Miroslav Van\u011bk\" \/>\n<meta name=\"twitter:card\" content=\"summary_large_image\" \/>\n<meta name=\"twitter:label1\" content=\"Napsal(a)\" \/>\n\t<meta name=\"twitter:data1\" content=\"Miroslav Van\u011bk\" \/>\n\t<meta name=\"twitter:label2\" content=\"Odhadovan\u00e1 doba \u010dten\u00ed\" \/>\n\t<meta name=\"twitter:data2\" content=\"4 minuty\" \/>\n<script type=\"application\/ld+json\" class=\"yoast-schema-graph\">{\"@context\":\"https:\/\/schema.org\",\"@graph\":[{\"@type\":\"Article\",\"@id\":\"https:\/\/bydletestylove.cz\/index.php\/novinky\/brankarska-legenda-manuel-neuer-se-stava-ambasadorem-znacky-hisense-pro-uefa-euro-2024\/#article\",\"isPartOf\":{\"@id\":\"https:\/\/bydletestylove.cz\/index.php\/novinky\/brankarska-legenda-manuel-neuer-se-stava-ambasadorem-znacky-hisense-pro-uefa-euro-2024\/\"},\"author\":{\"name\":\"Miroslav Van\u011bk\",\"@id\":\"https:\/\/bydletestylove.cz\/#\/schema\/person\/0757aa90a12be7df6c443034e54e08f0\"},\"headline\":\"Brank\u00e1\u0159sk\u00e1 legenda Manuel Neuer se st\u00e1v\u00e1 ambasadorem zna\u010dky Hisense pro UEFA EURO 2024\",\"datePublished\":\"2024-05-01T22:01:00+00:00\",\"dateModified\":\"2024-05-01T14:43:13+00:00\",\"mainEntityOfPage\":{\"@id\":\"https:\/\/bydletestylove.cz\/index.php\/novinky\/brankarska-legenda-manuel-neuer-se-stava-ambasadorem-znacky-hisense-pro-uefa-euro-2024\/\"},\"wordCount\":566,\"publisher\":{\"@id\":\"https:\/\/bydletestylove.cz\/#organization\"},\"keywords\":[\"ambasador\",\"Brank\u00e1\u0159sk\u00e1 legenda Manuel Neuer\",\"hisense\",\"UEFA EURO 2024\"],\"articleSection\":[\"NOVINKY\",\"TIPY &amp; TRENDY\"],\"inLanguage\":\"cs\"},{\"@type\":\"WebPage\",\"@id\":\"https:\/\/bydletestylove.cz\/index.php\/novinky\/brankarska-legenda-manuel-neuer-se-stava-ambasadorem-znacky-hisense-pro-uefa-euro-2024\/\",\"url\":\"https:\/\/bydletestylove.cz\/index.php\/novinky\/brankarska-legenda-manuel-neuer-se-stava-ambasadorem-znacky-hisense-pro-uefa-euro-2024\/\",\"name\":\"Brank\u00e1\u0159sk\u00e1 legenda Manuel Neuer se st\u00e1v\u00e1 ambasadorem zna\u010dky Hisense pro UEFA EURO 2024 - BydleteStylov\u011b.cz\",\"isPartOf\":{\"@id\":\"https:\/\/bydletestylove.cz\/#website\"},\"datePublished\":\"2024-05-01T22:01:00+00:00\",\"dateModified\":\"2024-05-01T14:43:13+00:00\",\"description\":\"Glob\u00e1ln\u00ed v\u00fdrobce dom\u00e1c\u00edch spot\u0159ebi\u010d\u016f Hisense pr\u00e1v\u011b startuje svoji kampa\u0148 \\\"BEYOND GLORY\\\" k bl\u00ed\u017e\u00edc\u00edmu se ME ve fotbale UEFA EURO 2024\u2122. Tv\u00e1\u0159\u00ed kampan\u011b je n\u011bmeck\u00fd brank\u00e1\u0159 a kapit\u00e1n bundesligov\u00e9ho FC Bayern Mnichov Manuel Neuer, kter\u00fd m\u00e1 na kont\u011b mj. v\u00edt\u011bzstv\u00ed N\u011bmecka na mistrovstv\u00ed sv\u011bta.\",\"breadcrumb\":{\"@id\":\"https:\/\/bydletestylove.cz\/index.php\/novinky\/brankarska-legenda-manuel-neuer-se-stava-ambasadorem-znacky-hisense-pro-uefa-euro-2024\/#breadcrumb\"},\"inLanguage\":\"cs\",\"potentialAction\":[{\"@type\":\"ReadAction\",\"target\":[\"https:\/\/bydletestylove.cz\/index.php\/novinky\/brankarska-legenda-manuel-neuer-se-stava-ambasadorem-znacky-hisense-pro-uefa-euro-2024\/\"]}]},{\"@type\":\"BreadcrumbList\",\"@id\":\"https:\/\/bydletestylove.cz\/index.php\/novinky\/brankarska-legenda-manuel-neuer-se-stava-ambasadorem-znacky-hisense-pro-uefa-euro-2024\/#breadcrumb\",\"itemListElement\":[{\"@type\":\"ListItem\",\"position\":1,\"name\":\"Dom\u016f\",\"item\":\"https:\/\/bydletestylove.cz\/\"},{\"@type\":\"ListItem\",\"position\":2,\"name\":\"Brank\u00e1\u0159sk\u00e1 legenda Manuel Neuer se st\u00e1v\u00e1 ambasadorem zna\u010dky Hisense pro UEFA EURO 2024\"}]},{\"@type\":\"WebSite\",\"@id\":\"https:\/\/bydletestylove.cz\/#website\",\"url\":\"https:\/\/bydletestylove.cz\/\",\"name\":\"BydleteStylov\u011b.cz\",\"description\":\"Port\u00e1l o stylov\u00e9m bydlen\u00ed...\",\"publisher\":{\"@id\":\"https:\/\/bydletestylove.cz\/#organization\"},\"potentialAction\":[{\"@type\":\"SearchAction\",\"target\":{\"@type\":\"EntryPoint\",\"urlTemplate\":\"https:\/\/bydletestylove.cz\/?s={search_term_string}\"},\"query-input\":\"required name=search_term_string\"}],\"inLanguage\":\"cs\"},{\"@type\":\"Organization\",\"@id\":\"https:\/\/bydletestylove.cz\/#organization\",\"name\":\"BydleteStylov\u011b.cz\",\"url\":\"https:\/\/bydletestylove.cz\/\",\"logo\":{\"@type\":\"ImageObject\",\"inLanguage\":\"cs\",\"@id\":\"https:\/\/bydletestylove.cz\/#\/schema\/logo\/image\/\",\"url\":\"http:\/\/bydletestylove.cz\/wp-content\/uploads\/2024\/12\/cropped-Logo-Bydlete-Stylove.jpg\",\"contentUrl\":\"http:\/\/bydletestylove.cz\/wp-content\/uploads\/2024\/12\/cropped-Logo-Bydlete-Stylove.jpg\",\"width\":290,\"height\":143,\"caption\":\"BydleteStylov\u011b.cz\"},\"image\":{\"@id\":\"https:\/\/bydletestylove.cz\/#\/schema\/logo\/image\/\"},\"sameAs\":[\"https:\/\/www.instagram.com\/bydletestylove.cz\/\"]},{\"@type\":\"Person\",\"@id\":\"https:\/\/bydletestylove.cz\/#\/schema\/person\/0757aa90a12be7df6c443034e54e08f0\",\"name\":\"Miroslav Van\u011bk\",\"image\":{\"@type\":\"ImageObject\",\"inLanguage\":\"cs\",\"@id\":\"https:\/\/bydletestylove.cz\/#\/schema\/person\/image\/\",\"url\":\"http:\/\/0.gravatar.com\/avatar\/cc93dbecbfc820d69a964ea4a1c72377?s=96&d=mm&r=g\",\"contentUrl\":\"http:\/\/0.gravatar.com\/avatar\/cc93dbecbfc820d69a964ea4a1c72377?s=96&d=mm&r=g\",\"caption\":\"Miroslav Van\u011bk\"},\"sameAs\":[\"http:\/\/BydleteStylove.cz\"],\"url\":\"http:\/\/bydletestylove.cz\/index.php\/author\/mirvan\/\"}]}<\/script>\n<!-- \/ Yoast SEO plugin. -->","yoast_head_json":{"title":"Brank\u00e1\u0159sk\u00e1 legenda Manuel Neuer se st\u00e1v\u00e1 ambasadorem zna\u010dky Hisense pro UEFA EURO 2024 - BydleteStylov\u011b.cz","description":"Glob\u00e1ln\u00ed v\u00fdrobce dom\u00e1c\u00edch spot\u0159ebi\u010d\u016f Hisense pr\u00e1v\u011b startuje svoji kampa\u0148 \"BEYOND GLORY\" k bl\u00ed\u017e\u00edc\u00edmu se ME ve fotbale UEFA EURO 2024\u2122. Tv\u00e1\u0159\u00ed kampan\u011b je n\u011bmeck\u00fd brank\u00e1\u0159 a kapit\u00e1n bundesligov\u00e9ho FC Bayern Mnichov Manuel Neuer, kter\u00fd m\u00e1 na kont\u011b mj. v\u00edt\u011bzstv\u00ed N\u011bmecka na mistrovstv\u00ed sv\u011bta.","robots":{"index":"index","follow":"follow","max-snippet":"max-snippet:-1","max-image-preview":"max-image-preview:large","max-video-preview":"max-video-preview:-1"},"canonical":"https:\/\/bydletestylove.cz\/index.php\/novinky\/brankarska-legenda-manuel-neuer-se-stava-ambasadorem-znacky-hisense-pro-uefa-euro-2024\/","og_locale":"cs_CZ","og_type":"article","og_title":"Brank\u00e1\u0159sk\u00e1 legenda Manuel Neuer se st\u00e1v\u00e1 ambasadorem zna\u010dky Hisense pro UEFA EURO 2024 - BydleteStylov\u011b.cz","og_description":"Glob\u00e1ln\u00ed v\u00fdrobce dom\u00e1c\u00edch spot\u0159ebi\u010d\u016f Hisense pr\u00e1v\u011b startuje svoji kampa\u0148 \"BEYOND GLORY\" k bl\u00ed\u017e\u00edc\u00edmu se ME ve fotbale UEFA EURO 2024\u2122. Tv\u00e1\u0159\u00ed kampan\u011b je n\u011bmeck\u00fd brank\u00e1\u0159 a kapit\u00e1n bundesligov\u00e9ho FC Bayern Mnichov Manuel Neuer, kter\u00fd m\u00e1 na kont\u011b mj. v\u00edt\u011bzstv\u00ed N\u011bmecka na mistrovstv\u00ed sv\u011bta.","og_url":"https:\/\/bydletestylove.cz\/index.php\/novinky\/brankarska-legenda-manuel-neuer-se-stava-ambasadorem-znacky-hisense-pro-uefa-euro-2024\/","og_site_name":"BydleteStylov\u011b.cz","article_published_time":"2024-05-01T22:01:00+00:00","article_modified_time":"2024-05-01T14:43:13+00:00","og_image":[{"width":1406,"height":791,"url":"https:\/\/bydletestylove.cz\/wp-content\/uploads\/2024\/05\/Foto-cislo-1_Hisense-a-Manuel-Neuer_KV_web.jpg","type":"image\/jpeg"}],"author":"Miroslav Van\u011bk","twitter_card":"summary_large_image","twitter_misc":{"Napsal(a)":"Miroslav Van\u011bk","Odhadovan\u00e1 doba \u010dten\u00ed":"4 minuty"},"schema":{"@context":"https:\/\/schema.org","@graph":[{"@type":"Article","@id":"https:\/\/bydletestylove.cz\/index.php\/novinky\/brankarska-legenda-manuel-neuer-se-stava-ambasadorem-znacky-hisense-pro-uefa-euro-2024\/#article","isPartOf":{"@id":"https:\/\/bydletestylove.cz\/index.php\/novinky\/brankarska-legenda-manuel-neuer-se-stava-ambasadorem-znacky-hisense-pro-uefa-euro-2024\/"},"author":{"name":"Miroslav Van\u011bk","@id":"https:\/\/bydletestylove.cz\/#\/schema\/person\/0757aa90a12be7df6c443034e54e08f0"},"headline":"Brank\u00e1\u0159sk\u00e1 legenda Manuel Neuer se st\u00e1v\u00e1 ambasadorem zna\u010dky Hisense pro UEFA EURO 2024","datePublished":"2024-05-01T22:01:00+00:00","dateModified":"2024-05-01T14:43:13+00:00","mainEntityOfPage":{"@id":"https:\/\/bydletestylove.cz\/index.php\/novinky\/brankarska-legenda-manuel-neuer-se-stava-ambasadorem-znacky-hisense-pro-uefa-euro-2024\/"},"wordCount":566,"publisher":{"@id":"https:\/\/bydletestylove.cz\/#organization"},"keywords":["ambasador","Brank\u00e1\u0159sk\u00e1 legenda Manuel Neuer","hisense","UEFA EURO 2024"],"articleSection":["NOVINKY","TIPY &amp; TRENDY"],"inLanguage":"cs"},{"@type":"WebPage","@id":"https:\/\/bydletestylove.cz\/index.php\/novinky\/brankarska-legenda-manuel-neuer-se-stava-ambasadorem-znacky-hisense-pro-uefa-euro-2024\/","url":"https:\/\/bydletestylove.cz\/index.php\/novinky\/brankarska-legenda-manuel-neuer-se-stava-ambasadorem-znacky-hisense-pro-uefa-euro-2024\/","name":"Brank\u00e1\u0159sk\u00e1 legenda Manuel Neuer se st\u00e1v\u00e1 ambasadorem zna\u010dky Hisense pro UEFA EURO 2024 - BydleteStylov\u011b.cz","isPartOf":{"@id":"https:\/\/bydletestylove.cz\/#website"},"datePublished":"2024-05-01T22:01:00+00:00","dateModified":"2024-05-01T14:43:13+00:00","description":"Glob\u00e1ln\u00ed v\u00fdrobce dom\u00e1c\u00edch spot\u0159ebi\u010d\u016f Hisense pr\u00e1v\u011b startuje svoji kampa\u0148 \"BEYOND GLORY\" k bl\u00ed\u017e\u00edc\u00edmu se ME ve fotbale UEFA EURO 2024\u2122. Tv\u00e1\u0159\u00ed kampan\u011b je n\u011bmeck\u00fd brank\u00e1\u0159 a kapit\u00e1n bundesligov\u00e9ho FC Bayern Mnichov Manuel Neuer, kter\u00fd m\u00e1 na kont\u011b mj. v\u00edt\u011bzstv\u00ed N\u011bmecka na mistrovstv\u00ed sv\u011bta.","breadcrumb":{"@id":"https:\/\/bydletestylove.cz\/index.php\/novinky\/brankarska-legenda-manuel-neuer-se-stava-ambasadorem-znacky-hisense-pro-uefa-euro-2024\/#breadcrumb"},"inLanguage":"cs","potentialAction":[{"@type":"ReadAction","target":["https:\/\/bydletestylove.cz\/index.php\/novinky\/brankarska-legenda-manuel-neuer-se-stava-ambasadorem-znacky-hisense-pro-uefa-euro-2024\/"]}]},{"@type":"BreadcrumbList","@id":"https:\/\/bydletestylove.cz\/index.php\/novinky\/brankarska-legenda-manuel-neuer-se-stava-ambasadorem-znacky-hisense-pro-uefa-euro-2024\/#breadcrumb","itemListElement":[{"@type":"ListItem","position":1,"name":"Dom\u016f","item":"https:\/\/bydletestylove.cz\/"},{"@type":"ListItem","position":2,"name":"Brank\u00e1\u0159sk\u00e1 legenda Manuel Neuer se st\u00e1v\u00e1 ambasadorem zna\u010dky Hisense pro UEFA EURO 2024"}]},{"@type":"WebSite","@id":"https:\/\/bydletestylove.cz\/#website","url":"https:\/\/bydletestylove.cz\/","name":"BydleteStylov\u011b.cz","description":"Port\u00e1l o stylov\u00e9m bydlen\u00ed...","publisher":{"@id":"https:\/\/bydletestylove.cz\/#organization"},"potentialAction":[{"@type":"SearchAction","target":{"@type":"EntryPoint","urlTemplate":"https:\/\/bydletestylove.cz\/?s={search_term_string}"},"query-input":"required name=search_term_string"}],"inLanguage":"cs"},{"@type":"Organization","@id":"https:\/\/bydletestylove.cz\/#organization","name":"BydleteStylov\u011b.cz","url":"https:\/\/bydletestylove.cz\/","logo":{"@type":"ImageObject","inLanguage":"cs","@id":"https:\/\/bydletestylove.cz\/#\/schema\/logo\/image\/","url":"http:\/\/bydletestylove.cz\/wp-content\/uploads\/2024\/12\/cropped-Logo-Bydlete-Stylove.jpg","contentUrl":"http:\/\/bydletestylove.cz\/wp-content\/uploads\/2024\/12\/cropped-Logo-Bydlete-Stylove.jpg","width":290,"height":143,"caption":"BydleteStylov\u011b.cz"},"image":{"@id":"https:\/\/bydletestylove.cz\/#\/schema\/logo\/image\/"},"sameAs":["https:\/\/www.instagram.com\/bydletestylove.cz\/"]},{"@type":"Person","@id":"https:\/\/bydletestylove.cz\/#\/schema\/person\/0757aa90a12be7df6c443034e54e08f0","name":"Miroslav Van\u011bk","image":{"@type":"ImageObject","inLanguage":"cs","@id":"https:\/\/bydletestylove.cz\/#\/schema\/person\/image\/","url":"http:\/\/0.gravatar.com\/avatar\/cc93dbecbfc820d69a964ea4a1c72377?s=96&d=mm&r=g","contentUrl":"http:\/\/0.gravatar.com\/avatar\/cc93dbecbfc820d69a964ea4a1c72377?s=96&d=mm&r=g","caption":"Miroslav Van\u011bk"},"sameAs":["http:\/\/BydleteStylove.cz"],"url":"http:\/\/bydletestylove.cz\/index.php\/author\/mirvan\/"}]}},"_links":{"self":[{"href":"http:\/\/bydletestylove.cz\/index.php\/wp-json\/wp\/v2\/posts\/578"}],"collection":[{"href":"http:\/\/bydletestylove.cz\/index.php\/wp-json\/wp\/v2\/posts"}],"about":[{"href":"http:\/\/bydletestylove.cz\/index.php\/wp-json\/wp\/v2\/types\/post"}],"author":[{"embeddable":true,"href":"http:\/\/bydletestylove.cz\/index.php\/wp-json\/wp\/v2\/users\/3"}],"replies":[{"embeddable":true,"href":"http:\/\/bydletestylove.cz\/index.php\/wp-json\/wp\/v2\/comments?post=578"}],"version-history":[{"count":1,"href":"http:\/\/bydletestylove.cz\/index.php\/wp-json\/wp\/v2\/posts\/578\/revisions"}],"predecessor-version":[{"id":580,"href":"http:\/\/bydletestylove.cz\/index.php\/wp-json\/wp\/v2\/posts\/578\/revisions\/580"}],"wp:featuredmedia":[{"embeddable":true,"href":"http:\/\/bydletestylove.cz\/index.php\/wp-json\/wp\/v2\/media\/579"}],"wp:attachment":[{"href":"http:\/\/bydletestylove.cz\/index.php\/wp-json\/wp\/v2\/media?parent=578"}],"wp:term":[{"taxonomy":"category","embeddable":true,"href":"http:\/\/bydletestylove.cz\/index.php\/wp-json\/wp\/v2\/categories?post=578"},{"taxonomy":"post_tag","embeddable":true,"href":"http:\/\/bydletestylove.cz\/index.php\/wp-json\/wp\/v2\/tags?post=578"}],"curies":[{"name":"wp","href":"https:\/\/api.w.org\/{rel}","templated":true}]}}