{"id":2315,"date":"2026-01-05T00:01:00","date_gmt":"2026-01-04T23:01:00","guid":{"rendered":"https:\/\/bydletestylove.cz\/?p=2315"},"modified":"2025-12-26T05:43:44","modified_gmt":"2025-12-26T04:43:44","slug":"fetters-zahajuje-hlavni-fazi-vystavby-projektu-panorama-branik-celkem-je-prodano-jiz-60-bytu","status":"publish","type":"post","link":"http:\/\/bydletestylove.cz\/index.php\/byty\/fetters-zahajuje-hlavni-fazi-vystavby-projektu-panorama-branik-celkem-je-prodano-jiz-60-bytu\/","title":{"rendered":"<span>FETTERS zahajuje hlavn\u00ed f\u00e1zi v\u00fdstavby projektu Panorama Bran\u00edk. Celkem je prod\u00e1no ji\u017e 60 % byt\u016f<\/span>"},"content":{"rendered":"\n<div style=\"height:35px\" aria-hidden=\"true\" class=\"wp-block-spacer\"><\/div>\n\n\n\n<p class=\"has-medium-font-size\"><strong>Spole\u010dnost FETTERS management, \u010desk\u00fd specialista na&nbsp;development a projektov\u00e9 \u0159\u00edzen\u00ed staveb, odstartovala slavnostn\u00edm poklep\u00e1n\u00edm z\u00e1kladn\u00edho kamene hlavn\u00ed stavebn\u00ed f\u00e1zi reziden\u010dn\u00edho projektu Panorama Bran\u00edk. Polyfunk\u010dn\u00ed d\u016fm se 14 nadzemn\u00edmi podla\u017e\u00edmi spole\u010dnost realizuje na pomez\u00ed vilov\u00e9 \u010dtvrti a zelen\u011b v Praze 4. Nach\u00e1z\u00ed se zde celkem 77 byt\u016f o dispozic\u00edch 1+kk a\u017e 5+kk a sedm&nbsp;komer\u010dn\u00edch jednotek. Studio Qarta Architektura zpracovalo ideovou studii projektu a dokumentaci pro \u00fazemn\u00ed rozhodnut\u00ed. Na \u0159e\u0161en\u00ed projektu se d\u00e1le pod\u00edlel ateli\u00e9r Domy Architects, kter\u00fd zpracoval dokumentaci pro stavebn\u00ed povolen\u00ed, a Atelier Smitka, autor fin\u00e1ln\u00edho technick\u00e9ho \u0159e\u0161en\u00ed a prov\u00e1d\u011bc\u00ed dokumentace. Gener\u00e1ln\u00edm dodavatelem stavby je BAK stavebn\u00ed spole\u010dnost, a.s. Celkem 60 % bytov\u00fdch jednotek je&nbsp;ji\u017e&nbsp;prod\u00e1no. P\u0159edpokl\u00e1dan\u00fd term\u00edn dokon\u010den\u00ed je v prosinci 2026.<\/strong><\/p>\n\n\n\n<div style=\"height:34px\" aria-hidden=\"true\" class=\"wp-block-spacer\"><\/div>\n\n\n<div class=\"wp-block-image\">\n<figure class=\"aligncenter size-large\"><img decoding=\"async\" loading=\"lazy\" width=\"1024\" height=\"683\" src=\"http:\/\/bydletestylove.cz\/wp-content\/uploads\/2025\/12\/Panorama-Branik-int.-I-1024x683.jpg\" alt=\"FETTERS\" class=\"wp-image-2319\" srcset=\"http:\/\/bydletestylove.cz\/wp-content\/uploads\/2025\/12\/Panorama-Branik-int.-I-1024x683.jpg 1024w, http:\/\/bydletestylove.cz\/wp-content\/uploads\/2025\/12\/Panorama-Branik-int.-I-300x200.jpg 300w, http:\/\/bydletestylove.cz\/wp-content\/uploads\/2025\/12\/Panorama-Branik-int.-I-768x512.jpg 768w, http:\/\/bydletestylove.cz\/wp-content\/uploads\/2025\/12\/Panorama-Branik-int.-I-1536x1024.jpg 1536w, http:\/\/bydletestylove.cz\/wp-content\/uploads\/2025\/12\/Panorama-Branik-int.-I-2048x1365.jpg 2048w\" sizes=\"(max-width: 1024px) 100vw, 1024px\" \/><\/figure><\/div>\n\n\n<div style=\"height:35px\" aria-hidden=\"true\" class=\"wp-block-spacer\"><\/div>\n\n\n\n<p class=\"has-medium-font-size\">\u201e<em>Panorama Bran\u00edk jsme navrhli tak, aby obst\u00e1l v&nbsp;\u010dase. Projekt spl\u0148uje vysok\u00e9 n\u00e1roky na sou\u010dasn\u00e9 bydlen\u00ed, ka\u017ed\u00fd byt je navr\u017een s&nbsp;d\u016frazem na kvalitu, detail, komfort a maxim\u00e1ln\u00ed vyu\u017eit\u00ed prostoru. Praktick\u00e9 dispozice maj\u00ed bytov\u00e9 jednotky 1+kk a\u017e po atypick\u00e9 mezonety v horn\u00edch podla\u017e\u00edch. Velk\u00e1 \u010d\u00e1st z&nbsp;nich nab\u00edz\u00ed unik\u00e1tn\u00ed v\u00fdhledy na Prahu,\u201c<\/em> \u0159\u00edk\u00e1 <strong>Tom\u00e1\u0161 Fetters, jednatel spole\u010dnosti FETTERS management<\/strong>, a&nbsp;dod\u00e1v\u00e1: \u201e<em>M\u00e1me dlouholet\u00e9 zku\u0161enosti s projektov\u00fdm \u0159\u00edzen\u00edm velk\u00fdch staveb<\/em> <em>po cel\u00e9 republice. Ty se prom\u00edtaj\u00ed do ka\u017ed\u00e9ho detailu na\u0161ich vlastn\u00edch developersk\u00fdch projekt\u016f. Od technick\u00e9ho \u0159e\u0161en\u00ed a\u017e po zp\u016fsob, jak\u00fdm p\u0159em\u00fd\u0161l\u00edme o komfortu budouc\u00edch rezident\u016f. Jsem p\u0159esv\u011bd\u010den, \u017ee je to na projektu jasn\u011b vid\u011bt, sv\u011bd\u010d\u00ed o tom i z\u00e1jem kupuj\u00edc\u00edch.\u201c<\/em><\/p>\n\n\n\n<div style=\"height:35px\" aria-hidden=\"true\" class=\"wp-block-spacer\"><\/div>\n\n\n<div class=\"wp-block-image\">\n<figure class=\"aligncenter size-large\"><img decoding=\"async\" loading=\"lazy\" width=\"1024\" height=\"683\" src=\"http:\/\/bydletestylove.cz\/wp-content\/uploads\/2025\/12\/Panorama-branik-vizu-ext-III-1024x683.jpg\" alt=\"FETTERS\" class=\"wp-image-2317\" srcset=\"http:\/\/bydletestylove.cz\/wp-content\/uploads\/2025\/12\/Panorama-branik-vizu-ext-III-1024x683.jpg 1024w, http:\/\/bydletestylove.cz\/wp-content\/uploads\/2025\/12\/Panorama-branik-vizu-ext-III-300x200.jpg 300w, http:\/\/bydletestylove.cz\/wp-content\/uploads\/2025\/12\/Panorama-branik-vizu-ext-III-768x512.jpg 768w, http:\/\/bydletestylove.cz\/wp-content\/uploads\/2025\/12\/Panorama-branik-vizu-ext-III-1536x1024.jpg 1536w, http:\/\/bydletestylove.cz\/wp-content\/uploads\/2025\/12\/Panorama-branik-vizu-ext-III-2048x1365.jpg 2048w\" sizes=\"(max-width: 1024px) 100vw, 1024px\" \/><\/figure><\/div>\n\n\n<div style=\"height:35px\" aria-hidden=\"true\" class=\"wp-block-spacer\"><\/div>\n\n\n\n<h2 class=\"wp-block-heading\">Promy\u0161len\u00e9 dispozice, velk\u00e1 okna a d\u016fraz na pohodl\u00ed<\/h2>\n\n\n\n<div style=\"height:35px\" aria-hidden=\"true\" class=\"wp-block-spacer\"><\/div>\n\n\n\n<p class=\"has-medium-font-size\">Celkem 77 byt\u016f pokr\u00fdv\u00e1 \u0161irokou \u0161k\u00e1lu dispozic od garsonek s v\u00fdm\u011brou okolo 30 m\u00b2 a\u017e&nbsp;po&nbsp;nejv\u011bt\u0161\u00ed byty s obytnou plochou do 120 m\u00b2. Ka\u017ed\u00fd z nich m\u00e1 k dispozici vlastn\u00ed sklep, v\u011bt\u0161ina tak\u00e9 balk\u00f3n nebo terasu. Mezonety v horn\u00edch podla\u017e\u00edch nab\u00edzej\u00ed nav\u00edc prostorn\u00e9 terasy s&nbsp;priv\u00e1tn\u00ed atmosf\u00e9rou a panoramatick\u00fdm v\u00fdhledem na centrum metropole.<\/p>\n\n\n\n<p class=\"has-medium-font-size\">Maximum denn\u00edho sv\u011btla v&nbsp;interi\u00e9ru zaji\u0161\u0165uj\u00ed velkoform\u00e1tov\u00e1 okna. D\u00edky promy\u0161len\u00fdm dispozic\u00edm tak vzniknou vzdu\u0161n\u00e9 a p\u0159irozen\u011b p\u016fsob\u00edc\u00ed prostory. Sou\u010d\u00e1st\u00ed technick\u00e9ho \u0159e\u0161en\u00ed je p\u0159\u00edprava na p\u0159edokenn\u00ed \u017ealuzie. Interi\u00e9rov\u00e9 \u0159e\u0161en\u00ed je postaveno na kvalitn\u00edch materi\u00e1lech a&nbsp;nad\u010dasov\u00e9m designu, kter\u00fd se prom\u00edt\u00e1 nejen do samotn\u00fdch byt\u016f, ale tak\u00e9 do&nbsp;kultivovan\u00e9ho zpracov\u00e1n\u00ed spole\u010dn\u00fdch prostor. Projekt zahrnuje 87 parkovac\u00edch m\u00edst, z\u00e1jemci o v\u011bt\u0161\u00ed byty mohou vyu\u017e\u00edt nab\u00eddky dvou st\u00e1n\u00ed.<\/p>\n\n\n\n<div style=\"height:35px\" aria-hidden=\"true\" class=\"wp-block-spacer\"><\/div>\n\n\n<div class=\"wp-block-image\">\n<figure class=\"aligncenter size-large\"><img decoding=\"async\" loading=\"lazy\" width=\"1024\" height=\"683\" src=\"http:\/\/bydletestylove.cz\/wp-content\/uploads\/2025\/12\/Panorama-Branik-vizualizace-ext.-II-1024x683.jpg\" alt=\"FETTERS\" class=\"wp-image-2316\" srcset=\"http:\/\/bydletestylove.cz\/wp-content\/uploads\/2025\/12\/Panorama-Branik-vizualizace-ext.-II-1024x683.jpg 1024w, http:\/\/bydletestylove.cz\/wp-content\/uploads\/2025\/12\/Panorama-Branik-vizualizace-ext.-II-300x200.jpg 300w, http:\/\/bydletestylove.cz\/wp-content\/uploads\/2025\/12\/Panorama-Branik-vizualizace-ext.-II-768x512.jpg 768w, http:\/\/bydletestylove.cz\/wp-content\/uploads\/2025\/12\/Panorama-Branik-vizualizace-ext.-II-1536x1024.jpg 1536w, http:\/\/bydletestylove.cz\/wp-content\/uploads\/2025\/12\/Panorama-Branik-vizualizace-ext.-II-2048x1365.jpg 2048w\" sizes=\"(max-width: 1024px) 100vw, 1024px\" \/><\/figure><\/div>\n\n\n<div style=\"height:35px\" aria-hidden=\"true\" class=\"wp-block-spacer\"><\/div>\n\n\n\n<h2 class=\"wp-block-heading\">Zele\u0148 integrovan\u00e1 do stavby i okol\u00ed<\/h2>\n\n\n\n<div style=\"height:35px\" aria-hidden=\"true\" class=\"wp-block-spacer\"><\/div>\n\n\n\n<p class=\"has-medium-font-size\">Bytov\u00fd d\u016fm <a href=\"https:\/\/www.panoramabranik.cz\/\">Panorama Bran\u00edk<\/a> je navr\u017een s d\u016frazem na zele\u0148, kter\u00e1 nen\u00ed jen pouhou dekorac\u00ed, ale je sou\u010d\u00e1st\u00ed cel\u00e9ho fungov\u00e1n\u00ed domu. Zelen\u00e1 st\u0159echa nad komer\u010dn\u00edmi jednotkami bude p\u0159irozen\u011b regulovat teplotu v interi\u00e9rech a vytvo\u0159\u00ed p\u0159\u00edjemn\u00e9 pohledy z&nbsp;byt\u016f v horn\u00edch podla\u017e\u00edch. Implementovan\u00e1 reten\u010dn\u00ed n\u00e1dr\u017e umo\u017en\u00ed vyu\u017e\u00edvat de\u0161\u0165ovou vodu k zavla\u017eov\u00e1n\u00ed vegetace, co\u017e sn\u00ed\u017e\u00ed n\u00e1roky na spot\u0159ebu pitn\u00e9 vody.<\/p>\n\n\n\n<p class=\"has-medium-font-size\">Zele\u0148 je zakomponov\u00e1na tak\u00e9 do samotn\u00e9 fas\u00e1dy. Ka\u017ed\u00fd balk\u00f3n nebo terasa maj\u00ed vlastn\u00ed vestav\u011bn\u00fd kv\u011btin\u00e1\u010d, d\u00edky kter\u00e9mu m\u016f\u017ee d\u016fm postupn\u011b obr\u016fstat rostlinami po cel\u00e9 sv\u00e9 v\u00fd\u0161ce od parteru a\u017e po nejvy\u0161\u0161\u00ed podla\u017e\u00ed. Vznikne tak \u017eiv\u00fd, prom\u011bnliv\u00fd pl\u00e1\u0161\u0165, kter\u00fd propoj\u00ed d\u016fm s okoln\u00edm prost\u0159ed\u00edm a zlep\u0161\u00ed mikroklima v lokalit\u011b. Prvky jsou v souladu se&nbsp;z\u00e1m\u011brem kultivovat p\u016fvodn\u011b nevyu\u017e\u00edvanou parcelu a d\u00e1t j\u00ed nov\u00fd smysl.<\/p>\n\n\n\n<div style=\"height:35px\" aria-hidden=\"true\" class=\"wp-block-spacer\"><\/div>\n\n\n<div class=\"wp-block-image\">\n<figure class=\"aligncenter size-large\"><img decoding=\"async\" loading=\"lazy\" width=\"1024\" height=\"683\" src=\"http:\/\/bydletestylove.cz\/wp-content\/uploads\/2025\/12\/Panorama-Branik-int.-II-1024x683.jpg\" alt=\"FETTERS\" class=\"wp-image-2320\" srcset=\"http:\/\/bydletestylove.cz\/wp-content\/uploads\/2025\/12\/Panorama-Branik-int.-II-1024x683.jpg 1024w, http:\/\/bydletestylove.cz\/wp-content\/uploads\/2025\/12\/Panorama-Branik-int.-II-300x200.jpg 300w, http:\/\/bydletestylove.cz\/wp-content\/uploads\/2025\/12\/Panorama-Branik-int.-II-768x512.jpg 768w, http:\/\/bydletestylove.cz\/wp-content\/uploads\/2025\/12\/Panorama-Branik-int.-II-1536x1024.jpg 1536w, http:\/\/bydletestylove.cz\/wp-content\/uploads\/2025\/12\/Panorama-Branik-int.-II-2048x1365.jpg 2048w\" sizes=\"(max-width: 1024px) 100vw, 1024px\" \/><\/figure><\/div>\n\n\n<div style=\"height:35px\" aria-hidden=\"true\" class=\"wp-block-spacer\"><\/div>\n\n\n\n<h2 class=\"wp-block-heading\">D\u016fm nav\u00e1\u017ee na p\u016fvodn\u00ed vilovou z\u00e1stavbu<\/h2>\n\n\n\n<div style=\"height:35px\" aria-hidden=\"true\" class=\"wp-block-spacer\"><\/div>\n\n\n\n<p class=\"has-medium-font-size\">Vedle kvalitn\u00ed architektury po\u010d\u00edt\u00e1 developer tak\u00e9 s organick\u00fdm zapojen\u00edm stavby do&nbsp;jej\u00edho okol\u00ed. Sou\u010d\u00e1st\u00ed n\u00e1vrhu je parter se slu\u017ebami i vylep\u0161en\u00ed bezprost\u0159edn\u00edho prostoru kolem budovy tak, aby Panorama Bran\u00edk p\u0159irozen\u011b nav\u00e1zal na charakter zdej\u0161\u00ed \u010dtvrti a stal se sou\u010d\u00e1st\u00ed jej\u00edho ka\u017edodenn\u00edho \u017eivota.<\/p>\n\n\n\n<p class=\"has-medium-font-size\">\u201e<em>Jsme p\u0159esv\u011bd\u010deni, \u017ee poctiv\u00e1 architektura m\u00e1 b\u00fdt p\u0159\u00ednosem pro \u0161ir\u0161\u00ed okol\u00ed. Podporujeme projekty rozv\u00edjej\u00edc\u00ed a zp\u0159\u00edstup\u0148uj\u00edc\u00ed m\u00edsta, kter\u00e1 byla v&nbsp;minulosti dlouho nevyu\u017eit\u00e1. U Panorama Bran\u00edk zcela p\u0159irozen\u011b \u0159e\u0161\u00edme i ve\u0159ejn\u00fd prostor od slu\u017eeb v parteru a\u017e po \u00fapravu p\u0159ilehl\u00e9 k\u0159i\u017eovatky ve&nbsp;spolupr\u00e1ci s m\u011bstskou \u010d\u00e1st\u00ed a TSK Praha. Nov\u00fd autobusov\u00fd z\u00e1liv, l\u00e9pe osv\u011btlen\u00e9 p\u0159echody a celkov\u011b p\u0159ehledn\u011bj\u0161\u00ed dopravn\u00ed situace zlep\u0161\u00ed fungov\u00e1n\u00ed cel\u00e9 oblasti,\u201c<\/em> \u0159\u00edk\u00e1 <strong>Lubo\u0161 Kr\u00e1l\u00ed\u010dek, obchodn\u00ed \u0159editel spole\u010dnosti FETTERS management.<\/strong><\/p>\n\n\n\n<div style=\"height:35px\" aria-hidden=\"true\" class=\"wp-block-spacer\"><\/div>\n\n\n<div class=\"wp-block-image\">\n<figure class=\"aligncenter size-large\"><img decoding=\"async\" loading=\"lazy\" width=\"1024\" height=\"683\" src=\"http:\/\/bydletestylove.cz\/wp-content\/uploads\/2025\/12\/Panorama-Branik-vizualizace-ext.-I-1024x683.jpg\" alt=\"FETTERS\" class=\"wp-image-2318\" srcset=\"http:\/\/bydletestylove.cz\/wp-content\/uploads\/2025\/12\/Panorama-Branik-vizualizace-ext.-I-1024x683.jpg 1024w, http:\/\/bydletestylove.cz\/wp-content\/uploads\/2025\/12\/Panorama-Branik-vizualizace-ext.-I-300x200.jpg 300w, http:\/\/bydletestylove.cz\/wp-content\/uploads\/2025\/12\/Panorama-Branik-vizualizace-ext.-I-768x512.jpg 768w, http:\/\/bydletestylove.cz\/wp-content\/uploads\/2025\/12\/Panorama-Branik-vizualizace-ext.-I-1536x1024.jpg 1536w, http:\/\/bydletestylove.cz\/wp-content\/uploads\/2025\/12\/Panorama-Branik-vizualizace-ext.-I-2048x1365.jpg 2048w\" sizes=\"(max-width: 1024px) 100vw, 1024px\" \/><\/figure><\/div>\n\n\n<div style=\"height:35px\" aria-hidden=\"true\" class=\"wp-block-spacer\"><\/div>\n\n\n\n<h2 class=\"wp-block-heading\">Bran\u00edk: reziden\u010dn\u00ed \u010dtvr\u0165 s\u00a0komunitn\u00edm \u017eivotem a kompletn\u00ed ob\u010danskou vybavenost\u00ed<\/h2>\n\n\n\n<div style=\"height:35px\" aria-hidden=\"true\" class=\"wp-block-spacer\"><\/div>\n\n\n\n<p class=\"has-medium-font-size\">Projekt je situov\u00e1n do jedn\u00e9 z nejp\u0159\u00edjemn\u011bj\u0161\u00edch reziden\u010dn\u00edch lokalit Prahy 4 a nab\u00edz\u00ed spojen\u00ed vilov\u00e9 atmosf\u00e9ry, zelen\u011b a ucelen\u00e9 m\u011bstsk\u00e9 infrastruktury. V doch\u00e1zkov\u00e9 vzd\u00e1lenosti se zde nach\u00e1zej\u00ed \u0161koly, \u0161kolky, obchody, restaurace i sportovn\u00ed a rekrea\u010dn\u00ed are\u00e1ly v\u010detn\u011b branick\u00e9ho biotopu. \u010ctvr\u0165 je z\u00e1rove\u0148 dob\u0159e napojen\u00e1 na m\u011bstskou hromadnou dopravu. Panorama Bran\u00edk vyr\u016fst\u00e1 v \u017eiv\u00e9, funk\u010dn\u00ed \u010dtvrti s vysokou kvalitou \u017eivota.<\/p>\n\n\n\n<div style=\"height:100px\" aria-hidden=\"true\" class=\"wp-block-spacer\"><\/div>\n\n\n\n<figure class=\"wp-block-gallery has-nested-images columns-2 is-cropped wp-block-gallery-1 is-layout-flex\">\n<figure class=\"wp-block-image size-large\"><img decoding=\"async\" loading=\"lazy\" width=\"1024\" height=\"683\" data-id=\"2319\"  src=\"https:\/\/bydletestylove.cz\/wp-content\/uploads\/2025\/12\/Panorama-Branik-int.-I-1024x683.jpg\" alt=\"FETTERS\" class=\"wp-image-2319\" srcset=\"http:\/\/bydletestylove.cz\/wp-content\/uploads\/2025\/12\/Panorama-Branik-int.-I-1024x683.jpg 1024w, http:\/\/bydletestylove.cz\/wp-content\/uploads\/2025\/12\/Panorama-Branik-int.-I-300x200.jpg 300w, http:\/\/bydletestylove.cz\/wp-content\/uploads\/2025\/12\/Panorama-Branik-int.-I-768x512.jpg 768w, http:\/\/bydletestylove.cz\/wp-content\/uploads\/2025\/12\/Panorama-Branik-int.-I-1536x1024.jpg 1536w, http:\/\/bydletestylove.cz\/wp-content\/uploads\/2025\/12\/Panorama-Branik-int.-I-2048x1365.jpg 2048w\" sizes=\"(max-width: 1024px) 100vw, 1024px\" \/><\/figure>\n\n\n\n<figure class=\"wp-block-image size-large\"><img decoding=\"async\" loading=\"lazy\" width=\"1024\" height=\"683\" data-id=\"2320\"  src=\"https:\/\/bydletestylove.cz\/wp-content\/uploads\/2025\/12\/Panorama-Branik-int.-II-1024x683.jpg\" alt=\"FETTERS\" class=\"wp-image-2320\" srcset=\"http:\/\/bydletestylove.cz\/wp-content\/uploads\/2025\/12\/Panorama-Branik-int.-II-1024x683.jpg 1024w, http:\/\/bydletestylove.cz\/wp-content\/uploads\/2025\/12\/Panorama-Branik-int.-II-300x200.jpg 300w, http:\/\/bydletestylove.cz\/wp-content\/uploads\/2025\/12\/Panorama-Branik-int.-II-768x512.jpg 768w, http:\/\/bydletestylove.cz\/wp-content\/uploads\/2025\/12\/Panorama-Branik-int.-II-1536x1024.jpg 1536w, http:\/\/bydletestylove.cz\/wp-content\/uploads\/2025\/12\/Panorama-Branik-int.-II-2048x1365.jpg 2048w\" sizes=\"(max-width: 1024px) 100vw, 1024px\" \/><\/figure>\n\n\n\n<figure class=\"wp-block-image size-large\"><img decoding=\"async\" loading=\"lazy\" width=\"1024\" height=\"683\" data-id=\"2317\"  src=\"https:\/\/bydletestylove.cz\/wp-content\/uploads\/2025\/12\/Panorama-branik-vizu-ext-III-1024x683.jpg\" alt=\"FETTERS\" class=\"wp-image-2317\" srcset=\"http:\/\/bydletestylove.cz\/wp-content\/uploads\/2025\/12\/Panorama-branik-vizu-ext-III-1024x683.jpg 1024w, http:\/\/bydletestylove.cz\/wp-content\/uploads\/2025\/12\/Panorama-branik-vizu-ext-III-300x200.jpg 300w, http:\/\/bydletestylove.cz\/wp-content\/uploads\/2025\/12\/Panorama-branik-vizu-ext-III-768x512.jpg 768w, http:\/\/bydletestylove.cz\/wp-content\/uploads\/2025\/12\/Panorama-branik-vizu-ext-III-1536x1024.jpg 1536w, http:\/\/bydletestylove.cz\/wp-content\/uploads\/2025\/12\/Panorama-branik-vizu-ext-III-2048x1365.jpg 2048w\" sizes=\"(max-width: 1024px) 100vw, 1024px\" \/><\/figure>\n\n\n\n<figure class=\"wp-block-image size-large\"><img decoding=\"async\" loading=\"lazy\" width=\"1024\" height=\"683\" data-id=\"2318\"  src=\"https:\/\/bydletestylove.cz\/wp-content\/uploads\/2025\/12\/Panorama-Branik-vizualizace-ext.-I-1024x683.jpg\" alt=\"FETTERS\" class=\"wp-image-2318\" srcset=\"http:\/\/bydletestylove.cz\/wp-content\/uploads\/2025\/12\/Panorama-Branik-vizualizace-ext.-I-1024x683.jpg 1024w, http:\/\/bydletestylove.cz\/wp-content\/uploads\/2025\/12\/Panorama-Branik-vizualizace-ext.-I-300x200.jpg 300w, http:\/\/bydletestylove.cz\/wp-content\/uploads\/2025\/12\/Panorama-Branik-vizualizace-ext.-I-768x512.jpg 768w, http:\/\/bydletestylove.cz\/wp-content\/uploads\/2025\/12\/Panorama-Branik-vizualizace-ext.-I-1536x1024.jpg 1536w, http:\/\/bydletestylove.cz\/wp-content\/uploads\/2025\/12\/Panorama-Branik-vizualizace-ext.-I-2048x1365.jpg 2048w\" sizes=\"(max-width: 1024px) 100vw, 1024px\" \/><\/figure>\n\n\n\n<figure class=\"wp-block-image size-large\"><img decoding=\"async\" loading=\"lazy\" width=\"1024\" height=\"683\" data-id=\"2316\"  src=\"https:\/\/bydletestylove.cz\/wp-content\/uploads\/2025\/12\/Panorama-Branik-vizualizace-ext.-II-1024x683.jpg\" alt=\"FETTERS\" class=\"wp-image-2316\" srcset=\"http:\/\/bydletestylove.cz\/wp-content\/uploads\/2025\/12\/Panorama-Branik-vizualizace-ext.-II-1024x683.jpg 1024w, http:\/\/bydletestylove.cz\/wp-content\/uploads\/2025\/12\/Panorama-Branik-vizualizace-ext.-II-300x200.jpg 300w, http:\/\/bydletestylove.cz\/wp-content\/uploads\/2025\/12\/Panorama-Branik-vizualizace-ext.-II-768x512.jpg 768w, http:\/\/bydletestylove.cz\/wp-content\/uploads\/2025\/12\/Panorama-Branik-vizualizace-ext.-II-1536x1024.jpg 1536w, http:\/\/bydletestylove.cz\/wp-content\/uploads\/2025\/12\/Panorama-Branik-vizualizace-ext.-II-2048x1365.jpg 2048w\" sizes=\"(max-width: 1024px) 100vw, 1024px\" \/><\/figure>\n\n\n\n<figure class=\"wp-block-image size-large\"><img decoding=\"async\" loading=\"lazy\" width=\"1024\" height=\"691\" data-id=\"2321\"  src=\"https:\/\/bydletestylove.cz\/wp-content\/uploads\/2025\/12\/Panorama-Branik_poklepani-zakladniho-kamene-1024x691.png\" alt=\"FETTERS\" class=\"wp-image-2321\" srcset=\"http:\/\/bydletestylove.cz\/wp-content\/uploads\/2025\/12\/Panorama-Branik_poklepani-zakladniho-kamene-1024x691.png 1024w, http:\/\/bydletestylove.cz\/wp-content\/uploads\/2025\/12\/Panorama-Branik_poklepani-zakladniho-kamene-300x203.png 300w, http:\/\/bydletestylove.cz\/wp-content\/uploads\/2025\/12\/Panorama-Branik_poklepani-zakladniho-kamene-768x518.png 768w, http:\/\/bydletestylove.cz\/wp-content\/uploads\/2025\/12\/Panorama-Branik_poklepani-zakladniho-kamene-1536x1037.png 1536w, http:\/\/bydletestylove.cz\/wp-content\/uploads\/2025\/12\/Panorama-Branik_poklepani-zakladniho-kamene.png 1920w\" sizes=\"(max-width: 1024px) 100vw, 1024px\" \/><\/figure>\n<\/figure>\n\n\n\n<div style=\"height:30px\" aria-hidden=\"true\" class=\"wp-block-spacer\"><\/div>\n\n\n\n<p class=\"has-medium-font-size\"><strong>Zdroj foto:\u00a0<\/strong>FETTERS<\/p>\n\n\n\n<div style=\"height:55px\" aria-hidden=\"true\" class=\"wp-block-spacer\"><\/div>\n","protected":false},"excerpt":{"rendered":"<p>Spole\u010dnost FETTERS management, \u010desk\u00fd specialista na&nbsp;development a projektov\u00e9 \u0159\u00edzen\u00ed staveb, odstartovala slavnostn\u00edm poklep\u00e1n\u00edm z\u00e1kladn\u00edho kamene hlavn\u00ed stavebn\u00ed f\u00e1zi reziden\u010dn\u00edho projektu Panorama Bran\u00edk. Polyfunk\u010dn\u00ed d\u016fm se 14 nadzemn\u00edmi podla\u017e\u00edmi spole\u010dnost realizuje na pomez\u00ed vilov\u00e9 \u010dtvrti a zelen\u011b v Praze 4. Nach\u00e1z\u00ed se zde celkem 77 byt\u016f o dispozic\u00edch 1+kk a\u017e 5+kk a sedm&nbsp;komer\u010dn\u00edch jednotek. Studio Qarta Architektura zpracovalo ideovou studii projektu a dokumentaci pro \u00fazemn\u00ed rozhodnut\u00ed. Na \u0159e\u0161en\u00ed projektu se d\u00e1le pod\u00edlel ateli\u00e9r Domy Architects, kter\u00fd zpracoval dokumentaci pro stavebn\u00ed povolen\u00ed, a Atelier Smitka, autor fin\u00e1ln\u00edho technick\u00e9ho \u0159e\u0161en\u00ed a prov\u00e1d\u011bc\u00ed dokumentace.&hellip;<\/p>\n","protected":false},"author":6,"featured_media":2321,"comment_status":"closed","ping_status":"open","sticky":false,"template":"","format":"standard","meta":{"_mi_skip_tracking":false,"_monsterinsights_sitenote_active":false,"_monsterinsights_sitenote_note":"","_monsterinsights_sitenote_category":0},"categories":[10,12,9,1,8,5],"tags":[],"yoast_head":"<!-- This site is optimized with the Yoast SEO plugin v21.4 - https:\/\/yoast.com\/wordpress\/plugins\/seo\/ -->\n<title>FETTERS zahajuje hlavn\u00ed f\u00e1zi v\u00fdstavby projektu Panorama Bran\u00edk. Celkem je prod\u00e1no ji\u017e 60 % byt\u016f - BydleteStylov\u011b.cz<\/title>\n<meta name=\"description\" content=\"Spole\u010dnost FETTERS management, \u010desk\u00fd specialista na\u00a0development odstartovala hlavn\u00ed stavebn\u00ed f\u00e1zi reziden\u010dn\u00edho projektu Panorama Bran\u00edk.\" \/>\n<meta name=\"robots\" content=\"index, follow, max-snippet:-1, max-image-preview:large, max-video-preview:-1\" \/>\n<link rel=\"canonical\" href=\"https:\/\/bydletestylove.cz\/index.php\/byty\/fetters-zahajuje-hlavni-fazi-vystavby-projektu-panorama-branik-celkem-je-prodano-jiz-60-bytu\/\" \/>\n<meta property=\"og:locale\" content=\"cs_CZ\" \/>\n<meta property=\"og:type\" content=\"article\" \/>\n<meta property=\"og:title\" content=\"FETTERS zahajuje hlavn\u00ed f\u00e1zi v\u00fdstavby projektu Panorama Bran\u00edk. Celkem je prod\u00e1no ji\u017e 60 % byt\u016f - BydleteStylov\u011b.cz\" \/>\n<meta property=\"og:description\" content=\"Spole\u010dnost FETTERS management, \u010desk\u00fd specialista na\u00a0development odstartovala hlavn\u00ed stavebn\u00ed f\u00e1zi reziden\u010dn\u00edho projektu Panorama Bran\u00edk.\" \/>\n<meta property=\"og:url\" content=\"https:\/\/bydletestylove.cz\/index.php\/byty\/fetters-zahajuje-hlavni-fazi-vystavby-projektu-panorama-branik-celkem-je-prodano-jiz-60-bytu\/\" \/>\n<meta property=\"og:site_name\" content=\"BydleteStylov\u011b.cz\" \/>\n<meta property=\"article:published_time\" content=\"2026-01-04T23:01:00+00:00\" \/>\n<meta property=\"article:modified_time\" content=\"2025-12-26T04:43:44+00:00\" \/>\n<meta property=\"og:image\" content=\"https:\/\/bydletestylove.cz\/wp-content\/uploads\/2025\/12\/Panorama-Branik_poklepani-zakladniho-kamene-1024x691.png\" \/>\n\t<meta property=\"og:image:width\" content=\"1024\" \/>\n\t<meta property=\"og:image:height\" content=\"691\" \/>\n\t<meta property=\"og:image:type\" content=\"image\/png\" \/>\n<meta name=\"author\" content=\"Martina Pechov\u00e1\" \/>\n<meta name=\"twitter:card\" content=\"summary_large_image\" \/>\n<meta name=\"twitter:label1\" content=\"Napsal(a)\" \/>\n\t<meta name=\"twitter:data1\" content=\"Martina Pechov\u00e1\" \/>\n\t<meta name=\"twitter:label2\" content=\"Odhadovan\u00e1 doba \u010dten\u00ed\" \/>\n\t<meta name=\"twitter:data2\" content=\"6 minut\" \/>\n<script type=\"application\/ld+json\" class=\"yoast-schema-graph\">{\"@context\":\"https:\/\/schema.org\",\"@graph\":[{\"@type\":\"Article\",\"@id\":\"https:\/\/bydletestylove.cz\/index.php\/byty\/fetters-zahajuje-hlavni-fazi-vystavby-projektu-panorama-branik-celkem-je-prodano-jiz-60-bytu\/#article\",\"isPartOf\":{\"@id\":\"https:\/\/bydletestylove.cz\/index.php\/byty\/fetters-zahajuje-hlavni-fazi-vystavby-projektu-panorama-branik-celkem-je-prodano-jiz-60-bytu\/\"},\"author\":{\"name\":\"Martina Pechov\u00e1\",\"@id\":\"https:\/\/bydletestylove.cz\/#\/schema\/person\/10a133d2599b007f153f35688fef7fb1\"},\"headline\":\"FETTERS zahajuje hlavn\u00ed f\u00e1zi v\u00fdstavby projektu Panorama Bran\u00edk. Celkem je prod\u00e1no ji\u017e 60 % byt\u016f\",\"datePublished\":\"2026-01-04T23:01:00+00:00\",\"dateModified\":\"2025-12-26T04:43:44+00:00\",\"mainEntityOfPage\":{\"@id\":\"https:\/\/bydletestylove.cz\/index.php\/byty\/fetters-zahajuje-hlavni-fazi-vystavby-projektu-panorama-branik-celkem-je-prodano-jiz-60-bytu\/\"},\"wordCount\":958,\"publisher\":{\"@id\":\"https:\/\/bydletestylove.cz\/#organization\"},\"articleSection\":[\"BYTY\",\"DESIGN &amp; ARCHITEKTURA\",\"DOMY &amp; RESIDENCE\",\"NOVINKY\",\"REKONSTRUKCE &amp; STAVBA\",\"TIPY &amp; TRENDY\"],\"inLanguage\":\"cs\"},{\"@type\":\"WebPage\",\"@id\":\"https:\/\/bydletestylove.cz\/index.php\/byty\/fetters-zahajuje-hlavni-fazi-vystavby-projektu-panorama-branik-celkem-je-prodano-jiz-60-bytu\/\",\"url\":\"https:\/\/bydletestylove.cz\/index.php\/byty\/fetters-zahajuje-hlavni-fazi-vystavby-projektu-panorama-branik-celkem-je-prodano-jiz-60-bytu\/\",\"name\":\"FETTERS zahajuje hlavn\u00ed f\u00e1zi v\u00fdstavby projektu Panorama Bran\u00edk. Celkem je prod\u00e1no ji\u017e 60 % byt\u016f - BydleteStylov\u011b.cz\",\"isPartOf\":{\"@id\":\"https:\/\/bydletestylove.cz\/#website\"},\"datePublished\":\"2026-01-04T23:01:00+00:00\",\"dateModified\":\"2025-12-26T04:43:44+00:00\",\"description\":\"Spole\u010dnost FETTERS management, \u010desk\u00fd specialista na\u00a0development odstartovala hlavn\u00ed stavebn\u00ed f\u00e1zi reziden\u010dn\u00edho projektu Panorama Bran\u00edk.\",\"breadcrumb\":{\"@id\":\"https:\/\/bydletestylove.cz\/index.php\/byty\/fetters-zahajuje-hlavni-fazi-vystavby-projektu-panorama-branik-celkem-je-prodano-jiz-60-bytu\/#breadcrumb\"},\"inLanguage\":\"cs\",\"potentialAction\":[{\"@type\":\"ReadAction\",\"target\":[\"https:\/\/bydletestylove.cz\/index.php\/byty\/fetters-zahajuje-hlavni-fazi-vystavby-projektu-panorama-branik-celkem-je-prodano-jiz-60-bytu\/\"]}]},{\"@type\":\"BreadcrumbList\",\"@id\":\"https:\/\/bydletestylove.cz\/index.php\/byty\/fetters-zahajuje-hlavni-fazi-vystavby-projektu-panorama-branik-celkem-je-prodano-jiz-60-bytu\/#breadcrumb\",\"itemListElement\":[{\"@type\":\"ListItem\",\"position\":1,\"name\":\"Dom\u016f\",\"item\":\"https:\/\/bydletestylove.cz\/\"},{\"@type\":\"ListItem\",\"position\":2,\"name\":\"FETTERS zahajuje hlavn\u00ed f\u00e1zi v\u00fdstavby projektu Panorama Bran\u00edk. Celkem je prod\u00e1no ji\u017e 60 % byt\u016f\"}]},{\"@type\":\"WebSite\",\"@id\":\"https:\/\/bydletestylove.cz\/#website\",\"url\":\"https:\/\/bydletestylove.cz\/\",\"name\":\"BydleteStylov\u011b.cz\",\"description\":\"Port\u00e1l o stylov\u00e9m bydlen\u00ed...\",\"publisher\":{\"@id\":\"https:\/\/bydletestylove.cz\/#organization\"},\"potentialAction\":[{\"@type\":\"SearchAction\",\"target\":{\"@type\":\"EntryPoint\",\"urlTemplate\":\"https:\/\/bydletestylove.cz\/?s={search_term_string}\"},\"query-input\":\"required name=search_term_string\"}],\"inLanguage\":\"cs\"},{\"@type\":\"Organization\",\"@id\":\"https:\/\/bydletestylove.cz\/#organization\",\"name\":\"BydleteStylov\u011b.cz\",\"url\":\"https:\/\/bydletestylove.cz\/\",\"logo\":{\"@type\":\"ImageObject\",\"inLanguage\":\"cs\",\"@id\":\"https:\/\/bydletestylove.cz\/#\/schema\/logo\/image\/\",\"url\":\"http:\/\/bydletestylove.cz\/wp-content\/uploads\/2024\/12\/cropped-Logo-Bydlete-Stylove.jpg\",\"contentUrl\":\"http:\/\/bydletestylove.cz\/wp-content\/uploads\/2024\/12\/cropped-Logo-Bydlete-Stylove.jpg\",\"width\":290,\"height\":143,\"caption\":\"BydleteStylov\u011b.cz\"},\"image\":{\"@id\":\"https:\/\/bydletestylove.cz\/#\/schema\/logo\/image\/\"},\"sameAs\":[\"https:\/\/www.instagram.com\/bydletestylove.cz\/\"]},{\"@type\":\"Person\",\"@id\":\"https:\/\/bydletestylove.cz\/#\/schema\/person\/10a133d2599b007f153f35688fef7fb1\",\"name\":\"Martina Pechov\u00e1\",\"image\":{\"@type\":\"ImageObject\",\"inLanguage\":\"cs\",\"@id\":\"https:\/\/bydletestylove.cz\/#\/schema\/person\/image\/\",\"url\":\"http:\/\/0.gravatar.com\/avatar\/f0b7849f9f82bc20952396010e3c9adb?s=96&d=mm&r=g\",\"contentUrl\":\"http:\/\/0.gravatar.com\/avatar\/f0b7849f9f82bc20952396010e3c9adb?s=96&d=mm&r=g\",\"caption\":\"Martina Pechov\u00e1\"},\"sameAs\":[\"http:\/\/BydleteStylove.cz\"],\"url\":\"http:\/\/bydletestylove.cz\/index.php\/author\/marpech\/\"}]}<\/script>\n<!-- \/ Yoast SEO plugin. -->","yoast_head_json":{"title":"FETTERS zahajuje hlavn\u00ed f\u00e1zi v\u00fdstavby projektu Panorama Bran\u00edk. Celkem je prod\u00e1no ji\u017e 60 % byt\u016f - BydleteStylov\u011b.cz","description":"Spole\u010dnost FETTERS management, \u010desk\u00fd specialista na\u00a0development odstartovala hlavn\u00ed stavebn\u00ed f\u00e1zi reziden\u010dn\u00edho projektu Panorama Bran\u00edk.","robots":{"index":"index","follow":"follow","max-snippet":"max-snippet:-1","max-image-preview":"max-image-preview:large","max-video-preview":"max-video-preview:-1"},"canonical":"https:\/\/bydletestylove.cz\/index.php\/byty\/fetters-zahajuje-hlavni-fazi-vystavby-projektu-panorama-branik-celkem-je-prodano-jiz-60-bytu\/","og_locale":"cs_CZ","og_type":"article","og_title":"FETTERS zahajuje hlavn\u00ed f\u00e1zi v\u00fdstavby projektu Panorama Bran\u00edk. Celkem je prod\u00e1no ji\u017e 60 % byt\u016f - BydleteStylov\u011b.cz","og_description":"Spole\u010dnost FETTERS management, \u010desk\u00fd specialista na\u00a0development odstartovala hlavn\u00ed stavebn\u00ed f\u00e1zi reziden\u010dn\u00edho projektu Panorama Bran\u00edk.","og_url":"https:\/\/bydletestylove.cz\/index.php\/byty\/fetters-zahajuje-hlavni-fazi-vystavby-projektu-panorama-branik-celkem-je-prodano-jiz-60-bytu\/","og_site_name":"BydleteStylov\u011b.cz","article_published_time":"2026-01-04T23:01:00+00:00","article_modified_time":"2025-12-26T04:43:44+00:00","og_image":[{"width":1024,"height":691,"url":"https:\/\/bydletestylove.cz\/wp-content\/uploads\/2025\/12\/Panorama-Branik_poklepani-zakladniho-kamene-1024x691.png","type":"image\/png"}],"author":"Martina Pechov\u00e1","twitter_card":"summary_large_image","twitter_misc":{"Napsal(a)":"Martina Pechov\u00e1","Odhadovan\u00e1 doba \u010dten\u00ed":"6 minut"},"schema":{"@context":"https:\/\/schema.org","@graph":[{"@type":"Article","@id":"https:\/\/bydletestylove.cz\/index.php\/byty\/fetters-zahajuje-hlavni-fazi-vystavby-projektu-panorama-branik-celkem-je-prodano-jiz-60-bytu\/#article","isPartOf":{"@id":"https:\/\/bydletestylove.cz\/index.php\/byty\/fetters-zahajuje-hlavni-fazi-vystavby-projektu-panorama-branik-celkem-je-prodano-jiz-60-bytu\/"},"author":{"name":"Martina Pechov\u00e1","@id":"https:\/\/bydletestylove.cz\/#\/schema\/person\/10a133d2599b007f153f35688fef7fb1"},"headline":"FETTERS zahajuje hlavn\u00ed f\u00e1zi v\u00fdstavby projektu Panorama Bran\u00edk. Celkem je prod\u00e1no ji\u017e 60 % byt\u016f","datePublished":"2026-01-04T23:01:00+00:00","dateModified":"2025-12-26T04:43:44+00:00","mainEntityOfPage":{"@id":"https:\/\/bydletestylove.cz\/index.php\/byty\/fetters-zahajuje-hlavni-fazi-vystavby-projektu-panorama-branik-celkem-je-prodano-jiz-60-bytu\/"},"wordCount":958,"publisher":{"@id":"https:\/\/bydletestylove.cz\/#organization"},"articleSection":["BYTY","DESIGN &amp; ARCHITEKTURA","DOMY &amp; RESIDENCE","NOVINKY","REKONSTRUKCE &amp; STAVBA","TIPY &amp; TRENDY"],"inLanguage":"cs"},{"@type":"WebPage","@id":"https:\/\/bydletestylove.cz\/index.php\/byty\/fetters-zahajuje-hlavni-fazi-vystavby-projektu-panorama-branik-celkem-je-prodano-jiz-60-bytu\/","url":"https:\/\/bydletestylove.cz\/index.php\/byty\/fetters-zahajuje-hlavni-fazi-vystavby-projektu-panorama-branik-celkem-je-prodano-jiz-60-bytu\/","name":"FETTERS zahajuje hlavn\u00ed f\u00e1zi v\u00fdstavby projektu Panorama Bran\u00edk. Celkem je prod\u00e1no ji\u017e 60 % byt\u016f - BydleteStylov\u011b.cz","isPartOf":{"@id":"https:\/\/bydletestylove.cz\/#website"},"datePublished":"2026-01-04T23:01:00+00:00","dateModified":"2025-12-26T04:43:44+00:00","description":"Spole\u010dnost FETTERS management, \u010desk\u00fd specialista na\u00a0development odstartovala hlavn\u00ed stavebn\u00ed f\u00e1zi reziden\u010dn\u00edho projektu Panorama Bran\u00edk.","breadcrumb":{"@id":"https:\/\/bydletestylove.cz\/index.php\/byty\/fetters-zahajuje-hlavni-fazi-vystavby-projektu-panorama-branik-celkem-je-prodano-jiz-60-bytu\/#breadcrumb"},"inLanguage":"cs","potentialAction":[{"@type":"ReadAction","target":["https:\/\/bydletestylove.cz\/index.php\/byty\/fetters-zahajuje-hlavni-fazi-vystavby-projektu-panorama-branik-celkem-je-prodano-jiz-60-bytu\/"]}]},{"@type":"BreadcrumbList","@id":"https:\/\/bydletestylove.cz\/index.php\/byty\/fetters-zahajuje-hlavni-fazi-vystavby-projektu-panorama-branik-celkem-je-prodano-jiz-60-bytu\/#breadcrumb","itemListElement":[{"@type":"ListItem","position":1,"name":"Dom\u016f","item":"https:\/\/bydletestylove.cz\/"},{"@type":"ListItem","position":2,"name":"FETTERS zahajuje hlavn\u00ed f\u00e1zi v\u00fdstavby projektu Panorama Bran\u00edk. Celkem je prod\u00e1no ji\u017e 60 % byt\u016f"}]},{"@type":"WebSite","@id":"https:\/\/bydletestylove.cz\/#website","url":"https:\/\/bydletestylove.cz\/","name":"BydleteStylov\u011b.cz","description":"Port\u00e1l o stylov\u00e9m bydlen\u00ed...","publisher":{"@id":"https:\/\/bydletestylove.cz\/#organization"},"potentialAction":[{"@type":"SearchAction","target":{"@type":"EntryPoint","urlTemplate":"https:\/\/bydletestylove.cz\/?s={search_term_string}"},"query-input":"required name=search_term_string"}],"inLanguage":"cs"},{"@type":"Organization","@id":"https:\/\/bydletestylove.cz\/#organization","name":"BydleteStylov\u011b.cz","url":"https:\/\/bydletestylove.cz\/","logo":{"@type":"ImageObject","inLanguage":"cs","@id":"https:\/\/bydletestylove.cz\/#\/schema\/logo\/image\/","url":"http:\/\/bydletestylove.cz\/wp-content\/uploads\/2024\/12\/cropped-Logo-Bydlete-Stylove.jpg","contentUrl":"http:\/\/bydletestylove.cz\/wp-content\/uploads\/2024\/12\/cropped-Logo-Bydlete-Stylove.jpg","width":290,"height":143,"caption":"BydleteStylov\u011b.cz"},"image":{"@id":"https:\/\/bydletestylove.cz\/#\/schema\/logo\/image\/"},"sameAs":["https:\/\/www.instagram.com\/bydletestylove.cz\/"]},{"@type":"Person","@id":"https:\/\/bydletestylove.cz\/#\/schema\/person\/10a133d2599b007f153f35688fef7fb1","name":"Martina Pechov\u00e1","image":{"@type":"ImageObject","inLanguage":"cs","@id":"https:\/\/bydletestylove.cz\/#\/schema\/person\/image\/","url":"http:\/\/0.gravatar.com\/avatar\/f0b7849f9f82bc20952396010e3c9adb?s=96&d=mm&r=g","contentUrl":"http:\/\/0.gravatar.com\/avatar\/f0b7849f9f82bc20952396010e3c9adb?s=96&d=mm&r=g","caption":"Martina Pechov\u00e1"},"sameAs":["http:\/\/BydleteStylove.cz"],"url":"http:\/\/bydletestylove.cz\/index.php\/author\/marpech\/"}]}},"_links":{"self":[{"href":"http:\/\/bydletestylove.cz\/index.php\/wp-json\/wp\/v2\/posts\/2315"}],"collection":[{"href":"http:\/\/bydletestylove.cz\/index.php\/wp-json\/wp\/v2\/posts"}],"about":[{"href":"http:\/\/bydletestylove.cz\/index.php\/wp-json\/wp\/v2\/types\/post"}],"author":[{"embeddable":true,"href":"http:\/\/bydletestylove.cz\/index.php\/wp-json\/wp\/v2\/users\/6"}],"replies":[{"embeddable":true,"href":"http:\/\/bydletestylove.cz\/index.php\/wp-json\/wp\/v2\/comments?post=2315"}],"version-history":[{"count":1,"href":"http:\/\/bydletestylove.cz\/index.php\/wp-json\/wp\/v2\/posts\/2315\/revisions"}],"predecessor-version":[{"id":2322,"href":"http:\/\/bydletestylove.cz\/index.php\/wp-json\/wp\/v2\/posts\/2315\/revisions\/2322"}],"wp:featuredmedia":[{"embeddable":true,"href":"http:\/\/bydletestylove.cz\/index.php\/wp-json\/wp\/v2\/media\/2321"}],"wp:attachment":[{"href":"http:\/\/bydletestylove.cz\/index.php\/wp-json\/wp\/v2\/media?parent=2315"}],"wp:term":[{"taxonomy":"category","embeddable":true,"href":"http:\/\/bydletestylove.cz\/index.php\/wp-json\/wp\/v2\/categories?post=2315"},{"taxonomy":"post_tag","embeddable":true,"href":"http:\/\/bydletestylove.cz\/index.php\/wp-json\/wp\/v2\/tags?post=2315"}],"curies":[{"name":"wp","href":"https:\/\/api.w.org\/{rel}","templated":true}]}}