{"id":1319,"date":"2025-03-21T00:01:00","date_gmt":"2025-03-20T23:01:00","guid":{"rendered":"https:\/\/bydletestylove.cz\/?p=1319"},"modified":"2025-03-21T01:53:18","modified_gmt":"2025-03-21T00:53:18","slug":"nad-prvni-etapou-projektu-toivo-roztyly-od-yit-vlaje-glajcha","status":"publish","type":"post","link":"http:\/\/bydletestylove.cz\/index.php\/byty\/nad-prvni-etapou-projektu-toivo-roztyly-od-yit-vlaje-glajcha\/","title":{"rendered":"<span>Nad prvn\u00ed etapou projektu Toivo Roztyly od YIT vlaje glajcha<\/span>"},"content":{"rendered":"\n<div style=\"height:35px\" aria-hidden=\"true\" class=\"wp-block-spacer\"><\/div>\n\n\n\n<p class=\"has-medium-font-size\"><strong>Spole\u010dnost YIT \u00fasp\u011b\u0161n\u011b dokon\u010dila hrubou stavbu prvn\u00ed etapy reziden\u010dn\u00edho projektu Toivo Roztyly v Praze 11, kter\u00e1 \u010d\u00edt\u00e1 88 jednotek. K jej\u00ed kolaudaci by m\u011blo doj\u00edt na konci leto\u0161n\u00edho roku. Ve druh\u00e9 etap\u011b, je\u017e by m\u011bla odstartovat v&nbsp;leto\u0161n\u00edm roce, vyroste dal\u0161\u00edch 116 byt\u016f. Komplex v&nbsp;minimalistick\u00e9m a nad\u010dasov\u00e9m designu zahrne \u0159adu ekologick\u00fdch prvk\u016f, chyb\u011bt nebude ani dostatek zelen\u011b.<\/strong><\/p>\n\n\n\n<div style=\"height:35px\" aria-hidden=\"true\" class=\"wp-block-spacer\"><\/div>\n\n\n<div class=\"wp-block-image\">\n<figure class=\"aligncenter size-large\"><img decoding=\"async\" loading=\"lazy\" width=\"1024\" height=\"683\" src=\"http:\/\/bydletestylove.cz\/wp-content\/uploads\/2025\/03\/YIT_Toivo-Roztyly_vizualizace_03-1024x683.jpg\" alt=\"Nad prvn\u00ed etapou projektu Toivo Roztyly\" class=\"wp-image-1322\" srcset=\"http:\/\/bydletestylove.cz\/wp-content\/uploads\/2025\/03\/YIT_Toivo-Roztyly_vizualizace_03-1024x683.jpg 1024w, http:\/\/bydletestylove.cz\/wp-content\/uploads\/2025\/03\/YIT_Toivo-Roztyly_vizualizace_03-300x200.jpg 300w, http:\/\/bydletestylove.cz\/wp-content\/uploads\/2025\/03\/YIT_Toivo-Roztyly_vizualizace_03-768x512.jpg 768w, http:\/\/bydletestylove.cz\/wp-content\/uploads\/2025\/03\/YIT_Toivo-Roztyly_vizualizace_03-1536x1024.jpg 1536w, http:\/\/bydletestylove.cz\/wp-content\/uploads\/2025\/03\/YIT_Toivo-Roztyly_vizualizace_03-2048x1365.jpg 2048w\" sizes=\"(max-width: 1024px) 100vw, 1024px\" \/><\/figure><\/div>\n\n\n<div style=\"height:35px\" aria-hidden=\"true\" class=\"wp-block-spacer\"><\/div>\n\n\n\n<p class=\"has-medium-font-size\">Prvn\u00ed etapa projektu <a href=\"https:\/\/www.yit.cz\/prodej-bytu\/praha\/praha-11\/toivo-roztyly-i\">Toivo Roztyly<\/a> splnila miln\u00edk hrub\u00e9 stavby. \u010cty\u0159i bytov\u00e9 domy maj\u00ed dokon\u010den\u00e9 nosn\u00e9 \u017eelezobetonov\u00e9 konstrukce. Nyn\u00ed se stavebn\u00ed pr\u00e1ce p\u0159esouvaj\u00ed na st\u0159echy, fas\u00e1dy a rovn\u011b\u017e do interi\u00e9r\u016f byt\u016f. Z\u00e1rove\u0148 developer pokra\u010duje v p\u0159\u00edprav\u011b technick\u00e9 infrastruktury v r\u00e1mci are\u00e1lu, v\u010detn\u011b silnic a p\u011b\u0161\u00edch komunikac\u00ed.<\/p>\n\n\n\n<p class=\"has-medium-font-size\">\u201e<em>Pr\u00e1ce na stavb\u011b Toivo Roztyly pokra\u010duj\u00ed podle pl\u00e1nu a jsme r\u00e1di, \u017ee prvn\u00ed etapa ji\u017e pomalu z\u00edsk\u00e1v\u00e1 svou fin\u00e1ln\u00ed podobu,\u201c<\/em> uvedla Dana Barto\u0148ov\u00e1, obchodn\u00ed \u0159editelka spole\u010dnosti <a href=\"https:\/\/www.yit.cz\/\" target=\"_blank\" rel=\"noreferrer noopener\">YIT Stavo<\/a>, a dod\u00e1v\u00e1: <em>\u201ePopt\u00e1vka ze strany kupuj\u00edc\u00edch je, s&nbsp;ohledem na elegantn\u00ed architekturu, klidnou lokalitu se skv\u011blou dopravn\u00ed dostupnost\u00ed a s&nbsp;ohledem na za\u010dlen\u011bn\u00ed \u00fasporn\u00fdch prvk\u016f, vysok\u00e1 \u2013 aktu\u00e1ln\u011b m\u00e1me z prvn\u00ed etapy prod\u00e1no p\u0159es 70 % byt\u016f. V\u011b\u0159\u00edme, \u017ee i posledn\u00ed necel\u00e1 t\u0159ic\u00edtka voln\u00fdch jednotek brzy najde nov\u00e9 majitele. Z\u00e1jemci o dispozice 2+kk pak ur\u010dit\u011b ocen\u00ed vybaven\u00ed kuchy\u0148skou linku, a to v\u010detn\u011b spot\u0159ebi\u010d\u016f.\u201c<\/em><\/p>\n\n\n\n<div style=\"height:35px\" aria-hidden=\"true\" class=\"wp-block-spacer\"><\/div>\n\n\n<div class=\"wp-block-image\">\n<figure class=\"aligncenter size-large\"><img decoding=\"async\" loading=\"lazy\" width=\"1024\" height=\"819\" src=\"http:\/\/bydletestylove.cz\/wp-content\/uploads\/2025\/03\/YIT_Toivo-Roztyly_hruba-stavba-1024x819.jpg\" alt=\"Nad prvn\u00ed etapou projektu Toivo Roztyly\" class=\"wp-image-1320\" srcset=\"http:\/\/bydletestylove.cz\/wp-content\/uploads\/2025\/03\/YIT_Toivo-Roztyly_hruba-stavba-1024x819.jpg 1024w, http:\/\/bydletestylove.cz\/wp-content\/uploads\/2025\/03\/YIT_Toivo-Roztyly_hruba-stavba-300x240.jpg 300w, http:\/\/bydletestylove.cz\/wp-content\/uploads\/2025\/03\/YIT_Toivo-Roztyly_hruba-stavba-768x614.jpg 768w, http:\/\/bydletestylove.cz\/wp-content\/uploads\/2025\/03\/YIT_Toivo-Roztyly_hruba-stavba-1536x1229.jpg 1536w, http:\/\/bydletestylove.cz\/wp-content\/uploads\/2025\/03\/YIT_Toivo-Roztyly_hruba-stavba.jpg 2000w\" sizes=\"(max-width: 1024px) 100vw, 1024px\" \/><\/figure><\/div>\n\n\n<div style=\"height:35px\" aria-hidden=\"true\" class=\"wp-block-spacer\"><\/div>\n\n\n\n<h2 class=\"wp-block-heading\">Udr\u017eiteln\u00e9 a energeticky \u00fasporn\u00e9 bydlen\u00ed<\/h2>\n\n\n\n<div style=\"height:35px\" aria-hidden=\"true\" class=\"wp-block-spacer\"><\/div>\n\n\n\n<p class=\"has-medium-font-size\">Toivo Roztyly celkem nab\u00edz\u00ed ve dvou etap\u00e1ch 204 byt\u016f o dispozici 1+kk a\u017e 5+kk a velikostech od 29 do 120 m<sup>2<\/sup>, kter\u00e9 disponuj\u00ed balkony, terasami \u010di p\u0159edzahr\u00e1dkami. Ka\u017ed\u00e1 sekce zahrne ko\u010d\u00e1rk\u00e1rnu a dostatek sklepn\u00edch k\u00f3j\u00ed. Vznikne zde rovn\u011b\u017e prostor pro myt\u00ed kol a ps\u016f. Pro aktivn\u00ed i&nbsp;pasivn\u00ed odpo\u010dinek vytvo\u0159\u00ed developer \u00fatuln\u00fd vnitroblok a \u010d\u00e1st nov\u00e9 ulice se zelen\u00ed a parkem s&nbsp;m\u011bstsk\u00fdm mobili\u00e1\u0159em.<\/p>\n\n\n\n<div style=\"height:35px\" aria-hidden=\"true\" class=\"wp-block-spacer\"><\/div>\n\n\n<div class=\"wp-block-image\">\n<figure class=\"aligncenter size-large\"><img decoding=\"async\" loading=\"lazy\" width=\"1024\" height=\"683\" src=\"http:\/\/bydletestylove.cz\/wp-content\/uploads\/2025\/03\/YIT_Toivo-Roztyly_vizualizace_06-1024x683.jpg\" alt=\"Nad prvn\u00ed etapou projektu Toivo Roztyly\" class=\"wp-image-1328\" srcset=\"http:\/\/bydletestylove.cz\/wp-content\/uploads\/2025\/03\/YIT_Toivo-Roztyly_vizualizace_06-1024x683.jpg 1024w, http:\/\/bydletestylove.cz\/wp-content\/uploads\/2025\/03\/YIT_Toivo-Roztyly_vizualizace_06-300x200.jpg 300w, http:\/\/bydletestylove.cz\/wp-content\/uploads\/2025\/03\/YIT_Toivo-Roztyly_vizualizace_06-768x512.jpg 768w, http:\/\/bydletestylove.cz\/wp-content\/uploads\/2025\/03\/YIT_Toivo-Roztyly_vizualizace_06-1536x1024.jpg 1536w\" sizes=\"(max-width: 1024px) 100vw, 1024px\" \/><\/figure><\/div>\n\n\n<div style=\"height:35px\" aria-hidden=\"true\" class=\"wp-block-spacer\"><\/div>\n\n\n\n<p class=\"has-medium-font-size\">D\u016fraz YIT klade rovn\u011b\u017e na ekologick\u00e9 a energeticky \u00fasporn\u00e9 prvky. Sou\u010d\u00e1st\u00ed se tak stane promy\u0161len\u00fd syst\u00e9m hospoda\u0159en\u00ed s&nbsp;de\u0161\u0165ovou vodou i modern\u00ed technologie sni\u017euj\u00edc\u00ed energetickou n\u00e1ro\u010dnost budov (nap\u0159. LED sv\u00edtidla ve spole\u010dn\u00fdch prostorech \u010di syst\u00e9m \u0159\u00edzen\u00e9ho v\u011btr\u00e1n\u00ed s rekuperac\u00ed), kter\u00e9 p\u0159inesou a\u017e t\u0159etinovou \u00fasporu dodan\u00e9 energie. D\u00e1le nebudou chyb\u011bt okna s&nbsp;trojskly nebo p\u0159\u00edprava pro venkovn\u00ed st\u00edn\u011bn\u00ed. Reziden\u010dn\u00ed are\u00e1l dopln\u00ed intenzivn\u00ed a extenzivn\u00ed zelen\u00e9 st\u0159echy a tak\u00e9 nov\u00e1 v\u00fdsadba strom\u016f. Pro budouc\u00ed obyvatele budou k dispozici cyklostojany v&nbsp;parteru a gar\u00e1\u017eov\u00e1 st\u00e1n\u00ed s p\u0159\u00edpravou pro nab\u00edjen\u00ed elektromobil\u016f. P\u0159i v\u00fdstavb\u011b YIT pou\u017e\u00edv\u00e1 pro nosn\u00e9 konstrukce tzv. zelen\u00fd beton a rovn\u011b\u017e do vybran\u00fdch byt\u016f implementuje modul\u00e1rn\u00ed koupelny. Z\u00e1vazek k vysok\u00e9 kvalit\u011b a&nbsp;udr\u017eiteln\u00e9mu p\u0159\u00edstupu nav\u00edc podtrhuje partnerstv\u00ed s investi\u010dn\u00ed skupinou RSJ, kter\u00e1 se pod\u00edl\u00ed na financov\u00e1n\u00ed projektu.<\/p>\n\n\n\n<div style=\"height:35px\" aria-hidden=\"true\" class=\"wp-block-spacer\"><\/div>\n\n\n<div class=\"wp-block-image\">\n<figure class=\"aligncenter size-large\"><img decoding=\"async\" loading=\"lazy\" width=\"1024\" height=\"742\" src=\"http:\/\/bydletestylove.cz\/wp-content\/uploads\/2025\/03\/YIT_Toivo-Roztyly_hruba-stavba_02-1024x742.jpg\" alt=\"Nad prvn\u00ed etapou projektu Toivo Roztyly\" class=\"wp-image-1324\" srcset=\"http:\/\/bydletestylove.cz\/wp-content\/uploads\/2025\/03\/YIT_Toivo-Roztyly_hruba-stavba_02-1024x742.jpg 1024w, http:\/\/bydletestylove.cz\/wp-content\/uploads\/2025\/03\/YIT_Toivo-Roztyly_hruba-stavba_02-300x217.jpg 300w, http:\/\/bydletestylove.cz\/wp-content\/uploads\/2025\/03\/YIT_Toivo-Roztyly_hruba-stavba_02-768x556.jpg 768w, http:\/\/bydletestylove.cz\/wp-content\/uploads\/2025\/03\/YIT_Toivo-Roztyly_hruba-stavba_02-1536x1113.jpg 1536w, http:\/\/bydletestylove.cz\/wp-content\/uploads\/2025\/03\/YIT_Toivo-Roztyly_hruba-stavba_02-2048x1484.jpg 2048w\" sizes=\"(max-width: 1024px) 100vw, 1024px\" \/><\/figure><\/div>\n\n\n<div style=\"height:35px\" aria-hidden=\"true\" class=\"wp-block-spacer\"><\/div>\n\n\n\n<h2 class=\"wp-block-heading\">P\u0159\u00edroda i v\u0161e pot\u0159ebn\u00e9 v\u00a0bl\u00edzk\u00e9m okol\u00ed<\/h2>\n\n\n\n<div style=\"height:35px\" aria-hidden=\"true\" class=\"wp-block-spacer\"><\/div>\n\n\n\n<p class=\"has-medium-font-size\"><img decoding=\"async\" src=\"\">Projekt Toivo Roztyly v&nbsp;ulici Kom\u00e1rkova soused\u00ed s&nbsp;Michelsk\u00fdm lesem, jen\u017e plynule navazuje na Kunratick\u00fd les a Kr\u010dsk\u00fd les. V\u0161echny sk\u00fdtaj\u00ed bohat\u00e9 mo\u017enosti pro relaxaci a volno\u010dasov\u00e9 aktivity. Lokalita Prahy 11 se vyzna\u010duje tak\u00e9 dobrou dopravn\u00ed dostupnost\u00ed.<\/p>\n\n\n\n<div style=\"height:35px\" aria-hidden=\"true\" class=\"wp-block-spacer\"><\/div>\n\n\n<div class=\"wp-block-image\">\n<figure class=\"aligncenter size-large\"><img decoding=\"async\" loading=\"lazy\" width=\"1024\" height=\"682\" src=\"http:\/\/bydletestylove.cz\/wp-content\/uploads\/2025\/03\/YIT_Toivo-Roztyly_vizualizace-1024x682.jpg\" alt=\"Nad prvn\u00ed etapou projektu Toivo Roztyly\" class=\"wp-image-1321\" srcset=\"http:\/\/bydletestylove.cz\/wp-content\/uploads\/2025\/03\/YIT_Toivo-Roztyly_vizualizace-1024x682.jpg 1024w, http:\/\/bydletestylove.cz\/wp-content\/uploads\/2025\/03\/YIT_Toivo-Roztyly_vizualizace-300x200.jpg 300w, http:\/\/bydletestylove.cz\/wp-content\/uploads\/2025\/03\/YIT_Toivo-Roztyly_vizualizace-768x512.jpg 768w, http:\/\/bydletestylove.cz\/wp-content\/uploads\/2025\/03\/YIT_Toivo-Roztyly_vizualizace-1536x1024.jpg 1536w, http:\/\/bydletestylove.cz\/wp-content\/uploads\/2025\/03\/YIT_Toivo-Roztyly_vizualizace.jpg 2000w\" sizes=\"(max-width: 1024px) 100vw, 1024px\" \/><\/figure><\/div>\n\n\n<div style=\"height:35px\" aria-hidden=\"true\" class=\"wp-block-spacer\"><\/div>\n\n\n\n<p class=\"has-medium-font-size\">D\u00edky z\u00e1stavce metra C \u2013 Roztyly, vzd\u00e1len\u00e9 jen cca 200 metr\u016f, je centrum Prahy snadno dosa\u017eiteln\u00e9. Z\u00e1rove\u0148 je v&nbsp;okol\u00ed dostatek autobusov\u00fdch spoj\u016f i napojen\u00ed na hlavn\u00ed silni\u010dn\u00ed tahy (d\u00e1lnici D1 i pra\u017eskou magistr\u00e1lu). Tak\u00e9 ve\u0161ker\u00e1 ob\u010dansk\u00e1 vybavenost, v\u010detn\u011b obchod\u016f, \u0161kol, \u0161kolek, zdravotnick\u00fdch za\u0159\u00edzen\u00ed a sportovi\u0161\u0165, se nach\u00e1z\u00ed v bl\u00edzk\u00e9m dosahu.<\/p>\n\n\n\n<div style=\"height:100px\" aria-hidden=\"true\" class=\"wp-block-spacer\"><\/div>\n\n\n\n<figure class=\"wp-block-gallery has-nested-images columns-2 is-cropped wp-block-gallery-1 is-layout-flex\">\n<figure class=\"wp-block-image size-large\"><img decoding=\"async\" loading=\"lazy\" width=\"1024\" height=\"742\" data-id=\"1324\"  src=\"https:\/\/bydletestylove.cz\/wp-content\/uploads\/2025\/03\/YIT_Toivo-Roztyly_hruba-stavba_02-1024x742.jpg\" alt=\"Nad prvn\u00ed etapou projektu Toivo Roztyly od YIT\" class=\"wp-image-1324\" srcset=\"http:\/\/bydletestylove.cz\/wp-content\/uploads\/2025\/03\/YIT_Toivo-Roztyly_hruba-stavba_02-1024x742.jpg 1024w, http:\/\/bydletestylove.cz\/wp-content\/uploads\/2025\/03\/YIT_Toivo-Roztyly_hruba-stavba_02-300x217.jpg 300w, http:\/\/bydletestylove.cz\/wp-content\/uploads\/2025\/03\/YIT_Toivo-Roztyly_hruba-stavba_02-768x556.jpg 768w, http:\/\/bydletestylove.cz\/wp-content\/uploads\/2025\/03\/YIT_Toivo-Roztyly_hruba-stavba_02-1536x1113.jpg 1536w, http:\/\/bydletestylove.cz\/wp-content\/uploads\/2025\/03\/YIT_Toivo-Roztyly_hruba-stavba_02-2048x1484.jpg 2048w\" sizes=\"(max-width: 1024px) 100vw, 1024px\" \/><\/figure>\n\n\n\n<figure class=\"wp-block-image size-large\"><img decoding=\"async\" loading=\"lazy\" width=\"1024\" height=\"683\" data-id=\"1327\"  src=\"https:\/\/bydletestylove.cz\/wp-content\/uploads\/2025\/03\/YIT_Toivo-Roztyly_vizualizace_07-1024x683.jpg\" alt=\"Nad prvn\u00ed etapou projektu Toivo Roztyly od YIT\" class=\"wp-image-1327\" srcset=\"http:\/\/bydletestylove.cz\/wp-content\/uploads\/2025\/03\/YIT_Toivo-Roztyly_vizualizace_07-1024x683.jpg 1024w, http:\/\/bydletestylove.cz\/wp-content\/uploads\/2025\/03\/YIT_Toivo-Roztyly_vizualizace_07-300x200.jpg 300w, http:\/\/bydletestylove.cz\/wp-content\/uploads\/2025\/03\/YIT_Toivo-Roztyly_vizualizace_07-768x512.jpg 768w, http:\/\/bydletestylove.cz\/wp-content\/uploads\/2025\/03\/YIT_Toivo-Roztyly_vizualizace_07-1536x1024.jpg 1536w\" sizes=\"(max-width: 1024px) 100vw, 1024px\" \/><\/figure>\n\n\n\n<figure class=\"wp-block-image size-large\"><img decoding=\"async\" loading=\"lazy\" width=\"1024\" height=\"683\" data-id=\"1328\"  src=\"https:\/\/bydletestylove.cz\/wp-content\/uploads\/2025\/03\/YIT_Toivo-Roztyly_vizualizace_06-1024x683.jpg\" alt=\"Nad prvn\u00ed etapou projektu Toivo Roztyly od YIT\" class=\"wp-image-1328\" srcset=\"http:\/\/bydletestylove.cz\/wp-content\/uploads\/2025\/03\/YIT_Toivo-Roztyly_vizualizace_06-1024x683.jpg 1024w, http:\/\/bydletestylove.cz\/wp-content\/uploads\/2025\/03\/YIT_Toivo-Roztyly_vizualizace_06-300x200.jpg 300w, http:\/\/bydletestylove.cz\/wp-content\/uploads\/2025\/03\/YIT_Toivo-Roztyly_vizualizace_06-768x512.jpg 768w, http:\/\/bydletestylove.cz\/wp-content\/uploads\/2025\/03\/YIT_Toivo-Roztyly_vizualizace_06-1536x1024.jpg 1536w\" sizes=\"(max-width: 1024px) 100vw, 1024px\" \/><\/figure>\n\n\n\n<figure class=\"wp-block-image size-large\"><img decoding=\"async\" loading=\"lazy\" width=\"1024\" height=\"819\" data-id=\"1320\"  src=\"https:\/\/bydletestylove.cz\/wp-content\/uploads\/2025\/03\/YIT_Toivo-Roztyly_hruba-stavba-1024x819.jpg\" alt=\"Nad prvn\u00ed etapou projektu Toivo Roztyly od YIT\" class=\"wp-image-1320\" srcset=\"http:\/\/bydletestylove.cz\/wp-content\/uploads\/2025\/03\/YIT_Toivo-Roztyly_hruba-stavba-1024x819.jpg 1024w, http:\/\/bydletestylove.cz\/wp-content\/uploads\/2025\/03\/YIT_Toivo-Roztyly_hruba-stavba-300x240.jpg 300w, http:\/\/bydletestylove.cz\/wp-content\/uploads\/2025\/03\/YIT_Toivo-Roztyly_hruba-stavba-768x614.jpg 768w, http:\/\/bydletestylove.cz\/wp-content\/uploads\/2025\/03\/YIT_Toivo-Roztyly_hruba-stavba-1536x1229.jpg 1536w, http:\/\/bydletestylove.cz\/wp-content\/uploads\/2025\/03\/YIT_Toivo-Roztyly_hruba-stavba.jpg 2000w\" sizes=\"(max-width: 1024px) 100vw, 1024px\" \/><\/figure>\n\n\n\n<figure class=\"wp-block-image size-large\"><img decoding=\"async\" loading=\"lazy\" width=\"1024\" height=\"719\" data-id=\"1325\"  src=\"https:\/\/bydletestylove.cz\/wp-content\/uploads\/2025\/03\/YIT_Toivo-Roztyly_hruba-stavba_03-1024x719.jpg\" alt=\"Nad prvn\u00ed etapou projektu Toivo Roztyly od YIT\" class=\"wp-image-1325\" srcset=\"http:\/\/bydletestylove.cz\/wp-content\/uploads\/2025\/03\/YIT_Toivo-Roztyly_hruba-stavba_03-1024x719.jpg 1024w, http:\/\/bydletestylove.cz\/wp-content\/uploads\/2025\/03\/YIT_Toivo-Roztyly_hruba-stavba_03-300x211.jpg 300w, http:\/\/bydletestylove.cz\/wp-content\/uploads\/2025\/03\/YIT_Toivo-Roztyly_hruba-stavba_03-768x539.jpg 768w, http:\/\/bydletestylove.cz\/wp-content\/uploads\/2025\/03\/YIT_Toivo-Roztyly_hruba-stavba_03-1536x1078.jpg 1536w, http:\/\/bydletestylove.cz\/wp-content\/uploads\/2025\/03\/YIT_Toivo-Roztyly_hruba-stavba_03-2048x1438.jpg 2048w\" sizes=\"(max-width: 1024px) 100vw, 1024px\" \/><\/figure>\n\n\n\n<figure class=\"wp-block-image size-large\"><img decoding=\"async\" loading=\"lazy\" width=\"1024\" height=\"683\" data-id=\"1329\"  src=\"https:\/\/bydletestylove.cz\/wp-content\/uploads\/2025\/03\/YIT_Toivo-Roztyly_vizualizace_05-1024x683.jpg\" alt=\"Nad prvn\u00ed etapou projektu Toivo Roztyly od YIT\" class=\"wp-image-1329\" srcset=\"http:\/\/bydletestylove.cz\/wp-content\/uploads\/2025\/03\/YIT_Toivo-Roztyly_vizualizace_05-1024x683.jpg 1024w, http:\/\/bydletestylove.cz\/wp-content\/uploads\/2025\/03\/YIT_Toivo-Roztyly_vizualizace_05-300x200.jpg 300w, http:\/\/bydletestylove.cz\/wp-content\/uploads\/2025\/03\/YIT_Toivo-Roztyly_vizualizace_05-768x512.jpg 768w, http:\/\/bydletestylove.cz\/wp-content\/uploads\/2025\/03\/YIT_Toivo-Roztyly_vizualizace_05-1536x1024.jpg 1536w, http:\/\/bydletestylove.cz\/wp-content\/uploads\/2025\/03\/YIT_Toivo-Roztyly_vizualizace_05-2048x1365.jpg 2048w\" sizes=\"(max-width: 1024px) 100vw, 1024px\" \/><\/figure>\n\n\n\n<figure class=\"wp-block-image size-large\"><img decoding=\"async\" loading=\"lazy\" width=\"1024\" height=\"683\" data-id=\"1326\"  src=\"https:\/\/bydletestylove.cz\/wp-content\/uploads\/2025\/03\/YIT_Toivo-Roztyly_vizualizace_04-1024x683.jpg\" alt=\"Nad prvn\u00ed etapou projektu Toivo Roztyly od YIT\" class=\"wp-image-1326\" srcset=\"http:\/\/bydletestylove.cz\/wp-content\/uploads\/2025\/03\/YIT_Toivo-Roztyly_vizualizace_04-1024x683.jpg 1024w, http:\/\/bydletestylove.cz\/wp-content\/uploads\/2025\/03\/YIT_Toivo-Roztyly_vizualizace_04-300x200.jpg 300w, http:\/\/bydletestylove.cz\/wp-content\/uploads\/2025\/03\/YIT_Toivo-Roztyly_vizualizace_04-768x512.jpg 768w, http:\/\/bydletestylove.cz\/wp-content\/uploads\/2025\/03\/YIT_Toivo-Roztyly_vizualizace_04-1536x1024.jpg 1536w, http:\/\/bydletestylove.cz\/wp-content\/uploads\/2025\/03\/YIT_Toivo-Roztyly_vizualizace_04-2048x1365.jpg 2048w\" sizes=\"(max-width: 1024px) 100vw, 1024px\" \/><\/figure>\n\n\n\n<figure class=\"wp-block-image size-large\"><img decoding=\"async\" loading=\"lazy\" width=\"1024\" height=\"683\" data-id=\"1322\"  src=\"https:\/\/bydletestylove.cz\/wp-content\/uploads\/2025\/03\/YIT_Toivo-Roztyly_vizualizace_03-1024x683.jpg\" alt=\"Nad prvn\u00ed etapou projektu Toivo Roztyly od YIT\" class=\"wp-image-1322\" srcset=\"http:\/\/bydletestylove.cz\/wp-content\/uploads\/2025\/03\/YIT_Toivo-Roztyly_vizualizace_03-1024x683.jpg 1024w, http:\/\/bydletestylove.cz\/wp-content\/uploads\/2025\/03\/YIT_Toivo-Roztyly_vizualizace_03-300x200.jpg 300w, http:\/\/bydletestylove.cz\/wp-content\/uploads\/2025\/03\/YIT_Toivo-Roztyly_vizualizace_03-768x512.jpg 768w, http:\/\/bydletestylove.cz\/wp-content\/uploads\/2025\/03\/YIT_Toivo-Roztyly_vizualizace_03-1536x1024.jpg 1536w, http:\/\/bydletestylove.cz\/wp-content\/uploads\/2025\/03\/YIT_Toivo-Roztyly_vizualizace_03-2048x1365.jpg 2048w\" sizes=\"(max-width: 1024px) 100vw, 1024px\" \/><\/figure>\n\n\n\n<figure class=\"wp-block-image size-large\"><img decoding=\"async\" loading=\"lazy\" width=\"1024\" height=\"683\" data-id=\"1323\"  src=\"https:\/\/bydletestylove.cz\/wp-content\/uploads\/2025\/03\/YIT_Toivo-Roztyly_vizualizace_01-1024x683.jpg\" alt=\"Nad prvn\u00ed etapou projektu Toivo Roztyly od YIT\" class=\"wp-image-1323\" srcset=\"http:\/\/bydletestylove.cz\/wp-content\/uploads\/2025\/03\/YIT_Toivo-Roztyly_vizualizace_01-1024x683.jpg 1024w, http:\/\/bydletestylove.cz\/wp-content\/uploads\/2025\/03\/YIT_Toivo-Roztyly_vizualizace_01-300x200.jpg 300w, http:\/\/bydletestylove.cz\/wp-content\/uploads\/2025\/03\/YIT_Toivo-Roztyly_vizualizace_01-768x512.jpg 768w, http:\/\/bydletestylove.cz\/wp-content\/uploads\/2025\/03\/YIT_Toivo-Roztyly_vizualizace_01-1536x1024.jpg 1536w, http:\/\/bydletestylove.cz\/wp-content\/uploads\/2025\/03\/YIT_Toivo-Roztyly_vizualizace_01-2048x1365.jpg 2048w\" sizes=\"(max-width: 1024px) 100vw, 1024px\" \/><\/figure>\n\n\n\n<figure class=\"wp-block-image size-large\"><img decoding=\"async\" loading=\"lazy\" width=\"1024\" height=\"682\" data-id=\"1321\"  src=\"https:\/\/bydletestylove.cz\/wp-content\/uploads\/2025\/03\/YIT_Toivo-Roztyly_vizualizace-1024x682.jpg\" alt=\"Nad prvn\u00ed etapou projektu Toivo Roztyly od YIT\" class=\"wp-image-1321\" srcset=\"http:\/\/bydletestylove.cz\/wp-content\/uploads\/2025\/03\/YIT_Toivo-Roztyly_vizualizace-1024x682.jpg 1024w, http:\/\/bydletestylove.cz\/wp-content\/uploads\/2025\/03\/YIT_Toivo-Roztyly_vizualizace-300x200.jpg 300w, http:\/\/bydletestylove.cz\/wp-content\/uploads\/2025\/03\/YIT_Toivo-Roztyly_vizualizace-768x512.jpg 768w, http:\/\/bydletestylove.cz\/wp-content\/uploads\/2025\/03\/YIT_Toivo-Roztyly_vizualizace-1536x1024.jpg 1536w, http:\/\/bydletestylove.cz\/wp-content\/uploads\/2025\/03\/YIT_Toivo-Roztyly_vizualizace.jpg 2000w\" sizes=\"(max-width: 1024px) 100vw, 1024px\" \/><\/figure>\n<\/figure>\n\n\n\n<div style=\"height:30px\" aria-hidden=\"true\" class=\"wp-block-spacer\"><\/div>\n\n\n\n<p class=\"has-medium-font-size\"><strong>Zdroj foto:&nbsp;<\/strong>YIT<\/p>\n\n\n\n<div style=\"height:55px\" aria-hidden=\"true\" class=\"wp-block-spacer\"><\/div>\n","protected":false},"excerpt":{"rendered":"<p>Spole\u010dnost YIT \u00fasp\u011b\u0161n\u011b dokon\u010dila hrubou stavbu prvn\u00ed etapy reziden\u010dn\u00edho projektu Toivo Roztyly v Praze 11, kter\u00e1 \u010d\u00edt\u00e1 88 jednotek. K jej\u00ed kolaudaci by m\u011blo doj\u00edt na konci leto\u0161n\u00edho roku. Ve druh\u00e9 etap\u011b, je\u017e by m\u011bla odstartovat v&nbsp;leto\u0161n\u00edm roce, vyroste dal\u0161\u00edch 116 byt\u016f. Komplex v&nbsp;minimalistick\u00e9m a nad\u010dasov\u00e9m designu zahrne \u0159adu ekologick\u00fdch prvk\u016f, chyb\u011bt nebude ani dostatek zelen\u011b. Prvn\u00ed etapa projektu Toivo Roztyly splnila miln\u00edk hrub\u00e9 stavby. \u010cty\u0159i bytov\u00e9 domy maj\u00ed dokon\u010den\u00e9 nosn\u00e9 \u017eelezobetonov\u00e9 konstrukce. Nyn\u00ed se stavebn\u00ed pr\u00e1ce p\u0159esouvaj\u00ed na st\u0159echy, fas\u00e1dy a rovn\u011b\u017e do interi\u00e9r\u016f byt\u016f. Z\u00e1rove\u0148 developer pokra\u010duje v&hellip;<\/p>\n","protected":false},"author":6,"featured_media":1323,"comment_status":"closed","ping_status":"open","sticky":false,"template":"","format":"standard","meta":{"_mi_skip_tracking":false,"_monsterinsights_sitenote_active":false,"_monsterinsights_sitenote_note":"","_monsterinsights_sitenote_category":0},"categories":[10,12,9,1,8,5],"tags":[],"yoast_head":"<!-- This site is optimized with the Yoast SEO plugin v21.4 - https:\/\/yoast.com\/wordpress\/plugins\/seo\/ -->\n<title>Nad prvn\u00ed etapou projektu Toivo Roztyly od YIT vlaje glajcha - BydleteStylov\u011b.cz<\/title>\n<meta name=\"description\" content=\"Spole\u010dnost YIT \u00fasp\u011b\u0161n\u011b dokon\u010dila hrubou stavbu prvn\u00ed etapy reziden\u010dn\u00edho projektu Toivo Roztyly v Praze 11, kter\u00e1 \u010d\u00edt\u00e1 88 jednotek.\" \/>\n<meta name=\"robots\" content=\"index, follow, max-snippet:-1, max-image-preview:large, max-video-preview:-1\" \/>\n<link rel=\"canonical\" href=\"https:\/\/bydletestylove.cz\/index.php\/byty\/nad-prvni-etapou-projektu-toivo-roztyly-od-yit-vlaje-glajcha\/\" \/>\n<meta property=\"og:locale\" content=\"cs_CZ\" \/>\n<meta property=\"og:type\" content=\"article\" \/>\n<meta property=\"og:title\" content=\"Nad prvn\u00ed etapou projektu Toivo Roztyly od YIT vlaje glajcha - BydleteStylov\u011b.cz\" \/>\n<meta property=\"og:description\" content=\"Spole\u010dnost YIT \u00fasp\u011b\u0161n\u011b dokon\u010dila hrubou stavbu prvn\u00ed etapy reziden\u010dn\u00edho projektu Toivo Roztyly v Praze 11, kter\u00e1 \u010d\u00edt\u00e1 88 jednotek.\" \/>\n<meta property=\"og:url\" content=\"https:\/\/bydletestylove.cz\/index.php\/byty\/nad-prvni-etapou-projektu-toivo-roztyly-od-yit-vlaje-glajcha\/\" \/>\n<meta property=\"og:site_name\" content=\"BydleteStylov\u011b.cz\" \/>\n<meta property=\"article:published_time\" content=\"2025-03-20T23:01:00+00:00\" \/>\n<meta property=\"article:modified_time\" content=\"2025-03-21T00:53:18+00:00\" \/>\n<meta property=\"og:image\" content=\"https:\/\/bydletestylove.cz\/wp-content\/uploads\/2025\/03\/YIT_Toivo-Roztyly_vizualizace_01-scaled.jpg\" \/>\n\t<meta property=\"og:image:width\" content=\"2560\" \/>\n\t<meta property=\"og:image:height\" content=\"1707\" \/>\n\t<meta property=\"og:image:type\" content=\"image\/jpeg\" \/>\n<meta name=\"author\" content=\"Martina Pechov\u00e1\" \/>\n<meta name=\"twitter:card\" content=\"summary_large_image\" \/>\n<meta name=\"twitter:label1\" content=\"Napsal(a)\" \/>\n\t<meta name=\"twitter:data1\" content=\"Martina Pechov\u00e1\" \/>\n\t<meta name=\"twitter:label2\" content=\"Odhadovan\u00e1 doba \u010dten\u00ed\" \/>\n\t<meta name=\"twitter:data2\" content=\"6 minut\" \/>\n<script type=\"application\/ld+json\" class=\"yoast-schema-graph\">{\"@context\":\"https:\/\/schema.org\",\"@graph\":[{\"@type\":\"Article\",\"@id\":\"https:\/\/bydletestylove.cz\/index.php\/byty\/nad-prvni-etapou-projektu-toivo-roztyly-od-yit-vlaje-glajcha\/#article\",\"isPartOf\":{\"@id\":\"https:\/\/bydletestylove.cz\/index.php\/byty\/nad-prvni-etapou-projektu-toivo-roztyly-od-yit-vlaje-glajcha\/\"},\"author\":{\"name\":\"Martina Pechov\u00e1\",\"@id\":\"https:\/\/bydletestylove.cz\/#\/schema\/person\/10a133d2599b007f153f35688fef7fb1\"},\"headline\":\"Nad prvn\u00ed etapou projektu Toivo Roztyly od YIT vlaje glajcha\",\"datePublished\":\"2025-03-20T23:01:00+00:00\",\"dateModified\":\"2025-03-21T00:53:18+00:00\",\"mainEntityOfPage\":{\"@id\":\"https:\/\/bydletestylove.cz\/index.php\/byty\/nad-prvni-etapou-projektu-toivo-roztyly-od-yit-vlaje-glajcha\/\"},\"wordCount\":651,\"publisher\":{\"@id\":\"https:\/\/bydletestylove.cz\/#organization\"},\"articleSection\":[\"BYTY\",\"DESIGN &amp; ARCHITEKTURA\",\"DOMY &amp; RESIDENCE\",\"NOVINKY\",\"REKONSTRUKCE &amp; STAVBA\",\"TIPY &amp; TRENDY\"],\"inLanguage\":\"cs\"},{\"@type\":\"WebPage\",\"@id\":\"https:\/\/bydletestylove.cz\/index.php\/byty\/nad-prvni-etapou-projektu-toivo-roztyly-od-yit-vlaje-glajcha\/\",\"url\":\"https:\/\/bydletestylove.cz\/index.php\/byty\/nad-prvni-etapou-projektu-toivo-roztyly-od-yit-vlaje-glajcha\/\",\"name\":\"Nad prvn\u00ed etapou projektu Toivo Roztyly od YIT vlaje glajcha - BydleteStylov\u011b.cz\",\"isPartOf\":{\"@id\":\"https:\/\/bydletestylove.cz\/#website\"},\"datePublished\":\"2025-03-20T23:01:00+00:00\",\"dateModified\":\"2025-03-21T00:53:18+00:00\",\"description\":\"Spole\u010dnost YIT \u00fasp\u011b\u0161n\u011b dokon\u010dila hrubou stavbu prvn\u00ed etapy reziden\u010dn\u00edho projektu Toivo Roztyly v Praze 11, kter\u00e1 \u010d\u00edt\u00e1 88 jednotek.\",\"breadcrumb\":{\"@id\":\"https:\/\/bydletestylove.cz\/index.php\/byty\/nad-prvni-etapou-projektu-toivo-roztyly-od-yit-vlaje-glajcha\/#breadcrumb\"},\"inLanguage\":\"cs\",\"potentialAction\":[{\"@type\":\"ReadAction\",\"target\":[\"https:\/\/bydletestylove.cz\/index.php\/byty\/nad-prvni-etapou-projektu-toivo-roztyly-od-yit-vlaje-glajcha\/\"]}]},{\"@type\":\"BreadcrumbList\",\"@id\":\"https:\/\/bydletestylove.cz\/index.php\/byty\/nad-prvni-etapou-projektu-toivo-roztyly-od-yit-vlaje-glajcha\/#breadcrumb\",\"itemListElement\":[{\"@type\":\"ListItem\",\"position\":1,\"name\":\"Dom\u016f\",\"item\":\"https:\/\/bydletestylove.cz\/\"},{\"@type\":\"ListItem\",\"position\":2,\"name\":\"Nad prvn\u00ed etapou projektu Toivo Roztyly od YIT vlaje glajcha\"}]},{\"@type\":\"WebSite\",\"@id\":\"https:\/\/bydletestylove.cz\/#website\",\"url\":\"https:\/\/bydletestylove.cz\/\",\"name\":\"BydleteStylov\u011b.cz\",\"description\":\"Port\u00e1l o stylov\u00e9m bydlen\u00ed...\",\"publisher\":{\"@id\":\"https:\/\/bydletestylove.cz\/#organization\"},\"potentialAction\":[{\"@type\":\"SearchAction\",\"target\":{\"@type\":\"EntryPoint\",\"urlTemplate\":\"https:\/\/bydletestylove.cz\/?s={search_term_string}\"},\"query-input\":\"required name=search_term_string\"}],\"inLanguage\":\"cs\"},{\"@type\":\"Organization\",\"@id\":\"https:\/\/bydletestylove.cz\/#organization\",\"name\":\"BydleteStylov\u011b.cz\",\"url\":\"https:\/\/bydletestylove.cz\/\",\"logo\":{\"@type\":\"ImageObject\",\"inLanguage\":\"cs\",\"@id\":\"https:\/\/bydletestylove.cz\/#\/schema\/logo\/image\/\",\"url\":\"http:\/\/bydletestylove.cz\/wp-content\/uploads\/2024\/12\/cropped-Logo-Bydlete-Stylove.jpg\",\"contentUrl\":\"http:\/\/bydletestylove.cz\/wp-content\/uploads\/2024\/12\/cropped-Logo-Bydlete-Stylove.jpg\",\"width\":290,\"height\":143,\"caption\":\"BydleteStylov\u011b.cz\"},\"image\":{\"@id\":\"https:\/\/bydletestylove.cz\/#\/schema\/logo\/image\/\"},\"sameAs\":[\"https:\/\/www.instagram.com\/bydletestylove.cz\/\"]},{\"@type\":\"Person\",\"@id\":\"https:\/\/bydletestylove.cz\/#\/schema\/person\/10a133d2599b007f153f35688fef7fb1\",\"name\":\"Martina Pechov\u00e1\",\"image\":{\"@type\":\"ImageObject\",\"inLanguage\":\"cs\",\"@id\":\"https:\/\/bydletestylove.cz\/#\/schema\/person\/image\/\",\"url\":\"http:\/\/0.gravatar.com\/avatar\/f0b7849f9f82bc20952396010e3c9adb?s=96&d=mm&r=g\",\"contentUrl\":\"http:\/\/0.gravatar.com\/avatar\/f0b7849f9f82bc20952396010e3c9adb?s=96&d=mm&r=g\",\"caption\":\"Martina Pechov\u00e1\"},\"sameAs\":[\"http:\/\/BydleteStylove.cz\"],\"url\":\"http:\/\/bydletestylove.cz\/index.php\/author\/marpech\/\"}]}<\/script>\n<!-- \/ Yoast SEO plugin. -->","yoast_head_json":{"title":"Nad prvn\u00ed etapou projektu Toivo Roztyly od YIT vlaje glajcha - BydleteStylov\u011b.cz","description":"Spole\u010dnost YIT \u00fasp\u011b\u0161n\u011b dokon\u010dila hrubou stavbu prvn\u00ed etapy reziden\u010dn\u00edho projektu Toivo Roztyly v Praze 11, kter\u00e1 \u010d\u00edt\u00e1 88 jednotek.","robots":{"index":"index","follow":"follow","max-snippet":"max-snippet:-1","max-image-preview":"max-image-preview:large","max-video-preview":"max-video-preview:-1"},"canonical":"https:\/\/bydletestylove.cz\/index.php\/byty\/nad-prvni-etapou-projektu-toivo-roztyly-od-yit-vlaje-glajcha\/","og_locale":"cs_CZ","og_type":"article","og_title":"Nad prvn\u00ed etapou projektu Toivo Roztyly od YIT vlaje glajcha - BydleteStylov\u011b.cz","og_description":"Spole\u010dnost YIT \u00fasp\u011b\u0161n\u011b dokon\u010dila hrubou stavbu prvn\u00ed etapy reziden\u010dn\u00edho projektu Toivo Roztyly v Praze 11, kter\u00e1 \u010d\u00edt\u00e1 88 jednotek.","og_url":"https:\/\/bydletestylove.cz\/index.php\/byty\/nad-prvni-etapou-projektu-toivo-roztyly-od-yit-vlaje-glajcha\/","og_site_name":"BydleteStylov\u011b.cz","article_published_time":"2025-03-20T23:01:00+00:00","article_modified_time":"2025-03-21T00:53:18+00:00","og_image":[{"width":2560,"height":1707,"url":"https:\/\/bydletestylove.cz\/wp-content\/uploads\/2025\/03\/YIT_Toivo-Roztyly_vizualizace_01-scaled.jpg","type":"image\/jpeg"}],"author":"Martina Pechov\u00e1","twitter_card":"summary_large_image","twitter_misc":{"Napsal(a)":"Martina Pechov\u00e1","Odhadovan\u00e1 doba \u010dten\u00ed":"6 minut"},"schema":{"@context":"https:\/\/schema.org","@graph":[{"@type":"Article","@id":"https:\/\/bydletestylove.cz\/index.php\/byty\/nad-prvni-etapou-projektu-toivo-roztyly-od-yit-vlaje-glajcha\/#article","isPartOf":{"@id":"https:\/\/bydletestylove.cz\/index.php\/byty\/nad-prvni-etapou-projektu-toivo-roztyly-od-yit-vlaje-glajcha\/"},"author":{"name":"Martina Pechov\u00e1","@id":"https:\/\/bydletestylove.cz\/#\/schema\/person\/10a133d2599b007f153f35688fef7fb1"},"headline":"Nad prvn\u00ed etapou projektu Toivo Roztyly od YIT vlaje glajcha","datePublished":"2025-03-20T23:01:00+00:00","dateModified":"2025-03-21T00:53:18+00:00","mainEntityOfPage":{"@id":"https:\/\/bydletestylove.cz\/index.php\/byty\/nad-prvni-etapou-projektu-toivo-roztyly-od-yit-vlaje-glajcha\/"},"wordCount":651,"publisher":{"@id":"https:\/\/bydletestylove.cz\/#organization"},"articleSection":["BYTY","DESIGN &amp; ARCHITEKTURA","DOMY &amp; RESIDENCE","NOVINKY","REKONSTRUKCE &amp; STAVBA","TIPY &amp; TRENDY"],"inLanguage":"cs"},{"@type":"WebPage","@id":"https:\/\/bydletestylove.cz\/index.php\/byty\/nad-prvni-etapou-projektu-toivo-roztyly-od-yit-vlaje-glajcha\/","url":"https:\/\/bydletestylove.cz\/index.php\/byty\/nad-prvni-etapou-projektu-toivo-roztyly-od-yit-vlaje-glajcha\/","name":"Nad prvn\u00ed etapou projektu Toivo Roztyly od YIT vlaje glajcha - BydleteStylov\u011b.cz","isPartOf":{"@id":"https:\/\/bydletestylove.cz\/#website"},"datePublished":"2025-03-20T23:01:00+00:00","dateModified":"2025-03-21T00:53:18+00:00","description":"Spole\u010dnost YIT \u00fasp\u011b\u0161n\u011b dokon\u010dila hrubou stavbu prvn\u00ed etapy reziden\u010dn\u00edho projektu Toivo Roztyly v Praze 11, kter\u00e1 \u010d\u00edt\u00e1 88 jednotek.","breadcrumb":{"@id":"https:\/\/bydletestylove.cz\/index.php\/byty\/nad-prvni-etapou-projektu-toivo-roztyly-od-yit-vlaje-glajcha\/#breadcrumb"},"inLanguage":"cs","potentialAction":[{"@type":"ReadAction","target":["https:\/\/bydletestylove.cz\/index.php\/byty\/nad-prvni-etapou-projektu-toivo-roztyly-od-yit-vlaje-glajcha\/"]}]},{"@type":"BreadcrumbList","@id":"https:\/\/bydletestylove.cz\/index.php\/byty\/nad-prvni-etapou-projektu-toivo-roztyly-od-yit-vlaje-glajcha\/#breadcrumb","itemListElement":[{"@type":"ListItem","position":1,"name":"Dom\u016f","item":"https:\/\/bydletestylove.cz\/"},{"@type":"ListItem","position":2,"name":"Nad prvn\u00ed etapou projektu Toivo Roztyly od YIT vlaje glajcha"}]},{"@type":"WebSite","@id":"https:\/\/bydletestylove.cz\/#website","url":"https:\/\/bydletestylove.cz\/","name":"BydleteStylov\u011b.cz","description":"Port\u00e1l o stylov\u00e9m bydlen\u00ed...","publisher":{"@id":"https:\/\/bydletestylove.cz\/#organization"},"potentialAction":[{"@type":"SearchAction","target":{"@type":"EntryPoint","urlTemplate":"https:\/\/bydletestylove.cz\/?s={search_term_string}"},"query-input":"required name=search_term_string"}],"inLanguage":"cs"},{"@type":"Organization","@id":"https:\/\/bydletestylove.cz\/#organization","name":"BydleteStylov\u011b.cz","url":"https:\/\/bydletestylove.cz\/","logo":{"@type":"ImageObject","inLanguage":"cs","@id":"https:\/\/bydletestylove.cz\/#\/schema\/logo\/image\/","url":"http:\/\/bydletestylove.cz\/wp-content\/uploads\/2024\/12\/cropped-Logo-Bydlete-Stylove.jpg","contentUrl":"http:\/\/bydletestylove.cz\/wp-content\/uploads\/2024\/12\/cropped-Logo-Bydlete-Stylove.jpg","width":290,"height":143,"caption":"BydleteStylov\u011b.cz"},"image":{"@id":"https:\/\/bydletestylove.cz\/#\/schema\/logo\/image\/"},"sameAs":["https:\/\/www.instagram.com\/bydletestylove.cz\/"]},{"@type":"Person","@id":"https:\/\/bydletestylove.cz\/#\/schema\/person\/10a133d2599b007f153f35688fef7fb1","name":"Martina Pechov\u00e1","image":{"@type":"ImageObject","inLanguage":"cs","@id":"https:\/\/bydletestylove.cz\/#\/schema\/person\/image\/","url":"http:\/\/0.gravatar.com\/avatar\/f0b7849f9f82bc20952396010e3c9adb?s=96&d=mm&r=g","contentUrl":"http:\/\/0.gravatar.com\/avatar\/f0b7849f9f82bc20952396010e3c9adb?s=96&d=mm&r=g","caption":"Martina Pechov\u00e1"},"sameAs":["http:\/\/BydleteStylove.cz"],"url":"http:\/\/bydletestylove.cz\/index.php\/author\/marpech\/"}]}},"_links":{"self":[{"href":"http:\/\/bydletestylove.cz\/index.php\/wp-json\/wp\/v2\/posts\/1319"}],"collection":[{"href":"http:\/\/bydletestylove.cz\/index.php\/wp-json\/wp\/v2\/posts"}],"about":[{"href":"http:\/\/bydletestylove.cz\/index.php\/wp-json\/wp\/v2\/types\/post"}],"author":[{"embeddable":true,"href":"http:\/\/bydletestylove.cz\/index.php\/wp-json\/wp\/v2\/users\/6"}],"replies":[{"embeddable":true,"href":"http:\/\/bydletestylove.cz\/index.php\/wp-json\/wp\/v2\/comments?post=1319"}],"version-history":[{"count":5,"href":"http:\/\/bydletestylove.cz\/index.php\/wp-json\/wp\/v2\/posts\/1319\/revisions"}],"predecessor-version":[{"id":1340,"href":"http:\/\/bydletestylove.cz\/index.php\/wp-json\/wp\/v2\/posts\/1319\/revisions\/1340"}],"wp:featuredmedia":[{"embeddable":true,"href":"http:\/\/bydletestylove.cz\/index.php\/wp-json\/wp\/v2\/media\/1323"}],"wp:attachment":[{"href":"http:\/\/bydletestylove.cz\/index.php\/wp-json\/wp\/v2\/media?parent=1319"}],"wp:term":[{"taxonomy":"category","embeddable":true,"href":"http:\/\/bydletestylove.cz\/index.php\/wp-json\/wp\/v2\/categories?post=1319"},{"taxonomy":"post_tag","embeddable":true,"href":"http:\/\/bydletestylove.cz\/index.php\/wp-json\/wp\/v2\/tags?post=1319"}],"curies":[{"name":"wp","href":"https:\/\/api.w.org\/{rel}","templated":true}]}}