{"id":1214,"date":"2025-03-11T00:01:00","date_gmt":"2025-03-10T23:01:00","guid":{"rendered":"https:\/\/bydletestylove.cz\/?p=1214"},"modified":"2025-03-12T17:58:09","modified_gmt":"2025-03-12T16:58:09","slug":"planujete-letos-stavet-nakupte-cihly-porotherm-vcas-a-usetrete","status":"publish","type":"post","link":"http:\/\/bydletestylove.cz\/index.php\/rekonstrukce-stavba\/planujete-letos-stavet-nakupte-cihly-porotherm-vcas-a-usetrete\/","title":{"rendered":"<span>Pl\u00e1nujete letos stav\u011bt? Nakupte cihly Porotherm v\u010das a u\u0161et\u0159ete<\/span>"},"content":{"rendered":"\n<div style=\"height:35px\" aria-hidden=\"true\" class=\"wp-block-spacer\"><\/div>\n\n\n\n<p class=\"has-medium-font-size\"><strong>Stavebn\u00ed sez\u00f3na se bl\u00ed\u017e\u00ed a pr\u00e1v\u011b te\u010f je ide\u00e1ln\u00ed \u010das objednat a nakoupit Porotherm za nejv\u00fdhodn\u011bj\u0161\u00ed ceny. Spole\u010dnost wienerberger, komplexn\u00ed dodavatel \u0159e\u0161en\u00ed a slu\u017eeb pro stavbu \u010di rekonstrukci domu, ozn\u00e1mila \u00fapravu cen\u00edku produkt\u016f Porotherm, kter\u00e1 vstoup\u00ed v platnost od 1. dubna 2025. Do konce b\u0159ezna v\u0161ak maj\u00ed z\u00e1kazn\u00edci mo\u017enost nakoupit materi\u00e1l za sou\u010dasn\u00e9 ceny a k tomu vyu\u017e\u00edt jarn\u00ed prodejn\u00ed akci na po\u0159\u00e1dn\u00e9 cihly Porotherm.<\/strong><\/p>\n\n\n\n<div style=\"height:35px\" aria-hidden=\"true\" class=\"wp-block-spacer\"><\/div>\n\n\n<div class=\"wp-block-image\">\n<figure class=\"aligncenter size-large\"><img decoding=\"async\" loading=\"lazy\" width=\"975\" height=\"1024\" src=\"http:\/\/bydletestylove.cz\/wp-content\/uploads\/2025\/03\/CZ_PHO_POR_Soklove_cihly_hruba_stavba_spatne_pouziti-975x1024.jpg\" alt=\"Pl\u00e1nujete letos stav\u011bt?\" class=\"wp-image-1216\" srcset=\"http:\/\/bydletestylove.cz\/wp-content\/uploads\/2025\/03\/CZ_PHO_POR_Soklove_cihly_hruba_stavba_spatne_pouziti-975x1024.jpg 975w, http:\/\/bydletestylove.cz\/wp-content\/uploads\/2025\/03\/CZ_PHO_POR_Soklove_cihly_hruba_stavba_spatne_pouziti-286x300.jpg 286w, http:\/\/bydletestylove.cz\/wp-content\/uploads\/2025\/03\/CZ_PHO_POR_Soklove_cihly_hruba_stavba_spatne_pouziti-768x807.jpg 768w, http:\/\/bydletestylove.cz\/wp-content\/uploads\/2025\/03\/CZ_PHO_POR_Soklove_cihly_hruba_stavba_spatne_pouziti.jpg 1400w\" sizes=\"(max-width: 975px) 100vw, 975px\" \/><\/figure><\/div>\n\n\n<div style=\"height:35px\" aria-hidden=\"true\" class=\"wp-block-spacer\"><\/div>\n\n\n\n<p class=\"has-medium-font-size\"><em>\u201eSv\u00fdm z\u00e1kazn\u00edk\u016fm nab\u00edz\u00edme komplexn\u00ed portfolio produkt\u016f a slu\u017eeb, kter\u00e9 jim pomohou efektivn\u011b pl\u00e1novat a realizovat jejich projekty. Ceny zdic\u00edch materi\u00e1l\u016f jsme ponechali beze zm\u011bny od ledna 2023, po dvou letech v\u0161ak doch\u00e1z\u00ed kv\u016fli infla\u010dn\u00edm tlak\u016fm k nav\u00fd\u0161en\u00ed cen cihel o 6 %. Doporu\u010dujeme proto investor\u016fm neodkl\u00e1dat objedn\u00e1vky na stavebn\u00ed projekty s o\u010dek\u00e1v\u00e1n\u00edm poklesu cen materi\u00e1l\u016f, jeliko\u017e takov\u00e9 odklady by mohly letos znamenat vy\u0161\u0161\u00ed n\u00e1klady<\/em>,\u201c <strong>\u0159\u00edk\u00e1 Petr Magda, komer\u010dn\u00ed \u0159editel a jednatel spole\u010dnosti wienerberger.<\/strong><\/p>\n\n\n\n<p class=\"has-medium-font-size\">U b\u011b\u017en\u00e9ho rodinn\u00e9ho domu m\u016f\u017ee toto nav\u00fd\u0161en\u00ed cen u cihel \u010dinit okolo 35 000 K\u010d. Spole\u010dnost wienerberger v\u0161ak p\u0159ich\u00e1z\u00ed s jarn\u00ed akc\u00ed Porotherm, d\u00edky kter\u00e9 mohou investo\u0159i u\u0161et\u0159it. V r\u00e1mci t\u00e9to akce je mo\u017en\u00e9 z\u00edskat slevu a\u017e 43 %. Nav\u00edc z\u00e1kazn\u00edci p\u0159i n\u00e1kupu obvodov\u00e9ho jednovrstv\u00e9ho zdiva Porotherm T Profi \/ Profi DF obdr\u017e\u00ed bonus a\u017e 50 820 K\u010d.<\/p>\n\n\n\n<div style=\"height:35px\" aria-hidden=\"true\" class=\"wp-block-spacer\"><\/div>\n\n\n<div class=\"wp-block-image\">\n<figure class=\"aligncenter size-large\"><img decoding=\"async\" loading=\"lazy\" width=\"1024\" height=\"977\" src=\"http:\/\/bydletestylove.cz\/wp-content\/uploads\/2025\/03\/CZ_PHO_POR_Soklove_cihly_hruba_stavba_spravne_pouziti-1024x977.jpg\" alt=\"Pl\u00e1nujete letos stav\u011bt?\" class=\"wp-image-1217\" srcset=\"http:\/\/bydletestylove.cz\/wp-content\/uploads\/2025\/03\/CZ_PHO_POR_Soklove_cihly_hruba_stavba_spravne_pouziti-1024x977.jpg 1024w, http:\/\/bydletestylove.cz\/wp-content\/uploads\/2025\/03\/CZ_PHO_POR_Soklove_cihly_hruba_stavba_spravne_pouziti-300x286.jpg 300w, http:\/\/bydletestylove.cz\/wp-content\/uploads\/2025\/03\/CZ_PHO_POR_Soklove_cihly_hruba_stavba_spravne_pouziti-768x733.jpg 768w, http:\/\/bydletestylove.cz\/wp-content\/uploads\/2025\/03\/CZ_PHO_POR_Soklove_cihly_hruba_stavba_spravne_pouziti.jpg 1100w\" sizes=\"(max-width: 1024px) 100vw, 1024px\" \/><\/figure><\/div>\n\n\n<div style=\"height:35px\" aria-hidden=\"true\" class=\"wp-block-spacer\"><\/div>\n\n\n\n<p class=\"has-medium-font-size\">P\u0159i v\u010dasn\u00e9m n\u00e1kupu tak celkov\u00e1 \u00faspora m\u016f\u017ee dos\u00e1hnout a\u017e okolo 85 000 K\u010d, co\u017e p\u0159edstavuje v\u00fdraznou finan\u010dn\u00ed v\u00fdhodu p\u0159i realizaci stavby. Akce plat\u00ed od 3. \u00fanora do 31. b\u0159ezna 2025. V\u00fdvoz zbo\u017e\u00ed je nutn\u00e9 uskute\u010dnit do 30. dubna 2025.<\/p>\n\n\n\n<p class=\"has-medium-font-size\">\u201e<em>Pokud pl\u00e1nujete stavbu, te\u010f je ten nejlep\u0161\u00ed \u010das na objedn\u00e1vku a n\u00e1kup Porothermu. Jarn\u00ed akce investor\u016fm umo\u017e\u0148uje p\u0159ekonat sez\u00f3nn\u00ed zdra\u017een\u00ed a z\u00edskat cihly za mimo\u0159\u00e1dn\u011b v\u00fdhodn\u00fdch podm\u00ednek. Nav\u00edc se za\u010d\u00e1tkem stavebn\u00ed sez\u00f3ny o\u010dek\u00e1v\u00e1me zv\u00fd\u0161enou popt\u00e1vku, a proto doporu\u010dujeme z\u00e1kazn\u00edk\u016fm rozhodnout o n\u00e1kupu do 31. 3. 2025. D\u00edky tomu si stavebn\u00edci zajist\u00ed nejen v\u00fdhodn\u011bj\u0161\u00ed cenu, ale tak\u00e9 bezprobl\u00e9mov\u00e9 dod\u00e1n\u00ed materi\u00e1lu podle skute\u010dn\u00e9 pot\u0159eby cihlov\u00e9 stavby,<\/em>\u201c <strong>\u0159\u00edk\u00e1 Roman Busta, \u0159editel divize hrub\u00e9 stavby spole\u010dnosti wienerberger.<\/strong><\/p>\n\n\n\n<div style=\"height:35px\" aria-hidden=\"true\" class=\"wp-block-spacer\"><\/div>\n\n\n\n<p class=\"has-medium-font-size\"><strong>V\u00edce informac\u00ed o jarn\u00ed akci Porotherm naleznete na <a href=\"https:\/\/www.wienerberger.cz\/jarni-akce-porotherm.html\"><u>www.wienerberger.cz\/jarni-akce-porotherm<\/u><\/a>.<\/strong><\/p>\n\n\n\n<div style=\"height:100px\" aria-hidden=\"true\" class=\"wp-block-spacer\"><\/div>\n\n\n\n<figure class=\"wp-block-gallery has-nested-images columns-2 is-cropped wp-block-gallery-1 is-layout-flex\">\n<figure class=\"wp-block-image size-large\"><img decoding=\"async\" loading=\"lazy\" width=\"975\" height=\"1024\" data-id=\"1216\"  src=\"https:\/\/bydletestylove.cz\/wp-content\/uploads\/2025\/03\/CZ_PHO_POR_Soklove_cihly_hruba_stavba_spatne_pouziti-975x1024.jpg\" alt=\"Pl\u00e1nujete letos stav\u011bt? \" class=\"wp-image-1216\" srcset=\"http:\/\/bydletestylove.cz\/wp-content\/uploads\/2025\/03\/CZ_PHO_POR_Soklove_cihly_hruba_stavba_spatne_pouziti-975x1024.jpg 975w, http:\/\/bydletestylove.cz\/wp-content\/uploads\/2025\/03\/CZ_PHO_POR_Soklove_cihly_hruba_stavba_spatne_pouziti-286x300.jpg 286w, http:\/\/bydletestylove.cz\/wp-content\/uploads\/2025\/03\/CZ_PHO_POR_Soklove_cihly_hruba_stavba_spatne_pouziti-768x807.jpg 768w, http:\/\/bydletestylove.cz\/wp-content\/uploads\/2025\/03\/CZ_PHO_POR_Soklove_cihly_hruba_stavba_spatne_pouziti.jpg 1400w\" sizes=\"(max-width: 975px) 100vw, 975px\" \/><\/figure>\n\n\n\n<figure class=\"wp-block-image size-large\"><img decoding=\"async\" loading=\"lazy\" width=\"1024\" height=\"977\" data-id=\"1217\"  src=\"https:\/\/bydletestylove.cz\/wp-content\/uploads\/2025\/03\/CZ_PHO_POR_Soklove_cihly_hruba_stavba_spravne_pouziti-1024x977.jpg\" alt=\"Pl\u00e1nujete letos stav\u011bt? \" class=\"wp-image-1217\" srcset=\"http:\/\/bydletestylove.cz\/wp-content\/uploads\/2025\/03\/CZ_PHO_POR_Soklove_cihly_hruba_stavba_spravne_pouziti-1024x977.jpg 1024w, http:\/\/bydletestylove.cz\/wp-content\/uploads\/2025\/03\/CZ_PHO_POR_Soklove_cihly_hruba_stavba_spravne_pouziti-300x286.jpg 300w, http:\/\/bydletestylove.cz\/wp-content\/uploads\/2025\/03\/CZ_PHO_POR_Soklove_cihly_hruba_stavba_spravne_pouziti-768x733.jpg 768w, http:\/\/bydletestylove.cz\/wp-content\/uploads\/2025\/03\/CZ_PHO_POR_Soklove_cihly_hruba_stavba_spravne_pouziti.jpg 1100w\" sizes=\"(max-width: 1024px) 100vw, 1024px\" \/><\/figure>\n\n\n\n<figure class=\"wp-block-image size-large\"><img decoding=\"async\" loading=\"lazy\" width=\"1024\" height=\"683\" data-id=\"1218\"  src=\"https:\/\/bydletestylove.cz\/wp-content\/uploads\/2025\/03\/f6b0da4d-a9d2-ddfc-b9fd-0243d6596458-1024x683.jpg\" alt=\"Pl\u00e1nujete letos stav\u011bt? \" class=\"wp-image-1218\" srcset=\"http:\/\/bydletestylove.cz\/wp-content\/uploads\/2025\/03\/f6b0da4d-a9d2-ddfc-b9fd-0243d6596458-1024x683.jpg 1024w, http:\/\/bydletestylove.cz\/wp-content\/uploads\/2025\/03\/f6b0da4d-a9d2-ddfc-b9fd-0243d6596458-300x200.jpg 300w, http:\/\/bydletestylove.cz\/wp-content\/uploads\/2025\/03\/f6b0da4d-a9d2-ddfc-b9fd-0243d6596458-768x512.jpg 768w, http:\/\/bydletestylove.cz\/wp-content\/uploads\/2025\/03\/f6b0da4d-a9d2-ddfc-b9fd-0243d6596458-1536x1024.jpg 1536w, http:\/\/bydletestylove.cz\/wp-content\/uploads\/2025\/03\/f6b0da4d-a9d2-ddfc-b9fd-0243d6596458-2048x1365.jpg 2048w\" sizes=\"(max-width: 1024px) 100vw, 1024px\" \/><\/figure>\n<\/figure>\n\n\n\n<div style=\"height:30px\" aria-hidden=\"true\" class=\"wp-block-spacer\"><\/div>\n\n\n\n<p class=\"has-medium-font-size\"><strong>Zdroj foto:<\/strong> Wienerberger<\/p>\n\n\n\n<div style=\"height:55px\" aria-hidden=\"true\" class=\"wp-block-spacer\"><\/div>\n","protected":false},"excerpt":{"rendered":"<p>Stavebn\u00ed sez\u00f3na se bl\u00ed\u017e\u00ed a pr\u00e1v\u011b te\u010f je ide\u00e1ln\u00ed \u010das objednat a nakoupit Porotherm za nejv\u00fdhodn\u011bj\u0161\u00ed ceny. Spole\u010dnost wienerberger, komplexn\u00ed dodavatel \u0159e\u0161en\u00ed a slu\u017eeb pro stavbu \u010di rekonstrukci domu, ozn\u00e1mila \u00fapravu cen\u00edku produkt\u016f Porotherm, kter\u00e1 vstoup\u00ed v platnost od 1. dubna 2025. Do konce b\u0159ezna v\u0161ak maj\u00ed z\u00e1kazn\u00edci mo\u017enost nakoupit materi\u00e1l za sou\u010dasn\u00e9 ceny a k tomu vyu\u017e\u00edt jarn\u00ed prodejn\u00ed akci na po\u0159\u00e1dn\u00e9 cihly Porotherm. \u201eSv\u00fdm z\u00e1kazn\u00edk\u016fm nab\u00edz\u00edme komplexn\u00ed portfolio produkt\u016f a slu\u017eeb, kter\u00e9 jim pomohou efektivn\u011b pl\u00e1novat a realizovat jejich projekty. Ceny zdic\u00edch materi\u00e1l\u016f jsme ponechali beze zm\u011bny od&hellip;<\/p>\n","protected":false},"author":6,"featured_media":1218,"comment_status":"closed","ping_status":"open","sticky":false,"template":"","format":"standard","meta":{"_mi_skip_tracking":false,"_monsterinsights_sitenote_active":false,"_monsterinsights_sitenote_note":"","_monsterinsights_sitenote_category":0},"categories":[1,8,5],"tags":[],"yoast_head":"<!-- This site is optimized with the Yoast SEO plugin v21.4 - https:\/\/yoast.com\/wordpress\/plugins\/seo\/ -->\n<title>Pl\u00e1nujete letos stav\u011bt? Nakupte cihly Porotherm v\u010das a u\u0161et\u0159ete - BydleteStylov\u011b.cz<\/title>\n<meta name=\"description\" content=\"Stavebn\u00ed sez\u00f3na se bl\u00ed\u017e\u00ed a pr\u00e1v\u011b te\u010f je ide\u00e1ln\u00ed \u010das objednat a nakoupit Porotherm za nejv\u00fdhodn\u011bj\u0161\u00ed ceny. Spole\u010dnost wienerberger.\" \/>\n<meta name=\"robots\" content=\"index, follow, max-snippet:-1, max-image-preview:large, max-video-preview:-1\" \/>\n<link rel=\"canonical\" href=\"https:\/\/bydletestylove.cz\/index.php\/rekonstrukce-stavba\/planujete-letos-stavet-nakupte-cihly-porotherm-vcas-a-usetrete\/\" \/>\n<meta property=\"og:locale\" content=\"cs_CZ\" \/>\n<meta property=\"og:type\" content=\"article\" \/>\n<meta property=\"og:title\" content=\"Pl\u00e1nujete letos stav\u011bt? Nakupte cihly Porotherm v\u010das a u\u0161et\u0159ete - BydleteStylov\u011b.cz\" \/>\n<meta property=\"og:description\" content=\"Stavebn\u00ed sez\u00f3na se bl\u00ed\u017e\u00ed a pr\u00e1v\u011b te\u010f je ide\u00e1ln\u00ed \u010das objednat a nakoupit Porotherm za nejv\u00fdhodn\u011bj\u0161\u00ed ceny. Spole\u010dnost wienerberger.\" \/>\n<meta property=\"og:url\" content=\"https:\/\/bydletestylove.cz\/index.php\/rekonstrukce-stavba\/planujete-letos-stavet-nakupte-cihly-porotherm-vcas-a-usetrete\/\" \/>\n<meta property=\"og:site_name\" content=\"BydleteStylov\u011b.cz\" \/>\n<meta property=\"article:published_time\" content=\"2025-03-10T23:01:00+00:00\" \/>\n<meta property=\"article:modified_time\" content=\"2025-03-12T16:58:09+00:00\" \/>\n<meta property=\"og:image\" content=\"https:\/\/bydletestylove.cz\/wp-content\/uploads\/2025\/03\/f6b0da4d-a9d2-ddfc-b9fd-0243d6596458-scaled.jpg\" \/>\n\t<meta property=\"og:image:width\" content=\"2560\" \/>\n\t<meta property=\"og:image:height\" content=\"1707\" \/>\n\t<meta property=\"og:image:type\" content=\"image\/jpeg\" \/>\n<meta name=\"author\" content=\"Martina Pechov\u00e1\" \/>\n<meta name=\"twitter:card\" content=\"summary_large_image\" \/>\n<meta name=\"twitter:label1\" content=\"Napsal(a)\" \/>\n\t<meta name=\"twitter:data1\" content=\"Martina Pechov\u00e1\" \/>\n\t<meta name=\"twitter:label2\" content=\"Odhadovan\u00e1 doba \u010dten\u00ed\" \/>\n\t<meta name=\"twitter:data2\" content=\"3 minuty\" \/>\n<script type=\"application\/ld+json\" class=\"yoast-schema-graph\">{\"@context\":\"https:\/\/schema.org\",\"@graph\":[{\"@type\":\"Article\",\"@id\":\"https:\/\/bydletestylove.cz\/index.php\/rekonstrukce-stavba\/planujete-letos-stavet-nakupte-cihly-porotherm-vcas-a-usetrete\/#article\",\"isPartOf\":{\"@id\":\"https:\/\/bydletestylove.cz\/index.php\/rekonstrukce-stavba\/planujete-letos-stavet-nakupte-cihly-porotherm-vcas-a-usetrete\/\"},\"author\":{\"name\":\"Martina Pechov\u00e1\",\"@id\":\"https:\/\/bydletestylove.cz\/#\/schema\/person\/10a133d2599b007f153f35688fef7fb1\"},\"headline\":\"Pl\u00e1nujete letos stav\u011bt? Nakupte cihly Porotherm v\u010das a u\u0161et\u0159ete\",\"datePublished\":\"2025-03-10T23:01:00+00:00\",\"dateModified\":\"2025-03-12T16:58:09+00:00\",\"mainEntityOfPage\":{\"@id\":\"https:\/\/bydletestylove.cz\/index.php\/rekonstrukce-stavba\/planujete-letos-stavet-nakupte-cihly-porotherm-vcas-a-usetrete\/\"},\"wordCount\":439,\"publisher\":{\"@id\":\"https:\/\/bydletestylove.cz\/#organization\"},\"articleSection\":[\"NOVINKY\",\"REKONSTRUKCE &amp; STAVBA\",\"TIPY &amp; TRENDY\"],\"inLanguage\":\"cs\"},{\"@type\":\"WebPage\",\"@id\":\"https:\/\/bydletestylove.cz\/index.php\/rekonstrukce-stavba\/planujete-letos-stavet-nakupte-cihly-porotherm-vcas-a-usetrete\/\",\"url\":\"https:\/\/bydletestylove.cz\/index.php\/rekonstrukce-stavba\/planujete-letos-stavet-nakupte-cihly-porotherm-vcas-a-usetrete\/\",\"name\":\"Pl\u00e1nujete letos stav\u011bt? Nakupte cihly Porotherm v\u010das a u\u0161et\u0159ete - BydleteStylov\u011b.cz\",\"isPartOf\":{\"@id\":\"https:\/\/bydletestylove.cz\/#website\"},\"datePublished\":\"2025-03-10T23:01:00+00:00\",\"dateModified\":\"2025-03-12T16:58:09+00:00\",\"description\":\"Stavebn\u00ed sez\u00f3na se bl\u00ed\u017e\u00ed a pr\u00e1v\u011b te\u010f je ide\u00e1ln\u00ed \u010das objednat a nakoupit Porotherm za nejv\u00fdhodn\u011bj\u0161\u00ed ceny. Spole\u010dnost wienerberger.\",\"breadcrumb\":{\"@id\":\"https:\/\/bydletestylove.cz\/index.php\/rekonstrukce-stavba\/planujete-letos-stavet-nakupte-cihly-porotherm-vcas-a-usetrete\/#breadcrumb\"},\"inLanguage\":\"cs\",\"potentialAction\":[{\"@type\":\"ReadAction\",\"target\":[\"https:\/\/bydletestylove.cz\/index.php\/rekonstrukce-stavba\/planujete-letos-stavet-nakupte-cihly-porotherm-vcas-a-usetrete\/\"]}]},{\"@type\":\"BreadcrumbList\",\"@id\":\"https:\/\/bydletestylove.cz\/index.php\/rekonstrukce-stavba\/planujete-letos-stavet-nakupte-cihly-porotherm-vcas-a-usetrete\/#breadcrumb\",\"itemListElement\":[{\"@type\":\"ListItem\",\"position\":1,\"name\":\"Dom\u016f\",\"item\":\"https:\/\/bydletestylove.cz\/\"},{\"@type\":\"ListItem\",\"position\":2,\"name\":\"Pl\u00e1nujete letos stav\u011bt? Nakupte cihly Porotherm v\u010das a u\u0161et\u0159ete\"}]},{\"@type\":\"WebSite\",\"@id\":\"https:\/\/bydletestylove.cz\/#website\",\"url\":\"https:\/\/bydletestylove.cz\/\",\"name\":\"BydleteStylov\u011b.cz\",\"description\":\"Port\u00e1l o stylov\u00e9m bydlen\u00ed...\",\"publisher\":{\"@id\":\"https:\/\/bydletestylove.cz\/#organization\"},\"potentialAction\":[{\"@type\":\"SearchAction\",\"target\":{\"@type\":\"EntryPoint\",\"urlTemplate\":\"https:\/\/bydletestylove.cz\/?s={search_term_string}\"},\"query-input\":\"required name=search_term_string\"}],\"inLanguage\":\"cs\"},{\"@type\":\"Organization\",\"@id\":\"https:\/\/bydletestylove.cz\/#organization\",\"name\":\"BydleteStylov\u011b.cz\",\"url\":\"https:\/\/bydletestylove.cz\/\",\"logo\":{\"@type\":\"ImageObject\",\"inLanguage\":\"cs\",\"@id\":\"https:\/\/bydletestylove.cz\/#\/schema\/logo\/image\/\",\"url\":\"http:\/\/bydletestylove.cz\/wp-content\/uploads\/2024\/12\/cropped-Logo-Bydlete-Stylove.jpg\",\"contentUrl\":\"http:\/\/bydletestylove.cz\/wp-content\/uploads\/2024\/12\/cropped-Logo-Bydlete-Stylove.jpg\",\"width\":290,\"height\":143,\"caption\":\"BydleteStylov\u011b.cz\"},\"image\":{\"@id\":\"https:\/\/bydletestylove.cz\/#\/schema\/logo\/image\/\"},\"sameAs\":[\"https:\/\/www.instagram.com\/bydletestylove.cz\/\"]},{\"@type\":\"Person\",\"@id\":\"https:\/\/bydletestylove.cz\/#\/schema\/person\/10a133d2599b007f153f35688fef7fb1\",\"name\":\"Martina Pechov\u00e1\",\"image\":{\"@type\":\"ImageObject\",\"inLanguage\":\"cs\",\"@id\":\"https:\/\/bydletestylove.cz\/#\/schema\/person\/image\/\",\"url\":\"http:\/\/0.gravatar.com\/avatar\/f0b7849f9f82bc20952396010e3c9adb?s=96&d=mm&r=g\",\"contentUrl\":\"http:\/\/0.gravatar.com\/avatar\/f0b7849f9f82bc20952396010e3c9adb?s=96&d=mm&r=g\",\"caption\":\"Martina Pechov\u00e1\"},\"sameAs\":[\"http:\/\/BydleteStylove.cz\"],\"url\":\"http:\/\/bydletestylove.cz\/index.php\/author\/marpech\/\"}]}<\/script>\n<!-- \/ Yoast SEO plugin. -->","yoast_head_json":{"title":"Pl\u00e1nujete letos stav\u011bt? Nakupte cihly Porotherm v\u010das a u\u0161et\u0159ete - BydleteStylov\u011b.cz","description":"Stavebn\u00ed sez\u00f3na se bl\u00ed\u017e\u00ed a pr\u00e1v\u011b te\u010f je ide\u00e1ln\u00ed \u010das objednat a nakoupit Porotherm za nejv\u00fdhodn\u011bj\u0161\u00ed ceny. Spole\u010dnost wienerberger.","robots":{"index":"index","follow":"follow","max-snippet":"max-snippet:-1","max-image-preview":"max-image-preview:large","max-video-preview":"max-video-preview:-1"},"canonical":"https:\/\/bydletestylove.cz\/index.php\/rekonstrukce-stavba\/planujete-letos-stavet-nakupte-cihly-porotherm-vcas-a-usetrete\/","og_locale":"cs_CZ","og_type":"article","og_title":"Pl\u00e1nujete letos stav\u011bt? Nakupte cihly Porotherm v\u010das a u\u0161et\u0159ete - BydleteStylov\u011b.cz","og_description":"Stavebn\u00ed sez\u00f3na se bl\u00ed\u017e\u00ed a pr\u00e1v\u011b te\u010f je ide\u00e1ln\u00ed \u010das objednat a nakoupit Porotherm za nejv\u00fdhodn\u011bj\u0161\u00ed ceny. Spole\u010dnost wienerberger.","og_url":"https:\/\/bydletestylove.cz\/index.php\/rekonstrukce-stavba\/planujete-letos-stavet-nakupte-cihly-porotherm-vcas-a-usetrete\/","og_site_name":"BydleteStylov\u011b.cz","article_published_time":"2025-03-10T23:01:00+00:00","article_modified_time":"2025-03-12T16:58:09+00:00","og_image":[{"width":2560,"height":1707,"url":"https:\/\/bydletestylove.cz\/wp-content\/uploads\/2025\/03\/f6b0da4d-a9d2-ddfc-b9fd-0243d6596458-scaled.jpg","type":"image\/jpeg"}],"author":"Martina Pechov\u00e1","twitter_card":"summary_large_image","twitter_misc":{"Napsal(a)":"Martina Pechov\u00e1","Odhadovan\u00e1 doba \u010dten\u00ed":"3 minuty"},"schema":{"@context":"https:\/\/schema.org","@graph":[{"@type":"Article","@id":"https:\/\/bydletestylove.cz\/index.php\/rekonstrukce-stavba\/planujete-letos-stavet-nakupte-cihly-porotherm-vcas-a-usetrete\/#article","isPartOf":{"@id":"https:\/\/bydletestylove.cz\/index.php\/rekonstrukce-stavba\/planujete-letos-stavet-nakupte-cihly-porotherm-vcas-a-usetrete\/"},"author":{"name":"Martina Pechov\u00e1","@id":"https:\/\/bydletestylove.cz\/#\/schema\/person\/10a133d2599b007f153f35688fef7fb1"},"headline":"Pl\u00e1nujete letos stav\u011bt? Nakupte cihly Porotherm v\u010das a u\u0161et\u0159ete","datePublished":"2025-03-10T23:01:00+00:00","dateModified":"2025-03-12T16:58:09+00:00","mainEntityOfPage":{"@id":"https:\/\/bydletestylove.cz\/index.php\/rekonstrukce-stavba\/planujete-letos-stavet-nakupte-cihly-porotherm-vcas-a-usetrete\/"},"wordCount":439,"publisher":{"@id":"https:\/\/bydletestylove.cz\/#organization"},"articleSection":["NOVINKY","REKONSTRUKCE &amp; STAVBA","TIPY &amp; TRENDY"],"inLanguage":"cs"},{"@type":"WebPage","@id":"https:\/\/bydletestylove.cz\/index.php\/rekonstrukce-stavba\/planujete-letos-stavet-nakupte-cihly-porotherm-vcas-a-usetrete\/","url":"https:\/\/bydletestylove.cz\/index.php\/rekonstrukce-stavba\/planujete-letos-stavet-nakupte-cihly-porotherm-vcas-a-usetrete\/","name":"Pl\u00e1nujete letos stav\u011bt? Nakupte cihly Porotherm v\u010das a u\u0161et\u0159ete - BydleteStylov\u011b.cz","isPartOf":{"@id":"https:\/\/bydletestylove.cz\/#website"},"datePublished":"2025-03-10T23:01:00+00:00","dateModified":"2025-03-12T16:58:09+00:00","description":"Stavebn\u00ed sez\u00f3na se bl\u00ed\u017e\u00ed a pr\u00e1v\u011b te\u010f je ide\u00e1ln\u00ed \u010das objednat a nakoupit Porotherm za nejv\u00fdhodn\u011bj\u0161\u00ed ceny. Spole\u010dnost wienerberger.","breadcrumb":{"@id":"https:\/\/bydletestylove.cz\/index.php\/rekonstrukce-stavba\/planujete-letos-stavet-nakupte-cihly-porotherm-vcas-a-usetrete\/#breadcrumb"},"inLanguage":"cs","potentialAction":[{"@type":"ReadAction","target":["https:\/\/bydletestylove.cz\/index.php\/rekonstrukce-stavba\/planujete-letos-stavet-nakupte-cihly-porotherm-vcas-a-usetrete\/"]}]},{"@type":"BreadcrumbList","@id":"https:\/\/bydletestylove.cz\/index.php\/rekonstrukce-stavba\/planujete-letos-stavet-nakupte-cihly-porotherm-vcas-a-usetrete\/#breadcrumb","itemListElement":[{"@type":"ListItem","position":1,"name":"Dom\u016f","item":"https:\/\/bydletestylove.cz\/"},{"@type":"ListItem","position":2,"name":"Pl\u00e1nujete letos stav\u011bt? Nakupte cihly Porotherm v\u010das a u\u0161et\u0159ete"}]},{"@type":"WebSite","@id":"https:\/\/bydletestylove.cz\/#website","url":"https:\/\/bydletestylove.cz\/","name":"BydleteStylov\u011b.cz","description":"Port\u00e1l o stylov\u00e9m bydlen\u00ed...","publisher":{"@id":"https:\/\/bydletestylove.cz\/#organization"},"potentialAction":[{"@type":"SearchAction","target":{"@type":"EntryPoint","urlTemplate":"https:\/\/bydletestylove.cz\/?s={search_term_string}"},"query-input":"required name=search_term_string"}],"inLanguage":"cs"},{"@type":"Organization","@id":"https:\/\/bydletestylove.cz\/#organization","name":"BydleteStylov\u011b.cz","url":"https:\/\/bydletestylove.cz\/","logo":{"@type":"ImageObject","inLanguage":"cs","@id":"https:\/\/bydletestylove.cz\/#\/schema\/logo\/image\/","url":"http:\/\/bydletestylove.cz\/wp-content\/uploads\/2024\/12\/cropped-Logo-Bydlete-Stylove.jpg","contentUrl":"http:\/\/bydletestylove.cz\/wp-content\/uploads\/2024\/12\/cropped-Logo-Bydlete-Stylove.jpg","width":290,"height":143,"caption":"BydleteStylov\u011b.cz"},"image":{"@id":"https:\/\/bydletestylove.cz\/#\/schema\/logo\/image\/"},"sameAs":["https:\/\/www.instagram.com\/bydletestylove.cz\/"]},{"@type":"Person","@id":"https:\/\/bydletestylove.cz\/#\/schema\/person\/10a133d2599b007f153f35688fef7fb1","name":"Martina Pechov\u00e1","image":{"@type":"ImageObject","inLanguage":"cs","@id":"https:\/\/bydletestylove.cz\/#\/schema\/person\/image\/","url":"http:\/\/0.gravatar.com\/avatar\/f0b7849f9f82bc20952396010e3c9adb?s=96&d=mm&r=g","contentUrl":"http:\/\/0.gravatar.com\/avatar\/f0b7849f9f82bc20952396010e3c9adb?s=96&d=mm&r=g","caption":"Martina Pechov\u00e1"},"sameAs":["http:\/\/BydleteStylove.cz"],"url":"http:\/\/bydletestylove.cz\/index.php\/author\/marpech\/"}]}},"_links":{"self":[{"href":"http:\/\/bydletestylove.cz\/index.php\/wp-json\/wp\/v2\/posts\/1214"}],"collection":[{"href":"http:\/\/bydletestylove.cz\/index.php\/wp-json\/wp\/v2\/posts"}],"about":[{"href":"http:\/\/bydletestylove.cz\/index.php\/wp-json\/wp\/v2\/types\/post"}],"author":[{"embeddable":true,"href":"http:\/\/bydletestylove.cz\/index.php\/wp-json\/wp\/v2\/users\/6"}],"replies":[{"embeddable":true,"href":"http:\/\/bydletestylove.cz\/index.php\/wp-json\/wp\/v2\/comments?post=1214"}],"version-history":[{"count":3,"href":"http:\/\/bydletestylove.cz\/index.php\/wp-json\/wp\/v2\/posts\/1214\/revisions"}],"predecessor-version":[{"id":1339,"href":"http:\/\/bydletestylove.cz\/index.php\/wp-json\/wp\/v2\/posts\/1214\/revisions\/1339"}],"wp:featuredmedia":[{"embeddable":true,"href":"http:\/\/bydletestylove.cz\/index.php\/wp-json\/wp\/v2\/media\/1218"}],"wp:attachment":[{"href":"http:\/\/bydletestylove.cz\/index.php\/wp-json\/wp\/v2\/media?parent=1214"}],"wp:term":[{"taxonomy":"category","embeddable":true,"href":"http:\/\/bydletestylove.cz\/index.php\/wp-json\/wp\/v2\/categories?post=1214"},{"taxonomy":"post_tag","embeddable":true,"href":"http:\/\/bydletestylove.cz\/index.php\/wp-json\/wp\/v2\/tags?post=1214"}],"curies":[{"name":"wp","href":"https:\/\/api.w.org\/{rel}","templated":true}]}}