{"id":1184,"date":"2025-03-10T00:01:00","date_gmt":"2025-03-09T23:01:00","guid":{"rendered":"https:\/\/bydletestylove.cz\/?p=1184"},"modified":"2025-03-10T01:31:38","modified_gmt":"2025-03-10T00:31:38","slug":"zakaznikum-cez-je-ombudsman-k-dispozici-uz-pres-15-let-loni-jeho-sluzby-vyuzilo-pres-800-zajemcu","status":"publish","type":"post","link":"http:\/\/bydletestylove.cz\/index.php\/fotoreporty\/zakaznikum-cez-je-ombudsman-k-dispozici-uz-pres-15-let-loni-jeho-sluzby-vyuzilo-pres-800-zajemcu\/","title":{"rendered":"<span>Z\u00e1kazn\u00edk\u016fm \u010cEZ je ombudsman k dispozici u\u017e p\u0159es 15 let. Loni jeho slu\u017eby vyu\u017eilo p\u0159es 800 z\u00e1jemc\u016f<\/span>"},"content":{"rendered":"\n<div style=\"height:35px\" aria-hidden=\"true\" class=\"wp-block-spacer\"><\/div>\n\n\n\n<p class=\"has-medium-font-size\"><strong>Na Ombudsmana \u010cEZ se loni obr\u00e1tilo 814 z\u00e1kazn\u00edk\u016f, tedy obdobn\u011b jako v&nbsp;roce p\u0159edchoz\u00edm. A\u010dkoliv se oproti krizov\u00e9mu roku 2022 jedn\u00e1 o 10% pokles, st\u00e1le plat\u00ed, \u017ee z\u00e1kazn\u00edci tuto slu\u017ebu vyhled\u00e1vaj\u00ed \u010dast\u011bji ne\u017e p\u0159ed vypuknut\u00edm energetick\u00e9 krize. Ombudsman uznal opr\u00e1vn\u011bnost 42 podn\u011bt\u016f, polovina z nich ov\u0161em spad\u00e1 do kategorie \u201especifick\u00e9ho p\u0159\u00edstupu\u201c. Ten umo\u017e\u0148uje ombudsmanovi pomoci z\u00e1kazn\u00edkovi, jeho\u017e po\u017eadavek je sice neopr\u00e1vn\u011bn\u00fd, ale zrovna se nach\u00e1z\u00ed v&nbsp;mimo\u0159\u00e1dn\u011b t\u011b\u017ek\u00e9 \u017eivotn\u00ed situaci. Ochr\u00e1nce pr\u00e1v z\u00e1kazn\u00edk\u016f funguje v&nbsp;r\u00e1mci Skupiny \u010cEZ od \u0159\u00edjna 2024, spole\u010dnost jej zavedla jako prvn\u00ed v&nbsp;\u010cesk\u00e9 republice.<\/strong><\/p>\n\n\n\n<div style=\"height:35px\" aria-hidden=\"true\" class=\"wp-block-spacer\"><\/div>\n\n\n<div class=\"wp-block-image\">\n<figure class=\"aligncenter size-large\"><img decoding=\"async\" loading=\"lazy\" width=\"1024\" height=\"683\" src=\"http:\/\/bydletestylove.cz\/wp-content\/uploads\/2025\/03\/Zakaznicke-centrum-CEZ-Prodej_mensi-1024x683.jpg\" alt=\"Z\u00e1kazn\u00edk\u016fm \u010cEZ je ombudsman k dispozici u\u017e p\u0159es 15 let\" class=\"wp-image-1195\" srcset=\"http:\/\/bydletestylove.cz\/wp-content\/uploads\/2025\/03\/Zakaznicke-centrum-CEZ-Prodej_mensi-1024x683.jpg 1024w, http:\/\/bydletestylove.cz\/wp-content\/uploads\/2025\/03\/Zakaznicke-centrum-CEZ-Prodej_mensi-300x200.jpg 300w, http:\/\/bydletestylove.cz\/wp-content\/uploads\/2025\/03\/Zakaznicke-centrum-CEZ-Prodej_mensi-768x512.jpg 768w, http:\/\/bydletestylove.cz\/wp-content\/uploads\/2025\/03\/Zakaznicke-centrum-CEZ-Prodej_mensi-1536x1024.jpg 1536w, http:\/\/bydletestylove.cz\/wp-content\/uploads\/2025\/03\/Zakaznicke-centrum-CEZ-Prodej_mensi-2048x1365.jpg 2048w\" sizes=\"(max-width: 1024px) 100vw, 1024px\" \/><\/figure><\/div>\n\n\n<div style=\"height:35px\" aria-hidden=\"true\" class=\"wp-block-spacer\"><\/div>\n\n\n\n<p class=\"has-medium-font-size\">A\u010dkoliv loni vy\u0159izoval ochr\u00e1nce pr\u00e1v z\u00e1kazn\u00edk\u016f \u010cEZ Josef Sedl\u00e1k se sv\u00fdm t\u00fdmem o desetinu m\u00e9n\u011b podn\u011bt\u016f ne\u017e v&nbsp;roce 2022, kdy se naplno rozjela energetick\u00e1 krize, p\u0159esto se rok 2024 s&nbsp;814 p\u0159ijat\u00fdmi podn\u011bty \u0159ad\u00ed k&nbsp;rekordn\u00edm. Institut ombudsmana zavedla spole\u010dnost \u010cEZ u\u017e p\u0159ed 15 lety jako jedna z&nbsp;prvn\u00edch energetik v&nbsp;Evrop\u011b a jako \u00fapln\u011b prvn\u00ed v&nbsp;\u010cesk\u00e9 republice. \u0160et\u0159\u00ed p\u0159\u00edpady z\u00e1kazn\u00edk\u016f, kte\u0159\u00ed nebyli spokojeni s&nbsp;vy\u0159\u00edzen\u00edm sv\u00e9 st\u00ed\u017enosti \u010di reklamace podan\u00e9 u&nbsp;p\u0159\u00edslu\u0161n\u00e9 spole\u010dnosti ze Skupiny \u010cEZ. Od zah\u00e1jen\u00ed \u010dinnosti ji\u017e ombudsman \u010cEZ vy\u0159\u00eddil 11 131 z\u00e1kaznick\u00fdch po\u017eadavk\u016f a podn\u011bt\u016f.<\/p>\n\n\n\n<p class=\"has-medium-font-size\">\u201e<em>St\u00e1le je\u0161t\u011b pom\u011brn\u011b vysok\u00fd po\u010det p\u0159ijat\u00fdch z\u00e1kaznick\u00fdch podn\u011bt\u016f si vysv\u011btlujeme t\u00edm, \u017ee energetick\u00e1 krize nau\u010dila lidi se o energie mnohem v\u00edce zaj\u00edmat. Sleduj\u00ed podrobn\u011bji svou spot\u0159ebu i d\u011bn\u00ed na trhu a&nbsp;aktivn\u011b komunikuj\u00ed s&nbsp;dodavateli, p\u0159i\u010dem\u017e vyu\u017e\u00edvaj\u00ed v\u0161echny dostupn\u00e9 mo\u017enosti, tedy i kancel\u00e1\u0159 ombudsmana. Z\u00e1rove\u0148 vid\u00edme, \u017ee i p\u0159es zv\u00fd\u0161en\u00fd po\u010det t\u011bchto podn\u011bt\u016f z\u016fst\u00e1v\u00e1 chybovost spole\u010dnost\u00ed Skupiny \u010cEZ st\u00e1le velmi n\u00edzk\u00e1, dokonce jim oproti roku 2023 je\u0161t\u011b o n\u011bco klesla. Znamen\u00e1 to, \u017ee tyto spole\u010dnosti maj\u00ed svoje procesy nastaven\u00e9 spr\u00e1vn\u011b,\u201c <\/em>\u0159\u00edk\u00e1 ombudsman Josef Sedl\u00e1k.<\/p>\n\n\n\n<p class=\"has-medium-font-size\">Jako opr\u00e1vn\u011bn\u00e9 loni ombudsman vyhodnotil 42 podn\u011bt\u016f, tedy zhruba 5 % z&nbsp;celkov\u00e9ho po\u010dtu. U t\u00e9m\u011b\u0159 poloviny z&nbsp;nich (20 podn\u011bt\u016f) ov\u0161em uplatnil svou pravomoc a na z\u00e1klad\u011b p\u0159ihl\u00e9dnut\u00ed k&nbsp;t\u00ed\u017eiv\u00e9 \u017eivotn\u00ed situaci z\u00e1kazn\u00edka po\u017e\u00e1dal p\u0159\u00edslu\u0161nou spole\u010dnost o to, aby po\u017eadavku vyhov\u011bla, a\u010dkoliv nen\u00ed opr\u00e1vn\u011bn\u00fd. B\u011bhem sv\u00e9ho dosavadn\u00edho p\u016fsoben\u00ed uplatnil Josef Sedl\u00e1k specifick\u00fd p\u0159\u00edstup ve 431 p\u0159\u00edpadech.<\/p>\n\n\n\n<div style=\"height:35px\" aria-hidden=\"true\" class=\"wp-block-spacer\"><\/div>\n\n\n<div class=\"wp-block-image\">\n<figure class=\"aligncenter size-large\"><img decoding=\"async\" loading=\"lazy\" width=\"1024\" height=\"683\" src=\"http:\/\/bydletestylove.cz\/wp-content\/uploads\/2025\/03\/NAOMBU1-1024x683.jpg\" alt=\"Z\u00e1kazn\u00edk\u016fm \u010cEZ je ombudsman k dispozici u\u017e p\u0159es 15 let\" class=\"wp-image-1194\" srcset=\"http:\/\/bydletestylove.cz\/wp-content\/uploads\/2025\/03\/NAOMBU1-1024x683.jpg 1024w, http:\/\/bydletestylove.cz\/wp-content\/uploads\/2025\/03\/NAOMBU1-300x200.jpg 300w, http:\/\/bydletestylove.cz\/wp-content\/uploads\/2025\/03\/NAOMBU1-768x512.jpg 768w, http:\/\/bydletestylove.cz\/wp-content\/uploads\/2025\/03\/NAOMBU1-1536x1024.jpg 1536w, http:\/\/bydletestylove.cz\/wp-content\/uploads\/2025\/03\/NAOMBU1.jpg 1600w\" sizes=\"(max-width: 1024px) 100vw, 1024px\" \/><\/figure><\/div>\n\n\n<div style=\"height:35px\" aria-hidden=\"true\" class=\"wp-block-spacer\"><\/div>\n\n\n\n<p class=\"has-medium-font-size\">P\u0159\u00edkladem vyu\u017eit\u00ed specifick\u00e9ho postupu je p\u0159\u00edpad pana Bohuslava z&nbsp;Olomoucka, u n\u011bho\u017e pracovn\u00edci \u010cEZ Distribuce zjistili vy\u0161\u0161\u00ed hodnotu jisti\u010de, ne\u017e bylo uvedeno v&nbsp;evidenci, a po\u017eadovali po n\u011bm, aby si na v\u011bt\u0161\u00ed jisti\u010d podal novou \u017e\u00e1dost a zaplatil poplatky s&nbsp;t\u00edm spojen\u00e9. Pan Bohuslav postup reklamoval, proto\u017ee do domu se p\u0159est\u011bhoval teprve p\u0159ed 7 lety a za dobu jeho vlastnictv\u00ed v&nbsp;domovn\u00ed elektroinstalaci \u017e\u00e1dn\u00e9 zm\u011bny prov\u00e1d\u011bny nebyly. Probl\u00e9m tedy musel vzniknout je\u0161t\u011b p\u0159ed jeho nast\u011bhov\u00e1n\u00edm. \u010cEZ Distribuce reklamaci odm\u00edtla, co\u017e byl spr\u00e1vn\u00fd postup, proto\u017ee koup\u00ed nemovitosti na sebe nov\u00fd majitel automaticky p\u0159eb\u00edr\u00e1 zodpov\u011bdnost za v\u0161echny jej\u00ed nedostatky. Ombudsman ale vzal v&nbsp;potaz skute\u010dnost, \u017ee d\u016fm pana Bohuslava byl zasa\u017een lo\u0148sk\u00fdmi povodn\u011bmi, a po\u017e\u00e1dal spole\u010dnost \u010cEZ Distribuce, aby zm\u011bnu v&nbsp;evidenci ud\u011blala bez pod\u00e1n\u00ed \u017e\u00e1dosti a zaplacen\u00ed poplatk\u016f<\/p>\n\n\n\n<p class=\"has-medium-font-size\">Ombudsman \u010cEZ je pod\u0159\u00edzen p\u0159\u00edmo p\u0159edstavenstvu akciov\u00e9 spole\u010dnosti \u010cEZ a&nbsp;je zcela nez\u00e1visl\u00fd na dce\u0159in\u00fdch spole\u010dnostech Skupiny \u010cEZ, jejich\u017e postupy v&nbsp;r\u00e1mci sv\u00fdch \u0161et\u0159en\u00ed p\u0159ezkoum\u00e1v\u00e1. V p\u0159\u00edpad\u011b zji\u0161t\u011bn\u00ed oblast\u00ed ke zlep\u0161en\u00ed d\u00e1v\u00e1 spole\u010dnostem doporu\u010den\u00ed na syst\u00e9mov\u00e9 zm\u011bny ve prosp\u011bch z\u00e1kazn\u00edk\u016f.<\/p>\n\n\n\n<div style=\"height:100px\" aria-hidden=\"true\" class=\"wp-block-spacer\"><\/div>\n\n\n\n<figure class=\"wp-block-gallery has-nested-images columns-2 is-cropped wp-block-gallery-1 is-layout-flex\">\n<figure class=\"wp-block-image size-large\"><img decoding=\"async\" loading=\"lazy\" width=\"1024\" height=\"683\" data-id=\"1195\"  src=\"https:\/\/bydletestylove.cz\/wp-content\/uploads\/2025\/03\/Zakaznicke-centrum-CEZ-Prodej_mensi-1024x683.jpg\" alt=\"Z\u00e1kazn\u00edk\u016fm \u010cEZ je ombudsman k dispozici u\u017e p\u0159es 15 let\" class=\"wp-image-1195\" srcset=\"http:\/\/bydletestylove.cz\/wp-content\/uploads\/2025\/03\/Zakaznicke-centrum-CEZ-Prodej_mensi-1024x683.jpg 1024w, http:\/\/bydletestylove.cz\/wp-content\/uploads\/2025\/03\/Zakaznicke-centrum-CEZ-Prodej_mensi-300x200.jpg 300w, http:\/\/bydletestylove.cz\/wp-content\/uploads\/2025\/03\/Zakaznicke-centrum-CEZ-Prodej_mensi-768x512.jpg 768w, http:\/\/bydletestylove.cz\/wp-content\/uploads\/2025\/03\/Zakaznicke-centrum-CEZ-Prodej_mensi-1536x1024.jpg 1536w, http:\/\/bydletestylove.cz\/wp-content\/uploads\/2025\/03\/Zakaznicke-centrum-CEZ-Prodej_mensi-2048x1365.jpg 2048w\" sizes=\"(max-width: 1024px) 100vw, 1024px\" \/><\/figure>\n\n\n\n<figure class=\"wp-block-image size-large\"><img decoding=\"async\" loading=\"lazy\" width=\"1024\" height=\"683\" data-id=\"1194\"  src=\"https:\/\/bydletestylove.cz\/wp-content\/uploads\/2025\/03\/NAOMBU1-1024x683.jpg\" alt=\"Z\u00e1kazn\u00edk\u016fm \u010cEZ je ombudsman k dispozici u\u017e p\u0159es 15 let\" class=\"wp-image-1194\" srcset=\"http:\/\/bydletestylove.cz\/wp-content\/uploads\/2025\/03\/NAOMBU1-1024x683.jpg 1024w, http:\/\/bydletestylove.cz\/wp-content\/uploads\/2025\/03\/NAOMBU1-300x200.jpg 300w, http:\/\/bydletestylove.cz\/wp-content\/uploads\/2025\/03\/NAOMBU1-768x512.jpg 768w, http:\/\/bydletestylove.cz\/wp-content\/uploads\/2025\/03\/NAOMBU1-1536x1024.jpg 1536w, http:\/\/bydletestylove.cz\/wp-content\/uploads\/2025\/03\/NAOMBU1.jpg 1600w\" sizes=\"(max-width: 1024px) 100vw, 1024px\" \/><\/figure>\n<\/figure>\n\n\n\n<div style=\"height:30px\" aria-hidden=\"true\" class=\"wp-block-spacer\"><\/div>\n\n\n\n<p class=\"has-medium-font-size\"><strong>Zdroj foto:<\/strong> \u010cEZ<\/p>\n\n\n\n<div style=\"height:55px\" aria-hidden=\"true\" class=\"wp-block-spacer\"><\/div>\n","protected":false},"excerpt":{"rendered":"<p>Na Ombudsmana \u010cEZ se loni obr\u00e1tilo 814 z\u00e1kazn\u00edk\u016f, tedy obdobn\u011b jako v&nbsp;roce p\u0159edchoz\u00edm. A\u010dkoliv se oproti krizov\u00e9mu roku 2022 jedn\u00e1 o 10% pokles, st\u00e1le plat\u00ed, \u017ee z\u00e1kazn\u00edci tuto slu\u017ebu vyhled\u00e1vaj\u00ed \u010dast\u011bji ne\u017e p\u0159ed vypuknut\u00edm energetick\u00e9 krize. Ombudsman uznal opr\u00e1vn\u011bnost 42 podn\u011bt\u016f, polovina z nich ov\u0161em spad\u00e1 do kategorie \u201especifick\u00e9ho p\u0159\u00edstupu\u201c. Ten umo\u017e\u0148uje ombudsmanovi pomoci z\u00e1kazn\u00edkovi, jeho\u017e po\u017eadavek je sice neopr\u00e1vn\u011bn\u00fd, ale zrovna se nach\u00e1z\u00ed v&nbsp;mimo\u0159\u00e1dn\u011b t\u011b\u017ek\u00e9 \u017eivotn\u00ed situaci. Ochr\u00e1nce pr\u00e1v z\u00e1kazn\u00edk\u016f funguje v&nbsp;r\u00e1mci Skupiny \u010cEZ od \u0159\u00edjna 2024, spole\u010dnost jej zavedla jako prvn\u00ed v&nbsp;\u010cesk\u00e9 republice. A\u010dkoliv loni vy\u0159izoval ochr\u00e1nce pr\u00e1v&hellip;<\/p>\n","protected":false},"author":6,"featured_media":1194,"comment_status":"closed","ping_status":"open","sticky":false,"template":"","format":"standard","meta":{"_mi_skip_tracking":false,"_monsterinsights_sitenote_active":false,"_monsterinsights_sitenote_note":"","_monsterinsights_sitenote_category":0},"categories":[4,1,5],"tags":[],"yoast_head":"<!-- This site is optimized with the Yoast SEO plugin v21.4 - https:\/\/yoast.com\/wordpress\/plugins\/seo\/ -->\n<title>Z\u00e1kazn\u00edk\u016fm \u010cEZ je ombudsman k dispozici u\u017e p\u0159es 15 let. Loni jeho slu\u017eby vyu\u017eilo p\u0159es 800 z\u00e1jemc\u016f - BydleteStylov\u011b.cz<\/title>\n<meta name=\"description\" content=\"Na Ombudsmana \u010cEZ se loni obr\u00e1tilo 814 z\u00e1kazn\u00edk\u016f, tedy obdobn\u011b jako v\u00a0roce p\u0159edchoz\u00edm. A\u010dkoliv se oproti roku 2022 jedn\u00e1 o 10% pokles.\" \/>\n<meta name=\"robots\" content=\"index, follow, max-snippet:-1, max-image-preview:large, max-video-preview:-1\" \/>\n<link rel=\"canonical\" href=\"https:\/\/bydletestylove.cz\/index.php\/fotoreporty\/zakaznikum-cez-je-ombudsman-k-dispozici-uz-pres-15-let-loni-jeho-sluzby-vyuzilo-pres-800-zajemcu\/\" \/>\n<meta property=\"og:locale\" content=\"cs_CZ\" \/>\n<meta property=\"og:type\" content=\"article\" \/>\n<meta property=\"og:title\" content=\"Z\u00e1kazn\u00edk\u016fm \u010cEZ je ombudsman k dispozici u\u017e p\u0159es 15 let. Loni jeho slu\u017eby vyu\u017eilo p\u0159es 800 z\u00e1jemc\u016f - BydleteStylov\u011b.cz\" \/>\n<meta property=\"og:description\" content=\"Na Ombudsmana \u010cEZ se loni obr\u00e1tilo 814 z\u00e1kazn\u00edk\u016f, tedy obdobn\u011b jako v\u00a0roce p\u0159edchoz\u00edm. A\u010dkoliv se oproti roku 2022 jedn\u00e1 o 10% pokles.\" \/>\n<meta property=\"og:url\" content=\"https:\/\/bydletestylove.cz\/index.php\/fotoreporty\/zakaznikum-cez-je-ombudsman-k-dispozici-uz-pres-15-let-loni-jeho-sluzby-vyuzilo-pres-800-zajemcu\/\" \/>\n<meta property=\"og:site_name\" content=\"BydleteStylov\u011b.cz\" \/>\n<meta property=\"article:published_time\" content=\"2025-03-09T23:01:00+00:00\" \/>\n<meta property=\"article:modified_time\" content=\"2025-03-10T00:31:38+00:00\" \/>\n<meta property=\"og:image\" content=\"https:\/\/bydletestylove.cz\/wp-content\/uploads\/2025\/03\/NAOMBU1.jpg\" \/>\n\t<meta property=\"og:image:width\" content=\"1600\" \/>\n\t<meta property=\"og:image:height\" content=\"1067\" \/>\n\t<meta property=\"og:image:type\" content=\"image\/jpeg\" \/>\n<meta name=\"author\" content=\"Martina Pechov\u00e1\" \/>\n<meta name=\"twitter:card\" content=\"summary_large_image\" \/>\n<meta name=\"twitter:label1\" content=\"Napsal(a)\" \/>\n\t<meta name=\"twitter:data1\" content=\"Martina Pechov\u00e1\" \/>\n\t<meta name=\"twitter:label2\" content=\"Odhadovan\u00e1 doba \u010dten\u00ed\" \/>\n\t<meta name=\"twitter:data2\" content=\"4 minuty\" \/>\n<script type=\"application\/ld+json\" class=\"yoast-schema-graph\">{\"@context\":\"https:\/\/schema.org\",\"@graph\":[{\"@type\":\"Article\",\"@id\":\"https:\/\/bydletestylove.cz\/index.php\/fotoreporty\/zakaznikum-cez-je-ombudsman-k-dispozici-uz-pres-15-let-loni-jeho-sluzby-vyuzilo-pres-800-zajemcu\/#article\",\"isPartOf\":{\"@id\":\"https:\/\/bydletestylove.cz\/index.php\/fotoreporty\/zakaznikum-cez-je-ombudsman-k-dispozici-uz-pres-15-let-loni-jeho-sluzby-vyuzilo-pres-800-zajemcu\/\"},\"author\":{\"name\":\"Martina Pechov\u00e1\",\"@id\":\"https:\/\/bydletestylove.cz\/#\/schema\/person\/10a133d2599b007f153f35688fef7fb1\"},\"headline\":\"Z\u00e1kazn\u00edk\u016fm \u010cEZ je ombudsman k dispozici u\u017e p\u0159es 15 let. Loni jeho slu\u017eby vyu\u017eilo p\u0159es 800 z\u00e1jemc\u016f\",\"datePublished\":\"2025-03-09T23:01:00+00:00\",\"dateModified\":\"2025-03-10T00:31:38+00:00\",\"mainEntityOfPage\":{\"@id\":\"https:\/\/bydletestylove.cz\/index.php\/fotoreporty\/zakaznikum-cez-je-ombudsman-k-dispozici-uz-pres-15-let-loni-jeho-sluzby-vyuzilo-pres-800-zajemcu\/\"},\"wordCount\":728,\"publisher\":{\"@id\":\"https:\/\/bydletestylove.cz\/#organization\"},\"articleSection\":[\"FOTOREPORTY\",\"NOVINKY\",\"TIPY &amp; TRENDY\"],\"inLanguage\":\"cs\"},{\"@type\":\"WebPage\",\"@id\":\"https:\/\/bydletestylove.cz\/index.php\/fotoreporty\/zakaznikum-cez-je-ombudsman-k-dispozici-uz-pres-15-let-loni-jeho-sluzby-vyuzilo-pres-800-zajemcu\/\",\"url\":\"https:\/\/bydletestylove.cz\/index.php\/fotoreporty\/zakaznikum-cez-je-ombudsman-k-dispozici-uz-pres-15-let-loni-jeho-sluzby-vyuzilo-pres-800-zajemcu\/\",\"name\":\"Z\u00e1kazn\u00edk\u016fm \u010cEZ je ombudsman k dispozici u\u017e p\u0159es 15 let. Loni jeho slu\u017eby vyu\u017eilo p\u0159es 800 z\u00e1jemc\u016f - BydleteStylov\u011b.cz\",\"isPartOf\":{\"@id\":\"https:\/\/bydletestylove.cz\/#website\"},\"datePublished\":\"2025-03-09T23:01:00+00:00\",\"dateModified\":\"2025-03-10T00:31:38+00:00\",\"description\":\"Na Ombudsmana \u010cEZ se loni obr\u00e1tilo 814 z\u00e1kazn\u00edk\u016f, tedy obdobn\u011b jako v\u00a0roce p\u0159edchoz\u00edm. A\u010dkoliv se oproti roku 2022 jedn\u00e1 o 10% pokles.\",\"breadcrumb\":{\"@id\":\"https:\/\/bydletestylove.cz\/index.php\/fotoreporty\/zakaznikum-cez-je-ombudsman-k-dispozici-uz-pres-15-let-loni-jeho-sluzby-vyuzilo-pres-800-zajemcu\/#breadcrumb\"},\"inLanguage\":\"cs\",\"potentialAction\":[{\"@type\":\"ReadAction\",\"target\":[\"https:\/\/bydletestylove.cz\/index.php\/fotoreporty\/zakaznikum-cez-je-ombudsman-k-dispozici-uz-pres-15-let-loni-jeho-sluzby-vyuzilo-pres-800-zajemcu\/\"]}]},{\"@type\":\"BreadcrumbList\",\"@id\":\"https:\/\/bydletestylove.cz\/index.php\/fotoreporty\/zakaznikum-cez-je-ombudsman-k-dispozici-uz-pres-15-let-loni-jeho-sluzby-vyuzilo-pres-800-zajemcu\/#breadcrumb\",\"itemListElement\":[{\"@type\":\"ListItem\",\"position\":1,\"name\":\"Dom\u016f\",\"item\":\"https:\/\/bydletestylove.cz\/\"},{\"@type\":\"ListItem\",\"position\":2,\"name\":\"Z\u00e1kazn\u00edk\u016fm \u010cEZ je ombudsman k dispozici u\u017e p\u0159es 15 let. Loni jeho slu\u017eby vyu\u017eilo p\u0159es 800 z\u00e1jemc\u016f\"}]},{\"@type\":\"WebSite\",\"@id\":\"https:\/\/bydletestylove.cz\/#website\",\"url\":\"https:\/\/bydletestylove.cz\/\",\"name\":\"BydleteStylov\u011b.cz\",\"description\":\"Port\u00e1l o stylov\u00e9m bydlen\u00ed...\",\"publisher\":{\"@id\":\"https:\/\/bydletestylove.cz\/#organization\"},\"potentialAction\":[{\"@type\":\"SearchAction\",\"target\":{\"@type\":\"EntryPoint\",\"urlTemplate\":\"https:\/\/bydletestylove.cz\/?s={search_term_string}\"},\"query-input\":\"required name=search_term_string\"}],\"inLanguage\":\"cs\"},{\"@type\":\"Organization\",\"@id\":\"https:\/\/bydletestylove.cz\/#organization\",\"name\":\"BydleteStylov\u011b.cz\",\"url\":\"https:\/\/bydletestylove.cz\/\",\"logo\":{\"@type\":\"ImageObject\",\"inLanguage\":\"cs\",\"@id\":\"https:\/\/bydletestylove.cz\/#\/schema\/logo\/image\/\",\"url\":\"http:\/\/bydletestylove.cz\/wp-content\/uploads\/2024\/12\/cropped-Logo-Bydlete-Stylove.jpg\",\"contentUrl\":\"http:\/\/bydletestylove.cz\/wp-content\/uploads\/2024\/12\/cropped-Logo-Bydlete-Stylove.jpg\",\"width\":290,\"height\":143,\"caption\":\"BydleteStylov\u011b.cz\"},\"image\":{\"@id\":\"https:\/\/bydletestylove.cz\/#\/schema\/logo\/image\/\"},\"sameAs\":[\"https:\/\/www.instagram.com\/bydletestylove.cz\/\"]},{\"@type\":\"Person\",\"@id\":\"https:\/\/bydletestylove.cz\/#\/schema\/person\/10a133d2599b007f153f35688fef7fb1\",\"name\":\"Martina Pechov\u00e1\",\"image\":{\"@type\":\"ImageObject\",\"inLanguage\":\"cs\",\"@id\":\"https:\/\/bydletestylove.cz\/#\/schema\/person\/image\/\",\"url\":\"http:\/\/0.gravatar.com\/avatar\/f0b7849f9f82bc20952396010e3c9adb?s=96&d=mm&r=g\",\"contentUrl\":\"http:\/\/0.gravatar.com\/avatar\/f0b7849f9f82bc20952396010e3c9adb?s=96&d=mm&r=g\",\"caption\":\"Martina Pechov\u00e1\"},\"sameAs\":[\"http:\/\/BydleteStylove.cz\"],\"url\":\"http:\/\/bydletestylove.cz\/index.php\/author\/marpech\/\"}]}<\/script>\n<!-- \/ Yoast SEO plugin. -->","yoast_head_json":{"title":"Z\u00e1kazn\u00edk\u016fm \u010cEZ je ombudsman k dispozici u\u017e p\u0159es 15 let. Loni jeho slu\u017eby vyu\u017eilo p\u0159es 800 z\u00e1jemc\u016f - BydleteStylov\u011b.cz","description":"Na Ombudsmana \u010cEZ se loni obr\u00e1tilo 814 z\u00e1kazn\u00edk\u016f, tedy obdobn\u011b jako v\u00a0roce p\u0159edchoz\u00edm. A\u010dkoliv se oproti roku 2022 jedn\u00e1 o 10% pokles.","robots":{"index":"index","follow":"follow","max-snippet":"max-snippet:-1","max-image-preview":"max-image-preview:large","max-video-preview":"max-video-preview:-1"},"canonical":"https:\/\/bydletestylove.cz\/index.php\/fotoreporty\/zakaznikum-cez-je-ombudsman-k-dispozici-uz-pres-15-let-loni-jeho-sluzby-vyuzilo-pres-800-zajemcu\/","og_locale":"cs_CZ","og_type":"article","og_title":"Z\u00e1kazn\u00edk\u016fm \u010cEZ je ombudsman k dispozici u\u017e p\u0159es 15 let. Loni jeho slu\u017eby vyu\u017eilo p\u0159es 800 z\u00e1jemc\u016f - BydleteStylov\u011b.cz","og_description":"Na Ombudsmana \u010cEZ se loni obr\u00e1tilo 814 z\u00e1kazn\u00edk\u016f, tedy obdobn\u011b jako v\u00a0roce p\u0159edchoz\u00edm. A\u010dkoliv se oproti roku 2022 jedn\u00e1 o 10% pokles.","og_url":"https:\/\/bydletestylove.cz\/index.php\/fotoreporty\/zakaznikum-cez-je-ombudsman-k-dispozici-uz-pres-15-let-loni-jeho-sluzby-vyuzilo-pres-800-zajemcu\/","og_site_name":"BydleteStylov\u011b.cz","article_published_time":"2025-03-09T23:01:00+00:00","article_modified_time":"2025-03-10T00:31:38+00:00","og_image":[{"width":1600,"height":1067,"url":"https:\/\/bydletestylove.cz\/wp-content\/uploads\/2025\/03\/NAOMBU1.jpg","type":"image\/jpeg"}],"author":"Martina Pechov\u00e1","twitter_card":"summary_large_image","twitter_misc":{"Napsal(a)":"Martina Pechov\u00e1","Odhadovan\u00e1 doba \u010dten\u00ed":"4 minuty"},"schema":{"@context":"https:\/\/schema.org","@graph":[{"@type":"Article","@id":"https:\/\/bydletestylove.cz\/index.php\/fotoreporty\/zakaznikum-cez-je-ombudsman-k-dispozici-uz-pres-15-let-loni-jeho-sluzby-vyuzilo-pres-800-zajemcu\/#article","isPartOf":{"@id":"https:\/\/bydletestylove.cz\/index.php\/fotoreporty\/zakaznikum-cez-je-ombudsman-k-dispozici-uz-pres-15-let-loni-jeho-sluzby-vyuzilo-pres-800-zajemcu\/"},"author":{"name":"Martina Pechov\u00e1","@id":"https:\/\/bydletestylove.cz\/#\/schema\/person\/10a133d2599b007f153f35688fef7fb1"},"headline":"Z\u00e1kazn\u00edk\u016fm \u010cEZ je ombudsman k dispozici u\u017e p\u0159es 15 let. Loni jeho slu\u017eby vyu\u017eilo p\u0159es 800 z\u00e1jemc\u016f","datePublished":"2025-03-09T23:01:00+00:00","dateModified":"2025-03-10T00:31:38+00:00","mainEntityOfPage":{"@id":"https:\/\/bydletestylove.cz\/index.php\/fotoreporty\/zakaznikum-cez-je-ombudsman-k-dispozici-uz-pres-15-let-loni-jeho-sluzby-vyuzilo-pres-800-zajemcu\/"},"wordCount":728,"publisher":{"@id":"https:\/\/bydletestylove.cz\/#organization"},"articleSection":["FOTOREPORTY","NOVINKY","TIPY &amp; TRENDY"],"inLanguage":"cs"},{"@type":"WebPage","@id":"https:\/\/bydletestylove.cz\/index.php\/fotoreporty\/zakaznikum-cez-je-ombudsman-k-dispozici-uz-pres-15-let-loni-jeho-sluzby-vyuzilo-pres-800-zajemcu\/","url":"https:\/\/bydletestylove.cz\/index.php\/fotoreporty\/zakaznikum-cez-je-ombudsman-k-dispozici-uz-pres-15-let-loni-jeho-sluzby-vyuzilo-pres-800-zajemcu\/","name":"Z\u00e1kazn\u00edk\u016fm \u010cEZ je ombudsman k dispozici u\u017e p\u0159es 15 let. Loni jeho slu\u017eby vyu\u017eilo p\u0159es 800 z\u00e1jemc\u016f - BydleteStylov\u011b.cz","isPartOf":{"@id":"https:\/\/bydletestylove.cz\/#website"},"datePublished":"2025-03-09T23:01:00+00:00","dateModified":"2025-03-10T00:31:38+00:00","description":"Na Ombudsmana \u010cEZ se loni obr\u00e1tilo 814 z\u00e1kazn\u00edk\u016f, tedy obdobn\u011b jako v\u00a0roce p\u0159edchoz\u00edm. A\u010dkoliv se oproti roku 2022 jedn\u00e1 o 10% pokles.","breadcrumb":{"@id":"https:\/\/bydletestylove.cz\/index.php\/fotoreporty\/zakaznikum-cez-je-ombudsman-k-dispozici-uz-pres-15-let-loni-jeho-sluzby-vyuzilo-pres-800-zajemcu\/#breadcrumb"},"inLanguage":"cs","potentialAction":[{"@type":"ReadAction","target":["https:\/\/bydletestylove.cz\/index.php\/fotoreporty\/zakaznikum-cez-je-ombudsman-k-dispozici-uz-pres-15-let-loni-jeho-sluzby-vyuzilo-pres-800-zajemcu\/"]}]},{"@type":"BreadcrumbList","@id":"https:\/\/bydletestylove.cz\/index.php\/fotoreporty\/zakaznikum-cez-je-ombudsman-k-dispozici-uz-pres-15-let-loni-jeho-sluzby-vyuzilo-pres-800-zajemcu\/#breadcrumb","itemListElement":[{"@type":"ListItem","position":1,"name":"Dom\u016f","item":"https:\/\/bydletestylove.cz\/"},{"@type":"ListItem","position":2,"name":"Z\u00e1kazn\u00edk\u016fm \u010cEZ je ombudsman k dispozici u\u017e p\u0159es 15 let. Loni jeho slu\u017eby vyu\u017eilo p\u0159es 800 z\u00e1jemc\u016f"}]},{"@type":"WebSite","@id":"https:\/\/bydletestylove.cz\/#website","url":"https:\/\/bydletestylove.cz\/","name":"BydleteStylov\u011b.cz","description":"Port\u00e1l o stylov\u00e9m bydlen\u00ed...","publisher":{"@id":"https:\/\/bydletestylove.cz\/#organization"},"potentialAction":[{"@type":"SearchAction","target":{"@type":"EntryPoint","urlTemplate":"https:\/\/bydletestylove.cz\/?s={search_term_string}"},"query-input":"required name=search_term_string"}],"inLanguage":"cs"},{"@type":"Organization","@id":"https:\/\/bydletestylove.cz\/#organization","name":"BydleteStylov\u011b.cz","url":"https:\/\/bydletestylove.cz\/","logo":{"@type":"ImageObject","inLanguage":"cs","@id":"https:\/\/bydletestylove.cz\/#\/schema\/logo\/image\/","url":"http:\/\/bydletestylove.cz\/wp-content\/uploads\/2024\/12\/cropped-Logo-Bydlete-Stylove.jpg","contentUrl":"http:\/\/bydletestylove.cz\/wp-content\/uploads\/2024\/12\/cropped-Logo-Bydlete-Stylove.jpg","width":290,"height":143,"caption":"BydleteStylov\u011b.cz"},"image":{"@id":"https:\/\/bydletestylove.cz\/#\/schema\/logo\/image\/"},"sameAs":["https:\/\/www.instagram.com\/bydletestylove.cz\/"]},{"@type":"Person","@id":"https:\/\/bydletestylove.cz\/#\/schema\/person\/10a133d2599b007f153f35688fef7fb1","name":"Martina Pechov\u00e1","image":{"@type":"ImageObject","inLanguage":"cs","@id":"https:\/\/bydletestylove.cz\/#\/schema\/person\/image\/","url":"http:\/\/0.gravatar.com\/avatar\/f0b7849f9f82bc20952396010e3c9adb?s=96&d=mm&r=g","contentUrl":"http:\/\/0.gravatar.com\/avatar\/f0b7849f9f82bc20952396010e3c9adb?s=96&d=mm&r=g","caption":"Martina Pechov\u00e1"},"sameAs":["http:\/\/BydleteStylove.cz"],"url":"http:\/\/bydletestylove.cz\/index.php\/author\/marpech\/"}]}},"_links":{"self":[{"href":"http:\/\/bydletestylove.cz\/index.php\/wp-json\/wp\/v2\/posts\/1184"}],"collection":[{"href":"http:\/\/bydletestylove.cz\/index.php\/wp-json\/wp\/v2\/posts"}],"about":[{"href":"http:\/\/bydletestylove.cz\/index.php\/wp-json\/wp\/v2\/types\/post"}],"author":[{"embeddable":true,"href":"http:\/\/bydletestylove.cz\/index.php\/wp-json\/wp\/v2\/users\/6"}],"replies":[{"embeddable":true,"href":"http:\/\/bydletestylove.cz\/index.php\/wp-json\/wp\/v2\/comments?post=1184"}],"version-history":[{"count":5,"href":"http:\/\/bydletestylove.cz\/index.php\/wp-json\/wp\/v2\/posts\/1184\/revisions"}],"predecessor-version":[{"id":1288,"href":"http:\/\/bydletestylove.cz\/index.php\/wp-json\/wp\/v2\/posts\/1184\/revisions\/1288"}],"wp:featuredmedia":[{"embeddable":true,"href":"http:\/\/bydletestylove.cz\/index.php\/wp-json\/wp\/v2\/media\/1194"}],"wp:attachment":[{"href":"http:\/\/bydletestylove.cz\/index.php\/wp-json\/wp\/v2\/media?parent=1184"}],"wp:term":[{"taxonomy":"category","embeddable":true,"href":"http:\/\/bydletestylove.cz\/index.php\/wp-json\/wp\/v2\/categories?post=1184"},{"taxonomy":"post_tag","embeddable":true,"href":"http:\/\/bydletestylove.cz\/index.php\/wp-json\/wp\/v2\/tags?post=1184"}],"curies":[{"name":"wp","href":"https:\/\/api.w.org\/{rel}","templated":true}]}}